{"id":270967,"date":"2024-12-29T06:54:10","date_gmt":"2024-12-29T10:54:10","guid":{"rendered":"https:\/\/www.eldiario.net\/portal\/?p=270967"},"modified":"2024-12-29T08:05:29","modified_gmt":"2024-12-29T12:05:29","slug":"gobierno-prioriza-temas-politicos-y-olvida-crueldad-contra-mujeres","status":"publish","type":"post","link":"https:\/\/www.eldiario.net\/portal\/2024\/12\/29\/gobierno-prioriza-temas-politicos-y-olvida-crueldad-contra-mujeres\/","title":{"rendered":"Gobierno prioriza temas pol\u00edticos y olvida crueldad contra mujeres"},"content":{"rendered":"<p>Ante reportes que dan cuenta de m\u00e1s de 85 feminicidios y 34 infanticidios registrados en Bolivia durante el 2024, varios de ellos cometidos con extrema violencia, la Red Ciudadana Contra el Abuso Sexual Infantil y Violencia lament\u00f3 que el Gobierno haya preferido dar prioridad a asuntos pol\u00edticos en vez de aplicar medidas para prevenir y reducir la brutalidad contra estos sectores de la poblaci\u00f3n.<br \/>\nLa jurista de la Red, Jessica Echeverr\u00eda, lament\u00f3 que las casi 90 mujeres asesinadas este a\u00f1o son el resultado del aumento de la violencia en Bolivia, un pa\u00eds donde existe una \u201cagenda pol\u00edtica\u201d en la que no est\u00e1 incluido el tema de la prevenci\u00f3n contra la violencia en ninguno de los niveles del Estado.<br \/>\nCon relaci\u00f3n a los casos de feminicidio record\u00f3 que en 2020 se registraron 113 hechos; en 2021 se redujo a 108 casos; en 2022 a 95; en 2023 a 81. Mientras que este a\u00f1o hasta la fecha se reportaron 85 feminicidios.<br \/>\nAsimismo, Echeverr\u00eda cuestion\u00f3 la agresividad y violencia con que los agresores acabaron la vida de las mujeres.<\/p>\n","protected":false},"excerpt":{"rendered":"<p>Ante reportes que dan cuenta de m\u00e1s de 85 feminicidios y 34 infanticidios registrados en Bolivia durante el 2024, varios de ellos cometidos con extrema violencia, la Red Ciudadana Contra el Abuso Sexual Infantil y Violencia lament\u00f3 que el Gobierno haya preferido dar prioridad a asuntos pol\u00edticos en vez de aplicar medidas para prevenir y [&hellip;]<\/p>\n","protected":false},"author":1,"featured_media":271083,"comment_status":"closed","ping_status":"open","sticky":false,"template":"","format":"standard","meta":{"_acf_changed":false,"footnotes":""},"categories":[15],"tags":[],"class_list":["post-270967","post","type-post","status-publish","format-standard","has-post-thumbnail","category-portada"],"acf":{"antetitulo":"Aumenta la violencia en el pa\u00eds"},"yoast_head":"<!-- This site is optimized with the Yoast SEO plugin v28.3 - https:\/\/yoast.com\/product\/yoast-seo-wordpress\/ -->\n<title>Gobierno prioriza temas pol\u00edticos y olvida crueldad contra mujeres - El Diario - Bolivia<\/title>\n<meta name=\"robots\" content=\"index, follow, max-snippet:-1, max-image-preview:large, max-video-preview:-1\" \/>\n<link rel=\"canonical\" href=\"https:\/\/www.eldiario.net\/portal\/2024\/12\/29\/gobierno-prioriza-temas-politicos-y-olvida-crueldad-contra-mujeres\/\" \/>\n<meta property=\"og:locale\" content=\"es_ES\" \/>\n<meta property=\"og:type\" content=\"article\" \/>\n<meta property=\"og:title\" content=\"Gobierno prioriza temas pol\u00edticos y olvida crueldad contra mujeres - El Diario - Bolivia\" \/>\n<meta property=\"og:description\" content=\"Ante reportes que dan cuenta de m\u00e1s de 85 feminicidios y 34 infanticidios registrados en Bolivia durante el 2024, varios de ellos cometidos con extrema violencia, la Red Ciudadana Contra el Abuso Sexual Infantil y Violencia lament\u00f3 que el Gobierno haya preferido dar prioridad a asuntos pol\u00edticos en vez de aplicar medidas para prevenir y [&hellip;]\" \/>\n<meta property=\"og:url\" content=\"https:\/\/www.eldiario.net\/portal\/2024\/12\/29\/gobierno-prioriza-temas-politicos-y-olvida-crueldad-contra-mujeres\/\" \/>\n<meta property=\"og:site_name\" content=\"El Diario - Bolivia\" \/>\n<meta property=\"article:publisher\" content=\"https:\/\/www.facebook.com\/eldiario.bolivia\/\" \/>\n<meta property=\"article:published_time\" content=\"2024-12-29T10:54:10+00:00\" \/>\n<meta property=\"article:modified_time\" content=\"2024-12-29T12:05:29+00:00\" \/>\n<meta property=\"og:image\" content=\"https:\/\/www.eldiario.net\/portal\/wp-content\/uploads\/2024\/12\/P-4-15-cm-x-10-2.jpg\" \/>\n\t<meta property=\"og:image:width\" content=\"1280\" \/>\n\t<meta property=\"og:image:height\" content=\"853\" \/>\n\t<meta property=\"og:image:type\" content=\"image\/jpeg\" \/>\n<meta name=\"author\" content=\"Jeanette\" \/>\n<meta name=\"twitter:card\" content=\"summary_large_image\" \/>\n<meta name=\"twitter:creator\" content=\"@eldiario_net\" \/>\n<meta name=\"twitter:site\" content=\"@eldiario_net\" \/>\n<meta name=\"twitter:label1\" content=\"Escrito por\" \/>\n\t<meta name=\"twitter:data1\" content=\"Jeanette\" \/>\n\t<meta name=\"twitter:label2\" content=\"Tiempo de lectura\" \/>\n\t<meta name=\"twitter:data2\" content=\"2 minutos\" \/>\n<script type=\"application\/ld+json\" class=\"yoast-schema-graph\">{\"@context\":\"https:\\\/\\\/schema.org\",\"@graph\":[{\"@type\":\"Article\",\"@id\":\"https:\\\/\\\/www.eldiario.net\\\/portal\\\/2024\\\/12\\\/29\\\/gobierno-prioriza-temas-politicos-y-olvida-crueldad-contra-mujeres\\\/#article\",\"isPartOf\":{\"@id\":\"https:\\\/\\\/www.eldiario.net\\\/portal\\\/2024\\\/12\\\/29\\\/gobierno-prioriza-temas-politicos-y-olvida-crueldad-contra-mujeres\\\/\"},\"author\":{\"name\":\"Jeanette\",\"@id\":\"https:\\\/\\\/www.eldiario.net\\\/portal\\\/#\\\/schema\\\/person\\\/f46445640444750d7d753ccd04ae01b7\"},\"headline\":\"Gobierno prioriza temas pol\u00edticos y olvida crueldad contra mujeres\",\"datePublished\":\"2024-12-29T10:54:10+00:00\",\"dateModified\":\"2024-12-29T12:05:29+00:00\",\"mainEntityOfPage\":{\"@id\":\"https:\\\/\\\/www.eldiario.net\\\/portal\\\/2024\\\/12\\\/29\\\/gobierno-prioriza-temas-politicos-y-olvida-crueldad-contra-mujeres\\\/\"},\"wordCount\":184,\"publisher\":{\"@id\":\"https:\\\/\\\/www.eldiario.net\\\/portal\\\/#organization\"},\"image\":{\"@id\":\"https:\\\/\\\/www.eldiario.net\\\/portal\\\/2024\\\/12\\\/29\\\/gobierno-prioriza-temas-politicos-y-olvida-crueldad-contra-mujeres\\\/#primaryimage\"},\"thumbnailUrl\":\"https:\\\/\\\/www.eldiario.net\\\/portal\\\/wp-content\\\/uploads\\\/2024\\\/12\\\/P-4-15-cm-x-10-2.jpg\",\"articleSection\":[\"Portada\"],\"inLanguage\":\"es\"},{\"@type\":\"WebPage\",\"@id\":\"https:\\\/\\\/www.eldiario.net\\\/portal\\\/2024\\\/12\\\/29\\\/gobierno-prioriza-temas-politicos-y-olvida-crueldad-contra-mujeres\\\/\",\"url\":\"https:\\\/\\\/www.eldiario.net\\\/portal\\\/2024\\\/12\\\/29\\\/gobierno-prioriza-temas-politicos-y-olvida-crueldad-contra-mujeres\\\/\",\"name\":\"Gobierno prioriza temas pol\u00edticos y olvida crueldad contra mujeres - El Diario - Bolivia\",\"isPartOf\":{\"@id\":\"https:\\\/\\\/www.eldiario.net\\\/portal\\\/#website\"},\"primaryImageOfPage\":{\"@id\":\"https:\\\/\\\/www.eldiario.net\\\/portal\\\/2024\\\/12\\\/29\\\/gobierno-prioriza-temas-politicos-y-olvida-crueldad-contra-mujeres\\\/#primaryimage\"},\"image\":{\"@id\":\"https:\\\/\\\/www.eldiario.net\\\/portal\\\/2024\\\/12\\\/29\\\/gobierno-prioriza-temas-politicos-y-olvida-crueldad-contra-mujeres\\\/#primaryimage\"},\"thumbnailUrl\":\"https:\\\/\\\/www.eldiario.net\\\/portal\\\/wp-content\\\/uploads\\\/2024\\\/12\\\/P-4-15-cm-x-10-2.jpg\",\"datePublished\":\"2024-12-29T10:54:10+00:00\",\"dateModified\":\"2024-12-29T12:05:29+00:00\",\"breadcrumb\":{\"@id\":\"https:\\\/\\\/www.eldiario.net\\\/portal\\\/2024\\\/12\\\/29\\\/gobierno-prioriza-temas-politicos-y-olvida-crueldad-contra-mujeres\\\/#breadcrumb\"},\"inLanguage\":\"es\",\"potentialAction\":[{\"@type\":\"ReadAction\",\"target\":[\"https:\\\/\\\/www.eldiario.net\\\/portal\\\/2024\\\/12\\\/29\\\/gobierno-prioriza-temas-politicos-y-olvida-crueldad-contra-mujeres\\\/\"]}]},{\"@type\":\"ImageObject\",\"inLanguage\":\"es\",\"@id\":\"https:\\\/\\\/www.eldiario.net\\\/portal\\\/2024\\\/12\\\/29\\\/gobierno-prioriza-temas-politicos-y-olvida-crueldad-contra-mujeres\\\/#primaryimage\",\"url\":\"https:\\\/\\\/www.eldiario.net\\\/portal\\\/wp-content\\\/uploads\\\/2024\\\/12\\\/P-4-15-cm-x-10-2.jpg\",\"contentUrl\":\"https:\\\/\\\/www.eldiario.net\\\/portal\\\/wp-content\\\/uploads\\\/2024\\\/12\\\/P-4-15-cm-x-10-2.jpg\",\"width\":1280,\"height\":853},{\"@type\":\"BreadcrumbList\",\"@id\":\"https:\\\/\\\/www.eldiario.net\\\/portal\\\/2024\\\/12\\\/29\\\/gobierno-prioriza-temas-politicos-y-olvida-crueldad-contra-mujeres\\\/#breadcrumb\",\"itemListElement\":[{\"@type\":\"ListItem\",\"position\":1,\"name\":\"Portada\",\"item\":\"https:\\\/\\\/www.eldiario.net\\\/portal\\\/\"},{\"@type\":\"ListItem\",\"position\":2,\"name\":\"Gobierno prioriza temas pol\u00edticos y olvida crueldad contra mujeres\"}]},{\"@type\":\"WebSite\",\"@id\":\"https:\\\/\\\/www.eldiario.net\\\/portal\\\/#website\",\"url\":\"https:\\\/\\\/www.eldiario.net\\\/portal\\\/\",\"name\":\"El Diario - Decano de la prensa nacional\",\"description\":\"El Diario - Decano de la prensa nacional\",\"publisher\":{\"@id\":\"https:\\\/\\\/www.eldiario.net\\\/portal\\\/#organization\"},\"potentialAction\":[{\"@type\":\"SearchAction\",\"target\":{\"@type\":\"EntryPoint\",\"urlTemplate\":\"https:\\\/\\\/www.eldiario.net\\\/portal\\\/?s={search_term_string}\"},\"query-input\":{\"@type\":\"PropertyValueSpecification\",\"valueRequired\":true,\"valueName\":\"search_term_string\"}}],\"inLanguage\":\"es\"},{\"@type\":\"Organization\",\"@id\":\"https:\\\/\\\/www.eldiario.net\\\/portal\\\/#organization\",\"name\":\"El Diario - Decano de la prensa nacional\",\"url\":\"https:\\\/\\\/www.eldiario.net\\\/portal\\\/\",\"logo\":{\"@type\":\"ImageObject\",\"inLanguage\":\"es\",\"@id\":\"https:\\\/\\\/www.eldiario.net\\\/portal\\\/#\\\/schema\\\/logo\\\/image\\\/\",\"url\":\"https:\\\/\\\/www.eldiario.net\\\/portal\\\/wp-content\\\/uploads\\\/2023\\\/07\\\/logo_ED.jpg\",\"contentUrl\":\"https:\\\/\\\/www.eldiario.net\\\/portal\\\/wp-content\\\/uploads\\\/2023\\\/07\\\/logo_ED.jpg\",\"width\":272,\"height\":52,\"caption\":\"El Diario - Decano de la prensa nacional\"},\"image\":{\"@id\":\"https:\\\/\\\/www.eldiario.net\\\/portal\\\/#\\\/schema\\\/logo\\\/image\\\/\"},\"sameAs\":[\"https:\\\/\\\/www.facebook.com\\\/eldiario.bolivia\\\/\",\"https:\\\/\\\/x.com\\\/eldiario_net\"]},{\"@type\":\"Person\",\"@id\":\"https:\\\/\\\/www.eldiario.net\\\/portal\\\/#\\\/schema\\\/person\\\/f46445640444750d7d753ccd04ae01b7\",\"name\":\"Jeanette\",\"image\":{\"@type\":\"ImageObject\",\"inLanguage\":\"es\",\"@id\":\"https:\\\/\\\/secure.gravatar.com\\\/avatar\\\/3ea2118a5f7dad2b7138b1187a6b7ee55f160b9968b66013c3a3ef39dd7e5798?s=96&d=mm&r=g\",\"url\":\"https:\\\/\\\/secure.gravatar.com\\\/avatar\\\/3ea2118a5f7dad2b7138b1187a6b7ee55f160b9968b66013c3a3ef39dd7e5798?s=96&d=mm&r=g\",\"contentUrl\":\"https:\\\/\\\/secure.gravatar.com\\\/avatar\\\/3ea2118a5f7dad2b7138b1187a6b7ee55f160b9968b66013c3a3ef39dd7e5798?s=96&d=mm&r=g\",\"caption\":\"Jeanette\"},\"sameAs\":[\"https:\\\/\\\/www.eldiario.net\\\/portal\"],\"url\":\"https:\\\/\\\/www.eldiario.net\\\/portal\\\/author\\\/jeanette\\\/\"}]}<\/script>\n<!-- \/ Yoast SEO plugin. -->","yoast_head_json":{"title":"Gobierno prioriza temas pol\u00edticos y olvida crueldad contra mujeres - El Diario - Bolivia","robots":{"index":"index","follow":"follow","max-snippet":"max-snippet:-1","max-image-preview":"max-image-preview:large","max-video-preview":"max-video-preview:-1"},"canonical":"https:\/\/www.eldiario.net\/portal\/2024\/12\/29\/gobierno-prioriza-temas-politicos-y-olvida-crueldad-contra-mujeres\/","og_locale":"es_ES","og_type":"article","og_title":"Gobierno prioriza temas pol\u00edticos y olvida crueldad contra mujeres - El Diario - Bolivia","og_description":"Ante reportes que dan cuenta de m\u00e1s de 85 feminicidios y 34 infanticidios registrados en Bolivia durante el 2024, varios de ellos cometidos con extrema violencia, la Red Ciudadana Contra el Abuso Sexual Infantil y Violencia lament\u00f3 que el Gobierno haya preferido dar prioridad a asuntos pol\u00edticos en vez de aplicar medidas para prevenir y [&hellip;]","og_url":"https:\/\/www.eldiario.net\/portal\/2024\/12\/29\/gobierno-prioriza-temas-politicos-y-olvida-crueldad-contra-mujeres\/","og_site_name":"El Diario - Bolivia","article_publisher":"https:\/\/www.facebook.com\/eldiario.bolivia\/","article_published_time":"2024-12-29T10:54:10+00:00","article_modified_time":"2024-12-29T12:05:29+00:00","og_image":[{"width":1280,"height":853,"url":"https:\/\/www.eldiario.net\/portal\/wp-content\/uploads\/2024\/12\/P-4-15-cm-x-10-2.jpg","type":"image\/jpeg"}],"author":"Jeanette","twitter_card":"summary_large_image","twitter_creator":"@eldiario_net","twitter_site":"@eldiario_net","twitter_misc":{"Escrito por":"Jeanette","Tiempo de lectura":"2 minutos"},"schema":{"@context":"https:\/\/schema.org","@graph":[{"@type":"Article","@id":"https:\/\/www.eldiario.net\/portal\/2024\/12\/29\/gobierno-prioriza-temas-politicos-y-olvida-crueldad-contra-mujeres\/#article","isPartOf":{"@id":"https:\/\/www.eldiario.net\/portal\/2024\/12\/29\/gobierno-prioriza-temas-politicos-y-olvida-crueldad-contra-mujeres\/"},"author":{"name":"Jeanette","@id":"https:\/\/www.eldiario.net\/portal\/#\/schema\/person\/f46445640444750d7d753ccd04ae01b7"},"headline":"Gobierno prioriza temas pol\u00edticos y olvida crueldad contra mujeres","datePublished":"2024-12-29T10:54:10+00:00","dateModified":"2024-12-29T12:05:29+00:00","mainEntityOfPage":{"@id":"https:\/\/www.eldiario.net\/portal\/2024\/12\/29\/gobierno-prioriza-temas-politicos-y-olvida-crueldad-contra-mujeres\/"},"wordCount":184,"publisher":{"@id":"https:\/\/www.eldiario.net\/portal\/#organization"},"image":{"@id":"https:\/\/www.eldiario.net\/portal\/2024\/12\/29\/gobierno-prioriza-temas-politicos-y-olvida-crueldad-contra-mujeres\/#primaryimage"},"thumbnailUrl":"https:\/\/www.eldiario.net\/portal\/wp-content\/uploads\/2024\/12\/P-4-15-cm-x-10-2.jpg","articleSection":["Portada"],"inLanguage":"es"},{"@type":"WebPage","@id":"https:\/\/www.eldiario.net\/portal\/2024\/12\/29\/gobierno-prioriza-temas-politicos-y-olvida-crueldad-contra-mujeres\/","url":"https:\/\/www.eldiario.net\/portal\/2024\/12\/29\/gobierno-prioriza-temas-politicos-y-olvida-crueldad-contra-mujeres\/","name":"Gobierno prioriza temas pol\u00edticos y olvida crueldad contra mujeres - El Diario - Bolivia","isPartOf":{"@id":"https:\/\/www.eldiario.net\/portal\/#website"},"primaryImageOfPage":{"@id":"https:\/\/www.eldiario.net\/portal\/2024\/12\/29\/gobierno-prioriza-temas-politicos-y-olvida-crueldad-contra-mujeres\/#primaryimage"},"image":{"@id":"https:\/\/www.eldiario.net\/portal\/2024\/12\/29\/gobierno-prioriza-temas-politicos-y-olvida-crueldad-contra-mujeres\/#primaryimage"},"thumbnailUrl":"https:\/\/www.eldiario.net\/portal\/wp-content\/uploads\/2024\/12\/P-4-15-cm-x-10-2.jpg","datePublished":"2024-12-29T10:54:10+00:00","dateModified":"2024-12-29T12:05:29+00:00","breadcrumb":{"@id":"https:\/\/www.eldiario.net\/portal\/2024\/12\/29\/gobierno-prioriza-temas-politicos-y-olvida-crueldad-contra-mujeres\/#breadcrumb"},"inLanguage":"es","potentialAction":[{"@type":"ReadAction","target":["https:\/\/www.eldiario.net\/portal\/2024\/12\/29\/gobierno-prioriza-temas-politicos-y-olvida-crueldad-contra-mujeres\/"]}]},{"@type":"ImageObject","inLanguage":"es","@id":"https:\/\/www.eldiario.net\/portal\/2024\/12\/29\/gobierno-prioriza-temas-politicos-y-olvida-crueldad-contra-mujeres\/#primaryimage","url":"https:\/\/www.eldiario.net\/portal\/wp-content\/uploads\/2024\/12\/P-4-15-cm-x-10-2.jpg","contentUrl":"https:\/\/www.eldiario.net\/portal\/wp-content\/uploads\/2024\/12\/P-4-15-cm-x-10-2.jpg","width":1280,"height":853},{"@type":"BreadcrumbList","@id":"https:\/\/www.eldiario.net\/portal\/2024\/12\/29\/gobierno-prioriza-temas-politicos-y-olvida-crueldad-contra-mujeres\/#breadcrumb","itemListElement":[{"@type":"ListItem","position":1,"name":"Portada","item":"https:\/\/www.eldiario.net\/portal\/"},{"@type":"ListItem","position":2,"name":"Gobierno prioriza temas pol\u00edticos y olvida crueldad contra mujeres"}]},{"@type":"WebSite","@id":"https:\/\/www.eldiario.net\/portal\/#website","url":"https:\/\/www.eldiario.net\/portal\/","name":"El Diario - Decano de la prensa nacional","description":"El Diario - Decano de la prensa nacional","publisher":{"@id":"https:\/\/www.eldiario.net\/portal\/#organization"},"potentialAction":[{"@type":"SearchAction","target":{"@type":"EntryPoint","urlTemplate":"https:\/\/www.eldiario.net\/portal\/?s={search_term_string}"},"query-input":{"@type":"PropertyValueSpecification","valueRequired":true,"valueName":"search_term_string"}}],"inLanguage":"es"},{"@type":"Organization","@id":"https:\/\/www.eldiario.net\/portal\/#organization","name":"El Diario - Decano de la prensa nacional","url":"https:\/\/www.eldiario.net\/portal\/","logo":{"@type":"ImageObject","inLanguage":"es","@id":"https:\/\/www.eldiario.net\/portal\/#\/schema\/logo\/image\/","url":"https:\/\/www.eldiario.net\/portal\/wp-content\/uploads\/2023\/07\/logo_ED.jpg","contentUrl":"https:\/\/www.eldiario.net\/portal\/wp-content\/uploads\/2023\/07\/logo_ED.jpg","width":272,"height":52,"caption":"El Diario - Decano de la prensa nacional"},"image":{"@id":"https:\/\/www.eldiario.net\/portal\/#\/schema\/logo\/image\/"},"sameAs":["https:\/\/www.facebook.com\/eldiario.bolivia\/","https:\/\/x.com\/eldiario_net"]},{"@type":"Person","@id":"https:\/\/www.eldiario.net\/portal\/#\/schema\/person\/f46445640444750d7d753ccd04ae01b7","name":"Jeanette","image":{"@type":"ImageObject","inLanguage":"es","@id":"https:\/\/secure.gravatar.com\/avatar\/3ea2118a5f7dad2b7138b1187a6b7ee55f160b9968b66013c3a3ef39dd7e5798?s=96&d=mm&r=g","url":"https:\/\/secure.gravatar.com\/avatar\/3ea2118a5f7dad2b7138b1187a6b7ee55f160b9968b66013c3a3ef39dd7e5798?s=96&d=mm&r=g","contentUrl":"https:\/\/secure.gravatar.com\/avatar\/3ea2118a5f7dad2b7138b1187a6b7ee55f160b9968b66013c3a3ef39dd7e5798?s=96&d=mm&r=g","caption":"Jeanette"},"sameAs":["https:\/\/www.eldiario.net\/portal"],"url":"https:\/\/www.eldiario.net\/portal\/author\/jeanette\/"}]}},"_links":{"self":[{"href":"https:\/\/www.eldiario.net\/portal\/wp-json\/wp\/v2\/posts\/270967","targetHints":{"allow":["GET"]}}],"collection":[{"href":"https:\/\/www.eldiario.net\/portal\/wp-json\/wp\/v2\/posts"}],"about":[{"href":"https:\/\/www.eldiario.net\/portal\/wp-json\/wp\/v2\/types\/post"}],"author":[{"embeddable":true,"href":"https:\/\/www.eldiario.net\/portal\/wp-json\/wp\/v2\/users\/1"}],"replies":[{"embeddable":true,"href":"https:\/\/www.eldiario.net\/portal\/wp-json\/wp\/v2\/comments?post=270967"}],"version-history":[{"count":1,"href":"https:\/\/www.eldiario.net\/portal\/wp-json\/wp\/v2\/posts\/270967\/revisions"}],"predecessor-version":[{"id":270968,"href":"https:\/\/www.eldiario.net\/portal\/wp-json\/wp\/v2\/posts\/270967\/revisions\/270968"}],"wp:featuredmedia":[{"embeddable":true,"href":"https:\/\/www.eldiario.net\/portal\/wp-json\/wp\/v2\/media\/271083"}],"wp:attachment":[{"href":"https:\/\/www.eldiario.net\/portal\/wp-json\/wp\/v2\/media?parent=270967"}],"wp:term":[{"taxonomy":"category","embeddable":true,"href":"https:\/\/www.eldiario.net\/portal\/wp-json\/wp\/v2\/categories?post=270967"},{"taxonomy":"post_tag","embeddable":true,"href":"https:\/\/www.eldiario.net\/portal\/wp-json\/wp\/v2\/tags?post=270967"}],"curies":[{"name":"wp","href":"https:\/\/api.w.org\/{rel}","templated":true}]}}