{"id":270724,"date":"2024-12-28T06:28:54","date_gmt":"2024-12-28T10:28:54","guid":{"rendered":"https:\/\/www.eldiario.net\/portal\/?p=270724"},"modified":"2024-12-28T06:28:54","modified_gmt":"2024-12-28T10:28:54","slug":"el-tramo-4-de-avenida-costanera-beneficia-a-mas-de-4-000-habitantes","status":"publish","type":"post","link":"https:\/\/www.eldiario.net\/portal\/2024\/12\/28\/el-tramo-4-de-avenida-costanera-beneficia-a-mas-de-4-000-habitantes\/","title":{"rendered":"El tramo 4 de avenida Costanera beneficia a m\u00e1s de 4.000 habitantes"},"content":{"rendered":"<p>El alcalde de Cochabamba, Manfred Reyes Villa, entreg\u00f3 el tramo 4 de pavimento r\u00edgido en la avenida Costanera Sud. La entrega forma parte de un proyecto mayor que permitir\u00e1 a todo el sector contar con mejores v\u00edas, mayor conexi\u00f3n y fluidez vehicular.<br \/>\nLa primera autoridad municipal resalt\u00f3 que esta v\u00eda troncal llegar\u00e1 hasta la nueva Terminal de Buses ubicada en la Tamborada, un proyecto ambicioso que har\u00e1 de Cochabamba una de las ciudades m\u00e1s desarrolladas de Bolivia.<br \/>\nEl tramo comprende la construcci\u00f3n de pavimento r\u00edgido en doble v\u00eda con pavimento r\u00edgido en las avenidas Costanera, Panamericana y Puente Champarrancho del Distrito 5.<br \/>\nReyes Villa precis\u00f3 que la obra tiene una superficie de 43.800 m2, una longitud de 2.5 km, el espeso de losa es de 25 cm. Se realiz\u00f3 la construcci\u00f3n de cordones de acera, bajantes pluviales y separador central New Jersey.<br \/>\nLa entrega forma parte de los 22 tramos que beneficiar\u00e1 a 8 distritos. El tramo 4 fue construido en 400 d\u00edas calendario.<br \/>\nLos vecinos agradecieron y felicitaron al alcalde por su gesti\u00f3n, pues recordaron que en el pasado todo este sector era un basural, gracias a la visi\u00f3n de Reyes Villa se torn\u00f3 en una carretera que mejora la calidad de vida de la comunidad.<br \/>\nCon el prop\u00f3sito de mejorar las v\u00edas y avenidas del municipio, el Gobierno Aut\u00f3nomo Municipal de Cochabamba (GAMC) trabaja en la construcci\u00f3n de pavimento r\u00edgido en sectores estrat\u00e9gicos en los que el crecimiento poblacional es exponencial. (Cochabamba, agencias)<\/p>\n","protected":false},"excerpt":{"rendered":"<p>El alcalde de Cochabamba, Manfred Reyes Villa, entreg\u00f3 el tramo 4 de pavimento r\u00edgido en la avenida Costanera Sud. La entrega forma parte de un proyecto mayor que permitir\u00e1 a todo el sector contar con mejores v\u00edas, mayor conexi\u00f3n y fluidez vehicular. La primera autoridad municipal resalt\u00f3 que esta v\u00eda troncal llegar\u00e1 hasta la nueva [&hellip;]<\/p>\n","protected":false},"author":1,"featured_media":270725,"comment_status":"closed","ping_status":"open","sticky":false,"template":"","format":"standard","meta":{"_acf_changed":false,"footnotes":""},"categories":[12],"tags":[],"class_list":["post-270724","post","type-post","status-publish","format-standard","has-post-thumbnail","category-nacional"],"acf":{"antetitulo":"Cochabamba"},"yoast_head":"<!-- This site is optimized with the Yoast SEO plugin v28.3 - https:\/\/yoast.com\/product\/yoast-seo-wordpress\/ -->\n<title>El tramo 4 de avenida Costanera beneficia a m\u00e1s de 4.000 habitantes - El Diario - Bolivia<\/title>\n<meta name=\"robots\" content=\"index, follow, max-snippet:-1, max-image-preview:large, max-video-preview:-1\" \/>\n<link rel=\"canonical\" href=\"https:\/\/www.eldiario.net\/portal\/2024\/12\/28\/el-tramo-4-de-avenida-costanera-beneficia-a-mas-de-4-000-habitantes\/\" \/>\n<meta property=\"og:locale\" content=\"es_ES\" \/>\n<meta property=\"og:type\" content=\"article\" \/>\n<meta property=\"og:title\" content=\"El tramo 4 de avenida Costanera beneficia a m\u00e1s de 4.000 habitantes - El Diario - Bolivia\" \/>\n<meta property=\"og:description\" content=\"El alcalde de Cochabamba, Manfred Reyes Villa, entreg\u00f3 el tramo 4 de pavimento r\u00edgido en la avenida Costanera Sud. La entrega forma parte de un proyecto mayor que permitir\u00e1 a todo el sector contar con mejores v\u00edas, mayor conexi\u00f3n y fluidez vehicular. La primera autoridad municipal resalt\u00f3 que esta v\u00eda troncal llegar\u00e1 hasta la nueva [&hellip;]\" \/>\n<meta property=\"og:url\" content=\"https:\/\/www.eldiario.net\/portal\/2024\/12\/28\/el-tramo-4-de-avenida-costanera-beneficia-a-mas-de-4-000-habitantes\/\" \/>\n<meta property=\"og:site_name\" content=\"El Diario - Bolivia\" \/>\n<meta property=\"article:publisher\" content=\"https:\/\/www.facebook.com\/eldiario.bolivia\/\" \/>\n<meta property=\"article:published_time\" content=\"2024-12-28T10:28:54+00:00\" \/>\n<meta property=\"og:image\" content=\"https:\/\/www.eldiario.net\/portal\/wp-content\/uploads\/2024\/12\/71-NAL-3.jpg\" \/>\n\t<meta property=\"og:image:width\" content=\"1280\" \/>\n\t<meta property=\"og:image:height\" content=\"718\" \/>\n\t<meta property=\"og:image:type\" content=\"image\/jpeg\" \/>\n<meta name=\"author\" content=\"Jeanette\" \/>\n<meta name=\"twitter:card\" content=\"summary_large_image\" \/>\n<meta name=\"twitter:creator\" content=\"@eldiario_net\" \/>\n<meta name=\"twitter:site\" content=\"@eldiario_net\" \/>\n<meta name=\"twitter:label1\" content=\"Escrito por\" \/>\n\t<meta name=\"twitter:data1\" content=\"Jeanette\" \/>\n\t<meta name=\"twitter:label2\" content=\"Tiempo de lectura\" \/>\n\t<meta name=\"twitter:data2\" content=\"2 minutos\" \/>\n<script type=\"application\/ld+json\" class=\"yoast-schema-graph\">{\"@context\":\"https:\\\/\\\/schema.org\",\"@graph\":[{\"@type\":\"Article\",\"@id\":\"https:\\\/\\\/www.eldiario.net\\\/portal\\\/2024\\\/12\\\/28\\\/el-tramo-4-de-avenida-costanera-beneficia-a-mas-de-4-000-habitantes\\\/#article\",\"isPartOf\":{\"@id\":\"https:\\\/\\\/www.eldiario.net\\\/portal\\\/2024\\\/12\\\/28\\\/el-tramo-4-de-avenida-costanera-beneficia-a-mas-de-4-000-habitantes\\\/\"},\"author\":{\"name\":\"Jeanette\",\"@id\":\"https:\\\/\\\/www.eldiario.net\\\/portal\\\/#\\\/schema\\\/person\\\/f46445640444750d7d753ccd04ae01b7\"},\"headline\":\"El tramo 4 de avenida Costanera beneficia a m\u00e1s de 4.000 habitantes\",\"datePublished\":\"2024-12-28T10:28:54+00:00\",\"mainEntityOfPage\":{\"@id\":\"https:\\\/\\\/www.eldiario.net\\\/portal\\\/2024\\\/12\\\/28\\\/el-tramo-4-de-avenida-costanera-beneficia-a-mas-de-4-000-habitantes\\\/\"},\"wordCount\":266,\"publisher\":{\"@id\":\"https:\\\/\\\/www.eldiario.net\\\/portal\\\/#organization\"},\"image\":{\"@id\":\"https:\\\/\\\/www.eldiario.net\\\/portal\\\/2024\\\/12\\\/28\\\/el-tramo-4-de-avenida-costanera-beneficia-a-mas-de-4-000-habitantes\\\/#primaryimage\"},\"thumbnailUrl\":\"https:\\\/\\\/www.eldiario.net\\\/portal\\\/wp-content\\\/uploads\\\/2024\\\/12\\\/71-NAL-3.jpg\",\"articleSection\":[\"Nacional\"],\"inLanguage\":\"es\"},{\"@type\":\"WebPage\",\"@id\":\"https:\\\/\\\/www.eldiario.net\\\/portal\\\/2024\\\/12\\\/28\\\/el-tramo-4-de-avenida-costanera-beneficia-a-mas-de-4-000-habitantes\\\/\",\"url\":\"https:\\\/\\\/www.eldiario.net\\\/portal\\\/2024\\\/12\\\/28\\\/el-tramo-4-de-avenida-costanera-beneficia-a-mas-de-4-000-habitantes\\\/\",\"name\":\"El tramo 4 de avenida Costanera beneficia a m\u00e1s de 4.000 habitantes - El Diario - Bolivia\",\"isPartOf\":{\"@id\":\"https:\\\/\\\/www.eldiario.net\\\/portal\\\/#website\"},\"primaryImageOfPage\":{\"@id\":\"https:\\\/\\\/www.eldiario.net\\\/portal\\\/2024\\\/12\\\/28\\\/el-tramo-4-de-avenida-costanera-beneficia-a-mas-de-4-000-habitantes\\\/#primaryimage\"},\"image\":{\"@id\":\"https:\\\/\\\/www.eldiario.net\\\/portal\\\/2024\\\/12\\\/28\\\/el-tramo-4-de-avenida-costanera-beneficia-a-mas-de-4-000-habitantes\\\/#primaryimage\"},\"thumbnailUrl\":\"https:\\\/\\\/www.eldiario.net\\\/portal\\\/wp-content\\\/uploads\\\/2024\\\/12\\\/71-NAL-3.jpg\",\"datePublished\":\"2024-12-28T10:28:54+00:00\",\"breadcrumb\":{\"@id\":\"https:\\\/\\\/www.eldiario.net\\\/portal\\\/2024\\\/12\\\/28\\\/el-tramo-4-de-avenida-costanera-beneficia-a-mas-de-4-000-habitantes\\\/#breadcrumb\"},\"inLanguage\":\"es\",\"potentialAction\":[{\"@type\":\"ReadAction\",\"target\":[\"https:\\\/\\\/www.eldiario.net\\\/portal\\\/2024\\\/12\\\/28\\\/el-tramo-4-de-avenida-costanera-beneficia-a-mas-de-4-000-habitantes\\\/\"]}]},{\"@type\":\"ImageObject\",\"inLanguage\":\"es\",\"@id\":\"https:\\\/\\\/www.eldiario.net\\\/portal\\\/2024\\\/12\\\/28\\\/el-tramo-4-de-avenida-costanera-beneficia-a-mas-de-4-000-habitantes\\\/#primaryimage\",\"url\":\"https:\\\/\\\/www.eldiario.net\\\/portal\\\/wp-content\\\/uploads\\\/2024\\\/12\\\/71-NAL-3.jpg\",\"contentUrl\":\"https:\\\/\\\/www.eldiario.net\\\/portal\\\/wp-content\\\/uploads\\\/2024\\\/12\\\/71-NAL-3.jpg\",\"width\":1280,\"height\":718,\"caption\":\"TRAMO 4 DE LA AVENIDA COSTANERA SUR.\"},{\"@type\":\"BreadcrumbList\",\"@id\":\"https:\\\/\\\/www.eldiario.net\\\/portal\\\/2024\\\/12\\\/28\\\/el-tramo-4-de-avenida-costanera-beneficia-a-mas-de-4-000-habitantes\\\/#breadcrumb\",\"itemListElement\":[{\"@type\":\"ListItem\",\"position\":1,\"name\":\"Portada\",\"item\":\"https:\\\/\\\/www.eldiario.net\\\/portal\\\/\"},{\"@type\":\"ListItem\",\"position\":2,\"name\":\"El tramo 4 de avenida Costanera beneficia a m\u00e1s de 4.000 habitantes\"}]},{\"@type\":\"WebSite\",\"@id\":\"https:\\\/\\\/www.eldiario.net\\\/portal\\\/#website\",\"url\":\"https:\\\/\\\/www.eldiario.net\\\/portal\\\/\",\"name\":\"El Diario - Decano de la prensa nacional\",\"description\":\"El Diario - Decano de la prensa nacional\",\"publisher\":{\"@id\":\"https:\\\/\\\/www.eldiario.net\\\/portal\\\/#organization\"},\"potentialAction\":[{\"@type\":\"SearchAction\",\"target\":{\"@type\":\"EntryPoint\",\"urlTemplate\":\"https:\\\/\\\/www.eldiario.net\\\/portal\\\/?s={search_term_string}\"},\"query-input\":{\"@type\":\"PropertyValueSpecification\",\"valueRequired\":true,\"valueName\":\"search_term_string\"}}],\"inLanguage\":\"es\"},{\"@type\":\"Organization\",\"@id\":\"https:\\\/\\\/www.eldiario.net\\\/portal\\\/#organization\",\"name\":\"El Diario - Decano de la prensa nacional\",\"url\":\"https:\\\/\\\/www.eldiario.net\\\/portal\\\/\",\"logo\":{\"@type\":\"ImageObject\",\"inLanguage\":\"es\",\"@id\":\"https:\\\/\\\/www.eldiario.net\\\/portal\\\/#\\\/schema\\\/logo\\\/image\\\/\",\"url\":\"https:\\\/\\\/www.eldiario.net\\\/portal\\\/wp-content\\\/uploads\\\/2023\\\/07\\\/logo_ED.jpg\",\"contentUrl\":\"https:\\\/\\\/www.eldiario.net\\\/portal\\\/wp-content\\\/uploads\\\/2023\\\/07\\\/logo_ED.jpg\",\"width\":272,\"height\":52,\"caption\":\"El Diario - Decano de la prensa nacional\"},\"image\":{\"@id\":\"https:\\\/\\\/www.eldiario.net\\\/portal\\\/#\\\/schema\\\/logo\\\/image\\\/\"},\"sameAs\":[\"https:\\\/\\\/www.facebook.com\\\/eldiario.bolivia\\\/\",\"https:\\\/\\\/x.com\\\/eldiario_net\"]},{\"@type\":\"Person\",\"@id\":\"https:\\\/\\\/www.eldiario.net\\\/portal\\\/#\\\/schema\\\/person\\\/f46445640444750d7d753ccd04ae01b7\",\"name\":\"Jeanette\",\"image\":{\"@type\":\"ImageObject\",\"inLanguage\":\"es\",\"@id\":\"https:\\\/\\\/secure.gravatar.com\\\/avatar\\\/3ea2118a5f7dad2b7138b1187a6b7ee55f160b9968b66013c3a3ef39dd7e5798?s=96&d=mm&r=g\",\"url\":\"https:\\\/\\\/secure.gravatar.com\\\/avatar\\\/3ea2118a5f7dad2b7138b1187a6b7ee55f160b9968b66013c3a3ef39dd7e5798?s=96&d=mm&r=g\",\"contentUrl\":\"https:\\\/\\\/secure.gravatar.com\\\/avatar\\\/3ea2118a5f7dad2b7138b1187a6b7ee55f160b9968b66013c3a3ef39dd7e5798?s=96&d=mm&r=g\",\"caption\":\"Jeanette\"},\"sameAs\":[\"https:\\\/\\\/www.eldiario.net\\\/portal\"],\"url\":\"https:\\\/\\\/www.eldiario.net\\\/portal\\\/author\\\/jeanette\\\/\"}]}<\/script>\n<!-- \/ Yoast SEO plugin. -->","yoast_head_json":{"title":"El tramo 4 de avenida Costanera beneficia a m\u00e1s de 4.000 habitantes - El Diario - Bolivia","robots":{"index":"index","follow":"follow","max-snippet":"max-snippet:-1","max-image-preview":"max-image-preview:large","max-video-preview":"max-video-preview:-1"},"canonical":"https:\/\/www.eldiario.net\/portal\/2024\/12\/28\/el-tramo-4-de-avenida-costanera-beneficia-a-mas-de-4-000-habitantes\/","og_locale":"es_ES","og_type":"article","og_title":"El tramo 4 de avenida Costanera beneficia a m\u00e1s de 4.000 habitantes - El Diario - Bolivia","og_description":"El alcalde de Cochabamba, Manfred Reyes Villa, entreg\u00f3 el tramo 4 de pavimento r\u00edgido en la avenida Costanera Sud. La entrega forma parte de un proyecto mayor que permitir\u00e1 a todo el sector contar con mejores v\u00edas, mayor conexi\u00f3n y fluidez vehicular. La primera autoridad municipal resalt\u00f3 que esta v\u00eda troncal llegar\u00e1 hasta la nueva [&hellip;]","og_url":"https:\/\/www.eldiario.net\/portal\/2024\/12\/28\/el-tramo-4-de-avenida-costanera-beneficia-a-mas-de-4-000-habitantes\/","og_site_name":"El Diario - Bolivia","article_publisher":"https:\/\/www.facebook.com\/eldiario.bolivia\/","article_published_time":"2024-12-28T10:28:54+00:00","og_image":[{"width":1280,"height":718,"url":"https:\/\/www.eldiario.net\/portal\/wp-content\/uploads\/2024\/12\/71-NAL-3.jpg","type":"image\/jpeg"}],"author":"Jeanette","twitter_card":"summary_large_image","twitter_creator":"@eldiario_net","twitter_site":"@eldiario_net","twitter_misc":{"Escrito por":"Jeanette","Tiempo de lectura":"2 minutos"},"schema":{"@context":"https:\/\/schema.org","@graph":[{"@type":"Article","@id":"https:\/\/www.eldiario.net\/portal\/2024\/12\/28\/el-tramo-4-de-avenida-costanera-beneficia-a-mas-de-4-000-habitantes\/#article","isPartOf":{"@id":"https:\/\/www.eldiario.net\/portal\/2024\/12\/28\/el-tramo-4-de-avenida-costanera-beneficia-a-mas-de-4-000-habitantes\/"},"author":{"name":"Jeanette","@id":"https:\/\/www.eldiario.net\/portal\/#\/schema\/person\/f46445640444750d7d753ccd04ae01b7"},"headline":"El tramo 4 de avenida Costanera beneficia a m\u00e1s de 4.000 habitantes","datePublished":"2024-12-28T10:28:54+00:00","mainEntityOfPage":{"@id":"https:\/\/www.eldiario.net\/portal\/2024\/12\/28\/el-tramo-4-de-avenida-costanera-beneficia-a-mas-de-4-000-habitantes\/"},"wordCount":266,"publisher":{"@id":"https:\/\/www.eldiario.net\/portal\/#organization"},"image":{"@id":"https:\/\/www.eldiario.net\/portal\/2024\/12\/28\/el-tramo-4-de-avenida-costanera-beneficia-a-mas-de-4-000-habitantes\/#primaryimage"},"thumbnailUrl":"https:\/\/www.eldiario.net\/portal\/wp-content\/uploads\/2024\/12\/71-NAL-3.jpg","articleSection":["Nacional"],"inLanguage":"es"},{"@type":"WebPage","@id":"https:\/\/www.eldiario.net\/portal\/2024\/12\/28\/el-tramo-4-de-avenida-costanera-beneficia-a-mas-de-4-000-habitantes\/","url":"https:\/\/www.eldiario.net\/portal\/2024\/12\/28\/el-tramo-4-de-avenida-costanera-beneficia-a-mas-de-4-000-habitantes\/","name":"El tramo 4 de avenida Costanera beneficia a m\u00e1s de 4.000 habitantes - El Diario - Bolivia","isPartOf":{"@id":"https:\/\/www.eldiario.net\/portal\/#website"},"primaryImageOfPage":{"@id":"https:\/\/www.eldiario.net\/portal\/2024\/12\/28\/el-tramo-4-de-avenida-costanera-beneficia-a-mas-de-4-000-habitantes\/#primaryimage"},"image":{"@id":"https:\/\/www.eldiario.net\/portal\/2024\/12\/28\/el-tramo-4-de-avenida-costanera-beneficia-a-mas-de-4-000-habitantes\/#primaryimage"},"thumbnailUrl":"https:\/\/www.eldiario.net\/portal\/wp-content\/uploads\/2024\/12\/71-NAL-3.jpg","datePublished":"2024-12-28T10:28:54+00:00","breadcrumb":{"@id":"https:\/\/www.eldiario.net\/portal\/2024\/12\/28\/el-tramo-4-de-avenida-costanera-beneficia-a-mas-de-4-000-habitantes\/#breadcrumb"},"inLanguage":"es","potentialAction":[{"@type":"ReadAction","target":["https:\/\/www.eldiario.net\/portal\/2024\/12\/28\/el-tramo-4-de-avenida-costanera-beneficia-a-mas-de-4-000-habitantes\/"]}]},{"@type":"ImageObject","inLanguage":"es","@id":"https:\/\/www.eldiario.net\/portal\/2024\/12\/28\/el-tramo-4-de-avenida-costanera-beneficia-a-mas-de-4-000-habitantes\/#primaryimage","url":"https:\/\/www.eldiario.net\/portal\/wp-content\/uploads\/2024\/12\/71-NAL-3.jpg","contentUrl":"https:\/\/www.eldiario.net\/portal\/wp-content\/uploads\/2024\/12\/71-NAL-3.jpg","width":1280,"height":718,"caption":"TRAMO 4 DE LA AVENIDA COSTANERA SUR."},{"@type":"BreadcrumbList","@id":"https:\/\/www.eldiario.net\/portal\/2024\/12\/28\/el-tramo-4-de-avenida-costanera-beneficia-a-mas-de-4-000-habitantes\/#breadcrumb","itemListElement":[{"@type":"ListItem","position":1,"name":"Portada","item":"https:\/\/www.eldiario.net\/portal\/"},{"@type":"ListItem","position":2,"name":"El tramo 4 de avenida Costanera beneficia a m\u00e1s de 4.000 habitantes"}]},{"@type":"WebSite","@id":"https:\/\/www.eldiario.net\/portal\/#website","url":"https:\/\/www.eldiario.net\/portal\/","name":"El Diario - Decano de la prensa nacional","description":"El Diario - Decano de la prensa nacional","publisher":{"@id":"https:\/\/www.eldiario.net\/portal\/#organization"},"potentialAction":[{"@type":"SearchAction","target":{"@type":"EntryPoint","urlTemplate":"https:\/\/www.eldiario.net\/portal\/?s={search_term_string}"},"query-input":{"@type":"PropertyValueSpecification","valueRequired":true,"valueName":"search_term_string"}}],"inLanguage":"es"},{"@type":"Organization","@id":"https:\/\/www.eldiario.net\/portal\/#organization","name":"El Diario - Decano de la prensa nacional","url":"https:\/\/www.eldiario.net\/portal\/","logo":{"@type":"ImageObject","inLanguage":"es","@id":"https:\/\/www.eldiario.net\/portal\/#\/schema\/logo\/image\/","url":"https:\/\/www.eldiario.net\/portal\/wp-content\/uploads\/2023\/07\/logo_ED.jpg","contentUrl":"https:\/\/www.eldiario.net\/portal\/wp-content\/uploads\/2023\/07\/logo_ED.jpg","width":272,"height":52,"caption":"El Diario - Decano de la prensa nacional"},"image":{"@id":"https:\/\/www.eldiario.net\/portal\/#\/schema\/logo\/image\/"},"sameAs":["https:\/\/www.facebook.com\/eldiario.bolivia\/","https:\/\/x.com\/eldiario_net"]},{"@type":"Person","@id":"https:\/\/www.eldiario.net\/portal\/#\/schema\/person\/f46445640444750d7d753ccd04ae01b7","name":"Jeanette","image":{"@type":"ImageObject","inLanguage":"es","@id":"https:\/\/secure.gravatar.com\/avatar\/3ea2118a5f7dad2b7138b1187a6b7ee55f160b9968b66013c3a3ef39dd7e5798?s=96&d=mm&r=g","url":"https:\/\/secure.gravatar.com\/avatar\/3ea2118a5f7dad2b7138b1187a6b7ee55f160b9968b66013c3a3ef39dd7e5798?s=96&d=mm&r=g","contentUrl":"https:\/\/secure.gravatar.com\/avatar\/3ea2118a5f7dad2b7138b1187a6b7ee55f160b9968b66013c3a3ef39dd7e5798?s=96&d=mm&r=g","caption":"Jeanette"},"sameAs":["https:\/\/www.eldiario.net\/portal"],"url":"https:\/\/www.eldiario.net\/portal\/author\/jeanette\/"}]}},"_links":{"self":[{"href":"https:\/\/www.eldiario.net\/portal\/wp-json\/wp\/v2\/posts\/270724","targetHints":{"allow":["GET"]}}],"collection":[{"href":"https:\/\/www.eldiario.net\/portal\/wp-json\/wp\/v2\/posts"}],"about":[{"href":"https:\/\/www.eldiario.net\/portal\/wp-json\/wp\/v2\/types\/post"}],"author":[{"embeddable":true,"href":"https:\/\/www.eldiario.net\/portal\/wp-json\/wp\/v2\/users\/1"}],"replies":[{"embeddable":true,"href":"https:\/\/www.eldiario.net\/portal\/wp-json\/wp\/v2\/comments?post=270724"}],"version-history":[{"count":1,"href":"https:\/\/www.eldiario.net\/portal\/wp-json\/wp\/v2\/posts\/270724\/revisions"}],"predecessor-version":[{"id":270726,"href":"https:\/\/www.eldiario.net\/portal\/wp-json\/wp\/v2\/posts\/270724\/revisions\/270726"}],"wp:featuredmedia":[{"embeddable":true,"href":"https:\/\/www.eldiario.net\/portal\/wp-json\/wp\/v2\/media\/270725"}],"wp:attachment":[{"href":"https:\/\/www.eldiario.net\/portal\/wp-json\/wp\/v2\/media?parent=270724"}],"wp:term":[{"taxonomy":"category","embeddable":true,"href":"https:\/\/www.eldiario.net\/portal\/wp-json\/wp\/v2\/categories?post=270724"},{"taxonomy":"post_tag","embeddable":true,"href":"https:\/\/www.eldiario.net\/portal\/wp-json\/wp\/v2\/tags?post=270724"}],"curies":[{"name":"wp","href":"https:\/\/api.w.org\/{rel}","templated":true}]}}