{"id":270210,"date":"2024-12-25T00:15:30","date_gmt":"2024-12-25T04:15:30","guid":{"rendered":"https:\/\/www.eldiario.net\/portal\/?p=270210"},"modified":"2024-12-24T19:16:10","modified_gmt":"2024-12-24T23:16:10","slug":"boa-opera-con-menos-aviones-denuncias-y-millonaria-deuda","status":"publish","type":"post","link":"https:\/\/www.eldiario.net\/portal\/2024\/12\/25\/boa-opera-con-menos-aviones-denuncias-y-millonaria-deuda\/","title":{"rendered":"BoA opera con menos aviones,  denuncias y millonaria deuda"},"content":{"rendered":"<p>A pesar de tener el monopolio del mercado a\u00e9reo en Bolivia, la estatal Boliviana de Aviaci\u00f3n (BoA) no ha logrado generar ingresos en los \u00faltimos a\u00f1os y opera con menos aviones, con una infinidad de denuncias y millonaria deuda.<br \/>\nHace unos d\u00edas, la Autoridad de Regulaci\u00f3n y Fiscalizaci\u00f3n de Telecomunicaciones y Transportes (ATT) admiti\u00f3 sobre los procesos que se siguen a Boliviana de Aviaci\u00f3n (BoA) por las denuncias realizadas por pasajeros ante las demoras y cancelaciones. A esto se suman las deudas y los menores aviones que posee para las operaciones.<br \/>\nEl gerente de la empresa inform\u00f3 que BoA perdi\u00f3 50 millones de d\u00f3lares entre 2020 y 2021, registr\u00f3 \u201calguna que otra p\u00e9rdida\u201d en 2022 y 2023, y alcanz\u00f3 un \u201cequilibrio\u201d en 2024.<br \/>\nEntretanto, Samuel Doria Medina, empresario y pol\u00edtico, critic\u00f3 la gesti\u00f3n de BoA y destac\u00f3 la necesidad de transformar la empresa para que se enfoque en resultados m\u00e1s efectivos y menos prebendas, subrayando que el modelo de empresas p\u00fablicas ha fracasado en Bolivia.<br \/>\nPor otro lado, en conferencia de prensa, el ministro de Obras P\u00fablicas, \u00c9dgar Monta\u00f1o, atribuy\u00f3 los retrasos de los vuelos de Boliviana de Aviaci\u00f3n (BoA) a las tareas de mantenimientos de las aeronaves.<br \/>\n\u201cBueno, hay 21 flotas a disposici\u00f3n (aviones) uno que es propio de BoA y los dem\u00e1s est\u00e1n en alquiler, otros han cumplido con obviamente sus contratos y eso hay que devolverlos, otros hay que hacerles mantenimiento correspondiente y obviamente los mantenimientos m\u00e1s profundos se realizan Estados Unidos o Canad\u00e1\u201d, indic\u00f3.<\/p>\n","protected":false},"excerpt":{"rendered":"<p>A pesar de tener el monopolio del mercado a\u00e9reo en Bolivia, la estatal Boliviana de Aviaci\u00f3n (BoA) no ha logrado generar ingresos en los \u00faltimos a\u00f1os y opera con menos aviones, con una infinidad de denuncias y millonaria deuda. Hace unos d\u00edas, la Autoridad de Regulaci\u00f3n y Fiscalizaci\u00f3n de Telecomunicaciones y Transportes (ATT) admiti\u00f3 sobre [&hellip;]<\/p>\n","protected":false},"author":1,"featured_media":270211,"comment_status":"closed","ping_status":"open","sticky":false,"template":"","format":"standard","meta":{"_acf_changed":false,"footnotes":""},"categories":[15],"tags":[],"class_list":["post-270210","post","type-post","status-publish","format-standard","has-post-thumbnail","category-portada"],"acf":{"antetitulo":"A pesar del monopolio"},"yoast_head":"<!-- This site is optimized with the Yoast SEO plugin v28.3 - https:\/\/yoast.com\/product\/yoast-seo-wordpress\/ -->\n<title>BoA opera con menos aviones, denuncias y millonaria deuda - El Diario - Bolivia<\/title>\n<meta name=\"robots\" content=\"index, follow, max-snippet:-1, max-image-preview:large, max-video-preview:-1\" \/>\n<link rel=\"canonical\" href=\"https:\/\/www.eldiario.net\/portal\/2024\/12\/25\/boa-opera-con-menos-aviones-denuncias-y-millonaria-deuda\/\" \/>\n<meta property=\"og:locale\" content=\"es_ES\" \/>\n<meta property=\"og:type\" content=\"article\" \/>\n<meta property=\"og:title\" content=\"BoA opera con menos aviones, denuncias y millonaria deuda - El Diario - Bolivia\" \/>\n<meta property=\"og:description\" content=\"A pesar de tener el monopolio del mercado a\u00e9reo en Bolivia, la estatal Boliviana de Aviaci\u00f3n (BoA) no ha logrado generar ingresos en los \u00faltimos a\u00f1os y opera con menos aviones, con una infinidad de denuncias y millonaria deuda. Hace unos d\u00edas, la Autoridad de Regulaci\u00f3n y Fiscalizaci\u00f3n de Telecomunicaciones y Transportes (ATT) admiti\u00f3 sobre [&hellip;]\" \/>\n<meta property=\"og:url\" content=\"https:\/\/www.eldiario.net\/portal\/2024\/12\/25\/boa-opera-con-menos-aviones-denuncias-y-millonaria-deuda\/\" \/>\n<meta property=\"og:site_name\" content=\"El Diario - Bolivia\" \/>\n<meta property=\"article:publisher\" content=\"https:\/\/www.facebook.com\/eldiario.bolivia\/\" \/>\n<meta property=\"article:published_time\" content=\"2024-12-25T04:15:30+00:00\" \/>\n<meta property=\"og:image\" content=\"https:\/\/www.eldiario.net\/portal\/wp-content\/uploads\/2024\/12\/P-2-10-cm-x-7.jpeg\" \/>\n\t<meta property=\"og:image:width\" content=\"1531\" \/>\n\t<meta property=\"og:image:height\" content=\"949\" \/>\n\t<meta property=\"og:image:type\" content=\"image\/jpeg\" \/>\n<meta name=\"author\" content=\"Jeanette\" \/>\n<meta name=\"twitter:card\" content=\"summary_large_image\" \/>\n<meta name=\"twitter:creator\" content=\"@eldiario_net\" \/>\n<meta name=\"twitter:site\" content=\"@eldiario_net\" \/>\n<meta name=\"twitter:label1\" content=\"Escrito por\" \/>\n\t<meta name=\"twitter:data1\" content=\"Jeanette\" \/>\n\t<meta name=\"twitter:label2\" content=\"Tiempo de lectura\" \/>\n\t<meta name=\"twitter:data2\" content=\"2 minutos\" \/>\n<script type=\"application\/ld+json\" class=\"yoast-schema-graph\">{\"@context\":\"https:\\\/\\\/schema.org\",\"@graph\":[{\"@type\":\"Article\",\"@id\":\"https:\\\/\\\/www.eldiario.net\\\/portal\\\/2024\\\/12\\\/25\\\/boa-opera-con-menos-aviones-denuncias-y-millonaria-deuda\\\/#article\",\"isPartOf\":{\"@id\":\"https:\\\/\\\/www.eldiario.net\\\/portal\\\/2024\\\/12\\\/25\\\/boa-opera-con-menos-aviones-denuncias-y-millonaria-deuda\\\/\"},\"author\":{\"name\":\"Jeanette\",\"@id\":\"https:\\\/\\\/www.eldiario.net\\\/portal\\\/#\\\/schema\\\/person\\\/f46445640444750d7d753ccd04ae01b7\"},\"headline\":\"BoA opera con menos aviones, denuncias y millonaria deuda\",\"datePublished\":\"2024-12-25T04:15:30+00:00\",\"mainEntityOfPage\":{\"@id\":\"https:\\\/\\\/www.eldiario.net\\\/portal\\\/2024\\\/12\\\/25\\\/boa-opera-con-menos-aviones-denuncias-y-millonaria-deuda\\\/\"},\"wordCount\":270,\"publisher\":{\"@id\":\"https:\\\/\\\/www.eldiario.net\\\/portal\\\/#organization\"},\"image\":{\"@id\":\"https:\\\/\\\/www.eldiario.net\\\/portal\\\/2024\\\/12\\\/25\\\/boa-opera-con-menos-aviones-denuncias-y-millonaria-deuda\\\/#primaryimage\"},\"thumbnailUrl\":\"https:\\\/\\\/www.eldiario.net\\\/portal\\\/wp-content\\\/uploads\\\/2024\\\/12\\\/P-2-10-cm-x-7.jpeg\",\"articleSection\":[\"Portada\"],\"inLanguage\":\"es\"},{\"@type\":\"WebPage\",\"@id\":\"https:\\\/\\\/www.eldiario.net\\\/portal\\\/2024\\\/12\\\/25\\\/boa-opera-con-menos-aviones-denuncias-y-millonaria-deuda\\\/\",\"url\":\"https:\\\/\\\/www.eldiario.net\\\/portal\\\/2024\\\/12\\\/25\\\/boa-opera-con-menos-aviones-denuncias-y-millonaria-deuda\\\/\",\"name\":\"BoA opera con menos aviones, denuncias y millonaria deuda - El Diario - Bolivia\",\"isPartOf\":{\"@id\":\"https:\\\/\\\/www.eldiario.net\\\/portal\\\/#website\"},\"primaryImageOfPage\":{\"@id\":\"https:\\\/\\\/www.eldiario.net\\\/portal\\\/2024\\\/12\\\/25\\\/boa-opera-con-menos-aviones-denuncias-y-millonaria-deuda\\\/#primaryimage\"},\"image\":{\"@id\":\"https:\\\/\\\/www.eldiario.net\\\/portal\\\/2024\\\/12\\\/25\\\/boa-opera-con-menos-aviones-denuncias-y-millonaria-deuda\\\/#primaryimage\"},\"thumbnailUrl\":\"https:\\\/\\\/www.eldiario.net\\\/portal\\\/wp-content\\\/uploads\\\/2024\\\/12\\\/P-2-10-cm-x-7.jpeg\",\"datePublished\":\"2024-12-25T04:15:30+00:00\",\"breadcrumb\":{\"@id\":\"https:\\\/\\\/www.eldiario.net\\\/portal\\\/2024\\\/12\\\/25\\\/boa-opera-con-menos-aviones-denuncias-y-millonaria-deuda\\\/#breadcrumb\"},\"inLanguage\":\"es\",\"potentialAction\":[{\"@type\":\"ReadAction\",\"target\":[\"https:\\\/\\\/www.eldiario.net\\\/portal\\\/2024\\\/12\\\/25\\\/boa-opera-con-menos-aviones-denuncias-y-millonaria-deuda\\\/\"]}]},{\"@type\":\"ImageObject\",\"inLanguage\":\"es\",\"@id\":\"https:\\\/\\\/www.eldiario.net\\\/portal\\\/2024\\\/12\\\/25\\\/boa-opera-con-menos-aviones-denuncias-y-millonaria-deuda\\\/#primaryimage\",\"url\":\"https:\\\/\\\/www.eldiario.net\\\/portal\\\/wp-content\\\/uploads\\\/2024\\\/12\\\/P-2-10-cm-x-7.jpeg\",\"contentUrl\":\"https:\\\/\\\/www.eldiario.net\\\/portal\\\/wp-content\\\/uploads\\\/2024\\\/12\\\/P-2-10-cm-x-7.jpeg\",\"width\":1531,\"height\":949,\"caption\":\"Las denuncias de retraso de vuelos de los pasajeros provienen de las ciudades de La Paz, Cochabamba y Santa Cruz.\"},{\"@type\":\"BreadcrumbList\",\"@id\":\"https:\\\/\\\/www.eldiario.net\\\/portal\\\/2024\\\/12\\\/25\\\/boa-opera-con-menos-aviones-denuncias-y-millonaria-deuda\\\/#breadcrumb\",\"itemListElement\":[{\"@type\":\"ListItem\",\"position\":1,\"name\":\"Portada\",\"item\":\"https:\\\/\\\/www.eldiario.net\\\/portal\\\/\"},{\"@type\":\"ListItem\",\"position\":2,\"name\":\"BoA opera con menos aviones, denuncias y millonaria deuda\"}]},{\"@type\":\"WebSite\",\"@id\":\"https:\\\/\\\/www.eldiario.net\\\/portal\\\/#website\",\"url\":\"https:\\\/\\\/www.eldiario.net\\\/portal\\\/\",\"name\":\"El Diario - Decano de la prensa nacional\",\"description\":\"El Diario - Decano de la prensa nacional\",\"publisher\":{\"@id\":\"https:\\\/\\\/www.eldiario.net\\\/portal\\\/#organization\"},\"potentialAction\":[{\"@type\":\"SearchAction\",\"target\":{\"@type\":\"EntryPoint\",\"urlTemplate\":\"https:\\\/\\\/www.eldiario.net\\\/portal\\\/?s={search_term_string}\"},\"query-input\":{\"@type\":\"PropertyValueSpecification\",\"valueRequired\":true,\"valueName\":\"search_term_string\"}}],\"inLanguage\":\"es\"},{\"@type\":\"Organization\",\"@id\":\"https:\\\/\\\/www.eldiario.net\\\/portal\\\/#organization\",\"name\":\"El Diario - Decano de la prensa nacional\",\"url\":\"https:\\\/\\\/www.eldiario.net\\\/portal\\\/\",\"logo\":{\"@type\":\"ImageObject\",\"inLanguage\":\"es\",\"@id\":\"https:\\\/\\\/www.eldiario.net\\\/portal\\\/#\\\/schema\\\/logo\\\/image\\\/\",\"url\":\"https:\\\/\\\/www.eldiario.net\\\/portal\\\/wp-content\\\/uploads\\\/2023\\\/07\\\/logo_ED.jpg\",\"contentUrl\":\"https:\\\/\\\/www.eldiario.net\\\/portal\\\/wp-content\\\/uploads\\\/2023\\\/07\\\/logo_ED.jpg\",\"width\":272,\"height\":52,\"caption\":\"El Diario - Decano de la prensa nacional\"},\"image\":{\"@id\":\"https:\\\/\\\/www.eldiario.net\\\/portal\\\/#\\\/schema\\\/logo\\\/image\\\/\"},\"sameAs\":[\"https:\\\/\\\/www.facebook.com\\\/eldiario.bolivia\\\/\",\"https:\\\/\\\/x.com\\\/eldiario_net\"]},{\"@type\":\"Person\",\"@id\":\"https:\\\/\\\/www.eldiario.net\\\/portal\\\/#\\\/schema\\\/person\\\/f46445640444750d7d753ccd04ae01b7\",\"name\":\"Jeanette\",\"image\":{\"@type\":\"ImageObject\",\"inLanguage\":\"es\",\"@id\":\"https:\\\/\\\/secure.gravatar.com\\\/avatar\\\/3ea2118a5f7dad2b7138b1187a6b7ee55f160b9968b66013c3a3ef39dd7e5798?s=96&d=mm&r=g\",\"url\":\"https:\\\/\\\/secure.gravatar.com\\\/avatar\\\/3ea2118a5f7dad2b7138b1187a6b7ee55f160b9968b66013c3a3ef39dd7e5798?s=96&d=mm&r=g\",\"contentUrl\":\"https:\\\/\\\/secure.gravatar.com\\\/avatar\\\/3ea2118a5f7dad2b7138b1187a6b7ee55f160b9968b66013c3a3ef39dd7e5798?s=96&d=mm&r=g\",\"caption\":\"Jeanette\"},\"sameAs\":[\"https:\\\/\\\/www.eldiario.net\\\/portal\"],\"url\":\"https:\\\/\\\/www.eldiario.net\\\/portal\\\/author\\\/jeanette\\\/\"}]}<\/script>\n<!-- \/ Yoast SEO plugin. -->","yoast_head_json":{"title":"BoA opera con menos aviones, denuncias y millonaria deuda - El Diario - Bolivia","robots":{"index":"index","follow":"follow","max-snippet":"max-snippet:-1","max-image-preview":"max-image-preview:large","max-video-preview":"max-video-preview:-1"},"canonical":"https:\/\/www.eldiario.net\/portal\/2024\/12\/25\/boa-opera-con-menos-aviones-denuncias-y-millonaria-deuda\/","og_locale":"es_ES","og_type":"article","og_title":"BoA opera con menos aviones, denuncias y millonaria deuda - El Diario - Bolivia","og_description":"A pesar de tener el monopolio del mercado a\u00e9reo en Bolivia, la estatal Boliviana de Aviaci\u00f3n (BoA) no ha logrado generar ingresos en los \u00faltimos a\u00f1os y opera con menos aviones, con una infinidad de denuncias y millonaria deuda. Hace unos d\u00edas, la Autoridad de Regulaci\u00f3n y Fiscalizaci\u00f3n de Telecomunicaciones y Transportes (ATT) admiti\u00f3 sobre [&hellip;]","og_url":"https:\/\/www.eldiario.net\/portal\/2024\/12\/25\/boa-opera-con-menos-aviones-denuncias-y-millonaria-deuda\/","og_site_name":"El Diario - Bolivia","article_publisher":"https:\/\/www.facebook.com\/eldiario.bolivia\/","article_published_time":"2024-12-25T04:15:30+00:00","og_image":[{"width":1531,"height":949,"url":"https:\/\/www.eldiario.net\/portal\/wp-content\/uploads\/2024\/12\/P-2-10-cm-x-7.jpeg","type":"image\/jpeg"}],"author":"Jeanette","twitter_card":"summary_large_image","twitter_creator":"@eldiario_net","twitter_site":"@eldiario_net","twitter_misc":{"Escrito por":"Jeanette","Tiempo de lectura":"2 minutos"},"schema":{"@context":"https:\/\/schema.org","@graph":[{"@type":"Article","@id":"https:\/\/www.eldiario.net\/portal\/2024\/12\/25\/boa-opera-con-menos-aviones-denuncias-y-millonaria-deuda\/#article","isPartOf":{"@id":"https:\/\/www.eldiario.net\/portal\/2024\/12\/25\/boa-opera-con-menos-aviones-denuncias-y-millonaria-deuda\/"},"author":{"name":"Jeanette","@id":"https:\/\/www.eldiario.net\/portal\/#\/schema\/person\/f46445640444750d7d753ccd04ae01b7"},"headline":"BoA opera con menos aviones, denuncias y millonaria deuda","datePublished":"2024-12-25T04:15:30+00:00","mainEntityOfPage":{"@id":"https:\/\/www.eldiario.net\/portal\/2024\/12\/25\/boa-opera-con-menos-aviones-denuncias-y-millonaria-deuda\/"},"wordCount":270,"publisher":{"@id":"https:\/\/www.eldiario.net\/portal\/#organization"},"image":{"@id":"https:\/\/www.eldiario.net\/portal\/2024\/12\/25\/boa-opera-con-menos-aviones-denuncias-y-millonaria-deuda\/#primaryimage"},"thumbnailUrl":"https:\/\/www.eldiario.net\/portal\/wp-content\/uploads\/2024\/12\/P-2-10-cm-x-7.jpeg","articleSection":["Portada"],"inLanguage":"es"},{"@type":"WebPage","@id":"https:\/\/www.eldiario.net\/portal\/2024\/12\/25\/boa-opera-con-menos-aviones-denuncias-y-millonaria-deuda\/","url":"https:\/\/www.eldiario.net\/portal\/2024\/12\/25\/boa-opera-con-menos-aviones-denuncias-y-millonaria-deuda\/","name":"BoA opera con menos aviones, denuncias y millonaria deuda - El Diario - Bolivia","isPartOf":{"@id":"https:\/\/www.eldiario.net\/portal\/#website"},"primaryImageOfPage":{"@id":"https:\/\/www.eldiario.net\/portal\/2024\/12\/25\/boa-opera-con-menos-aviones-denuncias-y-millonaria-deuda\/#primaryimage"},"image":{"@id":"https:\/\/www.eldiario.net\/portal\/2024\/12\/25\/boa-opera-con-menos-aviones-denuncias-y-millonaria-deuda\/#primaryimage"},"thumbnailUrl":"https:\/\/www.eldiario.net\/portal\/wp-content\/uploads\/2024\/12\/P-2-10-cm-x-7.jpeg","datePublished":"2024-12-25T04:15:30+00:00","breadcrumb":{"@id":"https:\/\/www.eldiario.net\/portal\/2024\/12\/25\/boa-opera-con-menos-aviones-denuncias-y-millonaria-deuda\/#breadcrumb"},"inLanguage":"es","potentialAction":[{"@type":"ReadAction","target":["https:\/\/www.eldiario.net\/portal\/2024\/12\/25\/boa-opera-con-menos-aviones-denuncias-y-millonaria-deuda\/"]}]},{"@type":"ImageObject","inLanguage":"es","@id":"https:\/\/www.eldiario.net\/portal\/2024\/12\/25\/boa-opera-con-menos-aviones-denuncias-y-millonaria-deuda\/#primaryimage","url":"https:\/\/www.eldiario.net\/portal\/wp-content\/uploads\/2024\/12\/P-2-10-cm-x-7.jpeg","contentUrl":"https:\/\/www.eldiario.net\/portal\/wp-content\/uploads\/2024\/12\/P-2-10-cm-x-7.jpeg","width":1531,"height":949,"caption":"Las denuncias de retraso de vuelos de los pasajeros provienen de las ciudades de La Paz, Cochabamba y Santa Cruz."},{"@type":"BreadcrumbList","@id":"https:\/\/www.eldiario.net\/portal\/2024\/12\/25\/boa-opera-con-menos-aviones-denuncias-y-millonaria-deuda\/#breadcrumb","itemListElement":[{"@type":"ListItem","position":1,"name":"Portada","item":"https:\/\/www.eldiario.net\/portal\/"},{"@type":"ListItem","position":2,"name":"BoA opera con menos aviones, denuncias y millonaria deuda"}]},{"@type":"WebSite","@id":"https:\/\/www.eldiario.net\/portal\/#website","url":"https:\/\/www.eldiario.net\/portal\/","name":"El Diario - Decano de la prensa nacional","description":"El Diario - Decano de la prensa nacional","publisher":{"@id":"https:\/\/www.eldiario.net\/portal\/#organization"},"potentialAction":[{"@type":"SearchAction","target":{"@type":"EntryPoint","urlTemplate":"https:\/\/www.eldiario.net\/portal\/?s={search_term_string}"},"query-input":{"@type":"PropertyValueSpecification","valueRequired":true,"valueName":"search_term_string"}}],"inLanguage":"es"},{"@type":"Organization","@id":"https:\/\/www.eldiario.net\/portal\/#organization","name":"El Diario - Decano de la prensa nacional","url":"https:\/\/www.eldiario.net\/portal\/","logo":{"@type":"ImageObject","inLanguage":"es","@id":"https:\/\/www.eldiario.net\/portal\/#\/schema\/logo\/image\/","url":"https:\/\/www.eldiario.net\/portal\/wp-content\/uploads\/2023\/07\/logo_ED.jpg","contentUrl":"https:\/\/www.eldiario.net\/portal\/wp-content\/uploads\/2023\/07\/logo_ED.jpg","width":272,"height":52,"caption":"El Diario - Decano de la prensa nacional"},"image":{"@id":"https:\/\/www.eldiario.net\/portal\/#\/schema\/logo\/image\/"},"sameAs":["https:\/\/www.facebook.com\/eldiario.bolivia\/","https:\/\/x.com\/eldiario_net"]},{"@type":"Person","@id":"https:\/\/www.eldiario.net\/portal\/#\/schema\/person\/f46445640444750d7d753ccd04ae01b7","name":"Jeanette","image":{"@type":"ImageObject","inLanguage":"es","@id":"https:\/\/secure.gravatar.com\/avatar\/3ea2118a5f7dad2b7138b1187a6b7ee55f160b9968b66013c3a3ef39dd7e5798?s=96&d=mm&r=g","url":"https:\/\/secure.gravatar.com\/avatar\/3ea2118a5f7dad2b7138b1187a6b7ee55f160b9968b66013c3a3ef39dd7e5798?s=96&d=mm&r=g","contentUrl":"https:\/\/secure.gravatar.com\/avatar\/3ea2118a5f7dad2b7138b1187a6b7ee55f160b9968b66013c3a3ef39dd7e5798?s=96&d=mm&r=g","caption":"Jeanette"},"sameAs":["https:\/\/www.eldiario.net\/portal"],"url":"https:\/\/www.eldiario.net\/portal\/author\/jeanette\/"}]}},"_links":{"self":[{"href":"https:\/\/www.eldiario.net\/portal\/wp-json\/wp\/v2\/posts\/270210","targetHints":{"allow":["GET"]}}],"collection":[{"href":"https:\/\/www.eldiario.net\/portal\/wp-json\/wp\/v2\/posts"}],"about":[{"href":"https:\/\/www.eldiario.net\/portal\/wp-json\/wp\/v2\/types\/post"}],"author":[{"embeddable":true,"href":"https:\/\/www.eldiario.net\/portal\/wp-json\/wp\/v2\/users\/1"}],"replies":[{"embeddable":true,"href":"https:\/\/www.eldiario.net\/portal\/wp-json\/wp\/v2\/comments?post=270210"}],"version-history":[{"count":1,"href":"https:\/\/www.eldiario.net\/portal\/wp-json\/wp\/v2\/posts\/270210\/revisions"}],"predecessor-version":[{"id":270212,"href":"https:\/\/www.eldiario.net\/portal\/wp-json\/wp\/v2\/posts\/270210\/revisions\/270212"}],"wp:featuredmedia":[{"embeddable":true,"href":"https:\/\/www.eldiario.net\/portal\/wp-json\/wp\/v2\/media\/270211"}],"wp:attachment":[{"href":"https:\/\/www.eldiario.net\/portal\/wp-json\/wp\/v2\/media?parent=270210"}],"wp:term":[{"taxonomy":"category","embeddable":true,"href":"https:\/\/www.eldiario.net\/portal\/wp-json\/wp\/v2\/categories?post=270210"},{"taxonomy":"post_tag","embeddable":true,"href":"https:\/\/www.eldiario.net\/portal\/wp-json\/wp\/v2\/tags?post=270210"}],"curies":[{"name":"wp","href":"https:\/\/api.w.org\/{rel}","templated":true}]}}