{"id":270201,"date":"2024-12-25T00:13:07","date_gmt":"2024-12-25T04:13:07","guid":{"rendered":"https:\/\/www.eldiario.net\/portal\/?p=270201"},"modified":"2024-12-24T19:13:49","modified_gmt":"2024-12-24T23:13:49","slug":"tribunal-sentencia-a-raptora-de-bebe-alex-a-17-anos-de-prision","status":"publish","type":"post","link":"https:\/\/www.eldiario.net\/portal\/2024\/12\/25\/tribunal-sentencia-a-raptora-de-bebe-alex-a-17-anos-de-prision\/","title":{"rendered":"Tribunal sentencia a  raptora de beb\u00e9 Alex a 17 a\u00f1os de prisi\u00f3n"},"content":{"rendered":"<p>El Tribunal Primero de Sentencia Anticorrupci\u00f3n y Violencia contra la Mujer sentenci\u00f3 ayer a Nieves M. C. G., de 35 a\u00f1os de edad, a 17 a\u00f1os de c\u00e1rcel por el rapto del beb\u00e9 \u00c1lex, hecho que ocurri\u00f3 el 16 de agosto de 2022.<br \/>\nLas investigaciones revelaron que estos implicados intentaron destruir la evidencia, vendieron objetos de la v\u00edctima y fingieron un entierro para encubrir el delito. Faustino, quien era cuidador del cementerio de Villa Ingenio de El Alto, fue contactado para que entierre un ata\u00fad vac\u00edo, con el objetivo de sustentar la versi\u00f3n de que el menor hab\u00eda muerto.<br \/>\nAsimismo, se inform\u00f3 que junto a ella tambi\u00e9n fueron condenados a 10 a\u00f1os de prisi\u00f3n a la ahijada Keyta y Faustino M. A. U. por complicidad y encubrimiento, respectivamente.<br \/>\n\u00c1lex fue raptado con enga\u00f1os y separado de los brazos de su madre de 16 a\u00f1os, en la ciudad de La Paz, el mes de agosto. La pena determinada por el Tribunal Primero de Sentencia Anticorrupci\u00f3n y Violencia contra la Mujer ser\u00e1 cumplida en el penal de mujeres del barrio de Obrajes de la zona Sur de La Paz.<\/p>\n","protected":false},"excerpt":{"rendered":"<p>El Tribunal Primero de Sentencia Anticorrupci\u00f3n y Violencia contra la Mujer sentenci\u00f3 ayer a Nieves M. C. G., de 35 a\u00f1os de edad, a 17 a\u00f1os de c\u00e1rcel por el rapto del beb\u00e9 \u00c1lex, hecho que ocurri\u00f3 el 16 de agosto de 2022. Las investigaciones revelaron que estos implicados intentaron destruir la evidencia, vendieron objetos [&hellip;]<\/p>\n","protected":false},"author":1,"featured_media":270202,"comment_status":"closed","ping_status":"open","sticky":false,"template":"","format":"standard","meta":{"_acf_changed":false,"footnotes":""},"categories":[15],"tags":[],"class_list":["post-270201","post","type-post","status-publish","format-standard","has-post-thumbnail","category-portada"],"acf":{"antetitulo":"Tras dos a\u00f1os de proceso"},"yoast_head":"<!-- This site is optimized with the Yoast SEO plugin v28.3 - https:\/\/yoast.com\/product\/yoast-seo-wordpress\/ -->\n<title>Tribunal sentencia a raptora de beb\u00e9 Alex a 17 a\u00f1os de prisi\u00f3n - El Diario - Bolivia<\/title>\n<meta name=\"robots\" content=\"index, follow, max-snippet:-1, max-image-preview:large, max-video-preview:-1\" \/>\n<link rel=\"canonical\" href=\"https:\/\/www.eldiario.net\/portal\/2024\/12\/25\/tribunal-sentencia-a-raptora-de-bebe-alex-a-17-anos-de-prision\/\" \/>\n<meta property=\"og:locale\" content=\"es_ES\" \/>\n<meta property=\"og:type\" content=\"article\" \/>\n<meta property=\"og:title\" content=\"Tribunal sentencia a raptora de beb\u00e9 Alex a 17 a\u00f1os de prisi\u00f3n - El Diario - Bolivia\" \/>\n<meta property=\"og:description\" content=\"El Tribunal Primero de Sentencia Anticorrupci\u00f3n y Violencia contra la Mujer sentenci\u00f3 ayer a Nieves M. C. G., de 35 a\u00f1os de edad, a 17 a\u00f1os de c\u00e1rcel por el rapto del beb\u00e9 \u00c1lex, hecho que ocurri\u00f3 el 16 de agosto de 2022. Las investigaciones revelaron que estos implicados intentaron destruir la evidencia, vendieron objetos [&hellip;]\" \/>\n<meta property=\"og:url\" content=\"https:\/\/www.eldiario.net\/portal\/2024\/12\/25\/tribunal-sentencia-a-raptora-de-bebe-alex-a-17-anos-de-prision\/\" \/>\n<meta property=\"og:site_name\" content=\"El Diario - Bolivia\" \/>\n<meta property=\"article:publisher\" content=\"https:\/\/www.facebook.com\/eldiario.bolivia\/\" \/>\n<meta property=\"article:published_time\" content=\"2024-12-25T04:13:07+00:00\" \/>\n<meta property=\"og:image\" content=\"https:\/\/www.eldiario.net\/portal\/wp-content\/uploads\/2024\/12\/Raptora-Fiscalia.webp\" \/>\n\t<meta property=\"og:image:width\" content=\"1024\" \/>\n\t<meta property=\"og:image:height\" content=\"481\" \/>\n\t<meta property=\"og:image:type\" content=\"image\/webp\" \/>\n<meta name=\"author\" content=\"Jeanette\" \/>\n<meta name=\"twitter:card\" content=\"summary_large_image\" \/>\n<meta name=\"twitter:creator\" content=\"@eldiario_net\" \/>\n<meta name=\"twitter:site\" content=\"@eldiario_net\" \/>\n<meta name=\"twitter:label1\" content=\"Escrito por\" \/>\n\t<meta name=\"twitter:data1\" content=\"Jeanette\" \/>\n\t<meta name=\"twitter:label2\" content=\"Tiempo de lectura\" \/>\n\t<meta name=\"twitter:data2\" content=\"2 minutos\" \/>\n<script type=\"application\/ld+json\" class=\"yoast-schema-graph\">{\"@context\":\"https:\\\/\\\/schema.org\",\"@graph\":[{\"@type\":\"Article\",\"@id\":\"https:\\\/\\\/www.eldiario.net\\\/portal\\\/2024\\\/12\\\/25\\\/tribunal-sentencia-a-raptora-de-bebe-alex-a-17-anos-de-prision\\\/#article\",\"isPartOf\":{\"@id\":\"https:\\\/\\\/www.eldiario.net\\\/portal\\\/2024\\\/12\\\/25\\\/tribunal-sentencia-a-raptora-de-bebe-alex-a-17-anos-de-prision\\\/\"},\"author\":{\"name\":\"Jeanette\",\"@id\":\"https:\\\/\\\/www.eldiario.net\\\/portal\\\/#\\\/schema\\\/person\\\/f46445640444750d7d753ccd04ae01b7\"},\"headline\":\"Tribunal sentencia a raptora de beb\u00e9 Alex a 17 a\u00f1os de prisi\u00f3n\",\"datePublished\":\"2024-12-25T04:13:07+00:00\",\"mainEntityOfPage\":{\"@id\":\"https:\\\/\\\/www.eldiario.net\\\/portal\\\/2024\\\/12\\\/25\\\/tribunal-sentencia-a-raptora-de-bebe-alex-a-17-anos-de-prision\\\/\"},\"wordCount\":209,\"publisher\":{\"@id\":\"https:\\\/\\\/www.eldiario.net\\\/portal\\\/#organization\"},\"image\":{\"@id\":\"https:\\\/\\\/www.eldiario.net\\\/portal\\\/2024\\\/12\\\/25\\\/tribunal-sentencia-a-raptora-de-bebe-alex-a-17-anos-de-prision\\\/#primaryimage\"},\"thumbnailUrl\":\"https:\\\/\\\/www.eldiario.net\\\/portal\\\/wp-content\\\/uploads\\\/2024\\\/12\\\/Raptora-Fiscalia.webp\",\"articleSection\":[\"Portada\"],\"inLanguage\":\"es\"},{\"@type\":\"WebPage\",\"@id\":\"https:\\\/\\\/www.eldiario.net\\\/portal\\\/2024\\\/12\\\/25\\\/tribunal-sentencia-a-raptora-de-bebe-alex-a-17-anos-de-prision\\\/\",\"url\":\"https:\\\/\\\/www.eldiario.net\\\/portal\\\/2024\\\/12\\\/25\\\/tribunal-sentencia-a-raptora-de-bebe-alex-a-17-anos-de-prision\\\/\",\"name\":\"Tribunal sentencia a raptora de beb\u00e9 Alex a 17 a\u00f1os de prisi\u00f3n - El Diario - Bolivia\",\"isPartOf\":{\"@id\":\"https:\\\/\\\/www.eldiario.net\\\/portal\\\/#website\"},\"primaryImageOfPage\":{\"@id\":\"https:\\\/\\\/www.eldiario.net\\\/portal\\\/2024\\\/12\\\/25\\\/tribunal-sentencia-a-raptora-de-bebe-alex-a-17-anos-de-prision\\\/#primaryimage\"},\"image\":{\"@id\":\"https:\\\/\\\/www.eldiario.net\\\/portal\\\/2024\\\/12\\\/25\\\/tribunal-sentencia-a-raptora-de-bebe-alex-a-17-anos-de-prision\\\/#primaryimage\"},\"thumbnailUrl\":\"https:\\\/\\\/www.eldiario.net\\\/portal\\\/wp-content\\\/uploads\\\/2024\\\/12\\\/Raptora-Fiscalia.webp\",\"datePublished\":\"2024-12-25T04:13:07+00:00\",\"breadcrumb\":{\"@id\":\"https:\\\/\\\/www.eldiario.net\\\/portal\\\/2024\\\/12\\\/25\\\/tribunal-sentencia-a-raptora-de-bebe-alex-a-17-anos-de-prision\\\/#breadcrumb\"},\"inLanguage\":\"es\",\"potentialAction\":[{\"@type\":\"ReadAction\",\"target\":[\"https:\\\/\\\/www.eldiario.net\\\/portal\\\/2024\\\/12\\\/25\\\/tribunal-sentencia-a-raptora-de-bebe-alex-a-17-anos-de-prision\\\/\"]}]},{\"@type\":\"ImageObject\",\"inLanguage\":\"es\",\"@id\":\"https:\\\/\\\/www.eldiario.net\\\/portal\\\/2024\\\/12\\\/25\\\/tribunal-sentencia-a-raptora-de-bebe-alex-a-17-anos-de-prision\\\/#primaryimage\",\"url\":\"https:\\\/\\\/www.eldiario.net\\\/portal\\\/wp-content\\\/uploads\\\/2024\\\/12\\\/Raptora-Fiscalia.webp\",\"contentUrl\":\"https:\\\/\\\/www.eldiario.net\\\/portal\\\/wp-content\\\/uploads\\\/2024\\\/12\\\/Raptora-Fiscalia.webp\",\"width\":1024,\"height\":481},{\"@type\":\"BreadcrumbList\",\"@id\":\"https:\\\/\\\/www.eldiario.net\\\/portal\\\/2024\\\/12\\\/25\\\/tribunal-sentencia-a-raptora-de-bebe-alex-a-17-anos-de-prision\\\/#breadcrumb\",\"itemListElement\":[{\"@type\":\"ListItem\",\"position\":1,\"name\":\"Portada\",\"item\":\"https:\\\/\\\/www.eldiario.net\\\/portal\\\/\"},{\"@type\":\"ListItem\",\"position\":2,\"name\":\"Tribunal sentencia a raptora de beb\u00e9 Alex a 17 a\u00f1os de prisi\u00f3n\"}]},{\"@type\":\"WebSite\",\"@id\":\"https:\\\/\\\/www.eldiario.net\\\/portal\\\/#website\",\"url\":\"https:\\\/\\\/www.eldiario.net\\\/portal\\\/\",\"name\":\"El Diario - Decano de la prensa nacional\",\"description\":\"El Diario - Decano de la prensa nacional\",\"publisher\":{\"@id\":\"https:\\\/\\\/www.eldiario.net\\\/portal\\\/#organization\"},\"potentialAction\":[{\"@type\":\"SearchAction\",\"target\":{\"@type\":\"EntryPoint\",\"urlTemplate\":\"https:\\\/\\\/www.eldiario.net\\\/portal\\\/?s={search_term_string}\"},\"query-input\":{\"@type\":\"PropertyValueSpecification\",\"valueRequired\":true,\"valueName\":\"search_term_string\"}}],\"inLanguage\":\"es\"},{\"@type\":\"Organization\",\"@id\":\"https:\\\/\\\/www.eldiario.net\\\/portal\\\/#organization\",\"name\":\"El Diario - Decano de la prensa nacional\",\"url\":\"https:\\\/\\\/www.eldiario.net\\\/portal\\\/\",\"logo\":{\"@type\":\"ImageObject\",\"inLanguage\":\"es\",\"@id\":\"https:\\\/\\\/www.eldiario.net\\\/portal\\\/#\\\/schema\\\/logo\\\/image\\\/\",\"url\":\"https:\\\/\\\/www.eldiario.net\\\/portal\\\/wp-content\\\/uploads\\\/2023\\\/07\\\/logo_ED.jpg\",\"contentUrl\":\"https:\\\/\\\/www.eldiario.net\\\/portal\\\/wp-content\\\/uploads\\\/2023\\\/07\\\/logo_ED.jpg\",\"width\":272,\"height\":52,\"caption\":\"El Diario - Decano de la prensa nacional\"},\"image\":{\"@id\":\"https:\\\/\\\/www.eldiario.net\\\/portal\\\/#\\\/schema\\\/logo\\\/image\\\/\"},\"sameAs\":[\"https:\\\/\\\/www.facebook.com\\\/eldiario.bolivia\\\/\",\"https:\\\/\\\/x.com\\\/eldiario_net\"]},{\"@type\":\"Person\",\"@id\":\"https:\\\/\\\/www.eldiario.net\\\/portal\\\/#\\\/schema\\\/person\\\/f46445640444750d7d753ccd04ae01b7\",\"name\":\"Jeanette\",\"image\":{\"@type\":\"ImageObject\",\"inLanguage\":\"es\",\"@id\":\"https:\\\/\\\/secure.gravatar.com\\\/avatar\\\/3ea2118a5f7dad2b7138b1187a6b7ee55f160b9968b66013c3a3ef39dd7e5798?s=96&d=mm&r=g\",\"url\":\"https:\\\/\\\/secure.gravatar.com\\\/avatar\\\/3ea2118a5f7dad2b7138b1187a6b7ee55f160b9968b66013c3a3ef39dd7e5798?s=96&d=mm&r=g\",\"contentUrl\":\"https:\\\/\\\/secure.gravatar.com\\\/avatar\\\/3ea2118a5f7dad2b7138b1187a6b7ee55f160b9968b66013c3a3ef39dd7e5798?s=96&d=mm&r=g\",\"caption\":\"Jeanette\"},\"sameAs\":[\"https:\\\/\\\/www.eldiario.net\\\/portal\"],\"url\":\"https:\\\/\\\/www.eldiario.net\\\/portal\\\/author\\\/jeanette\\\/\"}]}<\/script>\n<!-- \/ Yoast SEO plugin. -->","yoast_head_json":{"title":"Tribunal sentencia a raptora de beb\u00e9 Alex a 17 a\u00f1os de prisi\u00f3n - El Diario - Bolivia","robots":{"index":"index","follow":"follow","max-snippet":"max-snippet:-1","max-image-preview":"max-image-preview:large","max-video-preview":"max-video-preview:-1"},"canonical":"https:\/\/www.eldiario.net\/portal\/2024\/12\/25\/tribunal-sentencia-a-raptora-de-bebe-alex-a-17-anos-de-prision\/","og_locale":"es_ES","og_type":"article","og_title":"Tribunal sentencia a raptora de beb\u00e9 Alex a 17 a\u00f1os de prisi\u00f3n - El Diario - Bolivia","og_description":"El Tribunal Primero de Sentencia Anticorrupci\u00f3n y Violencia contra la Mujer sentenci\u00f3 ayer a Nieves M. C. G., de 35 a\u00f1os de edad, a 17 a\u00f1os de c\u00e1rcel por el rapto del beb\u00e9 \u00c1lex, hecho que ocurri\u00f3 el 16 de agosto de 2022. Las investigaciones revelaron que estos implicados intentaron destruir la evidencia, vendieron objetos [&hellip;]","og_url":"https:\/\/www.eldiario.net\/portal\/2024\/12\/25\/tribunal-sentencia-a-raptora-de-bebe-alex-a-17-anos-de-prision\/","og_site_name":"El Diario - Bolivia","article_publisher":"https:\/\/www.facebook.com\/eldiario.bolivia\/","article_published_time":"2024-12-25T04:13:07+00:00","og_image":[{"width":1024,"height":481,"url":"https:\/\/www.eldiario.net\/portal\/wp-content\/uploads\/2024\/12\/Raptora-Fiscalia.webp","type":"image\/webp"}],"author":"Jeanette","twitter_card":"summary_large_image","twitter_creator":"@eldiario_net","twitter_site":"@eldiario_net","twitter_misc":{"Escrito por":"Jeanette","Tiempo de lectura":"2 minutos"},"schema":{"@context":"https:\/\/schema.org","@graph":[{"@type":"Article","@id":"https:\/\/www.eldiario.net\/portal\/2024\/12\/25\/tribunal-sentencia-a-raptora-de-bebe-alex-a-17-anos-de-prision\/#article","isPartOf":{"@id":"https:\/\/www.eldiario.net\/portal\/2024\/12\/25\/tribunal-sentencia-a-raptora-de-bebe-alex-a-17-anos-de-prision\/"},"author":{"name":"Jeanette","@id":"https:\/\/www.eldiario.net\/portal\/#\/schema\/person\/f46445640444750d7d753ccd04ae01b7"},"headline":"Tribunal sentencia a raptora de beb\u00e9 Alex a 17 a\u00f1os de prisi\u00f3n","datePublished":"2024-12-25T04:13:07+00:00","mainEntityOfPage":{"@id":"https:\/\/www.eldiario.net\/portal\/2024\/12\/25\/tribunal-sentencia-a-raptora-de-bebe-alex-a-17-anos-de-prision\/"},"wordCount":209,"publisher":{"@id":"https:\/\/www.eldiario.net\/portal\/#organization"},"image":{"@id":"https:\/\/www.eldiario.net\/portal\/2024\/12\/25\/tribunal-sentencia-a-raptora-de-bebe-alex-a-17-anos-de-prision\/#primaryimage"},"thumbnailUrl":"https:\/\/www.eldiario.net\/portal\/wp-content\/uploads\/2024\/12\/Raptora-Fiscalia.webp","articleSection":["Portada"],"inLanguage":"es"},{"@type":"WebPage","@id":"https:\/\/www.eldiario.net\/portal\/2024\/12\/25\/tribunal-sentencia-a-raptora-de-bebe-alex-a-17-anos-de-prision\/","url":"https:\/\/www.eldiario.net\/portal\/2024\/12\/25\/tribunal-sentencia-a-raptora-de-bebe-alex-a-17-anos-de-prision\/","name":"Tribunal sentencia a raptora de beb\u00e9 Alex a 17 a\u00f1os de prisi\u00f3n - El Diario - Bolivia","isPartOf":{"@id":"https:\/\/www.eldiario.net\/portal\/#website"},"primaryImageOfPage":{"@id":"https:\/\/www.eldiario.net\/portal\/2024\/12\/25\/tribunal-sentencia-a-raptora-de-bebe-alex-a-17-anos-de-prision\/#primaryimage"},"image":{"@id":"https:\/\/www.eldiario.net\/portal\/2024\/12\/25\/tribunal-sentencia-a-raptora-de-bebe-alex-a-17-anos-de-prision\/#primaryimage"},"thumbnailUrl":"https:\/\/www.eldiario.net\/portal\/wp-content\/uploads\/2024\/12\/Raptora-Fiscalia.webp","datePublished":"2024-12-25T04:13:07+00:00","breadcrumb":{"@id":"https:\/\/www.eldiario.net\/portal\/2024\/12\/25\/tribunal-sentencia-a-raptora-de-bebe-alex-a-17-anos-de-prision\/#breadcrumb"},"inLanguage":"es","potentialAction":[{"@type":"ReadAction","target":["https:\/\/www.eldiario.net\/portal\/2024\/12\/25\/tribunal-sentencia-a-raptora-de-bebe-alex-a-17-anos-de-prision\/"]}]},{"@type":"ImageObject","inLanguage":"es","@id":"https:\/\/www.eldiario.net\/portal\/2024\/12\/25\/tribunal-sentencia-a-raptora-de-bebe-alex-a-17-anos-de-prision\/#primaryimage","url":"https:\/\/www.eldiario.net\/portal\/wp-content\/uploads\/2024\/12\/Raptora-Fiscalia.webp","contentUrl":"https:\/\/www.eldiario.net\/portal\/wp-content\/uploads\/2024\/12\/Raptora-Fiscalia.webp","width":1024,"height":481},{"@type":"BreadcrumbList","@id":"https:\/\/www.eldiario.net\/portal\/2024\/12\/25\/tribunal-sentencia-a-raptora-de-bebe-alex-a-17-anos-de-prision\/#breadcrumb","itemListElement":[{"@type":"ListItem","position":1,"name":"Portada","item":"https:\/\/www.eldiario.net\/portal\/"},{"@type":"ListItem","position":2,"name":"Tribunal sentencia a raptora de beb\u00e9 Alex a 17 a\u00f1os de prisi\u00f3n"}]},{"@type":"WebSite","@id":"https:\/\/www.eldiario.net\/portal\/#website","url":"https:\/\/www.eldiario.net\/portal\/","name":"El Diario - Decano de la prensa nacional","description":"El Diario - Decano de la prensa nacional","publisher":{"@id":"https:\/\/www.eldiario.net\/portal\/#organization"},"potentialAction":[{"@type":"SearchAction","target":{"@type":"EntryPoint","urlTemplate":"https:\/\/www.eldiario.net\/portal\/?s={search_term_string}"},"query-input":{"@type":"PropertyValueSpecification","valueRequired":true,"valueName":"search_term_string"}}],"inLanguage":"es"},{"@type":"Organization","@id":"https:\/\/www.eldiario.net\/portal\/#organization","name":"El Diario - Decano de la prensa nacional","url":"https:\/\/www.eldiario.net\/portal\/","logo":{"@type":"ImageObject","inLanguage":"es","@id":"https:\/\/www.eldiario.net\/portal\/#\/schema\/logo\/image\/","url":"https:\/\/www.eldiario.net\/portal\/wp-content\/uploads\/2023\/07\/logo_ED.jpg","contentUrl":"https:\/\/www.eldiario.net\/portal\/wp-content\/uploads\/2023\/07\/logo_ED.jpg","width":272,"height":52,"caption":"El Diario - Decano de la prensa nacional"},"image":{"@id":"https:\/\/www.eldiario.net\/portal\/#\/schema\/logo\/image\/"},"sameAs":["https:\/\/www.facebook.com\/eldiario.bolivia\/","https:\/\/x.com\/eldiario_net"]},{"@type":"Person","@id":"https:\/\/www.eldiario.net\/portal\/#\/schema\/person\/f46445640444750d7d753ccd04ae01b7","name":"Jeanette","image":{"@type":"ImageObject","inLanguage":"es","@id":"https:\/\/secure.gravatar.com\/avatar\/3ea2118a5f7dad2b7138b1187a6b7ee55f160b9968b66013c3a3ef39dd7e5798?s=96&d=mm&r=g","url":"https:\/\/secure.gravatar.com\/avatar\/3ea2118a5f7dad2b7138b1187a6b7ee55f160b9968b66013c3a3ef39dd7e5798?s=96&d=mm&r=g","contentUrl":"https:\/\/secure.gravatar.com\/avatar\/3ea2118a5f7dad2b7138b1187a6b7ee55f160b9968b66013c3a3ef39dd7e5798?s=96&d=mm&r=g","caption":"Jeanette"},"sameAs":["https:\/\/www.eldiario.net\/portal"],"url":"https:\/\/www.eldiario.net\/portal\/author\/jeanette\/"}]}},"_links":{"self":[{"href":"https:\/\/www.eldiario.net\/portal\/wp-json\/wp\/v2\/posts\/270201","targetHints":{"allow":["GET"]}}],"collection":[{"href":"https:\/\/www.eldiario.net\/portal\/wp-json\/wp\/v2\/posts"}],"about":[{"href":"https:\/\/www.eldiario.net\/portal\/wp-json\/wp\/v2\/types\/post"}],"author":[{"embeddable":true,"href":"https:\/\/www.eldiario.net\/portal\/wp-json\/wp\/v2\/users\/1"}],"replies":[{"embeddable":true,"href":"https:\/\/www.eldiario.net\/portal\/wp-json\/wp\/v2\/comments?post=270201"}],"version-history":[{"count":1,"href":"https:\/\/www.eldiario.net\/portal\/wp-json\/wp\/v2\/posts\/270201\/revisions"}],"predecessor-version":[{"id":270203,"href":"https:\/\/www.eldiario.net\/portal\/wp-json\/wp\/v2\/posts\/270201\/revisions\/270203"}],"wp:featuredmedia":[{"embeddable":true,"href":"https:\/\/www.eldiario.net\/portal\/wp-json\/wp\/v2\/media\/270202"}],"wp:attachment":[{"href":"https:\/\/www.eldiario.net\/portal\/wp-json\/wp\/v2\/media?parent=270201"}],"wp:term":[{"taxonomy":"category","embeddable":true,"href":"https:\/\/www.eldiario.net\/portal\/wp-json\/wp\/v2\/categories?post=270201"},{"taxonomy":"post_tag","embeddable":true,"href":"https:\/\/www.eldiario.net\/portal\/wp-json\/wp\/v2\/tags?post=270201"}],"curies":[{"name":"wp","href":"https:\/\/api.w.org\/{rel}","templated":true}]}}