{"id":269959,"date":"2024-12-23T16:29:02","date_gmt":"2024-12-23T20:29:02","guid":{"rendered":"https:\/\/www.eldiario.net\/portal\/?p=269959"},"modified":"2024-12-23T16:31:50","modified_gmt":"2024-12-23T20:31:50","slug":"decomisan-5-toneladas-de-carne-de-cerdo-en-la-paz-1628","status":"publish","type":"post","link":"https:\/\/www.eldiario.net\/portal\/2024\/12\/23\/decomisan-5-toneladas-de-carne-de-cerdo-en-la-paz-1628\/","title":{"rendered":"Decomisan 5 toneladas de carne de cerdo en La Paz. (16:28)"},"content":{"rendered":"<p>En un operativo en Taraco, Tiwanaku, fuerzas del Comando Estrat\u00e9gico de Lucha Contra el Contrabando (CEO-LCC) y el Grupo de Reacci\u00f3n Inmediata decomisaron 5.000 kilos de carne de cerdo valorados en Bs 150.000. Dos veh\u00edculos fueron interceptados mientras intentaban transportar el cargamento ilegal.<\/p>\n<p>El viceministro de Lucha Contra el Contrabando, Luis Vel\u00e1squez, destac\u00f3 el refuerzo de efectivos y operativos en zonas cr\u00edticas como Desaguadero y Bermejo para garantizar la seguridad alimentaria en Bolivia, siguiendo la directriz de aplicar mano dura al contrabando se han desplegado comandos estrat\u00e9gicos en todo el pa\u00eds para lograr resultados m\u00e1s efectivos<\/p>\n","protected":false},"excerpt":{"rendered":"<p>En un operativo en Taraco, Tiwanaku, fuerzas del Comando Estrat\u00e9gico de Lucha Contra el Contrabando (CEO-LCC) y el Grupo de Reacci\u00f3n Inmediata decomisaron 5.000 kilos de carne de cerdo valorados en Bs 150.000. Dos veh\u00edculos fueron interceptados mientras intentaban transportar el cargamento ilegal. El viceministro de Lucha Contra el Contrabando, Luis Vel\u00e1squez, destac\u00f3 el refuerzo [&hellip;]<\/p>\n","protected":false},"author":7,"featured_media":269960,"comment_status":"closed","ping_status":"open","sticky":false,"template":"","format":"standard","meta":{"_acf_changed":false,"footnotes":""},"categories":[51],"tags":[],"class_list":["post-269959","post","type-post","status-publish","format-standard","has-post-thumbnail","category-ultima-hora"],"acf":{"antetitulo":""},"yoast_head":"<!-- This site is optimized with the Yoast SEO plugin v28.4 - https:\/\/yoast.com\/product\/yoast-seo-wordpress\/ -->\n<title>Decomisan 5 toneladas de carne de cerdo en La Paz. (16:28) - El Diario - Bolivia<\/title>\n<meta name=\"robots\" content=\"index, follow, max-snippet:-1, max-image-preview:large, max-video-preview:-1\" \/>\n<link rel=\"canonical\" href=\"https:\/\/www.eldiario.net\/portal\/2024\/12\/23\/decomisan-5-toneladas-de-carne-de-cerdo-en-la-paz-1628\/\" \/>\n<meta property=\"og:locale\" content=\"es_ES\" \/>\n<meta property=\"og:type\" content=\"article\" \/>\n<meta property=\"og:title\" content=\"Decomisan 5 toneladas de carne de cerdo en La Paz. (16:28) - El Diario - Bolivia\" \/>\n<meta property=\"og:description\" content=\"En un operativo en Taraco, Tiwanaku, fuerzas del Comando Estrat\u00e9gico de Lucha Contra el Contrabando (CEO-LCC) y el Grupo de Reacci\u00f3n Inmediata decomisaron 5.000 kilos de carne de cerdo valorados en Bs 150.000. Dos veh\u00edculos fueron interceptados mientras intentaban transportar el cargamento ilegal. El viceministro de Lucha Contra el Contrabando, Luis Vel\u00e1squez, destac\u00f3 el refuerzo [&hellip;]\" \/>\n<meta property=\"og:url\" content=\"https:\/\/www.eldiario.net\/portal\/2024\/12\/23\/decomisan-5-toneladas-de-carne-de-cerdo-en-la-paz-1628\/\" \/>\n<meta property=\"og:site_name\" content=\"El Diario - Bolivia\" \/>\n<meta property=\"article:publisher\" content=\"https:\/\/www.facebook.com\/eldiario.bolivia\/\" \/>\n<meta property=\"article:published_time\" content=\"2024-12-23T20:29:02+00:00\" \/>\n<meta property=\"article:modified_time\" content=\"2024-12-23T20:31:50+00:00\" \/>\n<meta property=\"og:image\" content=\"https:\/\/www.eldiario.net\/portal\/wp-content\/uploads\/2024\/12\/VICEMINISTRO-LUIS-AMILCAR-VELASQUEZ-BURGOA-VLCC.jpg\" \/>\n\t<meta property=\"og:image:width\" content=\"330\" \/>\n\t<meta property=\"og:image:height\" content=\"440\" \/>\n\t<meta property=\"og:image:type\" content=\"image\/jpeg\" \/>\n<meta name=\"author\" content=\"Viviana Monrroy\" \/>\n<meta name=\"twitter:card\" content=\"summary_large_image\" \/>\n<meta name=\"twitter:creator\" content=\"@eldiario_net\" \/>\n<meta name=\"twitter:site\" content=\"@eldiario_net\" \/>\n<meta name=\"twitter:label1\" content=\"Escrito por\" \/>\n\t<meta name=\"twitter:data1\" content=\"Viviana Monrroy\" \/>\n\t<meta name=\"twitter:label2\" content=\"Tiempo de lectura\" \/>\n\t<meta name=\"twitter:data2\" content=\"1 minuto\" \/>\n<script type=\"application\/ld+json\" class=\"yoast-schema-graph\">{\"@context\":\"https:\\\/\\\/schema.org\",\"@graph\":[{\"@type\":\"Article\",\"@id\":\"https:\\\/\\\/www.eldiario.net\\\/portal\\\/2024\\\/12\\\/23\\\/decomisan-5-toneladas-de-carne-de-cerdo-en-la-paz-1628\\\/#article\",\"isPartOf\":{\"@id\":\"https:\\\/\\\/www.eldiario.net\\\/portal\\\/2024\\\/12\\\/23\\\/decomisan-5-toneladas-de-carne-de-cerdo-en-la-paz-1628\\\/\"},\"author\":{\"name\":\"Viviana Monrroy\",\"@id\":\"https:\\\/\\\/www.eldiario.net\\\/portal\\\/#\\\/schema\\\/person\\\/ba370d92d160f4d3574381f6d9b78fab\"},\"headline\":\"Decomisan 5 toneladas de carne de cerdo en La Paz. (16:28)\",\"datePublished\":\"2024-12-23T20:29:02+00:00\",\"dateModified\":\"2024-12-23T20:31:50+00:00\",\"mainEntityOfPage\":{\"@id\":\"https:\\\/\\\/www.eldiario.net\\\/portal\\\/2024\\\/12\\\/23\\\/decomisan-5-toneladas-de-carne-de-cerdo-en-la-paz-1628\\\/\"},\"wordCount\":111,\"publisher\":{\"@id\":\"https:\\\/\\\/www.eldiario.net\\\/portal\\\/#organization\"},\"image\":{\"@id\":\"https:\\\/\\\/www.eldiario.net\\\/portal\\\/2024\\\/12\\\/23\\\/decomisan-5-toneladas-de-carne-de-cerdo-en-la-paz-1628\\\/#primaryimage\"},\"thumbnailUrl\":\"https:\\\/\\\/www.eldiario.net\\\/portal\\\/wp-content\\\/uploads\\\/2024\\\/12\\\/VICEMINISTRO-LUIS-AMILCAR-VELASQUEZ-BURGOA-VLCC.jpg\",\"articleSection\":[\"\u00daltima Hora\"],\"inLanguage\":\"es\"},{\"@type\":\"WebPage\",\"@id\":\"https:\\\/\\\/www.eldiario.net\\\/portal\\\/2024\\\/12\\\/23\\\/decomisan-5-toneladas-de-carne-de-cerdo-en-la-paz-1628\\\/\",\"url\":\"https:\\\/\\\/www.eldiario.net\\\/portal\\\/2024\\\/12\\\/23\\\/decomisan-5-toneladas-de-carne-de-cerdo-en-la-paz-1628\\\/\",\"name\":\"Decomisan 5 toneladas de carne de cerdo en La Paz. (16:28) - El Diario - Bolivia\",\"isPartOf\":{\"@id\":\"https:\\\/\\\/www.eldiario.net\\\/portal\\\/#website\"},\"primaryImageOfPage\":{\"@id\":\"https:\\\/\\\/www.eldiario.net\\\/portal\\\/2024\\\/12\\\/23\\\/decomisan-5-toneladas-de-carne-de-cerdo-en-la-paz-1628\\\/#primaryimage\"},\"image\":{\"@id\":\"https:\\\/\\\/www.eldiario.net\\\/portal\\\/2024\\\/12\\\/23\\\/decomisan-5-toneladas-de-carne-de-cerdo-en-la-paz-1628\\\/#primaryimage\"},\"thumbnailUrl\":\"https:\\\/\\\/www.eldiario.net\\\/portal\\\/wp-content\\\/uploads\\\/2024\\\/12\\\/VICEMINISTRO-LUIS-AMILCAR-VELASQUEZ-BURGOA-VLCC.jpg\",\"datePublished\":\"2024-12-23T20:29:02+00:00\",\"dateModified\":\"2024-12-23T20:31:50+00:00\",\"breadcrumb\":{\"@id\":\"https:\\\/\\\/www.eldiario.net\\\/portal\\\/2024\\\/12\\\/23\\\/decomisan-5-toneladas-de-carne-de-cerdo-en-la-paz-1628\\\/#breadcrumb\"},\"inLanguage\":\"es\",\"potentialAction\":[{\"@type\":\"ReadAction\",\"target\":[\"https:\\\/\\\/www.eldiario.net\\\/portal\\\/2024\\\/12\\\/23\\\/decomisan-5-toneladas-de-carne-de-cerdo-en-la-paz-1628\\\/\"]}]},{\"@type\":\"ImageObject\",\"inLanguage\":\"es\",\"@id\":\"https:\\\/\\\/www.eldiario.net\\\/portal\\\/2024\\\/12\\\/23\\\/decomisan-5-toneladas-de-carne-de-cerdo-en-la-paz-1628\\\/#primaryimage\",\"url\":\"https:\\\/\\\/www.eldiario.net\\\/portal\\\/wp-content\\\/uploads\\\/2024\\\/12\\\/VICEMINISTRO-LUIS-AMILCAR-VELASQUEZ-BURGOA-VLCC.jpg\",\"contentUrl\":\"https:\\\/\\\/www.eldiario.net\\\/portal\\\/wp-content\\\/uploads\\\/2024\\\/12\\\/VICEMINISTRO-LUIS-AMILCAR-VELASQUEZ-BURGOA-VLCC.jpg\",\"width\":330,\"height\":440,\"caption\":\"Foto: RR.SS.\"},{\"@type\":\"BreadcrumbList\",\"@id\":\"https:\\\/\\\/www.eldiario.net\\\/portal\\\/2024\\\/12\\\/23\\\/decomisan-5-toneladas-de-carne-de-cerdo-en-la-paz-1628\\\/#breadcrumb\",\"itemListElement\":[{\"@type\":\"ListItem\",\"position\":1,\"name\":\"Portada\",\"item\":\"https:\\\/\\\/www.eldiario.net\\\/portal\\\/\"},{\"@type\":\"ListItem\",\"position\":2,\"name\":\"Decomisan 5 toneladas de carne de cerdo en La Paz. (16:28)\"}]},{\"@type\":\"WebSite\",\"@id\":\"https:\\\/\\\/www.eldiario.net\\\/portal\\\/#website\",\"url\":\"https:\\\/\\\/www.eldiario.net\\\/portal\\\/\",\"name\":\"El Diario - Decano de la prensa nacional\",\"description\":\"El Diario - Decano de la prensa nacional\",\"publisher\":{\"@id\":\"https:\\\/\\\/www.eldiario.net\\\/portal\\\/#organization\"},\"potentialAction\":[{\"@type\":\"SearchAction\",\"target\":{\"@type\":\"EntryPoint\",\"urlTemplate\":\"https:\\\/\\\/www.eldiario.net\\\/portal\\\/?s={search_term_string}\"},\"query-input\":{\"@type\":\"PropertyValueSpecification\",\"valueRequired\":true,\"valueName\":\"search_term_string\"}}],\"inLanguage\":\"es\"},{\"@type\":\"Organization\",\"@id\":\"https:\\\/\\\/www.eldiario.net\\\/portal\\\/#organization\",\"name\":\"El Diario - Decano de la prensa nacional\",\"url\":\"https:\\\/\\\/www.eldiario.net\\\/portal\\\/\",\"logo\":{\"@type\":\"ImageObject\",\"inLanguage\":\"es\",\"@id\":\"https:\\\/\\\/www.eldiario.net\\\/portal\\\/#\\\/schema\\\/logo\\\/image\\\/\",\"url\":\"https:\\\/\\\/www.eldiario.net\\\/portal\\\/wp-content\\\/uploads\\\/2023\\\/07\\\/logo_ED.jpg\",\"contentUrl\":\"https:\\\/\\\/www.eldiario.net\\\/portal\\\/wp-content\\\/uploads\\\/2023\\\/07\\\/logo_ED.jpg\",\"width\":272,\"height\":52,\"caption\":\"El Diario - Decano de la prensa nacional\"},\"image\":{\"@id\":\"https:\\\/\\\/www.eldiario.net\\\/portal\\\/#\\\/schema\\\/logo\\\/image\\\/\"},\"sameAs\":[\"https:\\\/\\\/www.facebook.com\\\/eldiario.bolivia\\\/\",\"https:\\\/\\\/x.com\\\/eldiario_net\"]},{\"@type\":\"Person\",\"@id\":\"https:\\\/\\\/www.eldiario.net\\\/portal\\\/#\\\/schema\\\/person\\\/ba370d92d160f4d3574381f6d9b78fab\",\"name\":\"Viviana Monrroy\",\"image\":{\"@type\":\"ImageObject\",\"inLanguage\":\"es\",\"@id\":\"https:\\\/\\\/secure.gravatar.com\\\/avatar\\\/dfd1611ed5600959a0e5a9754503b6c05d1dcf190010998e0363aee2ad98afca?s=96&d=mm&r=g\",\"url\":\"https:\\\/\\\/secure.gravatar.com\\\/avatar\\\/dfd1611ed5600959a0e5a9754503b6c05d1dcf190010998e0363aee2ad98afca?s=96&d=mm&r=g\",\"contentUrl\":\"https:\\\/\\\/secure.gravatar.com\\\/avatar\\\/dfd1611ed5600959a0e5a9754503b6c05d1dcf190010998e0363aee2ad98afca?s=96&d=mm&r=g\",\"caption\":\"Viviana Monrroy\"},\"sameAs\":[\"http:\\\/\\\/www.eldiario.net\"],\"url\":\"https:\\\/\\\/www.eldiario.net\\\/portal\\\/author\\\/vivianamonrroy\\\/\"}]}<\/script>\n<!-- \/ Yoast SEO plugin. -->","yoast_head_json":{"title":"Decomisan 5 toneladas de carne de cerdo en La Paz. (16:28) - El Diario - Bolivia","robots":{"index":"index","follow":"follow","max-snippet":"max-snippet:-1","max-image-preview":"max-image-preview:large","max-video-preview":"max-video-preview:-1"},"canonical":"https:\/\/www.eldiario.net\/portal\/2024\/12\/23\/decomisan-5-toneladas-de-carne-de-cerdo-en-la-paz-1628\/","og_locale":"es_ES","og_type":"article","og_title":"Decomisan 5 toneladas de carne de cerdo en La Paz. (16:28) - El Diario - Bolivia","og_description":"En un operativo en Taraco, Tiwanaku, fuerzas del Comando Estrat\u00e9gico de Lucha Contra el Contrabando (CEO-LCC) y el Grupo de Reacci\u00f3n Inmediata decomisaron 5.000 kilos de carne de cerdo valorados en Bs 150.000. Dos veh\u00edculos fueron interceptados mientras intentaban transportar el cargamento ilegal. El viceministro de Lucha Contra el Contrabando, Luis Vel\u00e1squez, destac\u00f3 el refuerzo [&hellip;]","og_url":"https:\/\/www.eldiario.net\/portal\/2024\/12\/23\/decomisan-5-toneladas-de-carne-de-cerdo-en-la-paz-1628\/","og_site_name":"El Diario - Bolivia","article_publisher":"https:\/\/www.facebook.com\/eldiario.bolivia\/","article_published_time":"2024-12-23T20:29:02+00:00","article_modified_time":"2024-12-23T20:31:50+00:00","og_image":[{"width":330,"height":440,"url":"https:\/\/www.eldiario.net\/portal\/wp-content\/uploads\/2024\/12\/VICEMINISTRO-LUIS-AMILCAR-VELASQUEZ-BURGOA-VLCC.jpg","type":"image\/jpeg"}],"author":"Viviana Monrroy","twitter_card":"summary_large_image","twitter_creator":"@eldiario_net","twitter_site":"@eldiario_net","twitter_misc":{"Escrito por":"Viviana Monrroy","Tiempo de lectura":"1 minuto"},"schema":{"@context":"https:\/\/schema.org","@graph":[{"@type":"Article","@id":"https:\/\/www.eldiario.net\/portal\/2024\/12\/23\/decomisan-5-toneladas-de-carne-de-cerdo-en-la-paz-1628\/#article","isPartOf":{"@id":"https:\/\/www.eldiario.net\/portal\/2024\/12\/23\/decomisan-5-toneladas-de-carne-de-cerdo-en-la-paz-1628\/"},"author":{"name":"Viviana Monrroy","@id":"https:\/\/www.eldiario.net\/portal\/#\/schema\/person\/ba370d92d160f4d3574381f6d9b78fab"},"headline":"Decomisan 5 toneladas de carne de cerdo en La Paz. (16:28)","datePublished":"2024-12-23T20:29:02+00:00","dateModified":"2024-12-23T20:31:50+00:00","mainEntityOfPage":{"@id":"https:\/\/www.eldiario.net\/portal\/2024\/12\/23\/decomisan-5-toneladas-de-carne-de-cerdo-en-la-paz-1628\/"},"wordCount":111,"publisher":{"@id":"https:\/\/www.eldiario.net\/portal\/#organization"},"image":{"@id":"https:\/\/www.eldiario.net\/portal\/2024\/12\/23\/decomisan-5-toneladas-de-carne-de-cerdo-en-la-paz-1628\/#primaryimage"},"thumbnailUrl":"https:\/\/www.eldiario.net\/portal\/wp-content\/uploads\/2024\/12\/VICEMINISTRO-LUIS-AMILCAR-VELASQUEZ-BURGOA-VLCC.jpg","articleSection":["\u00daltima Hora"],"inLanguage":"es"},{"@type":"WebPage","@id":"https:\/\/www.eldiario.net\/portal\/2024\/12\/23\/decomisan-5-toneladas-de-carne-de-cerdo-en-la-paz-1628\/","url":"https:\/\/www.eldiario.net\/portal\/2024\/12\/23\/decomisan-5-toneladas-de-carne-de-cerdo-en-la-paz-1628\/","name":"Decomisan 5 toneladas de carne de cerdo en La Paz. (16:28) - El Diario - Bolivia","isPartOf":{"@id":"https:\/\/www.eldiario.net\/portal\/#website"},"primaryImageOfPage":{"@id":"https:\/\/www.eldiario.net\/portal\/2024\/12\/23\/decomisan-5-toneladas-de-carne-de-cerdo-en-la-paz-1628\/#primaryimage"},"image":{"@id":"https:\/\/www.eldiario.net\/portal\/2024\/12\/23\/decomisan-5-toneladas-de-carne-de-cerdo-en-la-paz-1628\/#primaryimage"},"thumbnailUrl":"https:\/\/www.eldiario.net\/portal\/wp-content\/uploads\/2024\/12\/VICEMINISTRO-LUIS-AMILCAR-VELASQUEZ-BURGOA-VLCC.jpg","datePublished":"2024-12-23T20:29:02+00:00","dateModified":"2024-12-23T20:31:50+00:00","breadcrumb":{"@id":"https:\/\/www.eldiario.net\/portal\/2024\/12\/23\/decomisan-5-toneladas-de-carne-de-cerdo-en-la-paz-1628\/#breadcrumb"},"inLanguage":"es","potentialAction":[{"@type":"ReadAction","target":["https:\/\/www.eldiario.net\/portal\/2024\/12\/23\/decomisan-5-toneladas-de-carne-de-cerdo-en-la-paz-1628\/"]}]},{"@type":"ImageObject","inLanguage":"es","@id":"https:\/\/www.eldiario.net\/portal\/2024\/12\/23\/decomisan-5-toneladas-de-carne-de-cerdo-en-la-paz-1628\/#primaryimage","url":"https:\/\/www.eldiario.net\/portal\/wp-content\/uploads\/2024\/12\/VICEMINISTRO-LUIS-AMILCAR-VELASQUEZ-BURGOA-VLCC.jpg","contentUrl":"https:\/\/www.eldiario.net\/portal\/wp-content\/uploads\/2024\/12\/VICEMINISTRO-LUIS-AMILCAR-VELASQUEZ-BURGOA-VLCC.jpg","width":330,"height":440,"caption":"Foto: RR.SS."},{"@type":"BreadcrumbList","@id":"https:\/\/www.eldiario.net\/portal\/2024\/12\/23\/decomisan-5-toneladas-de-carne-de-cerdo-en-la-paz-1628\/#breadcrumb","itemListElement":[{"@type":"ListItem","position":1,"name":"Portada","item":"https:\/\/www.eldiario.net\/portal\/"},{"@type":"ListItem","position":2,"name":"Decomisan 5 toneladas de carne de cerdo en La Paz. (16:28)"}]},{"@type":"WebSite","@id":"https:\/\/www.eldiario.net\/portal\/#website","url":"https:\/\/www.eldiario.net\/portal\/","name":"El Diario - Decano de la prensa nacional","description":"El Diario - Decano de la prensa nacional","publisher":{"@id":"https:\/\/www.eldiario.net\/portal\/#organization"},"potentialAction":[{"@type":"SearchAction","target":{"@type":"EntryPoint","urlTemplate":"https:\/\/www.eldiario.net\/portal\/?s={search_term_string}"},"query-input":{"@type":"PropertyValueSpecification","valueRequired":true,"valueName":"search_term_string"}}],"inLanguage":"es"},{"@type":"Organization","@id":"https:\/\/www.eldiario.net\/portal\/#organization","name":"El Diario - Decano de la prensa nacional","url":"https:\/\/www.eldiario.net\/portal\/","logo":{"@type":"ImageObject","inLanguage":"es","@id":"https:\/\/www.eldiario.net\/portal\/#\/schema\/logo\/image\/","url":"https:\/\/www.eldiario.net\/portal\/wp-content\/uploads\/2023\/07\/logo_ED.jpg","contentUrl":"https:\/\/www.eldiario.net\/portal\/wp-content\/uploads\/2023\/07\/logo_ED.jpg","width":272,"height":52,"caption":"El Diario - Decano de la prensa nacional"},"image":{"@id":"https:\/\/www.eldiario.net\/portal\/#\/schema\/logo\/image\/"},"sameAs":["https:\/\/www.facebook.com\/eldiario.bolivia\/","https:\/\/x.com\/eldiario_net"]},{"@type":"Person","@id":"https:\/\/www.eldiario.net\/portal\/#\/schema\/person\/ba370d92d160f4d3574381f6d9b78fab","name":"Viviana Monrroy","image":{"@type":"ImageObject","inLanguage":"es","@id":"https:\/\/secure.gravatar.com\/avatar\/dfd1611ed5600959a0e5a9754503b6c05d1dcf190010998e0363aee2ad98afca?s=96&d=mm&r=g","url":"https:\/\/secure.gravatar.com\/avatar\/dfd1611ed5600959a0e5a9754503b6c05d1dcf190010998e0363aee2ad98afca?s=96&d=mm&r=g","contentUrl":"https:\/\/secure.gravatar.com\/avatar\/dfd1611ed5600959a0e5a9754503b6c05d1dcf190010998e0363aee2ad98afca?s=96&d=mm&r=g","caption":"Viviana Monrroy"},"sameAs":["http:\/\/www.eldiario.net"],"url":"https:\/\/www.eldiario.net\/portal\/author\/vivianamonrroy\/"}]}},"_links":{"self":[{"href":"https:\/\/www.eldiario.net\/portal\/wp-json\/wp\/v2\/posts\/269959","targetHints":{"allow":["GET"]}}],"collection":[{"href":"https:\/\/www.eldiario.net\/portal\/wp-json\/wp\/v2\/posts"}],"about":[{"href":"https:\/\/www.eldiario.net\/portal\/wp-json\/wp\/v2\/types\/post"}],"author":[{"embeddable":true,"href":"https:\/\/www.eldiario.net\/portal\/wp-json\/wp\/v2\/users\/7"}],"replies":[{"embeddable":true,"href":"https:\/\/www.eldiario.net\/portal\/wp-json\/wp\/v2\/comments?post=269959"}],"version-history":[{"count":2,"href":"https:\/\/www.eldiario.net\/portal\/wp-json\/wp\/v2\/posts\/269959\/revisions"}],"predecessor-version":[{"id":269962,"href":"https:\/\/www.eldiario.net\/portal\/wp-json\/wp\/v2\/posts\/269959\/revisions\/269962"}],"wp:featuredmedia":[{"embeddable":true,"href":"https:\/\/www.eldiario.net\/portal\/wp-json\/wp\/v2\/media\/269960"}],"wp:attachment":[{"href":"https:\/\/www.eldiario.net\/portal\/wp-json\/wp\/v2\/media?parent=269959"}],"wp:term":[{"taxonomy":"category","embeddable":true,"href":"https:\/\/www.eldiario.net\/portal\/wp-json\/wp\/v2\/categories?post=269959"},{"taxonomy":"post_tag","embeddable":true,"href":"https:\/\/www.eldiario.net\/portal\/wp-json\/wp\/v2\/tags?post=269959"}],"curies":[{"name":"wp","href":"https:\/\/api.w.org\/{rel}","templated":true}]}}