{"id":269943,"date":"2024-12-23T09:36:33","date_gmt":"2024-12-23T13:36:33","guid":{"rendered":"https:\/\/www.eldiario.net\/portal\/?p=269943"},"modified":"2024-12-23T09:36:33","modified_gmt":"2024-12-23T13:36:33","slug":"lluvias-dejan-14-muertos-y-mas-de-16-000-familias-afectadas-935","status":"publish","type":"post","link":"https:\/\/www.eldiario.net\/portal\/2024\/12\/23\/lluvias-dejan-14-muertos-y-mas-de-16-000-familias-afectadas-935\/","title":{"rendered":"Lluvias dejan 14 muertos y m\u00e1s de 16.000 familias afectadas. (9:35)"},"content":{"rendered":"<p>Las intensas lluvias que azotan al pa\u00eds han cobrado la vida de 14 personas y dejado a 16.113 familias afectadas en siete departamentos, inform\u00f3 el viceministro de Defensa Civil, Juan Carlos Calvimontes.<\/p>\n<p>Adem\u00e1s, tres municipios pace\u00f1os: Apolo, La Asunta y Luribay, se declararon en desastre, mientras que otros 31 municipios y 175 comunidades enfrentan serios da\u00f1os. Una persona permanece desaparecida en el municipio de Chimor\u00e9, Cochabamba, donde la crecida de r\u00edos dificulta las labores de b\u00fasqueda.<\/p>\n<p>Las autoridades emitieron alertas naranjas por el posible desborde de r\u00edos en todo el pa\u00eds y tormentas el\u00e9ctricas en cuatro departamentos.<\/p>\n","protected":false},"excerpt":{"rendered":"<p>Las intensas lluvias que azotan al pa\u00eds han cobrado la vida de 14 personas y dejado a 16.113 familias afectadas en siete departamentos, inform\u00f3 el viceministro de Defensa Civil, Juan Carlos Calvimontes. Adem\u00e1s, tres municipios pace\u00f1os: Apolo, La Asunta y Luribay, se declararon en desastre, mientras que otros 31 municipios y 175 comunidades enfrentan serios [&hellip;]<\/p>\n","protected":false},"author":7,"featured_media":269944,"comment_status":"closed","ping_status":"open","sticky":false,"template":"","format":"standard","meta":{"_acf_changed":false,"footnotes":""},"categories":[51],"tags":[],"class_list":["post-269943","post","type-post","status-publish","format-standard","has-post-thumbnail","category-ultima-hora"],"acf":{"antetitulo":""},"yoast_head":"<!-- This site is optimized with the Yoast SEO plugin v28.4 - https:\/\/yoast.com\/product\/yoast-seo-wordpress\/ -->\n<title>Lluvias dejan 14 muertos y m\u00e1s de 16.000 familias afectadas. (9:35) - El Diario - Bolivia<\/title>\n<meta name=\"robots\" content=\"index, follow, max-snippet:-1, max-image-preview:large, max-video-preview:-1\" \/>\n<link rel=\"canonical\" href=\"https:\/\/www.eldiario.net\/portal\/2024\/12\/23\/lluvias-dejan-14-muertos-y-mas-de-16-000-familias-afectadas-935\/\" \/>\n<meta property=\"og:locale\" content=\"es_ES\" \/>\n<meta property=\"og:type\" content=\"article\" \/>\n<meta property=\"og:title\" content=\"Lluvias dejan 14 muertos y m\u00e1s de 16.000 familias afectadas. (9:35) - El Diario - Bolivia\" \/>\n<meta property=\"og:description\" content=\"Las intensas lluvias que azotan al pa\u00eds han cobrado la vida de 14 personas y dejado a 16.113 familias afectadas en siete departamentos, inform\u00f3 el viceministro de Defensa Civil, Juan Carlos Calvimontes. Adem\u00e1s, tres municipios pace\u00f1os: Apolo, La Asunta y Luribay, se declararon en desastre, mientras que otros 31 municipios y 175 comunidades enfrentan serios [&hellip;]\" \/>\n<meta property=\"og:url\" content=\"https:\/\/www.eldiario.net\/portal\/2024\/12\/23\/lluvias-dejan-14-muertos-y-mas-de-16-000-familias-afectadas-935\/\" \/>\n<meta property=\"og:site_name\" content=\"El Diario - Bolivia\" \/>\n<meta property=\"article:publisher\" content=\"https:\/\/www.facebook.com\/eldiario.bolivia\/\" \/>\n<meta property=\"article:published_time\" content=\"2024-12-23T13:36:33+00:00\" \/>\n<meta property=\"og:image\" content=\"https:\/\/www.eldiario.net\/portal\/wp-content\/uploads\/2024\/12\/calvimontes.png\" \/>\n\t<meta property=\"og:image:width\" content=\"400\" \/>\n\t<meta property=\"og:image:height\" content=\"350\" \/>\n\t<meta property=\"og:image:type\" content=\"image\/png\" \/>\n<meta name=\"author\" content=\"Viviana Monrroy\" \/>\n<meta name=\"twitter:card\" content=\"summary_large_image\" \/>\n<meta name=\"twitter:creator\" content=\"@eldiario_net\" \/>\n<meta name=\"twitter:site\" content=\"@eldiario_net\" \/>\n<meta name=\"twitter:label1\" content=\"Escrito por\" \/>\n\t<meta name=\"twitter:data1\" content=\"Viviana Monrroy\" \/>\n\t<meta name=\"twitter:label2\" content=\"Tiempo de lectura\" \/>\n\t<meta name=\"twitter:data2\" content=\"1 minuto\" \/>\n<script type=\"application\/ld+json\" class=\"yoast-schema-graph\">{\"@context\":\"https:\\\/\\\/schema.org\",\"@graph\":[{\"@type\":\"Article\",\"@id\":\"https:\\\/\\\/www.eldiario.net\\\/portal\\\/2024\\\/12\\\/23\\\/lluvias-dejan-14-muertos-y-mas-de-16-000-familias-afectadas-935\\\/#article\",\"isPartOf\":{\"@id\":\"https:\\\/\\\/www.eldiario.net\\\/portal\\\/2024\\\/12\\\/23\\\/lluvias-dejan-14-muertos-y-mas-de-16-000-familias-afectadas-935\\\/\"},\"author\":{\"name\":\"Viviana Monrroy\",\"@id\":\"https:\\\/\\\/www.eldiario.net\\\/portal\\\/#\\\/schema\\\/person\\\/ba370d92d160f4d3574381f6d9b78fab\"},\"headline\":\"Lluvias dejan 14 muertos y m\u00e1s de 16.000 familias afectadas. (9:35)\",\"datePublished\":\"2024-12-23T13:36:33+00:00\",\"mainEntityOfPage\":{\"@id\":\"https:\\\/\\\/www.eldiario.net\\\/portal\\\/2024\\\/12\\\/23\\\/lluvias-dejan-14-muertos-y-mas-de-16-000-familias-afectadas-935\\\/\"},\"wordCount\":111,\"publisher\":{\"@id\":\"https:\\\/\\\/www.eldiario.net\\\/portal\\\/#organization\"},\"image\":{\"@id\":\"https:\\\/\\\/www.eldiario.net\\\/portal\\\/2024\\\/12\\\/23\\\/lluvias-dejan-14-muertos-y-mas-de-16-000-familias-afectadas-935\\\/#primaryimage\"},\"thumbnailUrl\":\"https:\\\/\\\/www.eldiario.net\\\/portal\\\/wp-content\\\/uploads\\\/2024\\\/12\\\/calvimontes.png\",\"articleSection\":[\"\u00daltima Hora\"],\"inLanguage\":\"es\"},{\"@type\":\"WebPage\",\"@id\":\"https:\\\/\\\/www.eldiario.net\\\/portal\\\/2024\\\/12\\\/23\\\/lluvias-dejan-14-muertos-y-mas-de-16-000-familias-afectadas-935\\\/\",\"url\":\"https:\\\/\\\/www.eldiario.net\\\/portal\\\/2024\\\/12\\\/23\\\/lluvias-dejan-14-muertos-y-mas-de-16-000-familias-afectadas-935\\\/\",\"name\":\"Lluvias dejan 14 muertos y m\u00e1s de 16.000 familias afectadas. (9:35) - El Diario - Bolivia\",\"isPartOf\":{\"@id\":\"https:\\\/\\\/www.eldiario.net\\\/portal\\\/#website\"},\"primaryImageOfPage\":{\"@id\":\"https:\\\/\\\/www.eldiario.net\\\/portal\\\/2024\\\/12\\\/23\\\/lluvias-dejan-14-muertos-y-mas-de-16-000-familias-afectadas-935\\\/#primaryimage\"},\"image\":{\"@id\":\"https:\\\/\\\/www.eldiario.net\\\/portal\\\/2024\\\/12\\\/23\\\/lluvias-dejan-14-muertos-y-mas-de-16-000-familias-afectadas-935\\\/#primaryimage\"},\"thumbnailUrl\":\"https:\\\/\\\/www.eldiario.net\\\/portal\\\/wp-content\\\/uploads\\\/2024\\\/12\\\/calvimontes.png\",\"datePublished\":\"2024-12-23T13:36:33+00:00\",\"breadcrumb\":{\"@id\":\"https:\\\/\\\/www.eldiario.net\\\/portal\\\/2024\\\/12\\\/23\\\/lluvias-dejan-14-muertos-y-mas-de-16-000-familias-afectadas-935\\\/#breadcrumb\"},\"inLanguage\":\"es\",\"potentialAction\":[{\"@type\":\"ReadAction\",\"target\":[\"https:\\\/\\\/www.eldiario.net\\\/portal\\\/2024\\\/12\\\/23\\\/lluvias-dejan-14-muertos-y-mas-de-16-000-familias-afectadas-935\\\/\"]}]},{\"@type\":\"ImageObject\",\"inLanguage\":\"es\",\"@id\":\"https:\\\/\\\/www.eldiario.net\\\/portal\\\/2024\\\/12\\\/23\\\/lluvias-dejan-14-muertos-y-mas-de-16-000-familias-afectadas-935\\\/#primaryimage\",\"url\":\"https:\\\/\\\/www.eldiario.net\\\/portal\\\/wp-content\\\/uploads\\\/2024\\\/12\\\/calvimontes.png\",\"contentUrl\":\"https:\\\/\\\/www.eldiario.net\\\/portal\\\/wp-content\\\/uploads\\\/2024\\\/12\\\/calvimontes.png\",\"width\":400,\"height\":350,\"caption\":\"Foto: RR.SS.\"},{\"@type\":\"BreadcrumbList\",\"@id\":\"https:\\\/\\\/www.eldiario.net\\\/portal\\\/2024\\\/12\\\/23\\\/lluvias-dejan-14-muertos-y-mas-de-16-000-familias-afectadas-935\\\/#breadcrumb\",\"itemListElement\":[{\"@type\":\"ListItem\",\"position\":1,\"name\":\"Portada\",\"item\":\"https:\\\/\\\/www.eldiario.net\\\/portal\\\/\"},{\"@type\":\"ListItem\",\"position\":2,\"name\":\"Lluvias dejan 14 muertos y m\u00e1s de 16.000 familias afectadas. (9:35)\"}]},{\"@type\":\"WebSite\",\"@id\":\"https:\\\/\\\/www.eldiario.net\\\/portal\\\/#website\",\"url\":\"https:\\\/\\\/www.eldiario.net\\\/portal\\\/\",\"name\":\"El Diario - Decano de la prensa nacional\",\"description\":\"El Diario - Decano de la prensa nacional\",\"publisher\":{\"@id\":\"https:\\\/\\\/www.eldiario.net\\\/portal\\\/#organization\"},\"potentialAction\":[{\"@type\":\"SearchAction\",\"target\":{\"@type\":\"EntryPoint\",\"urlTemplate\":\"https:\\\/\\\/www.eldiario.net\\\/portal\\\/?s={search_term_string}\"},\"query-input\":{\"@type\":\"PropertyValueSpecification\",\"valueRequired\":true,\"valueName\":\"search_term_string\"}}],\"inLanguage\":\"es\"},{\"@type\":\"Organization\",\"@id\":\"https:\\\/\\\/www.eldiario.net\\\/portal\\\/#organization\",\"name\":\"El Diario - Decano de la prensa nacional\",\"url\":\"https:\\\/\\\/www.eldiario.net\\\/portal\\\/\",\"logo\":{\"@type\":\"ImageObject\",\"inLanguage\":\"es\",\"@id\":\"https:\\\/\\\/www.eldiario.net\\\/portal\\\/#\\\/schema\\\/logo\\\/image\\\/\",\"url\":\"https:\\\/\\\/www.eldiario.net\\\/portal\\\/wp-content\\\/uploads\\\/2023\\\/07\\\/logo_ED.jpg\",\"contentUrl\":\"https:\\\/\\\/www.eldiario.net\\\/portal\\\/wp-content\\\/uploads\\\/2023\\\/07\\\/logo_ED.jpg\",\"width\":272,\"height\":52,\"caption\":\"El Diario - Decano de la prensa nacional\"},\"image\":{\"@id\":\"https:\\\/\\\/www.eldiario.net\\\/portal\\\/#\\\/schema\\\/logo\\\/image\\\/\"},\"sameAs\":[\"https:\\\/\\\/www.facebook.com\\\/eldiario.bolivia\\\/\",\"https:\\\/\\\/x.com\\\/eldiario_net\"]},{\"@type\":\"Person\",\"@id\":\"https:\\\/\\\/www.eldiario.net\\\/portal\\\/#\\\/schema\\\/person\\\/ba370d92d160f4d3574381f6d9b78fab\",\"name\":\"Viviana Monrroy\",\"image\":{\"@type\":\"ImageObject\",\"inLanguage\":\"es\",\"@id\":\"https:\\\/\\\/secure.gravatar.com\\\/avatar\\\/dfd1611ed5600959a0e5a9754503b6c05d1dcf190010998e0363aee2ad98afca?s=96&d=mm&r=g\",\"url\":\"https:\\\/\\\/secure.gravatar.com\\\/avatar\\\/dfd1611ed5600959a0e5a9754503b6c05d1dcf190010998e0363aee2ad98afca?s=96&d=mm&r=g\",\"contentUrl\":\"https:\\\/\\\/secure.gravatar.com\\\/avatar\\\/dfd1611ed5600959a0e5a9754503b6c05d1dcf190010998e0363aee2ad98afca?s=96&d=mm&r=g\",\"caption\":\"Viviana Monrroy\"},\"sameAs\":[\"http:\\\/\\\/www.eldiario.net\"],\"url\":\"https:\\\/\\\/www.eldiario.net\\\/portal\\\/author\\\/vivianamonrroy\\\/\"}]}<\/script>\n<!-- \/ Yoast SEO plugin. -->","yoast_head_json":{"title":"Lluvias dejan 14 muertos y m\u00e1s de 16.000 familias afectadas. (9:35) - El Diario - Bolivia","robots":{"index":"index","follow":"follow","max-snippet":"max-snippet:-1","max-image-preview":"max-image-preview:large","max-video-preview":"max-video-preview:-1"},"canonical":"https:\/\/www.eldiario.net\/portal\/2024\/12\/23\/lluvias-dejan-14-muertos-y-mas-de-16-000-familias-afectadas-935\/","og_locale":"es_ES","og_type":"article","og_title":"Lluvias dejan 14 muertos y m\u00e1s de 16.000 familias afectadas. (9:35) - El Diario - Bolivia","og_description":"Las intensas lluvias que azotan al pa\u00eds han cobrado la vida de 14 personas y dejado a 16.113 familias afectadas en siete departamentos, inform\u00f3 el viceministro de Defensa Civil, Juan Carlos Calvimontes. Adem\u00e1s, tres municipios pace\u00f1os: Apolo, La Asunta y Luribay, se declararon en desastre, mientras que otros 31 municipios y 175 comunidades enfrentan serios [&hellip;]","og_url":"https:\/\/www.eldiario.net\/portal\/2024\/12\/23\/lluvias-dejan-14-muertos-y-mas-de-16-000-familias-afectadas-935\/","og_site_name":"El Diario - Bolivia","article_publisher":"https:\/\/www.facebook.com\/eldiario.bolivia\/","article_published_time":"2024-12-23T13:36:33+00:00","og_image":[{"width":400,"height":350,"url":"https:\/\/www.eldiario.net\/portal\/wp-content\/uploads\/2024\/12\/calvimontes.png","type":"image\/png"}],"author":"Viviana Monrroy","twitter_card":"summary_large_image","twitter_creator":"@eldiario_net","twitter_site":"@eldiario_net","twitter_misc":{"Escrito por":"Viviana Monrroy","Tiempo de lectura":"1 minuto"},"schema":{"@context":"https:\/\/schema.org","@graph":[{"@type":"Article","@id":"https:\/\/www.eldiario.net\/portal\/2024\/12\/23\/lluvias-dejan-14-muertos-y-mas-de-16-000-familias-afectadas-935\/#article","isPartOf":{"@id":"https:\/\/www.eldiario.net\/portal\/2024\/12\/23\/lluvias-dejan-14-muertos-y-mas-de-16-000-familias-afectadas-935\/"},"author":{"name":"Viviana Monrroy","@id":"https:\/\/www.eldiario.net\/portal\/#\/schema\/person\/ba370d92d160f4d3574381f6d9b78fab"},"headline":"Lluvias dejan 14 muertos y m\u00e1s de 16.000 familias afectadas. (9:35)","datePublished":"2024-12-23T13:36:33+00:00","mainEntityOfPage":{"@id":"https:\/\/www.eldiario.net\/portal\/2024\/12\/23\/lluvias-dejan-14-muertos-y-mas-de-16-000-familias-afectadas-935\/"},"wordCount":111,"publisher":{"@id":"https:\/\/www.eldiario.net\/portal\/#organization"},"image":{"@id":"https:\/\/www.eldiario.net\/portal\/2024\/12\/23\/lluvias-dejan-14-muertos-y-mas-de-16-000-familias-afectadas-935\/#primaryimage"},"thumbnailUrl":"https:\/\/www.eldiario.net\/portal\/wp-content\/uploads\/2024\/12\/calvimontes.png","articleSection":["\u00daltima Hora"],"inLanguage":"es"},{"@type":"WebPage","@id":"https:\/\/www.eldiario.net\/portal\/2024\/12\/23\/lluvias-dejan-14-muertos-y-mas-de-16-000-familias-afectadas-935\/","url":"https:\/\/www.eldiario.net\/portal\/2024\/12\/23\/lluvias-dejan-14-muertos-y-mas-de-16-000-familias-afectadas-935\/","name":"Lluvias dejan 14 muertos y m\u00e1s de 16.000 familias afectadas. (9:35) - El Diario - Bolivia","isPartOf":{"@id":"https:\/\/www.eldiario.net\/portal\/#website"},"primaryImageOfPage":{"@id":"https:\/\/www.eldiario.net\/portal\/2024\/12\/23\/lluvias-dejan-14-muertos-y-mas-de-16-000-familias-afectadas-935\/#primaryimage"},"image":{"@id":"https:\/\/www.eldiario.net\/portal\/2024\/12\/23\/lluvias-dejan-14-muertos-y-mas-de-16-000-familias-afectadas-935\/#primaryimage"},"thumbnailUrl":"https:\/\/www.eldiario.net\/portal\/wp-content\/uploads\/2024\/12\/calvimontes.png","datePublished":"2024-12-23T13:36:33+00:00","breadcrumb":{"@id":"https:\/\/www.eldiario.net\/portal\/2024\/12\/23\/lluvias-dejan-14-muertos-y-mas-de-16-000-familias-afectadas-935\/#breadcrumb"},"inLanguage":"es","potentialAction":[{"@type":"ReadAction","target":["https:\/\/www.eldiario.net\/portal\/2024\/12\/23\/lluvias-dejan-14-muertos-y-mas-de-16-000-familias-afectadas-935\/"]}]},{"@type":"ImageObject","inLanguage":"es","@id":"https:\/\/www.eldiario.net\/portal\/2024\/12\/23\/lluvias-dejan-14-muertos-y-mas-de-16-000-familias-afectadas-935\/#primaryimage","url":"https:\/\/www.eldiario.net\/portal\/wp-content\/uploads\/2024\/12\/calvimontes.png","contentUrl":"https:\/\/www.eldiario.net\/portal\/wp-content\/uploads\/2024\/12\/calvimontes.png","width":400,"height":350,"caption":"Foto: RR.SS."},{"@type":"BreadcrumbList","@id":"https:\/\/www.eldiario.net\/portal\/2024\/12\/23\/lluvias-dejan-14-muertos-y-mas-de-16-000-familias-afectadas-935\/#breadcrumb","itemListElement":[{"@type":"ListItem","position":1,"name":"Portada","item":"https:\/\/www.eldiario.net\/portal\/"},{"@type":"ListItem","position":2,"name":"Lluvias dejan 14 muertos y m\u00e1s de 16.000 familias afectadas. (9:35)"}]},{"@type":"WebSite","@id":"https:\/\/www.eldiario.net\/portal\/#website","url":"https:\/\/www.eldiario.net\/portal\/","name":"El Diario - Decano de la prensa nacional","description":"El Diario - Decano de la prensa nacional","publisher":{"@id":"https:\/\/www.eldiario.net\/portal\/#organization"},"potentialAction":[{"@type":"SearchAction","target":{"@type":"EntryPoint","urlTemplate":"https:\/\/www.eldiario.net\/portal\/?s={search_term_string}"},"query-input":{"@type":"PropertyValueSpecification","valueRequired":true,"valueName":"search_term_string"}}],"inLanguage":"es"},{"@type":"Organization","@id":"https:\/\/www.eldiario.net\/portal\/#organization","name":"El Diario - Decano de la prensa nacional","url":"https:\/\/www.eldiario.net\/portal\/","logo":{"@type":"ImageObject","inLanguage":"es","@id":"https:\/\/www.eldiario.net\/portal\/#\/schema\/logo\/image\/","url":"https:\/\/www.eldiario.net\/portal\/wp-content\/uploads\/2023\/07\/logo_ED.jpg","contentUrl":"https:\/\/www.eldiario.net\/portal\/wp-content\/uploads\/2023\/07\/logo_ED.jpg","width":272,"height":52,"caption":"El Diario - Decano de la prensa nacional"},"image":{"@id":"https:\/\/www.eldiario.net\/portal\/#\/schema\/logo\/image\/"},"sameAs":["https:\/\/www.facebook.com\/eldiario.bolivia\/","https:\/\/x.com\/eldiario_net"]},{"@type":"Person","@id":"https:\/\/www.eldiario.net\/portal\/#\/schema\/person\/ba370d92d160f4d3574381f6d9b78fab","name":"Viviana Monrroy","image":{"@type":"ImageObject","inLanguage":"es","@id":"https:\/\/secure.gravatar.com\/avatar\/dfd1611ed5600959a0e5a9754503b6c05d1dcf190010998e0363aee2ad98afca?s=96&d=mm&r=g","url":"https:\/\/secure.gravatar.com\/avatar\/dfd1611ed5600959a0e5a9754503b6c05d1dcf190010998e0363aee2ad98afca?s=96&d=mm&r=g","contentUrl":"https:\/\/secure.gravatar.com\/avatar\/dfd1611ed5600959a0e5a9754503b6c05d1dcf190010998e0363aee2ad98afca?s=96&d=mm&r=g","caption":"Viviana Monrroy"},"sameAs":["http:\/\/www.eldiario.net"],"url":"https:\/\/www.eldiario.net\/portal\/author\/vivianamonrroy\/"}]}},"_links":{"self":[{"href":"https:\/\/www.eldiario.net\/portal\/wp-json\/wp\/v2\/posts\/269943","targetHints":{"allow":["GET"]}}],"collection":[{"href":"https:\/\/www.eldiario.net\/portal\/wp-json\/wp\/v2\/posts"}],"about":[{"href":"https:\/\/www.eldiario.net\/portal\/wp-json\/wp\/v2\/types\/post"}],"author":[{"embeddable":true,"href":"https:\/\/www.eldiario.net\/portal\/wp-json\/wp\/v2\/users\/7"}],"replies":[{"embeddable":true,"href":"https:\/\/www.eldiario.net\/portal\/wp-json\/wp\/v2\/comments?post=269943"}],"version-history":[{"count":1,"href":"https:\/\/www.eldiario.net\/portal\/wp-json\/wp\/v2\/posts\/269943\/revisions"}],"predecessor-version":[{"id":269945,"href":"https:\/\/www.eldiario.net\/portal\/wp-json\/wp\/v2\/posts\/269943\/revisions\/269945"}],"wp:featuredmedia":[{"embeddable":true,"href":"https:\/\/www.eldiario.net\/portal\/wp-json\/wp\/v2\/media\/269944"}],"wp:attachment":[{"href":"https:\/\/www.eldiario.net\/portal\/wp-json\/wp\/v2\/media?parent=269943"}],"wp:term":[{"taxonomy":"category","embeddable":true,"href":"https:\/\/www.eldiario.net\/portal\/wp-json\/wp\/v2\/categories?post=269943"},{"taxonomy":"post_tag","embeddable":true,"href":"https:\/\/www.eldiario.net\/portal\/wp-json\/wp\/v2\/tags?post=269943"}],"curies":[{"name":"wp","href":"https:\/\/api.w.org\/{rel}","templated":true}]}}