{"id":269940,"date":"2024-12-23T06:50:29","date_gmt":"2024-12-23T10:50:29","guid":{"rendered":"https:\/\/www.eldiario.net\/portal\/?p=269940"},"modified":"2024-12-23T06:50:29","modified_gmt":"2024-12-23T10:50:29","slug":"preparate-para-adquirir-nuevos-cables-hdmi-2-2-trae-grandes-cambios","status":"publish","type":"post","link":"https:\/\/www.eldiario.net\/portal\/2024\/12\/23\/preparate-para-adquirir-nuevos-cables-hdmi-2-2-trae-grandes-cambios\/","title":{"rendered":"Prep\u00e1rate para adquirir nuevos cables: HDMI 2.2 trae grandes cambios"},"content":{"rendered":"<p>El nuevo est\u00e1ndar HDMI 2.2 se lanzar\u00e1 en solo unos d\u00edas, y se confirma que ser\u00e1 necesario adquirir un nuevo cable para aprovechar al m\u00e1ximo sus caracter\u00edsticas. Aqu\u00ed te contamos lo que sabemos hasta ahora.<\/p>\n<p>HDMI Forum ha anunciado que el formato HDMI 2.2 se presentar\u00e1 oficialmente el 6 de enero, y ya ha comenzado a adelantar lo que nos espera: HDMI 2.2 vendr\u00e1 acompa\u00f1ado de un nuevo cable.<\/p>\n<p>Aunque no es una sorpresa, es importante destacar que esto no suced\u00eda desde hace siete a\u00f1os, cuando se lanz\u00f3 HDMI 2.1. Generalmente, un cambio en la numeraci\u00f3n del formato HDMI implica la necesidad de un nuevo cable. En cambio, si solo se modifica la letra, como en el caso de HDMI 2.1a, se trata de una actualizaci\u00f3n que no suele requerir un nuevo cable, aunque hay excepciones.<\/p>\n<p>\u258e<strong>Novedades de HDMI 2.2<\/strong><\/p>\n<p>HDMI 2.1, en sus \u00faltimas versiones, soporta resoluciones de hasta 10,240 x 4,320 p\u00edxeles (10K) a 120 Hz y tiene un ancho de banda de 48 Gbps. Aunque actualmente ning\u00fan televisor, monitor o contenido alcanza esos valores, parece que no son suficientes.<\/p>\n<p>Se espera que HDMI 2.2 aumente la resoluci\u00f3n a 12K. Una de sus innovaciones podr\u00eda permitir alcanzar estos valores sin necesidad de compresi\u00f3n mediante Display Stream Compression, lo que requerir\u00eda un mayor ancho de banda y, por ende, un nuevo cable HDMI.<\/p>\n<p>Es probable que HDMI 2.2 mantenga el mismo puerto y sea compatible con los cables existentes, permitiendo aprovechar al m\u00e1ximo lo que estos cables pueden ofrecer. Sin embargo, para beneficiarte de las nuevas caracter\u00edsticas, necesitar\u00e1s un cable nuevo.<\/p>\n<p>El formato HDMI est\u00e1 dise\u00f1ado principalmente para televisores y contenido televisivo, pero tambi\u00e9n se encuentra en muchos monitores, tarjetas gr\u00e1ficas y consolas. Dado que cada vez m\u00e1s PC para juegos y consolas se conectan a televisores, el formato ha ido incorporando funciones espec\u00edficas para gaming, como mayor velocidad de refresco y tasa de refresco variable.<\/p>\n<p>Con el lanzamiento del nuevo formato HDMI 2.2 programado para el 6 de enero, estamos ansiosos por descubrir todas sus novedades. \u00a1Prep\u00e1rate para actualizar tu equipo!<\/p>\n","protected":false},"excerpt":{"rendered":"<p>El nuevo est\u00e1ndar HDMI 2.2 se lanzar\u00e1 en solo unos d\u00edas, y se confirma que ser\u00e1 necesario adquirir un nuevo cable para aprovechar al m\u00e1ximo sus caracter\u00edsticas. Aqu\u00ed te contamos lo que sabemos hasta ahora. HDMI Forum ha anunciado que el formato HDMI 2.2 se presentar\u00e1 oficialmente el 6 de enero, y ya ha comenzado [&hellip;]<\/p>\n","protected":false},"author":1,"featured_media":269941,"comment_status":"closed","ping_status":"open","sticky":false,"template":"","format":"standard","meta":{"_acf_changed":false,"footnotes":""},"categories":[46],"tags":[],"class_list":["post-269940","post","type-post","status-publish","format-standard","has-post-thumbnail","category-ciencia-computacion"],"acf":{"antetitulo":""},"yoast_head":"<!-- This site is optimized with the Yoast SEO plugin v28.4 - https:\/\/yoast.com\/product\/yoast-seo-wordpress\/ -->\n<title>Prep\u00e1rate para adquirir nuevos cables: HDMI 2.2 trae grandes cambios - El Diario - Bolivia<\/title>\n<meta name=\"robots\" content=\"index, follow, max-snippet:-1, max-image-preview:large, max-video-preview:-1\" \/>\n<link rel=\"canonical\" href=\"https:\/\/www.eldiario.net\/portal\/2024\/12\/23\/preparate-para-adquirir-nuevos-cables-hdmi-2-2-trae-grandes-cambios\/\" \/>\n<meta property=\"og:locale\" content=\"es_ES\" \/>\n<meta property=\"og:type\" content=\"article\" \/>\n<meta property=\"og:title\" content=\"Prep\u00e1rate para adquirir nuevos cables: HDMI 2.2 trae grandes cambios - El Diario - Bolivia\" \/>\n<meta property=\"og:description\" content=\"El nuevo est\u00e1ndar HDMI 2.2 se lanzar\u00e1 en solo unos d\u00edas, y se confirma que ser\u00e1 necesario adquirir un nuevo cable para aprovechar al m\u00e1ximo sus caracter\u00edsticas. Aqu\u00ed te contamos lo que sabemos hasta ahora. HDMI Forum ha anunciado que el formato HDMI 2.2 se presentar\u00e1 oficialmente el 6 de enero, y ya ha comenzado [&hellip;]\" \/>\n<meta property=\"og:url\" content=\"https:\/\/www.eldiario.net\/portal\/2024\/12\/23\/preparate-para-adquirir-nuevos-cables-hdmi-2-2-trae-grandes-cambios\/\" \/>\n<meta property=\"og:site_name\" content=\"El Diario - Bolivia\" \/>\n<meta property=\"article:publisher\" content=\"https:\/\/www.facebook.com\/eldiario.bolivia\/\" \/>\n<meta property=\"article:published_time\" content=\"2024-12-23T10:50:29+00:00\" \/>\n<meta property=\"og:image\" content=\"https:\/\/www.eldiario.net\/portal\/wp-content\/uploads\/2024\/12\/2-A-3.jpg\" \/>\n\t<meta property=\"og:image:width\" content=\"962\" \/>\n\t<meta property=\"og:image:height\" content=\"528\" \/>\n\t<meta property=\"og:image:type\" content=\"image\/jpeg\" \/>\n<meta name=\"author\" content=\"Jeanette\" \/>\n<meta name=\"twitter:card\" content=\"summary_large_image\" \/>\n<meta name=\"twitter:creator\" content=\"@eldiario_net\" \/>\n<meta name=\"twitter:site\" content=\"@eldiario_net\" \/>\n<meta name=\"twitter:label1\" content=\"Escrito por\" \/>\n\t<meta name=\"twitter:data1\" content=\"Jeanette\" \/>\n\t<meta name=\"twitter:label2\" content=\"Tiempo de lectura\" \/>\n\t<meta name=\"twitter:data2\" content=\"2 minutos\" \/>\n<script type=\"application\/ld+json\" class=\"yoast-schema-graph\">{\"@context\":\"https:\\\/\\\/schema.org\",\"@graph\":[{\"@type\":\"Article\",\"@id\":\"https:\\\/\\\/www.eldiario.net\\\/portal\\\/2024\\\/12\\\/23\\\/preparate-para-adquirir-nuevos-cables-hdmi-2-2-trae-grandes-cambios\\\/#article\",\"isPartOf\":{\"@id\":\"https:\\\/\\\/www.eldiario.net\\\/portal\\\/2024\\\/12\\\/23\\\/preparate-para-adquirir-nuevos-cables-hdmi-2-2-trae-grandes-cambios\\\/\"},\"author\":{\"name\":\"Jeanette\",\"@id\":\"https:\\\/\\\/www.eldiario.net\\\/portal\\\/#\\\/schema\\\/person\\\/f46445640444750d7d753ccd04ae01b7\"},\"headline\":\"Prep\u00e1rate para adquirir nuevos cables: HDMI 2.2 trae grandes cambios\",\"datePublished\":\"2024-12-23T10:50:29+00:00\",\"mainEntityOfPage\":{\"@id\":\"https:\\\/\\\/www.eldiario.net\\\/portal\\\/2024\\\/12\\\/23\\\/preparate-para-adquirir-nuevos-cables-hdmi-2-2-trae-grandes-cambios\\\/\"},\"wordCount\":362,\"publisher\":{\"@id\":\"https:\\\/\\\/www.eldiario.net\\\/portal\\\/#organization\"},\"image\":{\"@id\":\"https:\\\/\\\/www.eldiario.net\\\/portal\\\/2024\\\/12\\\/23\\\/preparate-para-adquirir-nuevos-cables-hdmi-2-2-trae-grandes-cambios\\\/#primaryimage\"},\"thumbnailUrl\":\"https:\\\/\\\/www.eldiario.net\\\/portal\\\/wp-content\\\/uploads\\\/2024\\\/12\\\/2-A-3.jpg\",\"articleSection\":[\"Ciencia y Computaci\u00f3n\"],\"inLanguage\":\"es\"},{\"@type\":\"WebPage\",\"@id\":\"https:\\\/\\\/www.eldiario.net\\\/portal\\\/2024\\\/12\\\/23\\\/preparate-para-adquirir-nuevos-cables-hdmi-2-2-trae-grandes-cambios\\\/\",\"url\":\"https:\\\/\\\/www.eldiario.net\\\/portal\\\/2024\\\/12\\\/23\\\/preparate-para-adquirir-nuevos-cables-hdmi-2-2-trae-grandes-cambios\\\/\",\"name\":\"Prep\u00e1rate para adquirir nuevos cables: HDMI 2.2 trae grandes cambios - El Diario - Bolivia\",\"isPartOf\":{\"@id\":\"https:\\\/\\\/www.eldiario.net\\\/portal\\\/#website\"},\"primaryImageOfPage\":{\"@id\":\"https:\\\/\\\/www.eldiario.net\\\/portal\\\/2024\\\/12\\\/23\\\/preparate-para-adquirir-nuevos-cables-hdmi-2-2-trae-grandes-cambios\\\/#primaryimage\"},\"image\":{\"@id\":\"https:\\\/\\\/www.eldiario.net\\\/portal\\\/2024\\\/12\\\/23\\\/preparate-para-adquirir-nuevos-cables-hdmi-2-2-trae-grandes-cambios\\\/#primaryimage\"},\"thumbnailUrl\":\"https:\\\/\\\/www.eldiario.net\\\/portal\\\/wp-content\\\/uploads\\\/2024\\\/12\\\/2-A-3.jpg\",\"datePublished\":\"2024-12-23T10:50:29+00:00\",\"breadcrumb\":{\"@id\":\"https:\\\/\\\/www.eldiario.net\\\/portal\\\/2024\\\/12\\\/23\\\/preparate-para-adquirir-nuevos-cables-hdmi-2-2-trae-grandes-cambios\\\/#breadcrumb\"},\"inLanguage\":\"es\",\"potentialAction\":[{\"@type\":\"ReadAction\",\"target\":[\"https:\\\/\\\/www.eldiario.net\\\/portal\\\/2024\\\/12\\\/23\\\/preparate-para-adquirir-nuevos-cables-hdmi-2-2-trae-grandes-cambios\\\/\"]}]},{\"@type\":\"ImageObject\",\"inLanguage\":\"es\",\"@id\":\"https:\\\/\\\/www.eldiario.net\\\/portal\\\/2024\\\/12\\\/23\\\/preparate-para-adquirir-nuevos-cables-hdmi-2-2-trae-grandes-cambios\\\/#primaryimage\",\"url\":\"https:\\\/\\\/www.eldiario.net\\\/portal\\\/wp-content\\\/uploads\\\/2024\\\/12\\\/2-A-3.jpg\",\"contentUrl\":\"https:\\\/\\\/www.eldiario.net\\\/portal\\\/wp-content\\\/uploads\\\/2024\\\/12\\\/2-A-3.jpg\",\"width\":962,\"height\":528},{\"@type\":\"BreadcrumbList\",\"@id\":\"https:\\\/\\\/www.eldiario.net\\\/portal\\\/2024\\\/12\\\/23\\\/preparate-para-adquirir-nuevos-cables-hdmi-2-2-trae-grandes-cambios\\\/#breadcrumb\",\"itemListElement\":[{\"@type\":\"ListItem\",\"position\":1,\"name\":\"Portada\",\"item\":\"https:\\\/\\\/www.eldiario.net\\\/portal\\\/\"},{\"@type\":\"ListItem\",\"position\":2,\"name\":\"Prep\u00e1rate para adquirir nuevos cables: HDMI 2.2 trae grandes cambios\"}]},{\"@type\":\"WebSite\",\"@id\":\"https:\\\/\\\/www.eldiario.net\\\/portal\\\/#website\",\"url\":\"https:\\\/\\\/www.eldiario.net\\\/portal\\\/\",\"name\":\"El Diario - Decano de la prensa nacional\",\"description\":\"El Diario - Decano de la prensa nacional\",\"publisher\":{\"@id\":\"https:\\\/\\\/www.eldiario.net\\\/portal\\\/#organization\"},\"potentialAction\":[{\"@type\":\"SearchAction\",\"target\":{\"@type\":\"EntryPoint\",\"urlTemplate\":\"https:\\\/\\\/www.eldiario.net\\\/portal\\\/?s={search_term_string}\"},\"query-input\":{\"@type\":\"PropertyValueSpecification\",\"valueRequired\":true,\"valueName\":\"search_term_string\"}}],\"inLanguage\":\"es\"},{\"@type\":\"Organization\",\"@id\":\"https:\\\/\\\/www.eldiario.net\\\/portal\\\/#organization\",\"name\":\"El Diario - Decano de la prensa nacional\",\"url\":\"https:\\\/\\\/www.eldiario.net\\\/portal\\\/\",\"logo\":{\"@type\":\"ImageObject\",\"inLanguage\":\"es\",\"@id\":\"https:\\\/\\\/www.eldiario.net\\\/portal\\\/#\\\/schema\\\/logo\\\/image\\\/\",\"url\":\"https:\\\/\\\/www.eldiario.net\\\/portal\\\/wp-content\\\/uploads\\\/2023\\\/07\\\/logo_ED.jpg\",\"contentUrl\":\"https:\\\/\\\/www.eldiario.net\\\/portal\\\/wp-content\\\/uploads\\\/2023\\\/07\\\/logo_ED.jpg\",\"width\":272,\"height\":52,\"caption\":\"El Diario - Decano de la prensa nacional\"},\"image\":{\"@id\":\"https:\\\/\\\/www.eldiario.net\\\/portal\\\/#\\\/schema\\\/logo\\\/image\\\/\"},\"sameAs\":[\"https:\\\/\\\/www.facebook.com\\\/eldiario.bolivia\\\/\",\"https:\\\/\\\/x.com\\\/eldiario_net\"]},{\"@type\":\"Person\",\"@id\":\"https:\\\/\\\/www.eldiario.net\\\/portal\\\/#\\\/schema\\\/person\\\/f46445640444750d7d753ccd04ae01b7\",\"name\":\"Jeanette\",\"image\":{\"@type\":\"ImageObject\",\"inLanguage\":\"es\",\"@id\":\"https:\\\/\\\/secure.gravatar.com\\\/avatar\\\/3ea2118a5f7dad2b7138b1187a6b7ee55f160b9968b66013c3a3ef39dd7e5798?s=96&d=mm&r=g\",\"url\":\"https:\\\/\\\/secure.gravatar.com\\\/avatar\\\/3ea2118a5f7dad2b7138b1187a6b7ee55f160b9968b66013c3a3ef39dd7e5798?s=96&d=mm&r=g\",\"contentUrl\":\"https:\\\/\\\/secure.gravatar.com\\\/avatar\\\/3ea2118a5f7dad2b7138b1187a6b7ee55f160b9968b66013c3a3ef39dd7e5798?s=96&d=mm&r=g\",\"caption\":\"Jeanette\"},\"sameAs\":[\"https:\\\/\\\/www.eldiario.net\\\/portal\"],\"url\":\"https:\\\/\\\/www.eldiario.net\\\/portal\\\/author\\\/jeanette\\\/\"}]}<\/script>\n<!-- \/ Yoast SEO plugin. -->","yoast_head_json":{"title":"Prep\u00e1rate para adquirir nuevos cables: HDMI 2.2 trae grandes cambios - El Diario - Bolivia","robots":{"index":"index","follow":"follow","max-snippet":"max-snippet:-1","max-image-preview":"max-image-preview:large","max-video-preview":"max-video-preview:-1"},"canonical":"https:\/\/www.eldiario.net\/portal\/2024\/12\/23\/preparate-para-adquirir-nuevos-cables-hdmi-2-2-trae-grandes-cambios\/","og_locale":"es_ES","og_type":"article","og_title":"Prep\u00e1rate para adquirir nuevos cables: HDMI 2.2 trae grandes cambios - El Diario - Bolivia","og_description":"El nuevo est\u00e1ndar HDMI 2.2 se lanzar\u00e1 en solo unos d\u00edas, y se confirma que ser\u00e1 necesario adquirir un nuevo cable para aprovechar al m\u00e1ximo sus caracter\u00edsticas. Aqu\u00ed te contamos lo que sabemos hasta ahora. HDMI Forum ha anunciado que el formato HDMI 2.2 se presentar\u00e1 oficialmente el 6 de enero, y ya ha comenzado [&hellip;]","og_url":"https:\/\/www.eldiario.net\/portal\/2024\/12\/23\/preparate-para-adquirir-nuevos-cables-hdmi-2-2-trae-grandes-cambios\/","og_site_name":"El Diario - Bolivia","article_publisher":"https:\/\/www.facebook.com\/eldiario.bolivia\/","article_published_time":"2024-12-23T10:50:29+00:00","og_image":[{"width":962,"height":528,"url":"https:\/\/www.eldiario.net\/portal\/wp-content\/uploads\/2024\/12\/2-A-3.jpg","type":"image\/jpeg"}],"author":"Jeanette","twitter_card":"summary_large_image","twitter_creator":"@eldiario_net","twitter_site":"@eldiario_net","twitter_misc":{"Escrito por":"Jeanette","Tiempo de lectura":"2 minutos"},"schema":{"@context":"https:\/\/schema.org","@graph":[{"@type":"Article","@id":"https:\/\/www.eldiario.net\/portal\/2024\/12\/23\/preparate-para-adquirir-nuevos-cables-hdmi-2-2-trae-grandes-cambios\/#article","isPartOf":{"@id":"https:\/\/www.eldiario.net\/portal\/2024\/12\/23\/preparate-para-adquirir-nuevos-cables-hdmi-2-2-trae-grandes-cambios\/"},"author":{"name":"Jeanette","@id":"https:\/\/www.eldiario.net\/portal\/#\/schema\/person\/f46445640444750d7d753ccd04ae01b7"},"headline":"Prep\u00e1rate para adquirir nuevos cables: HDMI 2.2 trae grandes cambios","datePublished":"2024-12-23T10:50:29+00:00","mainEntityOfPage":{"@id":"https:\/\/www.eldiario.net\/portal\/2024\/12\/23\/preparate-para-adquirir-nuevos-cables-hdmi-2-2-trae-grandes-cambios\/"},"wordCount":362,"publisher":{"@id":"https:\/\/www.eldiario.net\/portal\/#organization"},"image":{"@id":"https:\/\/www.eldiario.net\/portal\/2024\/12\/23\/preparate-para-adquirir-nuevos-cables-hdmi-2-2-trae-grandes-cambios\/#primaryimage"},"thumbnailUrl":"https:\/\/www.eldiario.net\/portal\/wp-content\/uploads\/2024\/12\/2-A-3.jpg","articleSection":["Ciencia y Computaci\u00f3n"],"inLanguage":"es"},{"@type":"WebPage","@id":"https:\/\/www.eldiario.net\/portal\/2024\/12\/23\/preparate-para-adquirir-nuevos-cables-hdmi-2-2-trae-grandes-cambios\/","url":"https:\/\/www.eldiario.net\/portal\/2024\/12\/23\/preparate-para-adquirir-nuevos-cables-hdmi-2-2-trae-grandes-cambios\/","name":"Prep\u00e1rate para adquirir nuevos cables: HDMI 2.2 trae grandes cambios - El Diario - Bolivia","isPartOf":{"@id":"https:\/\/www.eldiario.net\/portal\/#website"},"primaryImageOfPage":{"@id":"https:\/\/www.eldiario.net\/portal\/2024\/12\/23\/preparate-para-adquirir-nuevos-cables-hdmi-2-2-trae-grandes-cambios\/#primaryimage"},"image":{"@id":"https:\/\/www.eldiario.net\/portal\/2024\/12\/23\/preparate-para-adquirir-nuevos-cables-hdmi-2-2-trae-grandes-cambios\/#primaryimage"},"thumbnailUrl":"https:\/\/www.eldiario.net\/portal\/wp-content\/uploads\/2024\/12\/2-A-3.jpg","datePublished":"2024-12-23T10:50:29+00:00","breadcrumb":{"@id":"https:\/\/www.eldiario.net\/portal\/2024\/12\/23\/preparate-para-adquirir-nuevos-cables-hdmi-2-2-trae-grandes-cambios\/#breadcrumb"},"inLanguage":"es","potentialAction":[{"@type":"ReadAction","target":["https:\/\/www.eldiario.net\/portal\/2024\/12\/23\/preparate-para-adquirir-nuevos-cables-hdmi-2-2-trae-grandes-cambios\/"]}]},{"@type":"ImageObject","inLanguage":"es","@id":"https:\/\/www.eldiario.net\/portal\/2024\/12\/23\/preparate-para-adquirir-nuevos-cables-hdmi-2-2-trae-grandes-cambios\/#primaryimage","url":"https:\/\/www.eldiario.net\/portal\/wp-content\/uploads\/2024\/12\/2-A-3.jpg","contentUrl":"https:\/\/www.eldiario.net\/portal\/wp-content\/uploads\/2024\/12\/2-A-3.jpg","width":962,"height":528},{"@type":"BreadcrumbList","@id":"https:\/\/www.eldiario.net\/portal\/2024\/12\/23\/preparate-para-adquirir-nuevos-cables-hdmi-2-2-trae-grandes-cambios\/#breadcrumb","itemListElement":[{"@type":"ListItem","position":1,"name":"Portada","item":"https:\/\/www.eldiario.net\/portal\/"},{"@type":"ListItem","position":2,"name":"Prep\u00e1rate para adquirir nuevos cables: HDMI 2.2 trae grandes cambios"}]},{"@type":"WebSite","@id":"https:\/\/www.eldiario.net\/portal\/#website","url":"https:\/\/www.eldiario.net\/portal\/","name":"El Diario - Decano de la prensa nacional","description":"El Diario - Decano de la prensa nacional","publisher":{"@id":"https:\/\/www.eldiario.net\/portal\/#organization"},"potentialAction":[{"@type":"SearchAction","target":{"@type":"EntryPoint","urlTemplate":"https:\/\/www.eldiario.net\/portal\/?s={search_term_string}"},"query-input":{"@type":"PropertyValueSpecification","valueRequired":true,"valueName":"search_term_string"}}],"inLanguage":"es"},{"@type":"Organization","@id":"https:\/\/www.eldiario.net\/portal\/#organization","name":"El Diario - Decano de la prensa nacional","url":"https:\/\/www.eldiario.net\/portal\/","logo":{"@type":"ImageObject","inLanguage":"es","@id":"https:\/\/www.eldiario.net\/portal\/#\/schema\/logo\/image\/","url":"https:\/\/www.eldiario.net\/portal\/wp-content\/uploads\/2023\/07\/logo_ED.jpg","contentUrl":"https:\/\/www.eldiario.net\/portal\/wp-content\/uploads\/2023\/07\/logo_ED.jpg","width":272,"height":52,"caption":"El Diario - Decano de la prensa nacional"},"image":{"@id":"https:\/\/www.eldiario.net\/portal\/#\/schema\/logo\/image\/"},"sameAs":["https:\/\/www.facebook.com\/eldiario.bolivia\/","https:\/\/x.com\/eldiario_net"]},{"@type":"Person","@id":"https:\/\/www.eldiario.net\/portal\/#\/schema\/person\/f46445640444750d7d753ccd04ae01b7","name":"Jeanette","image":{"@type":"ImageObject","inLanguage":"es","@id":"https:\/\/secure.gravatar.com\/avatar\/3ea2118a5f7dad2b7138b1187a6b7ee55f160b9968b66013c3a3ef39dd7e5798?s=96&d=mm&r=g","url":"https:\/\/secure.gravatar.com\/avatar\/3ea2118a5f7dad2b7138b1187a6b7ee55f160b9968b66013c3a3ef39dd7e5798?s=96&d=mm&r=g","contentUrl":"https:\/\/secure.gravatar.com\/avatar\/3ea2118a5f7dad2b7138b1187a6b7ee55f160b9968b66013c3a3ef39dd7e5798?s=96&d=mm&r=g","caption":"Jeanette"},"sameAs":["https:\/\/www.eldiario.net\/portal"],"url":"https:\/\/www.eldiario.net\/portal\/author\/jeanette\/"}]}},"_links":{"self":[{"href":"https:\/\/www.eldiario.net\/portal\/wp-json\/wp\/v2\/posts\/269940","targetHints":{"allow":["GET"]}}],"collection":[{"href":"https:\/\/www.eldiario.net\/portal\/wp-json\/wp\/v2\/posts"}],"about":[{"href":"https:\/\/www.eldiario.net\/portal\/wp-json\/wp\/v2\/types\/post"}],"author":[{"embeddable":true,"href":"https:\/\/www.eldiario.net\/portal\/wp-json\/wp\/v2\/users\/1"}],"replies":[{"embeddable":true,"href":"https:\/\/www.eldiario.net\/portal\/wp-json\/wp\/v2\/comments?post=269940"}],"version-history":[{"count":1,"href":"https:\/\/www.eldiario.net\/portal\/wp-json\/wp\/v2\/posts\/269940\/revisions"}],"predecessor-version":[{"id":269942,"href":"https:\/\/www.eldiario.net\/portal\/wp-json\/wp\/v2\/posts\/269940\/revisions\/269942"}],"wp:featuredmedia":[{"embeddable":true,"href":"https:\/\/www.eldiario.net\/portal\/wp-json\/wp\/v2\/media\/269941"}],"wp:attachment":[{"href":"https:\/\/www.eldiario.net\/portal\/wp-json\/wp\/v2\/media?parent=269940"}],"wp:term":[{"taxonomy":"category","embeddable":true,"href":"https:\/\/www.eldiario.net\/portal\/wp-json\/wp\/v2\/categories?post=269940"},{"taxonomy":"post_tag","embeddable":true,"href":"https:\/\/www.eldiario.net\/portal\/wp-json\/wp\/v2\/tags?post=269940"}],"curies":[{"name":"wp","href":"https:\/\/api.w.org\/{rel}","templated":true}]}}