{"id":269934,"date":"2024-12-23T06:49:35","date_gmt":"2024-12-23T10:49:35","guid":{"rendered":"https:\/\/www.eldiario.net\/portal\/?p=269934"},"modified":"2024-12-23T06:49:35","modified_gmt":"2024-12-23T10:49:35","slug":"caracteristicas-destacadas-del-portatil-con-ia-acer-swift-go-16","status":"publish","type":"post","link":"https:\/\/www.eldiario.net\/portal\/2024\/12\/23\/caracteristicas-destacadas-del-portatil-con-ia-acer-swift-go-16\/","title":{"rendered":"Caracter\u00edsticas destacadas del port\u00e1til con IA Acer Swift Go 16"},"content":{"rendered":"<p>En un mercado repleto de computadoras port\u00e1tiles, no todas ofrecen la experiencia premium que buscas para 2024. Por eso, hoy te presentamos las cinco caracter\u00edsticas esenciales del port\u00e1til con IA Acer Swift Go 16. Si est\u00e1s en busca de un compa\u00f1ero de alta calidad para tu vida personal o profesional, has llegado al lugar indicado.<\/p>\n<p>Acer se ha consolidado como una de las marcas preferidas por quienes buscan un ordenador. Sin embargo, su amplia gama de modelos puede dificultar la elecci\u00f3n de la opci\u00f3n m\u00e1s adecuada.<\/p>\n<p><strong>Rendimiento de \u00faltima generaci\u00f3n<\/strong><\/p>\n<p>Equipado con un procesador Intel Core Ultra 9 de \u00faltima generaci\u00f3n y gr\u00e1ficos Intel Arc integrados, el Acer Swift Go 16 ofrece un aumento de rendimiento de hasta un 45%, todo mientras mantiene una gran eficiencia energ\u00e9tica. Con 32 GB de RAM y un almacenamiento que puede llegar hasta 2 TB (SSD PCIe de cuarta generaci\u00f3n), as\u00ed como una duraci\u00f3n de bater\u00eda de hasta 10.5 horas, tendr\u00e1s la seguridad de poder jugar o ejecutar los programas m\u00e1s exigentes sin problemas. Sin duda, este port\u00e1til est\u00e1 dise\u00f1ado para ofrecer un rendimiento excepcional.<\/p>\n<p><strong>Inteligencia artificial en cada detalle<\/strong><\/p>\n<p>El Swift Go 16 incorpora el nuevo motor de Inteligencia Artificial de Intel, AI Boost, que se adapta a las necesidades en constante evoluci\u00f3n. Gracias a las soluciones de IA de Acer, disfrutar\u00e1s de una experiencia m\u00e1s intuitiva y placentera. Con la asistencia de IA generativa de Copilot en Windows, podr\u00e1s maximizar tu productividad con solo presionar la tecla CoPilot. Adem\u00e1s, la tecnolog\u00eda Intel AI Boost facilita encuadres autom\u00e1ticos, desenfoque de fondo avanzado y correcci\u00f3n de mirada para videollamadas mejoradas. La tecnolog\u00eda Acer TNR optimiza las im\u00e1genes en condiciones de poca luz para una mayor claridad.<\/p>\n<p>El sistema Acer PurifiedVoice 2.0, que incluye un tercer micr\u00f3fono para eliminar ruidos no deseados, garantiza un audio claro y sin distracciones, mejorando as\u00ed tus experiencias de comunicaci\u00f3n.<\/p>\n<p><strong>Experiencia visual inigualable<\/strong><\/p>\n<p>La pantalla OLED ultrasuave 16:10 de 120Hz del Swift Go 16 ofrece colores vibrantes, negros profundos y una calidad de imagen excepcional. Adem\u00e1s, su funcionalidad t\u00e1ctil permite un control intuitivo. Este port\u00e1til es perfecto tanto para trabajar en proyectos personales como para disfrutar de tus series favoritas.<\/p>\n<p><strong>Conectividad superior<\/strong><\/p>\n<p>Con dos puertos USB tipo C (Thunderbolt 4\/USB 4), HDMI 2.1, Wi-Fi 77, Bluetooth LE Audio y una ranura MicroSD, este port\u00e1til cuenta con todas las conexiones necesarias para mejorar tu productividad. Trabaja desde cualquier lugar sin interrupciones gracias a la excelente conectividad del Acer Swift Go 16.<\/p>\n<p><strong>Estilo y comodidad<\/strong><\/p>\n<p>El dise\u00f1o y la comodidad son esenciales. El Swift Go se abre f\u00e1cilmente con una mano y su ligero cuerpo de aluminio cabe sin esfuerzo en cualquier bolso. Su bisagra de 180 grados y el obturador de privacidad se adaptan perfectamente a tu estilo de vida. Adem\u00e1s, su elegante dise\u00f1o atraer\u00e1 todas las miradas desde el primer instante.<\/p>\n","protected":false},"excerpt":{"rendered":"<p>En un mercado repleto de computadoras port\u00e1tiles, no todas ofrecen la experiencia premium que buscas para 2024. Por eso, hoy te presentamos las cinco caracter\u00edsticas esenciales del port\u00e1til con IA Acer Swift Go 16. Si est\u00e1s en busca de un compa\u00f1ero de alta calidad para tu vida personal o profesional, has llegado al lugar indicado. [&hellip;]<\/p>\n","protected":false},"author":1,"featured_media":269935,"comment_status":"closed","ping_status":"open","sticky":false,"template":"","format":"standard","meta":{"_acf_changed":false,"footnotes":""},"categories":[46],"tags":[],"class_list":["post-269934","post","type-post","status-publish","format-standard","has-post-thumbnail","category-ciencia-computacion"],"acf":{"antetitulo":""},"yoast_head":"<!-- This site is optimized with the Yoast SEO plugin v28.4 - https:\/\/yoast.com\/product\/yoast-seo-wordpress\/ -->\n<title>Caracter\u00edsticas destacadas del port\u00e1til con IA Acer Swift Go 16 - El Diario - Bolivia<\/title>\n<meta name=\"robots\" content=\"index, follow, max-snippet:-1, max-image-preview:large, max-video-preview:-1\" \/>\n<link rel=\"canonical\" href=\"https:\/\/www.eldiario.net\/portal\/2024\/12\/23\/caracteristicas-destacadas-del-portatil-con-ia-acer-swift-go-16\/\" \/>\n<meta property=\"og:locale\" content=\"es_ES\" \/>\n<meta property=\"og:type\" content=\"article\" \/>\n<meta property=\"og:title\" content=\"Caracter\u00edsticas destacadas del port\u00e1til con IA Acer Swift Go 16 - El Diario - Bolivia\" \/>\n<meta property=\"og:description\" content=\"En un mercado repleto de computadoras port\u00e1tiles, no todas ofrecen la experiencia premium que buscas para 2024. Por eso, hoy te presentamos las cinco caracter\u00edsticas esenciales del port\u00e1til con IA Acer Swift Go 16. Si est\u00e1s en busca de un compa\u00f1ero de alta calidad para tu vida personal o profesional, has llegado al lugar indicado. [&hellip;]\" \/>\n<meta property=\"og:url\" content=\"https:\/\/www.eldiario.net\/portal\/2024\/12\/23\/caracteristicas-destacadas-del-portatil-con-ia-acer-swift-go-16\/\" \/>\n<meta property=\"og:site_name\" content=\"El Diario - Bolivia\" \/>\n<meta property=\"article:publisher\" content=\"https:\/\/www.facebook.com\/eldiario.bolivia\/\" \/>\n<meta property=\"article:published_time\" content=\"2024-12-23T10:49:35+00:00\" \/>\n<meta property=\"og:image\" content=\"https:\/\/www.eldiario.net\/portal\/wp-content\/uploads\/2024\/12\/2-C-3.jpg\" \/>\n\t<meta property=\"og:image:width\" content=\"881\" \/>\n\t<meta property=\"og:image:height\" content=\"488\" \/>\n\t<meta property=\"og:image:type\" content=\"image\/jpeg\" \/>\n<meta name=\"author\" content=\"Jeanette\" \/>\n<meta name=\"twitter:card\" content=\"summary_large_image\" \/>\n<meta name=\"twitter:creator\" content=\"@eldiario_net\" \/>\n<meta name=\"twitter:site\" content=\"@eldiario_net\" \/>\n<meta name=\"twitter:label1\" content=\"Escrito por\" \/>\n\t<meta name=\"twitter:data1\" content=\"Jeanette\" \/>\n\t<meta name=\"twitter:label2\" content=\"Tiempo de lectura\" \/>\n\t<meta name=\"twitter:data2\" content=\"3 minutos\" \/>\n<script type=\"application\/ld+json\" class=\"yoast-schema-graph\">{\"@context\":\"https:\\\/\\\/schema.org\",\"@graph\":[{\"@type\":\"Article\",\"@id\":\"https:\\\/\\\/www.eldiario.net\\\/portal\\\/2024\\\/12\\\/23\\\/caracteristicas-destacadas-del-portatil-con-ia-acer-swift-go-16\\\/#article\",\"isPartOf\":{\"@id\":\"https:\\\/\\\/www.eldiario.net\\\/portal\\\/2024\\\/12\\\/23\\\/caracteristicas-destacadas-del-portatil-con-ia-acer-swift-go-16\\\/\"},\"author\":{\"name\":\"Jeanette\",\"@id\":\"https:\\\/\\\/www.eldiario.net\\\/portal\\\/#\\\/schema\\\/person\\\/f46445640444750d7d753ccd04ae01b7\"},\"headline\":\"Caracter\u00edsticas destacadas del port\u00e1til con IA Acer Swift Go 16\",\"datePublished\":\"2024-12-23T10:49:35+00:00\",\"mainEntityOfPage\":{\"@id\":\"https:\\\/\\\/www.eldiario.net\\\/portal\\\/2024\\\/12\\\/23\\\/caracteristicas-destacadas-del-portatil-con-ia-acer-swift-go-16\\\/\"},\"wordCount\":504,\"publisher\":{\"@id\":\"https:\\\/\\\/www.eldiario.net\\\/portal\\\/#organization\"},\"image\":{\"@id\":\"https:\\\/\\\/www.eldiario.net\\\/portal\\\/2024\\\/12\\\/23\\\/caracteristicas-destacadas-del-portatil-con-ia-acer-swift-go-16\\\/#primaryimage\"},\"thumbnailUrl\":\"https:\\\/\\\/www.eldiario.net\\\/portal\\\/wp-content\\\/uploads\\\/2024\\\/12\\\/2-C-3.jpg\",\"articleSection\":[\"Ciencia y Computaci\u00f3n\"],\"inLanguage\":\"es\"},{\"@type\":\"WebPage\",\"@id\":\"https:\\\/\\\/www.eldiario.net\\\/portal\\\/2024\\\/12\\\/23\\\/caracteristicas-destacadas-del-portatil-con-ia-acer-swift-go-16\\\/\",\"url\":\"https:\\\/\\\/www.eldiario.net\\\/portal\\\/2024\\\/12\\\/23\\\/caracteristicas-destacadas-del-portatil-con-ia-acer-swift-go-16\\\/\",\"name\":\"Caracter\u00edsticas destacadas del port\u00e1til con IA Acer Swift Go 16 - El Diario - Bolivia\",\"isPartOf\":{\"@id\":\"https:\\\/\\\/www.eldiario.net\\\/portal\\\/#website\"},\"primaryImageOfPage\":{\"@id\":\"https:\\\/\\\/www.eldiario.net\\\/portal\\\/2024\\\/12\\\/23\\\/caracteristicas-destacadas-del-portatil-con-ia-acer-swift-go-16\\\/#primaryimage\"},\"image\":{\"@id\":\"https:\\\/\\\/www.eldiario.net\\\/portal\\\/2024\\\/12\\\/23\\\/caracteristicas-destacadas-del-portatil-con-ia-acer-swift-go-16\\\/#primaryimage\"},\"thumbnailUrl\":\"https:\\\/\\\/www.eldiario.net\\\/portal\\\/wp-content\\\/uploads\\\/2024\\\/12\\\/2-C-3.jpg\",\"datePublished\":\"2024-12-23T10:49:35+00:00\",\"breadcrumb\":{\"@id\":\"https:\\\/\\\/www.eldiario.net\\\/portal\\\/2024\\\/12\\\/23\\\/caracteristicas-destacadas-del-portatil-con-ia-acer-swift-go-16\\\/#breadcrumb\"},\"inLanguage\":\"es\",\"potentialAction\":[{\"@type\":\"ReadAction\",\"target\":[\"https:\\\/\\\/www.eldiario.net\\\/portal\\\/2024\\\/12\\\/23\\\/caracteristicas-destacadas-del-portatil-con-ia-acer-swift-go-16\\\/\"]}]},{\"@type\":\"ImageObject\",\"inLanguage\":\"es\",\"@id\":\"https:\\\/\\\/www.eldiario.net\\\/portal\\\/2024\\\/12\\\/23\\\/caracteristicas-destacadas-del-portatil-con-ia-acer-swift-go-16\\\/#primaryimage\",\"url\":\"https:\\\/\\\/www.eldiario.net\\\/portal\\\/wp-content\\\/uploads\\\/2024\\\/12\\\/2-C-3.jpg\",\"contentUrl\":\"https:\\\/\\\/www.eldiario.net\\\/portal\\\/wp-content\\\/uploads\\\/2024\\\/12\\\/2-C-3.jpg\",\"width\":881,\"height\":488},{\"@type\":\"BreadcrumbList\",\"@id\":\"https:\\\/\\\/www.eldiario.net\\\/portal\\\/2024\\\/12\\\/23\\\/caracteristicas-destacadas-del-portatil-con-ia-acer-swift-go-16\\\/#breadcrumb\",\"itemListElement\":[{\"@type\":\"ListItem\",\"position\":1,\"name\":\"Portada\",\"item\":\"https:\\\/\\\/www.eldiario.net\\\/portal\\\/\"},{\"@type\":\"ListItem\",\"position\":2,\"name\":\"Caracter\u00edsticas destacadas del port\u00e1til con IA Acer Swift Go 16\"}]},{\"@type\":\"WebSite\",\"@id\":\"https:\\\/\\\/www.eldiario.net\\\/portal\\\/#website\",\"url\":\"https:\\\/\\\/www.eldiario.net\\\/portal\\\/\",\"name\":\"El Diario - Decano de la prensa nacional\",\"description\":\"El Diario - Decano de la prensa nacional\",\"publisher\":{\"@id\":\"https:\\\/\\\/www.eldiario.net\\\/portal\\\/#organization\"},\"potentialAction\":[{\"@type\":\"SearchAction\",\"target\":{\"@type\":\"EntryPoint\",\"urlTemplate\":\"https:\\\/\\\/www.eldiario.net\\\/portal\\\/?s={search_term_string}\"},\"query-input\":{\"@type\":\"PropertyValueSpecification\",\"valueRequired\":true,\"valueName\":\"search_term_string\"}}],\"inLanguage\":\"es\"},{\"@type\":\"Organization\",\"@id\":\"https:\\\/\\\/www.eldiario.net\\\/portal\\\/#organization\",\"name\":\"El Diario - Decano de la prensa nacional\",\"url\":\"https:\\\/\\\/www.eldiario.net\\\/portal\\\/\",\"logo\":{\"@type\":\"ImageObject\",\"inLanguage\":\"es\",\"@id\":\"https:\\\/\\\/www.eldiario.net\\\/portal\\\/#\\\/schema\\\/logo\\\/image\\\/\",\"url\":\"https:\\\/\\\/www.eldiario.net\\\/portal\\\/wp-content\\\/uploads\\\/2023\\\/07\\\/logo_ED.jpg\",\"contentUrl\":\"https:\\\/\\\/www.eldiario.net\\\/portal\\\/wp-content\\\/uploads\\\/2023\\\/07\\\/logo_ED.jpg\",\"width\":272,\"height\":52,\"caption\":\"El Diario - Decano de la prensa nacional\"},\"image\":{\"@id\":\"https:\\\/\\\/www.eldiario.net\\\/portal\\\/#\\\/schema\\\/logo\\\/image\\\/\"},\"sameAs\":[\"https:\\\/\\\/www.facebook.com\\\/eldiario.bolivia\\\/\",\"https:\\\/\\\/x.com\\\/eldiario_net\"]},{\"@type\":\"Person\",\"@id\":\"https:\\\/\\\/www.eldiario.net\\\/portal\\\/#\\\/schema\\\/person\\\/f46445640444750d7d753ccd04ae01b7\",\"name\":\"Jeanette\",\"image\":{\"@type\":\"ImageObject\",\"inLanguage\":\"es\",\"@id\":\"https:\\\/\\\/secure.gravatar.com\\\/avatar\\\/3ea2118a5f7dad2b7138b1187a6b7ee55f160b9968b66013c3a3ef39dd7e5798?s=96&d=mm&r=g\",\"url\":\"https:\\\/\\\/secure.gravatar.com\\\/avatar\\\/3ea2118a5f7dad2b7138b1187a6b7ee55f160b9968b66013c3a3ef39dd7e5798?s=96&d=mm&r=g\",\"contentUrl\":\"https:\\\/\\\/secure.gravatar.com\\\/avatar\\\/3ea2118a5f7dad2b7138b1187a6b7ee55f160b9968b66013c3a3ef39dd7e5798?s=96&d=mm&r=g\",\"caption\":\"Jeanette\"},\"sameAs\":[\"https:\\\/\\\/www.eldiario.net\\\/portal\"],\"url\":\"https:\\\/\\\/www.eldiario.net\\\/portal\\\/author\\\/jeanette\\\/\"}]}<\/script>\n<!-- \/ Yoast SEO plugin. -->","yoast_head_json":{"title":"Caracter\u00edsticas destacadas del port\u00e1til con IA Acer Swift Go 16 - El Diario - Bolivia","robots":{"index":"index","follow":"follow","max-snippet":"max-snippet:-1","max-image-preview":"max-image-preview:large","max-video-preview":"max-video-preview:-1"},"canonical":"https:\/\/www.eldiario.net\/portal\/2024\/12\/23\/caracteristicas-destacadas-del-portatil-con-ia-acer-swift-go-16\/","og_locale":"es_ES","og_type":"article","og_title":"Caracter\u00edsticas destacadas del port\u00e1til con IA Acer Swift Go 16 - El Diario - Bolivia","og_description":"En un mercado repleto de computadoras port\u00e1tiles, no todas ofrecen la experiencia premium que buscas para 2024. Por eso, hoy te presentamos las cinco caracter\u00edsticas esenciales del port\u00e1til con IA Acer Swift Go 16. Si est\u00e1s en busca de un compa\u00f1ero de alta calidad para tu vida personal o profesional, has llegado al lugar indicado. [&hellip;]","og_url":"https:\/\/www.eldiario.net\/portal\/2024\/12\/23\/caracteristicas-destacadas-del-portatil-con-ia-acer-swift-go-16\/","og_site_name":"El Diario - Bolivia","article_publisher":"https:\/\/www.facebook.com\/eldiario.bolivia\/","article_published_time":"2024-12-23T10:49:35+00:00","og_image":[{"width":881,"height":488,"url":"https:\/\/www.eldiario.net\/portal\/wp-content\/uploads\/2024\/12\/2-C-3.jpg","type":"image\/jpeg"}],"author":"Jeanette","twitter_card":"summary_large_image","twitter_creator":"@eldiario_net","twitter_site":"@eldiario_net","twitter_misc":{"Escrito por":"Jeanette","Tiempo de lectura":"3 minutos"},"schema":{"@context":"https:\/\/schema.org","@graph":[{"@type":"Article","@id":"https:\/\/www.eldiario.net\/portal\/2024\/12\/23\/caracteristicas-destacadas-del-portatil-con-ia-acer-swift-go-16\/#article","isPartOf":{"@id":"https:\/\/www.eldiario.net\/portal\/2024\/12\/23\/caracteristicas-destacadas-del-portatil-con-ia-acer-swift-go-16\/"},"author":{"name":"Jeanette","@id":"https:\/\/www.eldiario.net\/portal\/#\/schema\/person\/f46445640444750d7d753ccd04ae01b7"},"headline":"Caracter\u00edsticas destacadas del port\u00e1til con IA Acer Swift Go 16","datePublished":"2024-12-23T10:49:35+00:00","mainEntityOfPage":{"@id":"https:\/\/www.eldiario.net\/portal\/2024\/12\/23\/caracteristicas-destacadas-del-portatil-con-ia-acer-swift-go-16\/"},"wordCount":504,"publisher":{"@id":"https:\/\/www.eldiario.net\/portal\/#organization"},"image":{"@id":"https:\/\/www.eldiario.net\/portal\/2024\/12\/23\/caracteristicas-destacadas-del-portatil-con-ia-acer-swift-go-16\/#primaryimage"},"thumbnailUrl":"https:\/\/www.eldiario.net\/portal\/wp-content\/uploads\/2024\/12\/2-C-3.jpg","articleSection":["Ciencia y Computaci\u00f3n"],"inLanguage":"es"},{"@type":"WebPage","@id":"https:\/\/www.eldiario.net\/portal\/2024\/12\/23\/caracteristicas-destacadas-del-portatil-con-ia-acer-swift-go-16\/","url":"https:\/\/www.eldiario.net\/portal\/2024\/12\/23\/caracteristicas-destacadas-del-portatil-con-ia-acer-swift-go-16\/","name":"Caracter\u00edsticas destacadas del port\u00e1til con IA Acer Swift Go 16 - El Diario - Bolivia","isPartOf":{"@id":"https:\/\/www.eldiario.net\/portal\/#website"},"primaryImageOfPage":{"@id":"https:\/\/www.eldiario.net\/portal\/2024\/12\/23\/caracteristicas-destacadas-del-portatil-con-ia-acer-swift-go-16\/#primaryimage"},"image":{"@id":"https:\/\/www.eldiario.net\/portal\/2024\/12\/23\/caracteristicas-destacadas-del-portatil-con-ia-acer-swift-go-16\/#primaryimage"},"thumbnailUrl":"https:\/\/www.eldiario.net\/portal\/wp-content\/uploads\/2024\/12\/2-C-3.jpg","datePublished":"2024-12-23T10:49:35+00:00","breadcrumb":{"@id":"https:\/\/www.eldiario.net\/portal\/2024\/12\/23\/caracteristicas-destacadas-del-portatil-con-ia-acer-swift-go-16\/#breadcrumb"},"inLanguage":"es","potentialAction":[{"@type":"ReadAction","target":["https:\/\/www.eldiario.net\/portal\/2024\/12\/23\/caracteristicas-destacadas-del-portatil-con-ia-acer-swift-go-16\/"]}]},{"@type":"ImageObject","inLanguage":"es","@id":"https:\/\/www.eldiario.net\/portal\/2024\/12\/23\/caracteristicas-destacadas-del-portatil-con-ia-acer-swift-go-16\/#primaryimage","url":"https:\/\/www.eldiario.net\/portal\/wp-content\/uploads\/2024\/12\/2-C-3.jpg","contentUrl":"https:\/\/www.eldiario.net\/portal\/wp-content\/uploads\/2024\/12\/2-C-3.jpg","width":881,"height":488},{"@type":"BreadcrumbList","@id":"https:\/\/www.eldiario.net\/portal\/2024\/12\/23\/caracteristicas-destacadas-del-portatil-con-ia-acer-swift-go-16\/#breadcrumb","itemListElement":[{"@type":"ListItem","position":1,"name":"Portada","item":"https:\/\/www.eldiario.net\/portal\/"},{"@type":"ListItem","position":2,"name":"Caracter\u00edsticas destacadas del port\u00e1til con IA Acer Swift Go 16"}]},{"@type":"WebSite","@id":"https:\/\/www.eldiario.net\/portal\/#website","url":"https:\/\/www.eldiario.net\/portal\/","name":"El Diario - Decano de la prensa nacional","description":"El Diario - Decano de la prensa nacional","publisher":{"@id":"https:\/\/www.eldiario.net\/portal\/#organization"},"potentialAction":[{"@type":"SearchAction","target":{"@type":"EntryPoint","urlTemplate":"https:\/\/www.eldiario.net\/portal\/?s={search_term_string}"},"query-input":{"@type":"PropertyValueSpecification","valueRequired":true,"valueName":"search_term_string"}}],"inLanguage":"es"},{"@type":"Organization","@id":"https:\/\/www.eldiario.net\/portal\/#organization","name":"El Diario - Decano de la prensa nacional","url":"https:\/\/www.eldiario.net\/portal\/","logo":{"@type":"ImageObject","inLanguage":"es","@id":"https:\/\/www.eldiario.net\/portal\/#\/schema\/logo\/image\/","url":"https:\/\/www.eldiario.net\/portal\/wp-content\/uploads\/2023\/07\/logo_ED.jpg","contentUrl":"https:\/\/www.eldiario.net\/portal\/wp-content\/uploads\/2023\/07\/logo_ED.jpg","width":272,"height":52,"caption":"El Diario - Decano de la prensa nacional"},"image":{"@id":"https:\/\/www.eldiario.net\/portal\/#\/schema\/logo\/image\/"},"sameAs":["https:\/\/www.facebook.com\/eldiario.bolivia\/","https:\/\/x.com\/eldiario_net"]},{"@type":"Person","@id":"https:\/\/www.eldiario.net\/portal\/#\/schema\/person\/f46445640444750d7d753ccd04ae01b7","name":"Jeanette","image":{"@type":"ImageObject","inLanguage":"es","@id":"https:\/\/secure.gravatar.com\/avatar\/3ea2118a5f7dad2b7138b1187a6b7ee55f160b9968b66013c3a3ef39dd7e5798?s=96&d=mm&r=g","url":"https:\/\/secure.gravatar.com\/avatar\/3ea2118a5f7dad2b7138b1187a6b7ee55f160b9968b66013c3a3ef39dd7e5798?s=96&d=mm&r=g","contentUrl":"https:\/\/secure.gravatar.com\/avatar\/3ea2118a5f7dad2b7138b1187a6b7ee55f160b9968b66013c3a3ef39dd7e5798?s=96&d=mm&r=g","caption":"Jeanette"},"sameAs":["https:\/\/www.eldiario.net\/portal"],"url":"https:\/\/www.eldiario.net\/portal\/author\/jeanette\/"}]}},"_links":{"self":[{"href":"https:\/\/www.eldiario.net\/portal\/wp-json\/wp\/v2\/posts\/269934","targetHints":{"allow":["GET"]}}],"collection":[{"href":"https:\/\/www.eldiario.net\/portal\/wp-json\/wp\/v2\/posts"}],"about":[{"href":"https:\/\/www.eldiario.net\/portal\/wp-json\/wp\/v2\/types\/post"}],"author":[{"embeddable":true,"href":"https:\/\/www.eldiario.net\/portal\/wp-json\/wp\/v2\/users\/1"}],"replies":[{"embeddable":true,"href":"https:\/\/www.eldiario.net\/portal\/wp-json\/wp\/v2\/comments?post=269934"}],"version-history":[{"count":1,"href":"https:\/\/www.eldiario.net\/portal\/wp-json\/wp\/v2\/posts\/269934\/revisions"}],"predecessor-version":[{"id":269936,"href":"https:\/\/www.eldiario.net\/portal\/wp-json\/wp\/v2\/posts\/269934\/revisions\/269936"}],"wp:featuredmedia":[{"embeddable":true,"href":"https:\/\/www.eldiario.net\/portal\/wp-json\/wp\/v2\/media\/269935"}],"wp:attachment":[{"href":"https:\/\/www.eldiario.net\/portal\/wp-json\/wp\/v2\/media?parent=269934"}],"wp:term":[{"taxonomy":"category","embeddable":true,"href":"https:\/\/www.eldiario.net\/portal\/wp-json\/wp\/v2\/categories?post=269934"},{"taxonomy":"post_tag","embeddable":true,"href":"https:\/\/www.eldiario.net\/portal\/wp-json\/wp\/v2\/tags?post=269934"}],"curies":[{"name":"wp","href":"https:\/\/api.w.org\/{rel}","templated":true}]}}