{"id":268223,"date":"2024-12-16T05:39:58","date_gmt":"2024-12-16T09:39:58","guid":{"rendered":"https:\/\/www.eldiario.net\/portal\/?p=268223"},"modified":"2024-12-16T05:39:58","modified_gmt":"2024-12-16T09:39:58","slug":"hubo-largas-filas-por-tener-certificado-de-impedimento","status":"publish","type":"post","link":"https:\/\/www.eldiario.net\/portal\/2024\/12\/16\/hubo-largas-filas-por-tener-certificado-de-impedimento\/","title":{"rendered":"Hubo largas filas por tener certificado de impedimento"},"content":{"rendered":"<p>Uno de los puntos para obtener el certificado de impedimento fue el de la plaza Venezuela, en El Prado pace\u00f1o, y este como en otros lugares se registraron largas filas durante la jornada de las elecciones judiciales \u201cparciales\u201d. En varios de esos lugares se advirti\u00f3 que gran cantidad de polic\u00edas tramit\u00f3 ese documento, adem\u00e1s de militares y ciudadanos que por alguna raz\u00f3n no pod\u00edan sufragar hicieron \u201ccola\u201d por bastante tiempo.<br \/>\nLas filas tambi\u00e9n se registraron en el punto instalado en la Unidad Educativa Holanda, ubicada en la avenida Entre R\u00edos, de La Paz.<br \/>\nVarios de los ciudadanos que acudieron a esos puntos aseguraron que permanecieron horas para obtener el documento. \u201cDeber\u00edan poner m\u00e1s gente que se ocupe de dar los certificados, tardan demasiado. Estoy m\u00e1s de una hora\u201d, se\u00f1al\u00f3 un ciudadano que no pudo retornar a Sucre y por eso tramitaba su certificado de impedimento en ese lugar.<br \/>\nDe acuerdo con el Tribunal Supremo Electoral (TSE), estos documentos se entregan a quienes no pudieron asistir a su mesa de sufragio por alguna raz\u00f3n. Por otro lado, precis\u00f3 que hay 20 d\u00edas para obtener los certificados de impedimento.<br \/>\n\u201cLa gente tiene raz\u00f3n cuando quiere resolver el problema r\u00e1pidamente, pero tienen 20 d\u00edas, de hoy hasta adelante, para cumplir esa formalidad, poder justificar su ausencia y poder tener un documento que les permita acceder a los servicios en los recintos bancarios, entre otros\u201d, sostuvo el presidente del TSE, \u00d3scar Hassenteufel.<br \/>\nEl Tribunal Electoral Departamental (TED) de La Paz habilit\u00f3 20 puntos en la urbe pace\u00f1a y 17 en la urbe alte\u00f1a para realizar este tr\u00e1mite; se dispuso que la atenci\u00f3n ser\u00eda hasta las 16:00 p.m.<br \/>\nPosteriormente, el TED inform\u00f3 que se ampli\u00f3 el horario de atenci\u00f3n en sus instalaciones: los d\u00edas 15, 16 y 17 de diciembre de 6:00 a 23:59 horas. Adem\u00e1s, del 18 al 27, atender\u00e1n de 8:30 a 16:30 horas en horario corrido.<br \/>\nCURIOSIDAD<br \/>\nEn las filas por certificados de impedimento, se advirti\u00f3 bastantes polic\u00edas buscando el certificado, adem\u00e1s de efectivos militares, aunque en menor cantidad.<\/p>\n<p>&nbsp;<\/p>\n","protected":false},"excerpt":{"rendered":"<p>Uno de los puntos para obtener el certificado de impedimento fue el de la plaza Venezuela, en El Prado pace\u00f1o, y este como en otros lugares se registraron largas filas durante la jornada de las elecciones judiciales \u201cparciales\u201d. En varios de esos lugares se advirti\u00f3 que gran cantidad de polic\u00edas tramit\u00f3 ese documento, adem\u00e1s de [&hellip;]<\/p>\n","protected":false},"author":1,"featured_media":268224,"comment_status":"closed","ping_status":"open","sticky":false,"template":"","format":"standard","meta":{"_acf_changed":false,"footnotes":""},"categories":[12],"tags":[],"class_list":["post-268223","post","type-post","status-publish","format-standard","has-post-thumbnail","category-nacional"],"acf":{"antetitulo":""},"yoast_head":"<!-- This site is optimized with the Yoast SEO plugin v28.4 - https:\/\/yoast.com\/product\/yoast-seo-wordpress\/ -->\n<title>Hubo largas filas por tener certificado de impedimento - El Diario - Bolivia<\/title>\n<meta name=\"robots\" content=\"index, follow, max-snippet:-1, max-image-preview:large, max-video-preview:-1\" \/>\n<link rel=\"canonical\" href=\"https:\/\/www.eldiario.net\/portal\/2024\/12\/16\/hubo-largas-filas-por-tener-certificado-de-impedimento\/\" \/>\n<meta property=\"og:locale\" content=\"es_ES\" \/>\n<meta property=\"og:type\" content=\"article\" \/>\n<meta property=\"og:title\" content=\"Hubo largas filas por tener certificado de impedimento - El Diario - Bolivia\" \/>\n<meta property=\"og:description\" content=\"Uno de los puntos para obtener el certificado de impedimento fue el de la plaza Venezuela, en El Prado pace\u00f1o, y este como en otros lugares se registraron largas filas durante la jornada de las elecciones judiciales \u201cparciales\u201d. En varios de esos lugares se advirti\u00f3 que gran cantidad de polic\u00edas tramit\u00f3 ese documento, adem\u00e1s de [&hellip;]\" \/>\n<meta property=\"og:url\" content=\"https:\/\/www.eldiario.net\/portal\/2024\/12\/16\/hubo-largas-filas-por-tener-certificado-de-impedimento\/\" \/>\n<meta property=\"og:site_name\" content=\"El Diario - Bolivia\" \/>\n<meta property=\"article:publisher\" content=\"https:\/\/www.facebook.com\/eldiario.bolivia\/\" \/>\n<meta property=\"article:published_time\" content=\"2024-12-16T09:39:58+00:00\" \/>\n<meta property=\"og:image\" content=\"https:\/\/www.eldiario.net\/portal\/wp-content\/uploads\/2024\/12\/F-6-votacion-scaled.jpeg\" \/>\n\t<meta property=\"og:image:width\" content=\"2560\" \/>\n\t<meta property=\"og:image:height\" content=\"1707\" \/>\n\t<meta property=\"og:image:type\" content=\"image\/jpeg\" \/>\n<meta name=\"author\" content=\"Jeanette\" \/>\n<meta name=\"twitter:card\" content=\"summary_large_image\" \/>\n<meta name=\"twitter:creator\" content=\"@eldiario_net\" \/>\n<meta name=\"twitter:site\" content=\"@eldiario_net\" \/>\n<meta name=\"twitter:label1\" content=\"Escrito por\" \/>\n\t<meta name=\"twitter:data1\" content=\"Jeanette\" \/>\n\t<meta name=\"twitter:label2\" content=\"Tiempo de lectura\" \/>\n\t<meta name=\"twitter:data2\" content=\"2 minutos\" \/>\n<script type=\"application\/ld+json\" class=\"yoast-schema-graph\">{\"@context\":\"https:\\\/\\\/schema.org\",\"@graph\":[{\"@type\":\"Article\",\"@id\":\"https:\\\/\\\/www.eldiario.net\\\/portal\\\/2024\\\/12\\\/16\\\/hubo-largas-filas-por-tener-certificado-de-impedimento\\\/#article\",\"isPartOf\":{\"@id\":\"https:\\\/\\\/www.eldiario.net\\\/portal\\\/2024\\\/12\\\/16\\\/hubo-largas-filas-por-tener-certificado-de-impedimento\\\/\"},\"author\":{\"name\":\"Jeanette\",\"@id\":\"https:\\\/\\\/www.eldiario.net\\\/portal\\\/#\\\/schema\\\/person\\\/f46445640444750d7d753ccd04ae01b7\"},\"headline\":\"Hubo largas filas por tener certificado de impedimento\",\"datePublished\":\"2024-12-16T09:39:58+00:00\",\"mainEntityOfPage\":{\"@id\":\"https:\\\/\\\/www.eldiario.net\\\/portal\\\/2024\\\/12\\\/16\\\/hubo-largas-filas-por-tener-certificado-de-impedimento\\\/\"},\"wordCount\":360,\"publisher\":{\"@id\":\"https:\\\/\\\/www.eldiario.net\\\/portal\\\/#organization\"},\"image\":{\"@id\":\"https:\\\/\\\/www.eldiario.net\\\/portal\\\/2024\\\/12\\\/16\\\/hubo-largas-filas-por-tener-certificado-de-impedimento\\\/#primaryimage\"},\"thumbnailUrl\":\"https:\\\/\\\/www.eldiario.net\\\/portal\\\/wp-content\\\/uploads\\\/2024\\\/12\\\/F-6-votacion-scaled.jpeg\",\"articleSection\":[\"Nacional\"],\"inLanguage\":\"es\"},{\"@type\":\"WebPage\",\"@id\":\"https:\\\/\\\/www.eldiario.net\\\/portal\\\/2024\\\/12\\\/16\\\/hubo-largas-filas-por-tener-certificado-de-impedimento\\\/\",\"url\":\"https:\\\/\\\/www.eldiario.net\\\/portal\\\/2024\\\/12\\\/16\\\/hubo-largas-filas-por-tener-certificado-de-impedimento\\\/\",\"name\":\"Hubo largas filas por tener certificado de impedimento - El Diario - Bolivia\",\"isPartOf\":{\"@id\":\"https:\\\/\\\/www.eldiario.net\\\/portal\\\/#website\"},\"primaryImageOfPage\":{\"@id\":\"https:\\\/\\\/www.eldiario.net\\\/portal\\\/2024\\\/12\\\/16\\\/hubo-largas-filas-por-tener-certificado-de-impedimento\\\/#primaryimage\"},\"image\":{\"@id\":\"https:\\\/\\\/www.eldiario.net\\\/portal\\\/2024\\\/12\\\/16\\\/hubo-largas-filas-por-tener-certificado-de-impedimento\\\/#primaryimage\"},\"thumbnailUrl\":\"https:\\\/\\\/www.eldiario.net\\\/portal\\\/wp-content\\\/uploads\\\/2024\\\/12\\\/F-6-votacion-scaled.jpeg\",\"datePublished\":\"2024-12-16T09:39:58+00:00\",\"breadcrumb\":{\"@id\":\"https:\\\/\\\/www.eldiario.net\\\/portal\\\/2024\\\/12\\\/16\\\/hubo-largas-filas-por-tener-certificado-de-impedimento\\\/#breadcrumb\"},\"inLanguage\":\"es\",\"potentialAction\":[{\"@type\":\"ReadAction\",\"target\":[\"https:\\\/\\\/www.eldiario.net\\\/portal\\\/2024\\\/12\\\/16\\\/hubo-largas-filas-por-tener-certificado-de-impedimento\\\/\"]}]},{\"@type\":\"ImageObject\",\"inLanguage\":\"es\",\"@id\":\"https:\\\/\\\/www.eldiario.net\\\/portal\\\/2024\\\/12\\\/16\\\/hubo-largas-filas-por-tener-certificado-de-impedimento\\\/#primaryimage\",\"url\":\"https:\\\/\\\/www.eldiario.net\\\/portal\\\/wp-content\\\/uploads\\\/2024\\\/12\\\/F-6-votacion-scaled.jpeg\",\"contentUrl\":\"https:\\\/\\\/www.eldiario.net\\\/portal\\\/wp-content\\\/uploads\\\/2024\\\/12\\\/F-6-votacion-scaled.jpeg\",\"width\":2560,\"height\":1707,\"caption\":\"Varios polic\u00edas realizaron filas por certificados de impedimento.\"},{\"@type\":\"BreadcrumbList\",\"@id\":\"https:\\\/\\\/www.eldiario.net\\\/portal\\\/2024\\\/12\\\/16\\\/hubo-largas-filas-por-tener-certificado-de-impedimento\\\/#breadcrumb\",\"itemListElement\":[{\"@type\":\"ListItem\",\"position\":1,\"name\":\"Portada\",\"item\":\"https:\\\/\\\/www.eldiario.net\\\/portal\\\/\"},{\"@type\":\"ListItem\",\"position\":2,\"name\":\"Hubo largas filas por tener certificado de impedimento\"}]},{\"@type\":\"WebSite\",\"@id\":\"https:\\\/\\\/www.eldiario.net\\\/portal\\\/#website\",\"url\":\"https:\\\/\\\/www.eldiario.net\\\/portal\\\/\",\"name\":\"El Diario - Decano de la prensa nacional\",\"description\":\"El Diario - Decano de la prensa nacional\",\"publisher\":{\"@id\":\"https:\\\/\\\/www.eldiario.net\\\/portal\\\/#organization\"},\"potentialAction\":[{\"@type\":\"SearchAction\",\"target\":{\"@type\":\"EntryPoint\",\"urlTemplate\":\"https:\\\/\\\/www.eldiario.net\\\/portal\\\/?s={search_term_string}\"},\"query-input\":{\"@type\":\"PropertyValueSpecification\",\"valueRequired\":true,\"valueName\":\"search_term_string\"}}],\"inLanguage\":\"es\"},{\"@type\":\"Organization\",\"@id\":\"https:\\\/\\\/www.eldiario.net\\\/portal\\\/#organization\",\"name\":\"El Diario - Decano de la prensa nacional\",\"url\":\"https:\\\/\\\/www.eldiario.net\\\/portal\\\/\",\"logo\":{\"@type\":\"ImageObject\",\"inLanguage\":\"es\",\"@id\":\"https:\\\/\\\/www.eldiario.net\\\/portal\\\/#\\\/schema\\\/logo\\\/image\\\/\",\"url\":\"https:\\\/\\\/www.eldiario.net\\\/portal\\\/wp-content\\\/uploads\\\/2023\\\/07\\\/logo_ED.jpg\",\"contentUrl\":\"https:\\\/\\\/www.eldiario.net\\\/portal\\\/wp-content\\\/uploads\\\/2023\\\/07\\\/logo_ED.jpg\",\"width\":272,\"height\":52,\"caption\":\"El Diario - Decano de la prensa nacional\"},\"image\":{\"@id\":\"https:\\\/\\\/www.eldiario.net\\\/portal\\\/#\\\/schema\\\/logo\\\/image\\\/\"},\"sameAs\":[\"https:\\\/\\\/www.facebook.com\\\/eldiario.bolivia\\\/\",\"https:\\\/\\\/x.com\\\/eldiario_net\"]},{\"@type\":\"Person\",\"@id\":\"https:\\\/\\\/www.eldiario.net\\\/portal\\\/#\\\/schema\\\/person\\\/f46445640444750d7d753ccd04ae01b7\",\"name\":\"Jeanette\",\"image\":{\"@type\":\"ImageObject\",\"inLanguage\":\"es\",\"@id\":\"https:\\\/\\\/secure.gravatar.com\\\/avatar\\\/3ea2118a5f7dad2b7138b1187a6b7ee55f160b9968b66013c3a3ef39dd7e5798?s=96&d=mm&r=g\",\"url\":\"https:\\\/\\\/secure.gravatar.com\\\/avatar\\\/3ea2118a5f7dad2b7138b1187a6b7ee55f160b9968b66013c3a3ef39dd7e5798?s=96&d=mm&r=g\",\"contentUrl\":\"https:\\\/\\\/secure.gravatar.com\\\/avatar\\\/3ea2118a5f7dad2b7138b1187a6b7ee55f160b9968b66013c3a3ef39dd7e5798?s=96&d=mm&r=g\",\"caption\":\"Jeanette\"},\"sameAs\":[\"https:\\\/\\\/www.eldiario.net\\\/portal\"],\"url\":\"https:\\\/\\\/www.eldiario.net\\\/portal\\\/author\\\/jeanette\\\/\"}]}<\/script>\n<!-- \/ Yoast SEO plugin. -->","yoast_head_json":{"title":"Hubo largas filas por tener certificado de impedimento - El Diario - Bolivia","robots":{"index":"index","follow":"follow","max-snippet":"max-snippet:-1","max-image-preview":"max-image-preview:large","max-video-preview":"max-video-preview:-1"},"canonical":"https:\/\/www.eldiario.net\/portal\/2024\/12\/16\/hubo-largas-filas-por-tener-certificado-de-impedimento\/","og_locale":"es_ES","og_type":"article","og_title":"Hubo largas filas por tener certificado de impedimento - El Diario - Bolivia","og_description":"Uno de los puntos para obtener el certificado de impedimento fue el de la plaza Venezuela, en El Prado pace\u00f1o, y este como en otros lugares se registraron largas filas durante la jornada de las elecciones judiciales \u201cparciales\u201d. En varios de esos lugares se advirti\u00f3 que gran cantidad de polic\u00edas tramit\u00f3 ese documento, adem\u00e1s de [&hellip;]","og_url":"https:\/\/www.eldiario.net\/portal\/2024\/12\/16\/hubo-largas-filas-por-tener-certificado-de-impedimento\/","og_site_name":"El Diario - Bolivia","article_publisher":"https:\/\/www.facebook.com\/eldiario.bolivia\/","article_published_time":"2024-12-16T09:39:58+00:00","og_image":[{"width":2560,"height":1707,"url":"https:\/\/www.eldiario.net\/portal\/wp-content\/uploads\/2024\/12\/F-6-votacion-scaled.jpeg","type":"image\/jpeg"}],"author":"Jeanette","twitter_card":"summary_large_image","twitter_creator":"@eldiario_net","twitter_site":"@eldiario_net","twitter_misc":{"Escrito por":"Jeanette","Tiempo de lectura":"2 minutos"},"schema":{"@context":"https:\/\/schema.org","@graph":[{"@type":"Article","@id":"https:\/\/www.eldiario.net\/portal\/2024\/12\/16\/hubo-largas-filas-por-tener-certificado-de-impedimento\/#article","isPartOf":{"@id":"https:\/\/www.eldiario.net\/portal\/2024\/12\/16\/hubo-largas-filas-por-tener-certificado-de-impedimento\/"},"author":{"name":"Jeanette","@id":"https:\/\/www.eldiario.net\/portal\/#\/schema\/person\/f46445640444750d7d753ccd04ae01b7"},"headline":"Hubo largas filas por tener certificado de impedimento","datePublished":"2024-12-16T09:39:58+00:00","mainEntityOfPage":{"@id":"https:\/\/www.eldiario.net\/portal\/2024\/12\/16\/hubo-largas-filas-por-tener-certificado-de-impedimento\/"},"wordCount":360,"publisher":{"@id":"https:\/\/www.eldiario.net\/portal\/#organization"},"image":{"@id":"https:\/\/www.eldiario.net\/portal\/2024\/12\/16\/hubo-largas-filas-por-tener-certificado-de-impedimento\/#primaryimage"},"thumbnailUrl":"https:\/\/www.eldiario.net\/portal\/wp-content\/uploads\/2024\/12\/F-6-votacion-scaled.jpeg","articleSection":["Nacional"],"inLanguage":"es"},{"@type":"WebPage","@id":"https:\/\/www.eldiario.net\/portal\/2024\/12\/16\/hubo-largas-filas-por-tener-certificado-de-impedimento\/","url":"https:\/\/www.eldiario.net\/portal\/2024\/12\/16\/hubo-largas-filas-por-tener-certificado-de-impedimento\/","name":"Hubo largas filas por tener certificado de impedimento - El Diario - Bolivia","isPartOf":{"@id":"https:\/\/www.eldiario.net\/portal\/#website"},"primaryImageOfPage":{"@id":"https:\/\/www.eldiario.net\/portal\/2024\/12\/16\/hubo-largas-filas-por-tener-certificado-de-impedimento\/#primaryimage"},"image":{"@id":"https:\/\/www.eldiario.net\/portal\/2024\/12\/16\/hubo-largas-filas-por-tener-certificado-de-impedimento\/#primaryimage"},"thumbnailUrl":"https:\/\/www.eldiario.net\/portal\/wp-content\/uploads\/2024\/12\/F-6-votacion-scaled.jpeg","datePublished":"2024-12-16T09:39:58+00:00","breadcrumb":{"@id":"https:\/\/www.eldiario.net\/portal\/2024\/12\/16\/hubo-largas-filas-por-tener-certificado-de-impedimento\/#breadcrumb"},"inLanguage":"es","potentialAction":[{"@type":"ReadAction","target":["https:\/\/www.eldiario.net\/portal\/2024\/12\/16\/hubo-largas-filas-por-tener-certificado-de-impedimento\/"]}]},{"@type":"ImageObject","inLanguage":"es","@id":"https:\/\/www.eldiario.net\/portal\/2024\/12\/16\/hubo-largas-filas-por-tener-certificado-de-impedimento\/#primaryimage","url":"https:\/\/www.eldiario.net\/portal\/wp-content\/uploads\/2024\/12\/F-6-votacion-scaled.jpeg","contentUrl":"https:\/\/www.eldiario.net\/portal\/wp-content\/uploads\/2024\/12\/F-6-votacion-scaled.jpeg","width":2560,"height":1707,"caption":"Varios polic\u00edas realizaron filas por certificados de impedimento."},{"@type":"BreadcrumbList","@id":"https:\/\/www.eldiario.net\/portal\/2024\/12\/16\/hubo-largas-filas-por-tener-certificado-de-impedimento\/#breadcrumb","itemListElement":[{"@type":"ListItem","position":1,"name":"Portada","item":"https:\/\/www.eldiario.net\/portal\/"},{"@type":"ListItem","position":2,"name":"Hubo largas filas por tener certificado de impedimento"}]},{"@type":"WebSite","@id":"https:\/\/www.eldiario.net\/portal\/#website","url":"https:\/\/www.eldiario.net\/portal\/","name":"El Diario - Decano de la prensa nacional","description":"El Diario - Decano de la prensa nacional","publisher":{"@id":"https:\/\/www.eldiario.net\/portal\/#organization"},"potentialAction":[{"@type":"SearchAction","target":{"@type":"EntryPoint","urlTemplate":"https:\/\/www.eldiario.net\/portal\/?s={search_term_string}"},"query-input":{"@type":"PropertyValueSpecification","valueRequired":true,"valueName":"search_term_string"}}],"inLanguage":"es"},{"@type":"Organization","@id":"https:\/\/www.eldiario.net\/portal\/#organization","name":"El Diario - Decano de la prensa nacional","url":"https:\/\/www.eldiario.net\/portal\/","logo":{"@type":"ImageObject","inLanguage":"es","@id":"https:\/\/www.eldiario.net\/portal\/#\/schema\/logo\/image\/","url":"https:\/\/www.eldiario.net\/portal\/wp-content\/uploads\/2023\/07\/logo_ED.jpg","contentUrl":"https:\/\/www.eldiario.net\/portal\/wp-content\/uploads\/2023\/07\/logo_ED.jpg","width":272,"height":52,"caption":"El Diario - Decano de la prensa nacional"},"image":{"@id":"https:\/\/www.eldiario.net\/portal\/#\/schema\/logo\/image\/"},"sameAs":["https:\/\/www.facebook.com\/eldiario.bolivia\/","https:\/\/x.com\/eldiario_net"]},{"@type":"Person","@id":"https:\/\/www.eldiario.net\/portal\/#\/schema\/person\/f46445640444750d7d753ccd04ae01b7","name":"Jeanette","image":{"@type":"ImageObject","inLanguage":"es","@id":"https:\/\/secure.gravatar.com\/avatar\/3ea2118a5f7dad2b7138b1187a6b7ee55f160b9968b66013c3a3ef39dd7e5798?s=96&d=mm&r=g","url":"https:\/\/secure.gravatar.com\/avatar\/3ea2118a5f7dad2b7138b1187a6b7ee55f160b9968b66013c3a3ef39dd7e5798?s=96&d=mm&r=g","contentUrl":"https:\/\/secure.gravatar.com\/avatar\/3ea2118a5f7dad2b7138b1187a6b7ee55f160b9968b66013c3a3ef39dd7e5798?s=96&d=mm&r=g","caption":"Jeanette"},"sameAs":["https:\/\/www.eldiario.net\/portal"],"url":"https:\/\/www.eldiario.net\/portal\/author\/jeanette\/"}]}},"_links":{"self":[{"href":"https:\/\/www.eldiario.net\/portal\/wp-json\/wp\/v2\/posts\/268223","targetHints":{"allow":["GET"]}}],"collection":[{"href":"https:\/\/www.eldiario.net\/portal\/wp-json\/wp\/v2\/posts"}],"about":[{"href":"https:\/\/www.eldiario.net\/portal\/wp-json\/wp\/v2\/types\/post"}],"author":[{"embeddable":true,"href":"https:\/\/www.eldiario.net\/portal\/wp-json\/wp\/v2\/users\/1"}],"replies":[{"embeddable":true,"href":"https:\/\/www.eldiario.net\/portal\/wp-json\/wp\/v2\/comments?post=268223"}],"version-history":[{"count":1,"href":"https:\/\/www.eldiario.net\/portal\/wp-json\/wp\/v2\/posts\/268223\/revisions"}],"predecessor-version":[{"id":268225,"href":"https:\/\/www.eldiario.net\/portal\/wp-json\/wp\/v2\/posts\/268223\/revisions\/268225"}],"wp:featuredmedia":[{"embeddable":true,"href":"https:\/\/www.eldiario.net\/portal\/wp-json\/wp\/v2\/media\/268224"}],"wp:attachment":[{"href":"https:\/\/www.eldiario.net\/portal\/wp-json\/wp\/v2\/media?parent=268223"}],"wp:term":[{"taxonomy":"category","embeddable":true,"href":"https:\/\/www.eldiario.net\/portal\/wp-json\/wp\/v2\/categories?post=268223"},{"taxonomy":"post_tag","embeddable":true,"href":"https:\/\/www.eldiario.net\/portal\/wp-json\/wp\/v2\/tags?post=268223"}],"curies":[{"name":"wp","href":"https:\/\/api.w.org\/{rel}","templated":true}]}}