{"id":268211,"date":"2024-12-16T05:37:09","date_gmt":"2024-12-16T09:37:09","guid":{"rendered":"https:\/\/www.eldiario.net\/portal\/?p=268211"},"modified":"2024-12-16T05:37:09","modified_gmt":"2024-12-16T09:37:09","slug":"vertido-de-crudo-amenaza-peninsula-de-crimea-tras-accidente-petrolero","status":"publish","type":"post","link":"https:\/\/www.eldiario.net\/portal\/2024\/12\/16\/vertido-de-crudo-amenaza-peninsula-de-crimea-tras-accidente-petrolero\/","title":{"rendered":"Vertido de crudo amenaza pen\u00ednsula de Crimea tras accidente petrolero"},"content":{"rendered":"<p>El vertido de crudo en el estrecho de Kerch, que separa los mares Negro y Azov, ocurrido tras los accidentes sufridos ayer por dos petroleros rusos debido a una tormenta, amenaza con alcanzar la costa de la pen\u00ednsula de Crimea, anexionada por Rusia en 2014.<br \/>\nLos expertos indican que la mancha podr\u00eda alcanzar las playas de la zona y da\u00f1ar el ecosistema. Ambos petroleros, con m\u00e1s de 130 metros de eslora, llevan conjuntamente, seg\u00fan fuentes preliminares, m\u00e1s de 8.000 toneladas de combustible.<br \/>\nEl presidente ruso, Vlad\u00edmir Putin, orden\u00f3 crear un grupo de trabajo para liquidar las secuelas del vertido de crudo. \u201cEl grupo de trabajo se encargar\u00e1 de organizar las labores de rescate y tambi\u00e9n de la liquidaci\u00f3n de las consecuencias del vertido de combustible\u201d, inform\u00f3 Dimitri Peskov, portavoz del Kremlin, a la prensa local.<br \/>\nEl grupo estar\u00e1 encabezado por el viceprimer ministro, Vitali Saveliev, e incluir\u00e1 a los ministros de Situaciones de Emergencia y Recursos Naturales y Ecolog\u00eda.<\/p>\n<p>EVITAR HUNDIMIENTO<br \/>\nDE BUQUES<br \/>\nLos ecologistas consultados por la prensa advierten que si la mancha negra alcanza la costa, los niveles de contaminaci\u00f3n y su gravedad ser\u00e1n a\u00fan mayores, aunque los servicios de emergencias, alertan, tambi\u00e9n deben evitar a toda costa el hundimiento de los buques.<br \/>\nSeg\u00fan informaron los servicios de emergencia, los petroleros accidentados son el \u201cBolgoneft 212\u201d y el \u201cBolgoneft 239\u201d, ambos construidos hace m\u00e1s de 50 a\u00f1os.<br \/>\nEl primero se parti\u00f3 en dos a unos 7-8 kil\u00f3metros de la costa, tras lo que empez\u00f3 a verter petr\u00f3leo al mar, refleja un v\u00eddeo publicado por las autoridades locales. El segundo estuvo varias horas a la deriva y, finalmente, encall\u00f3 a unos 80 metros de la costa, en la regi\u00f3n de Krasnodar. \u201cSus 14 tripulantes est\u00e1n en el barco. Se mantiene contacto con ellos y se planea su evacuaci\u00f3n\u201d, se\u00f1alaron los servicios de emergencia, con respecto al \u201cBolgoneft 239\u201d.<br \/>\nEn el \u201cBolgoneft 212\u201d habr\u00eda 13 tripulantes, de los que uno muri\u00f3 y 12 fueron rescatados con vida, 11 de los marineros fueron hospitalizados en el hospital de la ciudad de Anapa con s\u00edntomas de congelaci\u00f3n y dos de ellos est\u00e1n en estado grave.<br \/>\nMedio centenar de efectivos, dos barcos de remolque y dos helic\u00f3pteros Mi-8 participan en las operaciones de rescate de ambos petroleros.<br \/>\nLa causa de los naufragios pudo ser tanto las fuertes r\u00e1fagas de viento reinante en la entrada al estrecho como el fuerte oleaje, inclemencias meteorol\u00f3gicas que habr\u00edan provocado un error de navegaci\u00f3n de sus tripulaciones. (Rtve)<\/p>\n","protected":false},"excerpt":{"rendered":"<p>El vertido de crudo en el estrecho de Kerch, que separa los mares Negro y Azov, ocurrido tras los accidentes sufridos ayer por dos petroleros rusos debido a una tormenta, amenaza con alcanzar la costa de la pen\u00ednsula de Crimea, anexionada por Rusia en 2014. Los expertos indican que la mancha podr\u00eda alcanzar las playas [&hellip;]<\/p>\n","protected":false},"author":1,"featured_media":268212,"comment_status":"closed","ping_status":"open","sticky":false,"template":"","format":"standard","meta":{"_acf_changed":false,"footnotes":""},"categories":[3],"tags":[],"class_list":["post-268211","post","type-post","status-publish","format-standard","has-post-thumbnail","category-internacional"],"acf":{"antetitulo":"Medio Ambiente"},"yoast_head":"<!-- This site is optimized with the Yoast SEO plugin v28.3 - https:\/\/yoast.com\/product\/yoast-seo-wordpress\/ -->\n<title>Vertido de crudo amenaza pen\u00ednsula de Crimea tras accidente petrolero - El Diario - Bolivia<\/title>\n<meta name=\"robots\" content=\"index, follow, max-snippet:-1, max-image-preview:large, max-video-preview:-1\" \/>\n<link rel=\"canonical\" href=\"https:\/\/www.eldiario.net\/portal\/2024\/12\/16\/vertido-de-crudo-amenaza-peninsula-de-crimea-tras-accidente-petrolero\/\" \/>\n<meta property=\"og:locale\" content=\"es_ES\" \/>\n<meta property=\"og:type\" content=\"article\" \/>\n<meta property=\"og:title\" content=\"Vertido de crudo amenaza pen\u00ednsula de Crimea tras accidente petrolero - El Diario - Bolivia\" \/>\n<meta property=\"og:description\" content=\"El vertido de crudo en el estrecho de Kerch, que separa los mares Negro y Azov, ocurrido tras los accidentes sufridos ayer por dos petroleros rusos debido a una tormenta, amenaza con alcanzar la costa de la pen\u00ednsula de Crimea, anexionada por Rusia en 2014. Los expertos indican que la mancha podr\u00eda alcanzar las playas [&hellip;]\" \/>\n<meta property=\"og:url\" content=\"https:\/\/www.eldiario.net\/portal\/2024\/12\/16\/vertido-de-crudo-amenaza-peninsula-de-crimea-tras-accidente-petrolero\/\" \/>\n<meta property=\"og:site_name\" content=\"El Diario - Bolivia\" \/>\n<meta property=\"article:publisher\" content=\"https:\/\/www.facebook.com\/eldiario.bolivia\/\" \/>\n<meta property=\"article:published_time\" content=\"2024-12-16T09:37:09+00:00\" \/>\n<meta property=\"og:image\" content=\"https:\/\/www.eldiario.net\/portal\/wp-content\/uploads\/2024\/12\/CRUDO-Rtve.jpg\" \/>\n\t<meta property=\"og:image:width\" content=\"800\" \/>\n\t<meta property=\"og:image:height\" content=\"450\" \/>\n\t<meta property=\"og:image:type\" content=\"image\/jpeg\" \/>\n<meta name=\"author\" content=\"Jeanette\" \/>\n<meta name=\"twitter:card\" content=\"summary_large_image\" \/>\n<meta name=\"twitter:creator\" content=\"@eldiario_net\" \/>\n<meta name=\"twitter:site\" content=\"@eldiario_net\" \/>\n<meta name=\"twitter:label1\" content=\"Escrito por\" \/>\n\t<meta name=\"twitter:data1\" content=\"Jeanette\" \/>\n\t<meta name=\"twitter:label2\" content=\"Tiempo de lectura\" \/>\n\t<meta name=\"twitter:data2\" content=\"2 minutos\" \/>\n<script type=\"application\/ld+json\" class=\"yoast-schema-graph\">{\"@context\":\"https:\\\/\\\/schema.org\",\"@graph\":[{\"@type\":\"Article\",\"@id\":\"https:\\\/\\\/www.eldiario.net\\\/portal\\\/2024\\\/12\\\/16\\\/vertido-de-crudo-amenaza-peninsula-de-crimea-tras-accidente-petrolero\\\/#article\",\"isPartOf\":{\"@id\":\"https:\\\/\\\/www.eldiario.net\\\/portal\\\/2024\\\/12\\\/16\\\/vertido-de-crudo-amenaza-peninsula-de-crimea-tras-accidente-petrolero\\\/\"},\"author\":{\"name\":\"Jeanette\",\"@id\":\"https:\\\/\\\/www.eldiario.net\\\/portal\\\/#\\\/schema\\\/person\\\/f46445640444750d7d753ccd04ae01b7\"},\"headline\":\"Vertido de crudo amenaza pen\u00ednsula de Crimea tras accidente petrolero\",\"datePublished\":\"2024-12-16T09:37:09+00:00\",\"mainEntityOfPage\":{\"@id\":\"https:\\\/\\\/www.eldiario.net\\\/portal\\\/2024\\\/12\\\/16\\\/vertido-de-crudo-amenaza-peninsula-de-crimea-tras-accidente-petrolero\\\/\"},\"wordCount\":441,\"publisher\":{\"@id\":\"https:\\\/\\\/www.eldiario.net\\\/portal\\\/#organization\"},\"image\":{\"@id\":\"https:\\\/\\\/www.eldiario.net\\\/portal\\\/2024\\\/12\\\/16\\\/vertido-de-crudo-amenaza-peninsula-de-crimea-tras-accidente-petrolero\\\/#primaryimage\"},\"thumbnailUrl\":\"https:\\\/\\\/www.eldiario.net\\\/portal\\\/wp-content\\\/uploads\\\/2024\\\/12\\\/CRUDO-Rtve.jpg\",\"articleSection\":[\"Internacional\"],\"inLanguage\":\"es\"},{\"@type\":\"WebPage\",\"@id\":\"https:\\\/\\\/www.eldiario.net\\\/portal\\\/2024\\\/12\\\/16\\\/vertido-de-crudo-amenaza-peninsula-de-crimea-tras-accidente-petrolero\\\/\",\"url\":\"https:\\\/\\\/www.eldiario.net\\\/portal\\\/2024\\\/12\\\/16\\\/vertido-de-crudo-amenaza-peninsula-de-crimea-tras-accidente-petrolero\\\/\",\"name\":\"Vertido de crudo amenaza pen\u00ednsula de Crimea tras accidente petrolero - El Diario - Bolivia\",\"isPartOf\":{\"@id\":\"https:\\\/\\\/www.eldiario.net\\\/portal\\\/#website\"},\"primaryImageOfPage\":{\"@id\":\"https:\\\/\\\/www.eldiario.net\\\/portal\\\/2024\\\/12\\\/16\\\/vertido-de-crudo-amenaza-peninsula-de-crimea-tras-accidente-petrolero\\\/#primaryimage\"},\"image\":{\"@id\":\"https:\\\/\\\/www.eldiario.net\\\/portal\\\/2024\\\/12\\\/16\\\/vertido-de-crudo-amenaza-peninsula-de-crimea-tras-accidente-petrolero\\\/#primaryimage\"},\"thumbnailUrl\":\"https:\\\/\\\/www.eldiario.net\\\/portal\\\/wp-content\\\/uploads\\\/2024\\\/12\\\/CRUDO-Rtve.jpg\",\"datePublished\":\"2024-12-16T09:37:09+00:00\",\"breadcrumb\":{\"@id\":\"https:\\\/\\\/www.eldiario.net\\\/portal\\\/2024\\\/12\\\/16\\\/vertido-de-crudo-amenaza-peninsula-de-crimea-tras-accidente-petrolero\\\/#breadcrumb\"},\"inLanguage\":\"es\",\"potentialAction\":[{\"@type\":\"ReadAction\",\"target\":[\"https:\\\/\\\/www.eldiario.net\\\/portal\\\/2024\\\/12\\\/16\\\/vertido-de-crudo-amenaza-peninsula-de-crimea-tras-accidente-petrolero\\\/\"]}]},{\"@type\":\"ImageObject\",\"inLanguage\":\"es\",\"@id\":\"https:\\\/\\\/www.eldiario.net\\\/portal\\\/2024\\\/12\\\/16\\\/vertido-de-crudo-amenaza-peninsula-de-crimea-tras-accidente-petrolero\\\/#primaryimage\",\"url\":\"https:\\\/\\\/www.eldiario.net\\\/portal\\\/wp-content\\\/uploads\\\/2024\\\/12\\\/CRUDO-Rtve.jpg\",\"contentUrl\":\"https:\\\/\\\/www.eldiario.net\\\/portal\\\/wp-content\\\/uploads\\\/2024\\\/12\\\/CRUDO-Rtve.jpg\",\"width\":800,\"height\":450,\"caption\":\"Un vertido amenaza la pen\u00ednsula de Crimea tras el accidente de dos petroleros rusos.\"},{\"@type\":\"BreadcrumbList\",\"@id\":\"https:\\\/\\\/www.eldiario.net\\\/portal\\\/2024\\\/12\\\/16\\\/vertido-de-crudo-amenaza-peninsula-de-crimea-tras-accidente-petrolero\\\/#breadcrumb\",\"itemListElement\":[{\"@type\":\"ListItem\",\"position\":1,\"name\":\"Portada\",\"item\":\"https:\\\/\\\/www.eldiario.net\\\/portal\\\/\"},{\"@type\":\"ListItem\",\"position\":2,\"name\":\"Vertido de crudo amenaza pen\u00ednsula de Crimea tras accidente petrolero\"}]},{\"@type\":\"WebSite\",\"@id\":\"https:\\\/\\\/www.eldiario.net\\\/portal\\\/#website\",\"url\":\"https:\\\/\\\/www.eldiario.net\\\/portal\\\/\",\"name\":\"El Diario - Decano de la prensa nacional\",\"description\":\"El Diario - Decano de la prensa nacional\",\"publisher\":{\"@id\":\"https:\\\/\\\/www.eldiario.net\\\/portal\\\/#organization\"},\"potentialAction\":[{\"@type\":\"SearchAction\",\"target\":{\"@type\":\"EntryPoint\",\"urlTemplate\":\"https:\\\/\\\/www.eldiario.net\\\/portal\\\/?s={search_term_string}\"},\"query-input\":{\"@type\":\"PropertyValueSpecification\",\"valueRequired\":true,\"valueName\":\"search_term_string\"}}],\"inLanguage\":\"es\"},{\"@type\":\"Organization\",\"@id\":\"https:\\\/\\\/www.eldiario.net\\\/portal\\\/#organization\",\"name\":\"El Diario - Decano de la prensa nacional\",\"url\":\"https:\\\/\\\/www.eldiario.net\\\/portal\\\/\",\"logo\":{\"@type\":\"ImageObject\",\"inLanguage\":\"es\",\"@id\":\"https:\\\/\\\/www.eldiario.net\\\/portal\\\/#\\\/schema\\\/logo\\\/image\\\/\",\"url\":\"https:\\\/\\\/www.eldiario.net\\\/portal\\\/wp-content\\\/uploads\\\/2023\\\/07\\\/logo_ED.jpg\",\"contentUrl\":\"https:\\\/\\\/www.eldiario.net\\\/portal\\\/wp-content\\\/uploads\\\/2023\\\/07\\\/logo_ED.jpg\",\"width\":272,\"height\":52,\"caption\":\"El Diario - Decano de la prensa nacional\"},\"image\":{\"@id\":\"https:\\\/\\\/www.eldiario.net\\\/portal\\\/#\\\/schema\\\/logo\\\/image\\\/\"},\"sameAs\":[\"https:\\\/\\\/www.facebook.com\\\/eldiario.bolivia\\\/\",\"https:\\\/\\\/x.com\\\/eldiario_net\"]},{\"@type\":\"Person\",\"@id\":\"https:\\\/\\\/www.eldiario.net\\\/portal\\\/#\\\/schema\\\/person\\\/f46445640444750d7d753ccd04ae01b7\",\"name\":\"Jeanette\",\"image\":{\"@type\":\"ImageObject\",\"inLanguage\":\"es\",\"@id\":\"https:\\\/\\\/secure.gravatar.com\\\/avatar\\\/3ea2118a5f7dad2b7138b1187a6b7ee55f160b9968b66013c3a3ef39dd7e5798?s=96&d=mm&r=g\",\"url\":\"https:\\\/\\\/secure.gravatar.com\\\/avatar\\\/3ea2118a5f7dad2b7138b1187a6b7ee55f160b9968b66013c3a3ef39dd7e5798?s=96&d=mm&r=g\",\"contentUrl\":\"https:\\\/\\\/secure.gravatar.com\\\/avatar\\\/3ea2118a5f7dad2b7138b1187a6b7ee55f160b9968b66013c3a3ef39dd7e5798?s=96&d=mm&r=g\",\"caption\":\"Jeanette\"},\"sameAs\":[\"https:\\\/\\\/www.eldiario.net\\\/portal\"],\"url\":\"https:\\\/\\\/www.eldiario.net\\\/portal\\\/author\\\/jeanette\\\/\"}]}<\/script>\n<!-- \/ Yoast SEO plugin. -->","yoast_head_json":{"title":"Vertido de crudo amenaza pen\u00ednsula de Crimea tras accidente petrolero - El Diario - Bolivia","robots":{"index":"index","follow":"follow","max-snippet":"max-snippet:-1","max-image-preview":"max-image-preview:large","max-video-preview":"max-video-preview:-1"},"canonical":"https:\/\/www.eldiario.net\/portal\/2024\/12\/16\/vertido-de-crudo-amenaza-peninsula-de-crimea-tras-accidente-petrolero\/","og_locale":"es_ES","og_type":"article","og_title":"Vertido de crudo amenaza pen\u00ednsula de Crimea tras accidente petrolero - El Diario - Bolivia","og_description":"El vertido de crudo en el estrecho de Kerch, que separa los mares Negro y Azov, ocurrido tras los accidentes sufridos ayer por dos petroleros rusos debido a una tormenta, amenaza con alcanzar la costa de la pen\u00ednsula de Crimea, anexionada por Rusia en 2014. Los expertos indican que la mancha podr\u00eda alcanzar las playas [&hellip;]","og_url":"https:\/\/www.eldiario.net\/portal\/2024\/12\/16\/vertido-de-crudo-amenaza-peninsula-de-crimea-tras-accidente-petrolero\/","og_site_name":"El Diario - Bolivia","article_publisher":"https:\/\/www.facebook.com\/eldiario.bolivia\/","article_published_time":"2024-12-16T09:37:09+00:00","og_image":[{"width":800,"height":450,"url":"https:\/\/www.eldiario.net\/portal\/wp-content\/uploads\/2024\/12\/CRUDO-Rtve.jpg","type":"image\/jpeg"}],"author":"Jeanette","twitter_card":"summary_large_image","twitter_creator":"@eldiario_net","twitter_site":"@eldiario_net","twitter_misc":{"Escrito por":"Jeanette","Tiempo de lectura":"2 minutos"},"schema":{"@context":"https:\/\/schema.org","@graph":[{"@type":"Article","@id":"https:\/\/www.eldiario.net\/portal\/2024\/12\/16\/vertido-de-crudo-amenaza-peninsula-de-crimea-tras-accidente-petrolero\/#article","isPartOf":{"@id":"https:\/\/www.eldiario.net\/portal\/2024\/12\/16\/vertido-de-crudo-amenaza-peninsula-de-crimea-tras-accidente-petrolero\/"},"author":{"name":"Jeanette","@id":"https:\/\/www.eldiario.net\/portal\/#\/schema\/person\/f46445640444750d7d753ccd04ae01b7"},"headline":"Vertido de crudo amenaza pen\u00ednsula de Crimea tras accidente petrolero","datePublished":"2024-12-16T09:37:09+00:00","mainEntityOfPage":{"@id":"https:\/\/www.eldiario.net\/portal\/2024\/12\/16\/vertido-de-crudo-amenaza-peninsula-de-crimea-tras-accidente-petrolero\/"},"wordCount":441,"publisher":{"@id":"https:\/\/www.eldiario.net\/portal\/#organization"},"image":{"@id":"https:\/\/www.eldiario.net\/portal\/2024\/12\/16\/vertido-de-crudo-amenaza-peninsula-de-crimea-tras-accidente-petrolero\/#primaryimage"},"thumbnailUrl":"https:\/\/www.eldiario.net\/portal\/wp-content\/uploads\/2024\/12\/CRUDO-Rtve.jpg","articleSection":["Internacional"],"inLanguage":"es"},{"@type":"WebPage","@id":"https:\/\/www.eldiario.net\/portal\/2024\/12\/16\/vertido-de-crudo-amenaza-peninsula-de-crimea-tras-accidente-petrolero\/","url":"https:\/\/www.eldiario.net\/portal\/2024\/12\/16\/vertido-de-crudo-amenaza-peninsula-de-crimea-tras-accidente-petrolero\/","name":"Vertido de crudo amenaza pen\u00ednsula de Crimea tras accidente petrolero - El Diario - Bolivia","isPartOf":{"@id":"https:\/\/www.eldiario.net\/portal\/#website"},"primaryImageOfPage":{"@id":"https:\/\/www.eldiario.net\/portal\/2024\/12\/16\/vertido-de-crudo-amenaza-peninsula-de-crimea-tras-accidente-petrolero\/#primaryimage"},"image":{"@id":"https:\/\/www.eldiario.net\/portal\/2024\/12\/16\/vertido-de-crudo-amenaza-peninsula-de-crimea-tras-accidente-petrolero\/#primaryimage"},"thumbnailUrl":"https:\/\/www.eldiario.net\/portal\/wp-content\/uploads\/2024\/12\/CRUDO-Rtve.jpg","datePublished":"2024-12-16T09:37:09+00:00","breadcrumb":{"@id":"https:\/\/www.eldiario.net\/portal\/2024\/12\/16\/vertido-de-crudo-amenaza-peninsula-de-crimea-tras-accidente-petrolero\/#breadcrumb"},"inLanguage":"es","potentialAction":[{"@type":"ReadAction","target":["https:\/\/www.eldiario.net\/portal\/2024\/12\/16\/vertido-de-crudo-amenaza-peninsula-de-crimea-tras-accidente-petrolero\/"]}]},{"@type":"ImageObject","inLanguage":"es","@id":"https:\/\/www.eldiario.net\/portal\/2024\/12\/16\/vertido-de-crudo-amenaza-peninsula-de-crimea-tras-accidente-petrolero\/#primaryimage","url":"https:\/\/www.eldiario.net\/portal\/wp-content\/uploads\/2024\/12\/CRUDO-Rtve.jpg","contentUrl":"https:\/\/www.eldiario.net\/portal\/wp-content\/uploads\/2024\/12\/CRUDO-Rtve.jpg","width":800,"height":450,"caption":"Un vertido amenaza la pen\u00ednsula de Crimea tras el accidente de dos petroleros rusos."},{"@type":"BreadcrumbList","@id":"https:\/\/www.eldiario.net\/portal\/2024\/12\/16\/vertido-de-crudo-amenaza-peninsula-de-crimea-tras-accidente-petrolero\/#breadcrumb","itemListElement":[{"@type":"ListItem","position":1,"name":"Portada","item":"https:\/\/www.eldiario.net\/portal\/"},{"@type":"ListItem","position":2,"name":"Vertido de crudo amenaza pen\u00ednsula de Crimea tras accidente petrolero"}]},{"@type":"WebSite","@id":"https:\/\/www.eldiario.net\/portal\/#website","url":"https:\/\/www.eldiario.net\/portal\/","name":"El Diario - Decano de la prensa nacional","description":"El Diario - Decano de la prensa nacional","publisher":{"@id":"https:\/\/www.eldiario.net\/portal\/#organization"},"potentialAction":[{"@type":"SearchAction","target":{"@type":"EntryPoint","urlTemplate":"https:\/\/www.eldiario.net\/portal\/?s={search_term_string}"},"query-input":{"@type":"PropertyValueSpecification","valueRequired":true,"valueName":"search_term_string"}}],"inLanguage":"es"},{"@type":"Organization","@id":"https:\/\/www.eldiario.net\/portal\/#organization","name":"El Diario - Decano de la prensa nacional","url":"https:\/\/www.eldiario.net\/portal\/","logo":{"@type":"ImageObject","inLanguage":"es","@id":"https:\/\/www.eldiario.net\/portal\/#\/schema\/logo\/image\/","url":"https:\/\/www.eldiario.net\/portal\/wp-content\/uploads\/2023\/07\/logo_ED.jpg","contentUrl":"https:\/\/www.eldiario.net\/portal\/wp-content\/uploads\/2023\/07\/logo_ED.jpg","width":272,"height":52,"caption":"El Diario - Decano de la prensa nacional"},"image":{"@id":"https:\/\/www.eldiario.net\/portal\/#\/schema\/logo\/image\/"},"sameAs":["https:\/\/www.facebook.com\/eldiario.bolivia\/","https:\/\/x.com\/eldiario_net"]},{"@type":"Person","@id":"https:\/\/www.eldiario.net\/portal\/#\/schema\/person\/f46445640444750d7d753ccd04ae01b7","name":"Jeanette","image":{"@type":"ImageObject","inLanguage":"es","@id":"https:\/\/secure.gravatar.com\/avatar\/3ea2118a5f7dad2b7138b1187a6b7ee55f160b9968b66013c3a3ef39dd7e5798?s=96&d=mm&r=g","url":"https:\/\/secure.gravatar.com\/avatar\/3ea2118a5f7dad2b7138b1187a6b7ee55f160b9968b66013c3a3ef39dd7e5798?s=96&d=mm&r=g","contentUrl":"https:\/\/secure.gravatar.com\/avatar\/3ea2118a5f7dad2b7138b1187a6b7ee55f160b9968b66013c3a3ef39dd7e5798?s=96&d=mm&r=g","caption":"Jeanette"},"sameAs":["https:\/\/www.eldiario.net\/portal"],"url":"https:\/\/www.eldiario.net\/portal\/author\/jeanette\/"}]}},"_links":{"self":[{"href":"https:\/\/www.eldiario.net\/portal\/wp-json\/wp\/v2\/posts\/268211","targetHints":{"allow":["GET"]}}],"collection":[{"href":"https:\/\/www.eldiario.net\/portal\/wp-json\/wp\/v2\/posts"}],"about":[{"href":"https:\/\/www.eldiario.net\/portal\/wp-json\/wp\/v2\/types\/post"}],"author":[{"embeddable":true,"href":"https:\/\/www.eldiario.net\/portal\/wp-json\/wp\/v2\/users\/1"}],"replies":[{"embeddable":true,"href":"https:\/\/www.eldiario.net\/portal\/wp-json\/wp\/v2\/comments?post=268211"}],"version-history":[{"count":1,"href":"https:\/\/www.eldiario.net\/portal\/wp-json\/wp\/v2\/posts\/268211\/revisions"}],"predecessor-version":[{"id":268213,"href":"https:\/\/www.eldiario.net\/portal\/wp-json\/wp\/v2\/posts\/268211\/revisions\/268213"}],"wp:featuredmedia":[{"embeddable":true,"href":"https:\/\/www.eldiario.net\/portal\/wp-json\/wp\/v2\/media\/268212"}],"wp:attachment":[{"href":"https:\/\/www.eldiario.net\/portal\/wp-json\/wp\/v2\/media?parent=268211"}],"wp:term":[{"taxonomy":"category","embeddable":true,"href":"https:\/\/www.eldiario.net\/portal\/wp-json\/wp\/v2\/categories?post=268211"},{"taxonomy":"post_tag","embeddable":true,"href":"https:\/\/www.eldiario.net\/portal\/wp-json\/wp\/v2\/tags?post=268211"}],"curies":[{"name":"wp","href":"https:\/\/api.w.org\/{rel}","templated":true}]}}