{"id":268209,"date":"2024-12-16T05:36:31","date_gmt":"2024-12-16T09:36:31","guid":{"rendered":"https:\/\/www.eldiario.net\/portal\/?p=268209"},"modified":"2024-12-16T05:36:31","modified_gmt":"2024-12-16T09:36:31","slug":"lula-recibe-alta-hospitalaria-tras-cirugias-por-hemorragia-craneal","status":"publish","type":"post","link":"https:\/\/www.eldiario.net\/portal\/2024\/12\/16\/lula-recibe-alta-hospitalaria-tras-cirugias-por-hemorragia-craneal\/","title":{"rendered":"Lula recibe alta hospitalaria tras cirug\u00edas por hemorragia craneal"},"content":{"rendered":"<p>El presidente permanecer\u00e1 en Sao Paulo hasta el jueves para una tomograf\u00eda, aunque podr\u00e1 trabajar con normalidad.<br \/>\nEl presidente brasile\u00f1o, Luiz In\u00e1cio Lula da Silva, hospitalizado desde el lunes para tratar una hemorragia intracraneal, fue dado de alta ayer por sus m\u00e9dicos, que aclararon que el l\u00edder progresista tendr\u00e1n que permanecer en Sao Paulo hasta el jueves para ex\u00e1menes de control.<br \/>\nLula, que fue intervenido de urgencia en dos ocasiones, se recuper\u00f3 r\u00e1pidamente de una crisis que le dej\u00f3 \u201casustado y preocupado\u201d por las perspectivas de su propia mortalidad. \u201cReivindico el derecho a vivir 120 a\u00f1os\u201d, brome\u00f3 en la rueda de prensa de despedida, en la que agradeci\u00f3 a los m\u00e9dicos y personal de enfermer\u00eda la atenci\u00f3n que le dispensaron.<br \/>\n\u201cMe dijeron que tengo que estar 60 d\u00edas tranquilo, pero puedo trabajar con normalidad. As\u00ed que a pasar Navidad y A\u00f1o Nuevo en casa, y a intentar obedecer las \u00f3rdenes de los m\u00e9dicos\u201d, manifest\u00f3.<br \/>\nEl mandatario permanecer\u00e1 en Sao Paulo hasta el pr\u00f3ximo jueves, donde se someter\u00e1 a una tomograf\u00eda para examinar su evoluci\u00f3n de una hemorragia que sufri\u00f3 tras golpearse la cabeza en el ba\u00f1o despu\u00e9s de cortarse las u\u00f1as, tal y como record\u00f3 el mandatario. (EP)<\/p>\n","protected":false},"excerpt":{"rendered":"<p>El presidente permanecer\u00e1 en Sao Paulo hasta el jueves para una tomograf\u00eda, aunque podr\u00e1 trabajar con normalidad. El presidente brasile\u00f1o, Luiz In\u00e1cio Lula da Silva, hospitalizado desde el lunes para tratar una hemorragia intracraneal, fue dado de alta ayer por sus m\u00e9dicos, que aclararon que el l\u00edder progresista tendr\u00e1n que permanecer en Sao Paulo hasta [&hellip;]<\/p>\n","protected":false},"author":1,"featured_media":194703,"comment_status":"closed","ping_status":"open","sticky":false,"template":"","format":"standard","meta":{"_acf_changed":false,"footnotes":""},"categories":[3],"tags":[],"class_list":["post-268209","post","type-post","status-publish","format-standard","has-post-thumbnail","category-internacional"],"acf":{"antetitulo":""},"yoast_head":"<!-- This site is optimized with the Yoast SEO plugin v28.3 - https:\/\/yoast.com\/product\/yoast-seo-wordpress\/ -->\n<title>Lula recibe alta hospitalaria tras cirug\u00edas por hemorragia craneal - El Diario - Bolivia<\/title>\n<meta name=\"robots\" content=\"index, follow, max-snippet:-1, max-image-preview:large, max-video-preview:-1\" \/>\n<link rel=\"canonical\" href=\"https:\/\/www.eldiario.net\/portal\/2024\/12\/16\/lula-recibe-alta-hospitalaria-tras-cirugias-por-hemorragia-craneal\/\" \/>\n<meta property=\"og:locale\" content=\"es_ES\" \/>\n<meta property=\"og:type\" content=\"article\" \/>\n<meta property=\"og:title\" content=\"Lula recibe alta hospitalaria tras cirug\u00edas por hemorragia craneal - El Diario - Bolivia\" \/>\n<meta property=\"og:description\" content=\"El presidente permanecer\u00e1 en Sao Paulo hasta el jueves para una tomograf\u00eda, aunque podr\u00e1 trabajar con normalidad. El presidente brasile\u00f1o, Luiz In\u00e1cio Lula da Silva, hospitalizado desde el lunes para tratar una hemorragia intracraneal, fue dado de alta ayer por sus m\u00e9dicos, que aclararon que el l\u00edder progresista tendr\u00e1n que permanecer en Sao Paulo hasta [&hellip;]\" \/>\n<meta property=\"og:url\" content=\"https:\/\/www.eldiario.net\/portal\/2024\/12\/16\/lula-recibe-alta-hospitalaria-tras-cirugias-por-hemorragia-craneal\/\" \/>\n<meta property=\"og:site_name\" content=\"El Diario - Bolivia\" \/>\n<meta property=\"article:publisher\" content=\"https:\/\/www.facebook.com\/eldiario.bolivia\/\" \/>\n<meta property=\"article:published_time\" content=\"2024-12-16T09:36:31+00:00\" \/>\n<meta property=\"og:image\" content=\"https:\/\/www.eldiario.net\/portal\/wp-content\/uploads\/2023\/12\/Internacional.jpg\" \/>\n\t<meta property=\"og:image:width\" content=\"800\" \/>\n\t<meta property=\"og:image:height\" content=\"500\" \/>\n\t<meta property=\"og:image:type\" content=\"image\/jpeg\" \/>\n<meta name=\"author\" content=\"Jeanette\" \/>\n<meta name=\"twitter:card\" content=\"summary_large_image\" \/>\n<meta name=\"twitter:creator\" content=\"@eldiario_net\" \/>\n<meta name=\"twitter:site\" content=\"@eldiario_net\" \/>\n<meta name=\"twitter:label1\" content=\"Escrito por\" \/>\n\t<meta name=\"twitter:data1\" content=\"Jeanette\" \/>\n\t<meta name=\"twitter:label2\" content=\"Tiempo de lectura\" \/>\n\t<meta name=\"twitter:data2\" content=\"2 minutos\" \/>\n<script type=\"application\/ld+json\" class=\"yoast-schema-graph\">{\"@context\":\"https:\\\/\\\/schema.org\",\"@graph\":[{\"@type\":\"Article\",\"@id\":\"https:\\\/\\\/www.eldiario.net\\\/portal\\\/2024\\\/12\\\/16\\\/lula-recibe-alta-hospitalaria-tras-cirugias-por-hemorragia-craneal\\\/#article\",\"isPartOf\":{\"@id\":\"https:\\\/\\\/www.eldiario.net\\\/portal\\\/2024\\\/12\\\/16\\\/lula-recibe-alta-hospitalaria-tras-cirugias-por-hemorragia-craneal\\\/\"},\"author\":{\"name\":\"Jeanette\",\"@id\":\"https:\\\/\\\/www.eldiario.net\\\/portal\\\/#\\\/schema\\\/person\\\/f46445640444750d7d753ccd04ae01b7\"},\"headline\":\"Lula recibe alta hospitalaria tras cirug\u00edas por hemorragia craneal\",\"datePublished\":\"2024-12-16T09:36:31+00:00\",\"mainEntityOfPage\":{\"@id\":\"https:\\\/\\\/www.eldiario.net\\\/portal\\\/2024\\\/12\\\/16\\\/lula-recibe-alta-hospitalaria-tras-cirugias-por-hemorragia-craneal\\\/\"},\"wordCount\":227,\"publisher\":{\"@id\":\"https:\\\/\\\/www.eldiario.net\\\/portal\\\/#organization\"},\"image\":{\"@id\":\"https:\\\/\\\/www.eldiario.net\\\/portal\\\/2024\\\/12\\\/16\\\/lula-recibe-alta-hospitalaria-tras-cirugias-por-hemorragia-craneal\\\/#primaryimage\"},\"thumbnailUrl\":\"https:\\\/\\\/www.eldiario.net\\\/portal\\\/wp-content\\\/uploads\\\/2023\\\/12\\\/Internacional.jpg\",\"articleSection\":[\"Internacional\"],\"inLanguage\":\"es\"},{\"@type\":\"WebPage\",\"@id\":\"https:\\\/\\\/www.eldiario.net\\\/portal\\\/2024\\\/12\\\/16\\\/lula-recibe-alta-hospitalaria-tras-cirugias-por-hemorragia-craneal\\\/\",\"url\":\"https:\\\/\\\/www.eldiario.net\\\/portal\\\/2024\\\/12\\\/16\\\/lula-recibe-alta-hospitalaria-tras-cirugias-por-hemorragia-craneal\\\/\",\"name\":\"Lula recibe alta hospitalaria tras cirug\u00edas por hemorragia craneal - El Diario - Bolivia\",\"isPartOf\":{\"@id\":\"https:\\\/\\\/www.eldiario.net\\\/portal\\\/#website\"},\"primaryImageOfPage\":{\"@id\":\"https:\\\/\\\/www.eldiario.net\\\/portal\\\/2024\\\/12\\\/16\\\/lula-recibe-alta-hospitalaria-tras-cirugias-por-hemorragia-craneal\\\/#primaryimage\"},\"image\":{\"@id\":\"https:\\\/\\\/www.eldiario.net\\\/portal\\\/2024\\\/12\\\/16\\\/lula-recibe-alta-hospitalaria-tras-cirugias-por-hemorragia-craneal\\\/#primaryimage\"},\"thumbnailUrl\":\"https:\\\/\\\/www.eldiario.net\\\/portal\\\/wp-content\\\/uploads\\\/2023\\\/12\\\/Internacional.jpg\",\"datePublished\":\"2024-12-16T09:36:31+00:00\",\"breadcrumb\":{\"@id\":\"https:\\\/\\\/www.eldiario.net\\\/portal\\\/2024\\\/12\\\/16\\\/lula-recibe-alta-hospitalaria-tras-cirugias-por-hemorragia-craneal\\\/#breadcrumb\"},\"inLanguage\":\"es\",\"potentialAction\":[{\"@type\":\"ReadAction\",\"target\":[\"https:\\\/\\\/www.eldiario.net\\\/portal\\\/2024\\\/12\\\/16\\\/lula-recibe-alta-hospitalaria-tras-cirugias-por-hemorragia-craneal\\\/\"]}]},{\"@type\":\"ImageObject\",\"inLanguage\":\"es\",\"@id\":\"https:\\\/\\\/www.eldiario.net\\\/portal\\\/2024\\\/12\\\/16\\\/lula-recibe-alta-hospitalaria-tras-cirugias-por-hemorragia-craneal\\\/#primaryimage\",\"url\":\"https:\\\/\\\/www.eldiario.net\\\/portal\\\/wp-content\\\/uploads\\\/2023\\\/12\\\/Internacional.jpg\",\"contentUrl\":\"https:\\\/\\\/www.eldiario.net\\\/portal\\\/wp-content\\\/uploads\\\/2023\\\/12\\\/Internacional.jpg\",\"width\":800,\"height\":500},{\"@type\":\"BreadcrumbList\",\"@id\":\"https:\\\/\\\/www.eldiario.net\\\/portal\\\/2024\\\/12\\\/16\\\/lula-recibe-alta-hospitalaria-tras-cirugias-por-hemorragia-craneal\\\/#breadcrumb\",\"itemListElement\":[{\"@type\":\"ListItem\",\"position\":1,\"name\":\"Portada\",\"item\":\"https:\\\/\\\/www.eldiario.net\\\/portal\\\/\"},{\"@type\":\"ListItem\",\"position\":2,\"name\":\"Lula recibe alta hospitalaria tras cirug\u00edas por hemorragia craneal\"}]},{\"@type\":\"WebSite\",\"@id\":\"https:\\\/\\\/www.eldiario.net\\\/portal\\\/#website\",\"url\":\"https:\\\/\\\/www.eldiario.net\\\/portal\\\/\",\"name\":\"El Diario - Decano de la prensa nacional\",\"description\":\"El Diario - Decano de la prensa nacional\",\"publisher\":{\"@id\":\"https:\\\/\\\/www.eldiario.net\\\/portal\\\/#organization\"},\"potentialAction\":[{\"@type\":\"SearchAction\",\"target\":{\"@type\":\"EntryPoint\",\"urlTemplate\":\"https:\\\/\\\/www.eldiario.net\\\/portal\\\/?s={search_term_string}\"},\"query-input\":{\"@type\":\"PropertyValueSpecification\",\"valueRequired\":true,\"valueName\":\"search_term_string\"}}],\"inLanguage\":\"es\"},{\"@type\":\"Organization\",\"@id\":\"https:\\\/\\\/www.eldiario.net\\\/portal\\\/#organization\",\"name\":\"El Diario - Decano de la prensa nacional\",\"url\":\"https:\\\/\\\/www.eldiario.net\\\/portal\\\/\",\"logo\":{\"@type\":\"ImageObject\",\"inLanguage\":\"es\",\"@id\":\"https:\\\/\\\/www.eldiario.net\\\/portal\\\/#\\\/schema\\\/logo\\\/image\\\/\",\"url\":\"https:\\\/\\\/www.eldiario.net\\\/portal\\\/wp-content\\\/uploads\\\/2023\\\/07\\\/logo_ED.jpg\",\"contentUrl\":\"https:\\\/\\\/www.eldiario.net\\\/portal\\\/wp-content\\\/uploads\\\/2023\\\/07\\\/logo_ED.jpg\",\"width\":272,\"height\":52,\"caption\":\"El Diario - Decano de la prensa nacional\"},\"image\":{\"@id\":\"https:\\\/\\\/www.eldiario.net\\\/portal\\\/#\\\/schema\\\/logo\\\/image\\\/\"},\"sameAs\":[\"https:\\\/\\\/www.facebook.com\\\/eldiario.bolivia\\\/\",\"https:\\\/\\\/x.com\\\/eldiario_net\"]},{\"@type\":\"Person\",\"@id\":\"https:\\\/\\\/www.eldiario.net\\\/portal\\\/#\\\/schema\\\/person\\\/f46445640444750d7d753ccd04ae01b7\",\"name\":\"Jeanette\",\"image\":{\"@type\":\"ImageObject\",\"inLanguage\":\"es\",\"@id\":\"https:\\\/\\\/secure.gravatar.com\\\/avatar\\\/3ea2118a5f7dad2b7138b1187a6b7ee55f160b9968b66013c3a3ef39dd7e5798?s=96&d=mm&r=g\",\"url\":\"https:\\\/\\\/secure.gravatar.com\\\/avatar\\\/3ea2118a5f7dad2b7138b1187a6b7ee55f160b9968b66013c3a3ef39dd7e5798?s=96&d=mm&r=g\",\"contentUrl\":\"https:\\\/\\\/secure.gravatar.com\\\/avatar\\\/3ea2118a5f7dad2b7138b1187a6b7ee55f160b9968b66013c3a3ef39dd7e5798?s=96&d=mm&r=g\",\"caption\":\"Jeanette\"},\"sameAs\":[\"https:\\\/\\\/www.eldiario.net\\\/portal\"],\"url\":\"https:\\\/\\\/www.eldiario.net\\\/portal\\\/author\\\/jeanette\\\/\"}]}<\/script>\n<!-- \/ Yoast SEO plugin. -->","yoast_head_json":{"title":"Lula recibe alta hospitalaria tras cirug\u00edas por hemorragia craneal - El Diario - Bolivia","robots":{"index":"index","follow":"follow","max-snippet":"max-snippet:-1","max-image-preview":"max-image-preview:large","max-video-preview":"max-video-preview:-1"},"canonical":"https:\/\/www.eldiario.net\/portal\/2024\/12\/16\/lula-recibe-alta-hospitalaria-tras-cirugias-por-hemorragia-craneal\/","og_locale":"es_ES","og_type":"article","og_title":"Lula recibe alta hospitalaria tras cirug\u00edas por hemorragia craneal - El Diario - Bolivia","og_description":"El presidente permanecer\u00e1 en Sao Paulo hasta el jueves para una tomograf\u00eda, aunque podr\u00e1 trabajar con normalidad. El presidente brasile\u00f1o, Luiz In\u00e1cio Lula da Silva, hospitalizado desde el lunes para tratar una hemorragia intracraneal, fue dado de alta ayer por sus m\u00e9dicos, que aclararon que el l\u00edder progresista tendr\u00e1n que permanecer en Sao Paulo hasta [&hellip;]","og_url":"https:\/\/www.eldiario.net\/portal\/2024\/12\/16\/lula-recibe-alta-hospitalaria-tras-cirugias-por-hemorragia-craneal\/","og_site_name":"El Diario - Bolivia","article_publisher":"https:\/\/www.facebook.com\/eldiario.bolivia\/","article_published_time":"2024-12-16T09:36:31+00:00","og_image":[{"width":800,"height":500,"url":"https:\/\/www.eldiario.net\/portal\/wp-content\/uploads\/2023\/12\/Internacional.jpg","type":"image\/jpeg"}],"author":"Jeanette","twitter_card":"summary_large_image","twitter_creator":"@eldiario_net","twitter_site":"@eldiario_net","twitter_misc":{"Escrito por":"Jeanette","Tiempo de lectura":"2 minutos"},"schema":{"@context":"https:\/\/schema.org","@graph":[{"@type":"Article","@id":"https:\/\/www.eldiario.net\/portal\/2024\/12\/16\/lula-recibe-alta-hospitalaria-tras-cirugias-por-hemorragia-craneal\/#article","isPartOf":{"@id":"https:\/\/www.eldiario.net\/portal\/2024\/12\/16\/lula-recibe-alta-hospitalaria-tras-cirugias-por-hemorragia-craneal\/"},"author":{"name":"Jeanette","@id":"https:\/\/www.eldiario.net\/portal\/#\/schema\/person\/f46445640444750d7d753ccd04ae01b7"},"headline":"Lula recibe alta hospitalaria tras cirug\u00edas por hemorragia craneal","datePublished":"2024-12-16T09:36:31+00:00","mainEntityOfPage":{"@id":"https:\/\/www.eldiario.net\/portal\/2024\/12\/16\/lula-recibe-alta-hospitalaria-tras-cirugias-por-hemorragia-craneal\/"},"wordCount":227,"publisher":{"@id":"https:\/\/www.eldiario.net\/portal\/#organization"},"image":{"@id":"https:\/\/www.eldiario.net\/portal\/2024\/12\/16\/lula-recibe-alta-hospitalaria-tras-cirugias-por-hemorragia-craneal\/#primaryimage"},"thumbnailUrl":"https:\/\/www.eldiario.net\/portal\/wp-content\/uploads\/2023\/12\/Internacional.jpg","articleSection":["Internacional"],"inLanguage":"es"},{"@type":"WebPage","@id":"https:\/\/www.eldiario.net\/portal\/2024\/12\/16\/lula-recibe-alta-hospitalaria-tras-cirugias-por-hemorragia-craneal\/","url":"https:\/\/www.eldiario.net\/portal\/2024\/12\/16\/lula-recibe-alta-hospitalaria-tras-cirugias-por-hemorragia-craneal\/","name":"Lula recibe alta hospitalaria tras cirug\u00edas por hemorragia craneal - El Diario - Bolivia","isPartOf":{"@id":"https:\/\/www.eldiario.net\/portal\/#website"},"primaryImageOfPage":{"@id":"https:\/\/www.eldiario.net\/portal\/2024\/12\/16\/lula-recibe-alta-hospitalaria-tras-cirugias-por-hemorragia-craneal\/#primaryimage"},"image":{"@id":"https:\/\/www.eldiario.net\/portal\/2024\/12\/16\/lula-recibe-alta-hospitalaria-tras-cirugias-por-hemorragia-craneal\/#primaryimage"},"thumbnailUrl":"https:\/\/www.eldiario.net\/portal\/wp-content\/uploads\/2023\/12\/Internacional.jpg","datePublished":"2024-12-16T09:36:31+00:00","breadcrumb":{"@id":"https:\/\/www.eldiario.net\/portal\/2024\/12\/16\/lula-recibe-alta-hospitalaria-tras-cirugias-por-hemorragia-craneal\/#breadcrumb"},"inLanguage":"es","potentialAction":[{"@type":"ReadAction","target":["https:\/\/www.eldiario.net\/portal\/2024\/12\/16\/lula-recibe-alta-hospitalaria-tras-cirugias-por-hemorragia-craneal\/"]}]},{"@type":"ImageObject","inLanguage":"es","@id":"https:\/\/www.eldiario.net\/portal\/2024\/12\/16\/lula-recibe-alta-hospitalaria-tras-cirugias-por-hemorragia-craneal\/#primaryimage","url":"https:\/\/www.eldiario.net\/portal\/wp-content\/uploads\/2023\/12\/Internacional.jpg","contentUrl":"https:\/\/www.eldiario.net\/portal\/wp-content\/uploads\/2023\/12\/Internacional.jpg","width":800,"height":500},{"@type":"BreadcrumbList","@id":"https:\/\/www.eldiario.net\/portal\/2024\/12\/16\/lula-recibe-alta-hospitalaria-tras-cirugias-por-hemorragia-craneal\/#breadcrumb","itemListElement":[{"@type":"ListItem","position":1,"name":"Portada","item":"https:\/\/www.eldiario.net\/portal\/"},{"@type":"ListItem","position":2,"name":"Lula recibe alta hospitalaria tras cirug\u00edas por hemorragia craneal"}]},{"@type":"WebSite","@id":"https:\/\/www.eldiario.net\/portal\/#website","url":"https:\/\/www.eldiario.net\/portal\/","name":"El Diario - Decano de la prensa nacional","description":"El Diario - Decano de la prensa nacional","publisher":{"@id":"https:\/\/www.eldiario.net\/portal\/#organization"},"potentialAction":[{"@type":"SearchAction","target":{"@type":"EntryPoint","urlTemplate":"https:\/\/www.eldiario.net\/portal\/?s={search_term_string}"},"query-input":{"@type":"PropertyValueSpecification","valueRequired":true,"valueName":"search_term_string"}}],"inLanguage":"es"},{"@type":"Organization","@id":"https:\/\/www.eldiario.net\/portal\/#organization","name":"El Diario - Decano de la prensa nacional","url":"https:\/\/www.eldiario.net\/portal\/","logo":{"@type":"ImageObject","inLanguage":"es","@id":"https:\/\/www.eldiario.net\/portal\/#\/schema\/logo\/image\/","url":"https:\/\/www.eldiario.net\/portal\/wp-content\/uploads\/2023\/07\/logo_ED.jpg","contentUrl":"https:\/\/www.eldiario.net\/portal\/wp-content\/uploads\/2023\/07\/logo_ED.jpg","width":272,"height":52,"caption":"El Diario - Decano de la prensa nacional"},"image":{"@id":"https:\/\/www.eldiario.net\/portal\/#\/schema\/logo\/image\/"},"sameAs":["https:\/\/www.facebook.com\/eldiario.bolivia\/","https:\/\/x.com\/eldiario_net"]},{"@type":"Person","@id":"https:\/\/www.eldiario.net\/portal\/#\/schema\/person\/f46445640444750d7d753ccd04ae01b7","name":"Jeanette","image":{"@type":"ImageObject","inLanguage":"es","@id":"https:\/\/secure.gravatar.com\/avatar\/3ea2118a5f7dad2b7138b1187a6b7ee55f160b9968b66013c3a3ef39dd7e5798?s=96&d=mm&r=g","url":"https:\/\/secure.gravatar.com\/avatar\/3ea2118a5f7dad2b7138b1187a6b7ee55f160b9968b66013c3a3ef39dd7e5798?s=96&d=mm&r=g","contentUrl":"https:\/\/secure.gravatar.com\/avatar\/3ea2118a5f7dad2b7138b1187a6b7ee55f160b9968b66013c3a3ef39dd7e5798?s=96&d=mm&r=g","caption":"Jeanette"},"sameAs":["https:\/\/www.eldiario.net\/portal"],"url":"https:\/\/www.eldiario.net\/portal\/author\/jeanette\/"}]}},"_links":{"self":[{"href":"https:\/\/www.eldiario.net\/portal\/wp-json\/wp\/v2\/posts\/268209","targetHints":{"allow":["GET"]}}],"collection":[{"href":"https:\/\/www.eldiario.net\/portal\/wp-json\/wp\/v2\/posts"}],"about":[{"href":"https:\/\/www.eldiario.net\/portal\/wp-json\/wp\/v2\/types\/post"}],"author":[{"embeddable":true,"href":"https:\/\/www.eldiario.net\/portal\/wp-json\/wp\/v2\/users\/1"}],"replies":[{"embeddable":true,"href":"https:\/\/www.eldiario.net\/portal\/wp-json\/wp\/v2\/comments?post=268209"}],"version-history":[{"count":1,"href":"https:\/\/www.eldiario.net\/portal\/wp-json\/wp\/v2\/posts\/268209\/revisions"}],"predecessor-version":[{"id":268210,"href":"https:\/\/www.eldiario.net\/portal\/wp-json\/wp\/v2\/posts\/268209\/revisions\/268210"}],"wp:featuredmedia":[{"embeddable":true,"href":"https:\/\/www.eldiario.net\/portal\/wp-json\/wp\/v2\/media\/194703"}],"wp:attachment":[{"href":"https:\/\/www.eldiario.net\/portal\/wp-json\/wp\/v2\/media?parent=268209"}],"wp:term":[{"taxonomy":"category","embeddable":true,"href":"https:\/\/www.eldiario.net\/portal\/wp-json\/wp\/v2\/categories?post=268209"},{"taxonomy":"post_tag","embeddable":true,"href":"https:\/\/www.eldiario.net\/portal\/wp-json\/wp\/v2\/tags?post=268209"}],"curies":[{"name":"wp","href":"https:\/\/api.w.org\/{rel}","templated":true}]}}