{"id":268206,"date":"2024-12-16T05:35:01","date_gmt":"2024-12-16T09:35:01","guid":{"rendered":"https:\/\/www.eldiario.net\/portal\/?p=268206"},"modified":"2024-12-16T05:35:01","modified_gmt":"2024-12-16T09:35:01","slug":"gestion-de-gobierno-de-boluarte-genera-rechazo-entre-los-peruanos","status":"publish","type":"post","link":"https:\/\/www.eldiario.net\/portal\/2024\/12\/16\/gestion-de-gobierno-de-boluarte-genera-rechazo-entre-los-peruanos\/","title":{"rendered":"Gesti\u00f3n de gobierno de Boluarte  genera rechazo entre los peruanos"},"content":{"rendered":"<p class=\"v1MsoNormal\">El cierre de a\u00f1o para la presidenta de Per\u00fa, Dina Boluarte, es menos que favorable en t\u00e9rminos de su popularidad, que volvi\u00f3 a caer y llega ahora al 3% a nivel nacional. No solo eso, sino que el rechazo a su gesti\u00f3n ahora alcanzo un nuevo nivel, pues el 95% de peruanos se posicion\u00f3 en contra de la mandataria, seg\u00fan lo revel\u00f3 un estudio reciente hecho por la encuestadora Datum, publicado por El Comercio.<\/p>\n<p class=\"v1MsoNormal\">El cierre de a\u00f1o para la presidenta, Dina Boluarte, es menos que favorable en t\u00e9rminos de su popularidad, que volvi\u00f3 a caer y llega ahora al 3% a nivel nacional. No solo eso, sino que el rechazo a su gesti\u00f3n ahora alcanzo un nuevo nivel, pues el 95 % de peruanos se posicion\u00f3 en contra de la mandataria, seg\u00fan lo revel\u00f3 un estudio reciente hecho por la encuestadora Datum, publicado por El Comercio.<\/p>\n<p class=\"v1MsoNormal\">El an\u00e1lisis de opini\u00f3n tambi\u00e9n profundiza en las sensaciones que experimentan aquellos ciudadanos que rechazan la gesti\u00f3n de la mandataria, un grupo que fue creciendo con el pasar de los meses. Seg\u00fan las respuestas emitidas por las personas que participaron del estudio, Dina Boluarte, genera sensaciones negativas entre los ciudadanos, siendo \u00abme decepciona c\u00f3mo est\u00e1 manejando el pa\u00eds\u00bb (33%) la respuesta m\u00e1s com\u00fan.<\/p>\n<p class=\"v1MsoNormal\">La segunda respuesta m\u00e1s com\u00fan entre los encuestados es \u00abme enfurece su indiferencia hacia los problemas reales de la gente\u00bb (20%); seguida por \u00absiento que su presencia en el poder es una burla para todos\u00bb (18%); \u00absiento que cada decisi\u00f3n suya empeora la situaci\u00f3n\u00bb (17%); y \u00absiento rabia profunda cada vez que la veo o la escucho\u00bb (9%). Solo el 3% de quienes la rechazan no argumentan un motivo de por qu\u00e9.<\/p>\n<p class=\"v1MsoNormal\">Seg\u00fan el estudio de Datum para El Comercio, la popularidad de la presidenta Boluarte cae incluso hasta el 1 % en el centro del Per\u00fa, mientras que al sur del pa\u00eds es de 2 %. Tanto en Lima y Callao, adem\u00e1s de las regiones del norte, la aceptaci\u00f3n de la mandataria es de apenas 3%; mientras que en el oriente, su popularidad es de 6%, aunque esta cifra sigue siendo alarmante, pues en general, 9 de cada 10 peruanos rechaza a Dina Boluarte.<\/p>\n<p class=\"v1MsoNormal\">\n<p class=\"v1MsoNormal\">MINISTROS ADRIANZ\u00c9N Y SANTIV\u00c1\u00d1EZ<\/p>\n<p class=\"v1MsoNormal\">El an\u00e1lisis hecho por la encuestadora no solo se limit\u00f3 a la imagen de la presidenta, Dina Boluarte, sino que adem\u00e1s pudo identificar cu\u00e1les son los ministros designados por ella y que tambi\u00e9n son altamente impopulares a ra\u00edz de la gesti\u00f3n que realizaron en los meses que tienen en funciones como parte del Gabinete.<\/p>\n<p class=\"v1MsoNormal\">Gustavo Adrianz\u00e9n, presidente del Consejo de Ministros, es el ministro con mayor impopularidad, que llega al 82 % de ciudadanos y se increment\u00f3 desde septiembre de este a\u00f1o, cuando se encontraba en 65 %. Su gesti\u00f3n apenas es aprobada por el 1 de cada 10 peruanos, pues solo tiene una aceptaci\u00f3n del 5 % a nivel nacional.<\/p>\n<p class=\"v1MsoNormal\">El ministro del Interior, Juan Jos\u00e9 Santiv\u00e1\u00f1ez, tambi\u00e9n aparece en el top dos de los ministros m\u00e1s rechazados con el 80% de los peruanos en contra de su gesti\u00f3n, que hasta el momento tuvo resultados negativos en cuanto a la lucha contra la criminalidad debido al incremento en las cifras oficiales de personas v\u00edctimas de homicidio en el Per\u00fa, seg\u00fan datos oficiales del Sistema de Informaci\u00f3n de Defunciones del Ministerio de Salud.<\/p>\n<p class=\"v1MsoNormal\">Adem\u00e1s, el propio ministro se\u00f1al\u00f3 que renunciar\u00eda a su cargo si el estado de emergencia en 14 distritos de Lima Metropolitana y el Callao no da resultados; una promesa que sigue sin cumplir pese a que en los distritos afectados se registraron asesinatos, robos y extorsiones de manera recurrente. Uno de los casos m\u00e1s discutidos fue el del asesinato de un maestro que fue asesinado por un sicario al interior de un colegio en el distrito de Ate en octubre, solo unos d\u00edas luego de que el gobierno de Boluarte decidi\u00f3 incluir a este distrito en la lista de zonas en emergencia.<\/p>\n<p class=\"v1MsoNormal\">En los \u00faltimos meses, la gesti\u00f3n de Santiv\u00e1\u00f1ez tambi\u00e9n fue discutida por sectores como el de transportistas, quienes realizaron manifestaciones, protestas e incluso realizaron un paro nacional para exigir garant\u00edas de seguridad para sus vidas y sus trabajos, pues varios integrantes del gremio se enfrentan diariamente a extorsionadores y varios ya fueron v\u00edctimas de sicarios.(Infobae)<\/p>\n","protected":false},"excerpt":{"rendered":"<p>El cierre de a\u00f1o para la presidenta de Per\u00fa, Dina Boluarte, es menos que favorable en t\u00e9rminos de su popularidad, que volvi\u00f3 a caer y llega ahora al 3% a nivel nacional. No solo eso, sino que el rechazo a su gesti\u00f3n ahora alcanzo un nuevo nivel, pues el 95% de peruanos se posicion\u00f3 en [&hellip;]<\/p>\n","protected":false},"author":1,"featured_media":268207,"comment_status":"closed","ping_status":"open","sticky":false,"template":"","format":"standard","meta":{"_acf_changed":false,"footnotes":""},"categories":[3],"tags":[],"class_list":["post-268206","post","type-post","status-publish","format-standard","has-post-thumbnail","category-internacional"],"acf":{"antetitulo":"Seg\u00fan datos de encuestadora"},"yoast_head":"<!-- This site is optimized with the Yoast SEO plugin v28.3 - https:\/\/yoast.com\/product\/yoast-seo-wordpress\/ -->\n<title>Gesti\u00f3n de gobierno de Boluarte genera rechazo entre los peruanos - El Diario - Bolivia<\/title>\n<meta name=\"robots\" content=\"index, follow, max-snippet:-1, max-image-preview:large, max-video-preview:-1\" \/>\n<link rel=\"canonical\" href=\"https:\/\/www.eldiario.net\/portal\/2024\/12\/16\/gestion-de-gobierno-de-boluarte-genera-rechazo-entre-los-peruanos\/\" \/>\n<meta property=\"og:locale\" content=\"es_ES\" \/>\n<meta property=\"og:type\" content=\"article\" \/>\n<meta property=\"og:title\" content=\"Gesti\u00f3n de gobierno de Boluarte genera rechazo entre los peruanos - El Diario - Bolivia\" \/>\n<meta property=\"og:description\" content=\"El cierre de a\u00f1o para la presidenta de Per\u00fa, Dina Boluarte, es menos que favorable en t\u00e9rminos de su popularidad, que volvi\u00f3 a caer y llega ahora al 3% a nivel nacional. No solo eso, sino que el rechazo a su gesti\u00f3n ahora alcanzo un nuevo nivel, pues el 95% de peruanos se posicion\u00f3 en [&hellip;]\" \/>\n<meta property=\"og:url\" content=\"https:\/\/www.eldiario.net\/portal\/2024\/12\/16\/gestion-de-gobierno-de-boluarte-genera-rechazo-entre-los-peruanos\/\" \/>\n<meta property=\"og:site_name\" content=\"El Diario - Bolivia\" \/>\n<meta property=\"article:publisher\" content=\"https:\/\/www.facebook.com\/eldiario.bolivia\/\" \/>\n<meta property=\"article:published_time\" content=\"2024-12-16T09:35:01+00:00\" \/>\n<meta property=\"og:image\" content=\"https:\/\/www.eldiario.net\/portal\/wp-content\/uploads\/2024\/12\/DINA-Infobae.jpg\" \/>\n\t<meta property=\"og:image:width\" content=\"992\" \/>\n\t<meta property=\"og:image:height\" content=\"661\" \/>\n\t<meta property=\"og:image:type\" content=\"image\/jpeg\" \/>\n<meta name=\"author\" content=\"Jeanette\" \/>\n<meta name=\"twitter:card\" content=\"summary_large_image\" \/>\n<meta name=\"twitter:creator\" content=\"@eldiario_net\" \/>\n<meta name=\"twitter:site\" content=\"@eldiario_net\" \/>\n<meta name=\"twitter:label1\" content=\"Escrito por\" \/>\n\t<meta name=\"twitter:data1\" content=\"Jeanette\" \/>\n\t<meta name=\"twitter:label2\" content=\"Tiempo de lectura\" \/>\n\t<meta name=\"twitter:data2\" content=\"4 minutos\" \/>\n<script type=\"application\/ld+json\" class=\"yoast-schema-graph\">{\"@context\":\"https:\\\/\\\/schema.org\",\"@graph\":[{\"@type\":\"Article\",\"@id\":\"https:\\\/\\\/www.eldiario.net\\\/portal\\\/2024\\\/12\\\/16\\\/gestion-de-gobierno-de-boluarte-genera-rechazo-entre-los-peruanos\\\/#article\",\"isPartOf\":{\"@id\":\"https:\\\/\\\/www.eldiario.net\\\/portal\\\/2024\\\/12\\\/16\\\/gestion-de-gobierno-de-boluarte-genera-rechazo-entre-los-peruanos\\\/\"},\"author\":{\"name\":\"Jeanette\",\"@id\":\"https:\\\/\\\/www.eldiario.net\\\/portal\\\/#\\\/schema\\\/person\\\/f46445640444750d7d753ccd04ae01b7\"},\"headline\":\"Gesti\u00f3n de gobierno de Boluarte genera rechazo entre los peruanos\",\"datePublished\":\"2024-12-16T09:35:01+00:00\",\"mainEntityOfPage\":{\"@id\":\"https:\\\/\\\/www.eldiario.net\\\/portal\\\/2024\\\/12\\\/16\\\/gestion-de-gobierno-de-boluarte-genera-rechazo-entre-los-peruanos\\\/\"},\"wordCount\":746,\"publisher\":{\"@id\":\"https:\\\/\\\/www.eldiario.net\\\/portal\\\/#organization\"},\"image\":{\"@id\":\"https:\\\/\\\/www.eldiario.net\\\/portal\\\/2024\\\/12\\\/16\\\/gestion-de-gobierno-de-boluarte-genera-rechazo-entre-los-peruanos\\\/#primaryimage\"},\"thumbnailUrl\":\"https:\\\/\\\/www.eldiario.net\\\/portal\\\/wp-content\\\/uploads\\\/2024\\\/12\\\/DINA-Infobae.jpg\",\"articleSection\":[\"Internacional\"],\"inLanguage\":\"es\"},{\"@type\":\"WebPage\",\"@id\":\"https:\\\/\\\/www.eldiario.net\\\/portal\\\/2024\\\/12\\\/16\\\/gestion-de-gobierno-de-boluarte-genera-rechazo-entre-los-peruanos\\\/\",\"url\":\"https:\\\/\\\/www.eldiario.net\\\/portal\\\/2024\\\/12\\\/16\\\/gestion-de-gobierno-de-boluarte-genera-rechazo-entre-los-peruanos\\\/\",\"name\":\"Gesti\u00f3n de gobierno de Boluarte genera rechazo entre los peruanos - El Diario - Bolivia\",\"isPartOf\":{\"@id\":\"https:\\\/\\\/www.eldiario.net\\\/portal\\\/#website\"},\"primaryImageOfPage\":{\"@id\":\"https:\\\/\\\/www.eldiario.net\\\/portal\\\/2024\\\/12\\\/16\\\/gestion-de-gobierno-de-boluarte-genera-rechazo-entre-los-peruanos\\\/#primaryimage\"},\"image\":{\"@id\":\"https:\\\/\\\/www.eldiario.net\\\/portal\\\/2024\\\/12\\\/16\\\/gestion-de-gobierno-de-boluarte-genera-rechazo-entre-los-peruanos\\\/#primaryimage\"},\"thumbnailUrl\":\"https:\\\/\\\/www.eldiario.net\\\/portal\\\/wp-content\\\/uploads\\\/2024\\\/12\\\/DINA-Infobae.jpg\",\"datePublished\":\"2024-12-16T09:35:01+00:00\",\"breadcrumb\":{\"@id\":\"https:\\\/\\\/www.eldiario.net\\\/portal\\\/2024\\\/12\\\/16\\\/gestion-de-gobierno-de-boluarte-genera-rechazo-entre-los-peruanos\\\/#breadcrumb\"},\"inLanguage\":\"es\",\"potentialAction\":[{\"@type\":\"ReadAction\",\"target\":[\"https:\\\/\\\/www.eldiario.net\\\/portal\\\/2024\\\/12\\\/16\\\/gestion-de-gobierno-de-boluarte-genera-rechazo-entre-los-peruanos\\\/\"]}]},{\"@type\":\"ImageObject\",\"inLanguage\":\"es\",\"@id\":\"https:\\\/\\\/www.eldiario.net\\\/portal\\\/2024\\\/12\\\/16\\\/gestion-de-gobierno-de-boluarte-genera-rechazo-entre-los-peruanos\\\/#primaryimage\",\"url\":\"https:\\\/\\\/www.eldiario.net\\\/portal\\\/wp-content\\\/uploads\\\/2024\\\/12\\\/DINA-Infobae.jpg\",\"contentUrl\":\"https:\\\/\\\/www.eldiario.net\\\/portal\\\/wp-content\\\/uploads\\\/2024\\\/12\\\/DINA-Infobae.jpg\",\"width\":992,\"height\":661,\"caption\":\"Dina Boluarte ofreci\u00f3 Mensaje a la Naci\u00f3n. CREDITO: Infobae\"},{\"@type\":\"BreadcrumbList\",\"@id\":\"https:\\\/\\\/www.eldiario.net\\\/portal\\\/2024\\\/12\\\/16\\\/gestion-de-gobierno-de-boluarte-genera-rechazo-entre-los-peruanos\\\/#breadcrumb\",\"itemListElement\":[{\"@type\":\"ListItem\",\"position\":1,\"name\":\"Portada\",\"item\":\"https:\\\/\\\/www.eldiario.net\\\/portal\\\/\"},{\"@type\":\"ListItem\",\"position\":2,\"name\":\"Gesti\u00f3n de gobierno de Boluarte genera rechazo entre los peruanos\"}]},{\"@type\":\"WebSite\",\"@id\":\"https:\\\/\\\/www.eldiario.net\\\/portal\\\/#website\",\"url\":\"https:\\\/\\\/www.eldiario.net\\\/portal\\\/\",\"name\":\"El Diario - Decano de la prensa nacional\",\"description\":\"El Diario - Decano de la prensa nacional\",\"publisher\":{\"@id\":\"https:\\\/\\\/www.eldiario.net\\\/portal\\\/#organization\"},\"potentialAction\":[{\"@type\":\"SearchAction\",\"target\":{\"@type\":\"EntryPoint\",\"urlTemplate\":\"https:\\\/\\\/www.eldiario.net\\\/portal\\\/?s={search_term_string}\"},\"query-input\":{\"@type\":\"PropertyValueSpecification\",\"valueRequired\":true,\"valueName\":\"search_term_string\"}}],\"inLanguage\":\"es\"},{\"@type\":\"Organization\",\"@id\":\"https:\\\/\\\/www.eldiario.net\\\/portal\\\/#organization\",\"name\":\"El Diario - Decano de la prensa nacional\",\"url\":\"https:\\\/\\\/www.eldiario.net\\\/portal\\\/\",\"logo\":{\"@type\":\"ImageObject\",\"inLanguage\":\"es\",\"@id\":\"https:\\\/\\\/www.eldiario.net\\\/portal\\\/#\\\/schema\\\/logo\\\/image\\\/\",\"url\":\"https:\\\/\\\/www.eldiario.net\\\/portal\\\/wp-content\\\/uploads\\\/2023\\\/07\\\/logo_ED.jpg\",\"contentUrl\":\"https:\\\/\\\/www.eldiario.net\\\/portal\\\/wp-content\\\/uploads\\\/2023\\\/07\\\/logo_ED.jpg\",\"width\":272,\"height\":52,\"caption\":\"El Diario - Decano de la prensa nacional\"},\"image\":{\"@id\":\"https:\\\/\\\/www.eldiario.net\\\/portal\\\/#\\\/schema\\\/logo\\\/image\\\/\"},\"sameAs\":[\"https:\\\/\\\/www.facebook.com\\\/eldiario.bolivia\\\/\",\"https:\\\/\\\/x.com\\\/eldiario_net\"]},{\"@type\":\"Person\",\"@id\":\"https:\\\/\\\/www.eldiario.net\\\/portal\\\/#\\\/schema\\\/person\\\/f46445640444750d7d753ccd04ae01b7\",\"name\":\"Jeanette\",\"image\":{\"@type\":\"ImageObject\",\"inLanguage\":\"es\",\"@id\":\"https:\\\/\\\/secure.gravatar.com\\\/avatar\\\/3ea2118a5f7dad2b7138b1187a6b7ee55f160b9968b66013c3a3ef39dd7e5798?s=96&d=mm&r=g\",\"url\":\"https:\\\/\\\/secure.gravatar.com\\\/avatar\\\/3ea2118a5f7dad2b7138b1187a6b7ee55f160b9968b66013c3a3ef39dd7e5798?s=96&d=mm&r=g\",\"contentUrl\":\"https:\\\/\\\/secure.gravatar.com\\\/avatar\\\/3ea2118a5f7dad2b7138b1187a6b7ee55f160b9968b66013c3a3ef39dd7e5798?s=96&d=mm&r=g\",\"caption\":\"Jeanette\"},\"sameAs\":[\"https:\\\/\\\/www.eldiario.net\\\/portal\"],\"url\":\"https:\\\/\\\/www.eldiario.net\\\/portal\\\/author\\\/jeanette\\\/\"}]}<\/script>\n<!-- \/ Yoast SEO plugin. -->","yoast_head_json":{"title":"Gesti\u00f3n de gobierno de Boluarte genera rechazo entre los peruanos - El Diario - Bolivia","robots":{"index":"index","follow":"follow","max-snippet":"max-snippet:-1","max-image-preview":"max-image-preview:large","max-video-preview":"max-video-preview:-1"},"canonical":"https:\/\/www.eldiario.net\/portal\/2024\/12\/16\/gestion-de-gobierno-de-boluarte-genera-rechazo-entre-los-peruanos\/","og_locale":"es_ES","og_type":"article","og_title":"Gesti\u00f3n de gobierno de Boluarte genera rechazo entre los peruanos - El Diario - Bolivia","og_description":"El cierre de a\u00f1o para la presidenta de Per\u00fa, Dina Boluarte, es menos que favorable en t\u00e9rminos de su popularidad, que volvi\u00f3 a caer y llega ahora al 3% a nivel nacional. No solo eso, sino que el rechazo a su gesti\u00f3n ahora alcanzo un nuevo nivel, pues el 95% de peruanos se posicion\u00f3 en [&hellip;]","og_url":"https:\/\/www.eldiario.net\/portal\/2024\/12\/16\/gestion-de-gobierno-de-boluarte-genera-rechazo-entre-los-peruanos\/","og_site_name":"El Diario - Bolivia","article_publisher":"https:\/\/www.facebook.com\/eldiario.bolivia\/","article_published_time":"2024-12-16T09:35:01+00:00","og_image":[{"width":992,"height":661,"url":"https:\/\/www.eldiario.net\/portal\/wp-content\/uploads\/2024\/12\/DINA-Infobae.jpg","type":"image\/jpeg"}],"author":"Jeanette","twitter_card":"summary_large_image","twitter_creator":"@eldiario_net","twitter_site":"@eldiario_net","twitter_misc":{"Escrito por":"Jeanette","Tiempo de lectura":"4 minutos"},"schema":{"@context":"https:\/\/schema.org","@graph":[{"@type":"Article","@id":"https:\/\/www.eldiario.net\/portal\/2024\/12\/16\/gestion-de-gobierno-de-boluarte-genera-rechazo-entre-los-peruanos\/#article","isPartOf":{"@id":"https:\/\/www.eldiario.net\/portal\/2024\/12\/16\/gestion-de-gobierno-de-boluarte-genera-rechazo-entre-los-peruanos\/"},"author":{"name":"Jeanette","@id":"https:\/\/www.eldiario.net\/portal\/#\/schema\/person\/f46445640444750d7d753ccd04ae01b7"},"headline":"Gesti\u00f3n de gobierno de Boluarte genera rechazo entre los peruanos","datePublished":"2024-12-16T09:35:01+00:00","mainEntityOfPage":{"@id":"https:\/\/www.eldiario.net\/portal\/2024\/12\/16\/gestion-de-gobierno-de-boluarte-genera-rechazo-entre-los-peruanos\/"},"wordCount":746,"publisher":{"@id":"https:\/\/www.eldiario.net\/portal\/#organization"},"image":{"@id":"https:\/\/www.eldiario.net\/portal\/2024\/12\/16\/gestion-de-gobierno-de-boluarte-genera-rechazo-entre-los-peruanos\/#primaryimage"},"thumbnailUrl":"https:\/\/www.eldiario.net\/portal\/wp-content\/uploads\/2024\/12\/DINA-Infobae.jpg","articleSection":["Internacional"],"inLanguage":"es"},{"@type":"WebPage","@id":"https:\/\/www.eldiario.net\/portal\/2024\/12\/16\/gestion-de-gobierno-de-boluarte-genera-rechazo-entre-los-peruanos\/","url":"https:\/\/www.eldiario.net\/portal\/2024\/12\/16\/gestion-de-gobierno-de-boluarte-genera-rechazo-entre-los-peruanos\/","name":"Gesti\u00f3n de gobierno de Boluarte genera rechazo entre los peruanos - El Diario - Bolivia","isPartOf":{"@id":"https:\/\/www.eldiario.net\/portal\/#website"},"primaryImageOfPage":{"@id":"https:\/\/www.eldiario.net\/portal\/2024\/12\/16\/gestion-de-gobierno-de-boluarte-genera-rechazo-entre-los-peruanos\/#primaryimage"},"image":{"@id":"https:\/\/www.eldiario.net\/portal\/2024\/12\/16\/gestion-de-gobierno-de-boluarte-genera-rechazo-entre-los-peruanos\/#primaryimage"},"thumbnailUrl":"https:\/\/www.eldiario.net\/portal\/wp-content\/uploads\/2024\/12\/DINA-Infobae.jpg","datePublished":"2024-12-16T09:35:01+00:00","breadcrumb":{"@id":"https:\/\/www.eldiario.net\/portal\/2024\/12\/16\/gestion-de-gobierno-de-boluarte-genera-rechazo-entre-los-peruanos\/#breadcrumb"},"inLanguage":"es","potentialAction":[{"@type":"ReadAction","target":["https:\/\/www.eldiario.net\/portal\/2024\/12\/16\/gestion-de-gobierno-de-boluarte-genera-rechazo-entre-los-peruanos\/"]}]},{"@type":"ImageObject","inLanguage":"es","@id":"https:\/\/www.eldiario.net\/portal\/2024\/12\/16\/gestion-de-gobierno-de-boluarte-genera-rechazo-entre-los-peruanos\/#primaryimage","url":"https:\/\/www.eldiario.net\/portal\/wp-content\/uploads\/2024\/12\/DINA-Infobae.jpg","contentUrl":"https:\/\/www.eldiario.net\/portal\/wp-content\/uploads\/2024\/12\/DINA-Infobae.jpg","width":992,"height":661,"caption":"Dina Boluarte ofreci\u00f3 Mensaje a la Naci\u00f3n. CREDITO: Infobae"},{"@type":"BreadcrumbList","@id":"https:\/\/www.eldiario.net\/portal\/2024\/12\/16\/gestion-de-gobierno-de-boluarte-genera-rechazo-entre-los-peruanos\/#breadcrumb","itemListElement":[{"@type":"ListItem","position":1,"name":"Portada","item":"https:\/\/www.eldiario.net\/portal\/"},{"@type":"ListItem","position":2,"name":"Gesti\u00f3n de gobierno de Boluarte genera rechazo entre los peruanos"}]},{"@type":"WebSite","@id":"https:\/\/www.eldiario.net\/portal\/#website","url":"https:\/\/www.eldiario.net\/portal\/","name":"El Diario - Decano de la prensa nacional","description":"El Diario - Decano de la prensa nacional","publisher":{"@id":"https:\/\/www.eldiario.net\/portal\/#organization"},"potentialAction":[{"@type":"SearchAction","target":{"@type":"EntryPoint","urlTemplate":"https:\/\/www.eldiario.net\/portal\/?s={search_term_string}"},"query-input":{"@type":"PropertyValueSpecification","valueRequired":true,"valueName":"search_term_string"}}],"inLanguage":"es"},{"@type":"Organization","@id":"https:\/\/www.eldiario.net\/portal\/#organization","name":"El Diario - Decano de la prensa nacional","url":"https:\/\/www.eldiario.net\/portal\/","logo":{"@type":"ImageObject","inLanguage":"es","@id":"https:\/\/www.eldiario.net\/portal\/#\/schema\/logo\/image\/","url":"https:\/\/www.eldiario.net\/portal\/wp-content\/uploads\/2023\/07\/logo_ED.jpg","contentUrl":"https:\/\/www.eldiario.net\/portal\/wp-content\/uploads\/2023\/07\/logo_ED.jpg","width":272,"height":52,"caption":"El Diario - Decano de la prensa nacional"},"image":{"@id":"https:\/\/www.eldiario.net\/portal\/#\/schema\/logo\/image\/"},"sameAs":["https:\/\/www.facebook.com\/eldiario.bolivia\/","https:\/\/x.com\/eldiario_net"]},{"@type":"Person","@id":"https:\/\/www.eldiario.net\/portal\/#\/schema\/person\/f46445640444750d7d753ccd04ae01b7","name":"Jeanette","image":{"@type":"ImageObject","inLanguage":"es","@id":"https:\/\/secure.gravatar.com\/avatar\/3ea2118a5f7dad2b7138b1187a6b7ee55f160b9968b66013c3a3ef39dd7e5798?s=96&d=mm&r=g","url":"https:\/\/secure.gravatar.com\/avatar\/3ea2118a5f7dad2b7138b1187a6b7ee55f160b9968b66013c3a3ef39dd7e5798?s=96&d=mm&r=g","contentUrl":"https:\/\/secure.gravatar.com\/avatar\/3ea2118a5f7dad2b7138b1187a6b7ee55f160b9968b66013c3a3ef39dd7e5798?s=96&d=mm&r=g","caption":"Jeanette"},"sameAs":["https:\/\/www.eldiario.net\/portal"],"url":"https:\/\/www.eldiario.net\/portal\/author\/jeanette\/"}]}},"_links":{"self":[{"href":"https:\/\/www.eldiario.net\/portal\/wp-json\/wp\/v2\/posts\/268206","targetHints":{"allow":["GET"]}}],"collection":[{"href":"https:\/\/www.eldiario.net\/portal\/wp-json\/wp\/v2\/posts"}],"about":[{"href":"https:\/\/www.eldiario.net\/portal\/wp-json\/wp\/v2\/types\/post"}],"author":[{"embeddable":true,"href":"https:\/\/www.eldiario.net\/portal\/wp-json\/wp\/v2\/users\/1"}],"replies":[{"embeddable":true,"href":"https:\/\/www.eldiario.net\/portal\/wp-json\/wp\/v2\/comments?post=268206"}],"version-history":[{"count":1,"href":"https:\/\/www.eldiario.net\/portal\/wp-json\/wp\/v2\/posts\/268206\/revisions"}],"predecessor-version":[{"id":268208,"href":"https:\/\/www.eldiario.net\/portal\/wp-json\/wp\/v2\/posts\/268206\/revisions\/268208"}],"wp:featuredmedia":[{"embeddable":true,"href":"https:\/\/www.eldiario.net\/portal\/wp-json\/wp\/v2\/media\/268207"}],"wp:attachment":[{"href":"https:\/\/www.eldiario.net\/portal\/wp-json\/wp\/v2\/media?parent=268206"}],"wp:term":[{"taxonomy":"category","embeddable":true,"href":"https:\/\/www.eldiario.net\/portal\/wp-json\/wp\/v2\/categories?post=268206"},{"taxonomy":"post_tag","embeddable":true,"href":"https:\/\/www.eldiario.net\/portal\/wp-json\/wp\/v2\/tags?post=268206"}],"curies":[{"name":"wp","href":"https:\/\/api.w.org\/{rel}","templated":true}]}}