{"id":268195,"date":"2024-12-16T05:32:09","date_gmt":"2024-12-16T09:32:09","guid":{"rendered":"https:\/\/www.eldiario.net\/portal\/?p=268195"},"modified":"2024-12-16T05:32:09","modified_gmt":"2024-12-16T09:32:09","slug":"joven-bachiller-muere-tras-graduarse-con-honores","status":"publish","type":"post","link":"https:\/\/www.eldiario.net\/portal\/2024\/12\/16\/joven-bachiller-muere-tras-graduarse-con-honores\/","title":{"rendered":"Joven bachiller muere tras graduarse con honores"},"content":{"rendered":"<p>Lo que ten\u00eda que ser una celebraci\u00f3n acab\u00f3 en una tragedia que constern\u00f3 al municipio de Concepci\u00f3n, Santa Cruz, donde un\u00a0adolescente de 17 a\u00f1os pierde la vida en un accidente de tr\u00e1nsito, cuando fue arrollado por un cami\u00f3n cuando intentaba adelantarlo a bordo de su motocicleta.<br \/>\nLa v\u00edctima, Rodolfo Medina de 17 a\u00f1os, muri\u00f3 el viernes en horas de la noche, poco despu\u00e9s de haberse graduado con honores\u00a0del colegio Eduardo Bosl de esta poblaci\u00f3n cruce\u00f1a.<br \/>\nCompa\u00f1eros de la v\u00edctima revelaron que Medina fue un destacado estudiante de la Promoci\u00f3n \u201cTIME 2024\u201d, quien hab\u00eda recibido un premio de Bs 1.000 como incentivo por su rendimiento acad\u00e9mico.<br \/>\nAsimismo, se conoci\u00f3 que hace algunos meses atr\u00e1s, este destacado estudiante\u00a0gan\u00f3 Bs 30.000 por idear el mejor proyecto ecoturismo\u00a0por parte de una empresa privada.<br \/>\nSin embargo, todo el futuro que este joven bachiller ten\u00eda por delante\u00a0se vio frustrado por un inesperado accidente ocurrido horas despu\u00e9s de graduarse.<br \/>\nEl d\u00eda de la tragedia, el chico\u00a0sali\u00f3 de su domicilio a bordo de su motocicleta para realizar algunas compras cuando, al momento de regresar, se encontr\u00f3 con un cami\u00f3n al circular en la avenida del aeropuerto de este municipio.<br \/>\nSeg\u00fan testigos, el adolescente\u00a0intent\u00f3 adelantar a este veh\u00edculo; sin embargo, perdi\u00f3 el control\u00a0tras resbalar con la arena que hab\u00eda en el lugar, provocando que caiga de su motocicleta y termine siendo atropellado por el veh\u00edculo pesado.<br \/>\nLas lesiones que sufri\u00f3 el joven estudiante fueron fatales y\u00a0lamentablemente perdi\u00f3 la vida en el mismo lugar de los hechos.<br \/>\nMedina fue velado por sus familiares, amigos y compa\u00f1eros de colegio en su domicilio particular de Concepci\u00f3n el fin de semana pasado. Se inform\u00f3 que luego su cuerpo ser\u00eda llevado hasta el municipio de Yapacan\u00ed, el cual ser\u00eda su \u00faltima morada. (Con informaci\u00f3n de Unitel)<\/p>\n","protected":false},"excerpt":{"rendered":"<p>Lo que ten\u00eda que ser una celebraci\u00f3n acab\u00f3 en una tragedia que constern\u00f3 al municipio de Concepci\u00f3n, Santa Cruz, donde un\u00a0adolescente de 17 a\u00f1os pierde la vida en un accidente de tr\u00e1nsito, cuando fue arrollado por un cami\u00f3n cuando intentaba adelantarlo a bordo de su motocicleta. La v\u00edctima, Rodolfo Medina de 17 a\u00f1os, muri\u00f3 el [&hellip;]<\/p>\n","protected":false},"author":1,"featured_media":268196,"comment_status":"closed","ping_status":"open","sticky":false,"template":"","format":"standard","meta":{"_acf_changed":false,"footnotes":""},"categories":[39],"tags":[],"class_list":["post-268195","post","type-post","status-publish","format-standard","has-post-thumbnail","category-sociedad"],"acf":{"antetitulo":"Tragedia en Santa Cruz"},"yoast_head":"<!-- This site is optimized with the Yoast SEO plugin v28.3 - https:\/\/yoast.com\/product\/yoast-seo-wordpress\/ -->\n<title>Joven bachiller muere tras graduarse con honores - El Diario - Bolivia<\/title>\n<meta name=\"robots\" content=\"index, follow, max-snippet:-1, max-image-preview:large, max-video-preview:-1\" \/>\n<link rel=\"canonical\" href=\"https:\/\/www.eldiario.net\/portal\/2024\/12\/16\/joven-bachiller-muere-tras-graduarse-con-honores\/\" \/>\n<meta property=\"og:locale\" content=\"es_ES\" \/>\n<meta property=\"og:type\" content=\"article\" \/>\n<meta property=\"og:title\" content=\"Joven bachiller muere tras graduarse con honores - El Diario - Bolivia\" \/>\n<meta property=\"og:description\" content=\"Lo que ten\u00eda que ser una celebraci\u00f3n acab\u00f3 en una tragedia que constern\u00f3 al municipio de Concepci\u00f3n, Santa Cruz, donde un\u00a0adolescente de 17 a\u00f1os pierde la vida en un accidente de tr\u00e1nsito, cuando fue arrollado por un cami\u00f3n cuando intentaba adelantarlo a bordo de su motocicleta. La v\u00edctima, Rodolfo Medina de 17 a\u00f1os, muri\u00f3 el [&hellip;]\" \/>\n<meta property=\"og:url\" content=\"https:\/\/www.eldiario.net\/portal\/2024\/12\/16\/joven-bachiller-muere-tras-graduarse-con-honores\/\" \/>\n<meta property=\"og:site_name\" content=\"El Diario - Bolivia\" \/>\n<meta property=\"article:publisher\" content=\"https:\/\/www.facebook.com\/eldiario.bolivia\/\" \/>\n<meta property=\"article:published_time\" content=\"2024-12-16T09:32:09+00:00\" \/>\n<meta property=\"og:image\" content=\"https:\/\/www.eldiario.net\/portal\/wp-content\/uploads\/2024\/12\/16-BACH.jpg\" \/>\n\t<meta property=\"og:image:width\" content=\"754\" \/>\n\t<meta property=\"og:image:height\" content=\"474\" \/>\n\t<meta property=\"og:image:type\" content=\"image\/jpeg\" \/>\n<meta name=\"author\" content=\"Jeanette\" \/>\n<meta name=\"twitter:card\" content=\"summary_large_image\" \/>\n<meta name=\"twitter:creator\" content=\"@eldiario_net\" \/>\n<meta name=\"twitter:site\" content=\"@eldiario_net\" \/>\n<meta name=\"twitter:label1\" content=\"Escrito por\" \/>\n\t<meta name=\"twitter:data1\" content=\"Jeanette\" \/>\n\t<meta name=\"twitter:label2\" content=\"Tiempo de lectura\" \/>\n\t<meta name=\"twitter:data2\" content=\"2 minutos\" \/>\n<script type=\"application\/ld+json\" class=\"yoast-schema-graph\">{\"@context\":\"https:\\\/\\\/schema.org\",\"@graph\":[{\"@type\":\"Article\",\"@id\":\"https:\\\/\\\/www.eldiario.net\\\/portal\\\/2024\\\/12\\\/16\\\/joven-bachiller-muere-tras-graduarse-con-honores\\\/#article\",\"isPartOf\":{\"@id\":\"https:\\\/\\\/www.eldiario.net\\\/portal\\\/2024\\\/12\\\/16\\\/joven-bachiller-muere-tras-graduarse-con-honores\\\/\"},\"author\":{\"name\":\"Jeanette\",\"@id\":\"https:\\\/\\\/www.eldiario.net\\\/portal\\\/#\\\/schema\\\/person\\\/f46445640444750d7d753ccd04ae01b7\"},\"headline\":\"Joven bachiller muere tras graduarse con honores\",\"datePublished\":\"2024-12-16T09:32:09+00:00\",\"mainEntityOfPage\":{\"@id\":\"https:\\\/\\\/www.eldiario.net\\\/portal\\\/2024\\\/12\\\/16\\\/joven-bachiller-muere-tras-graduarse-con-honores\\\/\"},\"wordCount\":333,\"publisher\":{\"@id\":\"https:\\\/\\\/www.eldiario.net\\\/portal\\\/#organization\"},\"image\":{\"@id\":\"https:\\\/\\\/www.eldiario.net\\\/portal\\\/2024\\\/12\\\/16\\\/joven-bachiller-muere-tras-graduarse-con-honores\\\/#primaryimage\"},\"thumbnailUrl\":\"https:\\\/\\\/www.eldiario.net\\\/portal\\\/wp-content\\\/uploads\\\/2024\\\/12\\\/16-BACH.jpg\",\"articleSection\":[\"Sociedad - Seguridad\"],\"inLanguage\":\"es\"},{\"@type\":\"WebPage\",\"@id\":\"https:\\\/\\\/www.eldiario.net\\\/portal\\\/2024\\\/12\\\/16\\\/joven-bachiller-muere-tras-graduarse-con-honores\\\/\",\"url\":\"https:\\\/\\\/www.eldiario.net\\\/portal\\\/2024\\\/12\\\/16\\\/joven-bachiller-muere-tras-graduarse-con-honores\\\/\",\"name\":\"Joven bachiller muere tras graduarse con honores - El Diario - Bolivia\",\"isPartOf\":{\"@id\":\"https:\\\/\\\/www.eldiario.net\\\/portal\\\/#website\"},\"primaryImageOfPage\":{\"@id\":\"https:\\\/\\\/www.eldiario.net\\\/portal\\\/2024\\\/12\\\/16\\\/joven-bachiller-muere-tras-graduarse-con-honores\\\/#primaryimage\"},\"image\":{\"@id\":\"https:\\\/\\\/www.eldiario.net\\\/portal\\\/2024\\\/12\\\/16\\\/joven-bachiller-muere-tras-graduarse-con-honores\\\/#primaryimage\"},\"thumbnailUrl\":\"https:\\\/\\\/www.eldiario.net\\\/portal\\\/wp-content\\\/uploads\\\/2024\\\/12\\\/16-BACH.jpg\",\"datePublished\":\"2024-12-16T09:32:09+00:00\",\"breadcrumb\":{\"@id\":\"https:\\\/\\\/www.eldiario.net\\\/portal\\\/2024\\\/12\\\/16\\\/joven-bachiller-muere-tras-graduarse-con-honores\\\/#breadcrumb\"},\"inLanguage\":\"es\",\"potentialAction\":[{\"@type\":\"ReadAction\",\"target\":[\"https:\\\/\\\/www.eldiario.net\\\/portal\\\/2024\\\/12\\\/16\\\/joven-bachiller-muere-tras-graduarse-con-honores\\\/\"]}]},{\"@type\":\"ImageObject\",\"inLanguage\":\"es\",\"@id\":\"https:\\\/\\\/www.eldiario.net\\\/portal\\\/2024\\\/12\\\/16\\\/joven-bachiller-muere-tras-graduarse-con-honores\\\/#primaryimage\",\"url\":\"https:\\\/\\\/www.eldiario.net\\\/portal\\\/wp-content\\\/uploads\\\/2024\\\/12\\\/16-BACH.jpg\",\"contentUrl\":\"https:\\\/\\\/www.eldiario.net\\\/portal\\\/wp-content\\\/uploads\\\/2024\\\/12\\\/16-BACH.jpg\",\"width\":754,\"height\":474,\"caption\":\"La v\u00edctima falleci\u00f3 horas despu\u00e9s de graduarse.\"},{\"@type\":\"BreadcrumbList\",\"@id\":\"https:\\\/\\\/www.eldiario.net\\\/portal\\\/2024\\\/12\\\/16\\\/joven-bachiller-muere-tras-graduarse-con-honores\\\/#breadcrumb\",\"itemListElement\":[{\"@type\":\"ListItem\",\"position\":1,\"name\":\"Portada\",\"item\":\"https:\\\/\\\/www.eldiario.net\\\/portal\\\/\"},{\"@type\":\"ListItem\",\"position\":2,\"name\":\"Joven bachiller muere tras graduarse con honores\"}]},{\"@type\":\"WebSite\",\"@id\":\"https:\\\/\\\/www.eldiario.net\\\/portal\\\/#website\",\"url\":\"https:\\\/\\\/www.eldiario.net\\\/portal\\\/\",\"name\":\"El Diario - Decano de la prensa nacional\",\"description\":\"El Diario - Decano de la prensa nacional\",\"publisher\":{\"@id\":\"https:\\\/\\\/www.eldiario.net\\\/portal\\\/#organization\"},\"potentialAction\":[{\"@type\":\"SearchAction\",\"target\":{\"@type\":\"EntryPoint\",\"urlTemplate\":\"https:\\\/\\\/www.eldiario.net\\\/portal\\\/?s={search_term_string}\"},\"query-input\":{\"@type\":\"PropertyValueSpecification\",\"valueRequired\":true,\"valueName\":\"search_term_string\"}}],\"inLanguage\":\"es\"},{\"@type\":\"Organization\",\"@id\":\"https:\\\/\\\/www.eldiario.net\\\/portal\\\/#organization\",\"name\":\"El Diario - Decano de la prensa nacional\",\"url\":\"https:\\\/\\\/www.eldiario.net\\\/portal\\\/\",\"logo\":{\"@type\":\"ImageObject\",\"inLanguage\":\"es\",\"@id\":\"https:\\\/\\\/www.eldiario.net\\\/portal\\\/#\\\/schema\\\/logo\\\/image\\\/\",\"url\":\"https:\\\/\\\/www.eldiario.net\\\/portal\\\/wp-content\\\/uploads\\\/2023\\\/07\\\/logo_ED.jpg\",\"contentUrl\":\"https:\\\/\\\/www.eldiario.net\\\/portal\\\/wp-content\\\/uploads\\\/2023\\\/07\\\/logo_ED.jpg\",\"width\":272,\"height\":52,\"caption\":\"El Diario - Decano de la prensa nacional\"},\"image\":{\"@id\":\"https:\\\/\\\/www.eldiario.net\\\/portal\\\/#\\\/schema\\\/logo\\\/image\\\/\"},\"sameAs\":[\"https:\\\/\\\/www.facebook.com\\\/eldiario.bolivia\\\/\",\"https:\\\/\\\/x.com\\\/eldiario_net\"]},{\"@type\":\"Person\",\"@id\":\"https:\\\/\\\/www.eldiario.net\\\/portal\\\/#\\\/schema\\\/person\\\/f46445640444750d7d753ccd04ae01b7\",\"name\":\"Jeanette\",\"image\":{\"@type\":\"ImageObject\",\"inLanguage\":\"es\",\"@id\":\"https:\\\/\\\/secure.gravatar.com\\\/avatar\\\/3ea2118a5f7dad2b7138b1187a6b7ee55f160b9968b66013c3a3ef39dd7e5798?s=96&d=mm&r=g\",\"url\":\"https:\\\/\\\/secure.gravatar.com\\\/avatar\\\/3ea2118a5f7dad2b7138b1187a6b7ee55f160b9968b66013c3a3ef39dd7e5798?s=96&d=mm&r=g\",\"contentUrl\":\"https:\\\/\\\/secure.gravatar.com\\\/avatar\\\/3ea2118a5f7dad2b7138b1187a6b7ee55f160b9968b66013c3a3ef39dd7e5798?s=96&d=mm&r=g\",\"caption\":\"Jeanette\"},\"sameAs\":[\"https:\\\/\\\/www.eldiario.net\\\/portal\"],\"url\":\"https:\\\/\\\/www.eldiario.net\\\/portal\\\/author\\\/jeanette\\\/\"}]}<\/script>\n<!-- \/ Yoast SEO plugin. -->","yoast_head_json":{"title":"Joven bachiller muere tras graduarse con honores - El Diario - Bolivia","robots":{"index":"index","follow":"follow","max-snippet":"max-snippet:-1","max-image-preview":"max-image-preview:large","max-video-preview":"max-video-preview:-1"},"canonical":"https:\/\/www.eldiario.net\/portal\/2024\/12\/16\/joven-bachiller-muere-tras-graduarse-con-honores\/","og_locale":"es_ES","og_type":"article","og_title":"Joven bachiller muere tras graduarse con honores - El Diario - Bolivia","og_description":"Lo que ten\u00eda que ser una celebraci\u00f3n acab\u00f3 en una tragedia que constern\u00f3 al municipio de Concepci\u00f3n, Santa Cruz, donde un\u00a0adolescente de 17 a\u00f1os pierde la vida en un accidente de tr\u00e1nsito, cuando fue arrollado por un cami\u00f3n cuando intentaba adelantarlo a bordo de su motocicleta. La v\u00edctima, Rodolfo Medina de 17 a\u00f1os, muri\u00f3 el [&hellip;]","og_url":"https:\/\/www.eldiario.net\/portal\/2024\/12\/16\/joven-bachiller-muere-tras-graduarse-con-honores\/","og_site_name":"El Diario - Bolivia","article_publisher":"https:\/\/www.facebook.com\/eldiario.bolivia\/","article_published_time":"2024-12-16T09:32:09+00:00","og_image":[{"width":754,"height":474,"url":"https:\/\/www.eldiario.net\/portal\/wp-content\/uploads\/2024\/12\/16-BACH.jpg","type":"image\/jpeg"}],"author":"Jeanette","twitter_card":"summary_large_image","twitter_creator":"@eldiario_net","twitter_site":"@eldiario_net","twitter_misc":{"Escrito por":"Jeanette","Tiempo de lectura":"2 minutos"},"schema":{"@context":"https:\/\/schema.org","@graph":[{"@type":"Article","@id":"https:\/\/www.eldiario.net\/portal\/2024\/12\/16\/joven-bachiller-muere-tras-graduarse-con-honores\/#article","isPartOf":{"@id":"https:\/\/www.eldiario.net\/portal\/2024\/12\/16\/joven-bachiller-muere-tras-graduarse-con-honores\/"},"author":{"name":"Jeanette","@id":"https:\/\/www.eldiario.net\/portal\/#\/schema\/person\/f46445640444750d7d753ccd04ae01b7"},"headline":"Joven bachiller muere tras graduarse con honores","datePublished":"2024-12-16T09:32:09+00:00","mainEntityOfPage":{"@id":"https:\/\/www.eldiario.net\/portal\/2024\/12\/16\/joven-bachiller-muere-tras-graduarse-con-honores\/"},"wordCount":333,"publisher":{"@id":"https:\/\/www.eldiario.net\/portal\/#organization"},"image":{"@id":"https:\/\/www.eldiario.net\/portal\/2024\/12\/16\/joven-bachiller-muere-tras-graduarse-con-honores\/#primaryimage"},"thumbnailUrl":"https:\/\/www.eldiario.net\/portal\/wp-content\/uploads\/2024\/12\/16-BACH.jpg","articleSection":["Sociedad - Seguridad"],"inLanguage":"es"},{"@type":"WebPage","@id":"https:\/\/www.eldiario.net\/portal\/2024\/12\/16\/joven-bachiller-muere-tras-graduarse-con-honores\/","url":"https:\/\/www.eldiario.net\/portal\/2024\/12\/16\/joven-bachiller-muere-tras-graduarse-con-honores\/","name":"Joven bachiller muere tras graduarse con honores - El Diario - Bolivia","isPartOf":{"@id":"https:\/\/www.eldiario.net\/portal\/#website"},"primaryImageOfPage":{"@id":"https:\/\/www.eldiario.net\/portal\/2024\/12\/16\/joven-bachiller-muere-tras-graduarse-con-honores\/#primaryimage"},"image":{"@id":"https:\/\/www.eldiario.net\/portal\/2024\/12\/16\/joven-bachiller-muere-tras-graduarse-con-honores\/#primaryimage"},"thumbnailUrl":"https:\/\/www.eldiario.net\/portal\/wp-content\/uploads\/2024\/12\/16-BACH.jpg","datePublished":"2024-12-16T09:32:09+00:00","breadcrumb":{"@id":"https:\/\/www.eldiario.net\/portal\/2024\/12\/16\/joven-bachiller-muere-tras-graduarse-con-honores\/#breadcrumb"},"inLanguage":"es","potentialAction":[{"@type":"ReadAction","target":["https:\/\/www.eldiario.net\/portal\/2024\/12\/16\/joven-bachiller-muere-tras-graduarse-con-honores\/"]}]},{"@type":"ImageObject","inLanguage":"es","@id":"https:\/\/www.eldiario.net\/portal\/2024\/12\/16\/joven-bachiller-muere-tras-graduarse-con-honores\/#primaryimage","url":"https:\/\/www.eldiario.net\/portal\/wp-content\/uploads\/2024\/12\/16-BACH.jpg","contentUrl":"https:\/\/www.eldiario.net\/portal\/wp-content\/uploads\/2024\/12\/16-BACH.jpg","width":754,"height":474,"caption":"La v\u00edctima falleci\u00f3 horas despu\u00e9s de graduarse."},{"@type":"BreadcrumbList","@id":"https:\/\/www.eldiario.net\/portal\/2024\/12\/16\/joven-bachiller-muere-tras-graduarse-con-honores\/#breadcrumb","itemListElement":[{"@type":"ListItem","position":1,"name":"Portada","item":"https:\/\/www.eldiario.net\/portal\/"},{"@type":"ListItem","position":2,"name":"Joven bachiller muere tras graduarse con honores"}]},{"@type":"WebSite","@id":"https:\/\/www.eldiario.net\/portal\/#website","url":"https:\/\/www.eldiario.net\/portal\/","name":"El Diario - Decano de la prensa nacional","description":"El Diario - Decano de la prensa nacional","publisher":{"@id":"https:\/\/www.eldiario.net\/portal\/#organization"},"potentialAction":[{"@type":"SearchAction","target":{"@type":"EntryPoint","urlTemplate":"https:\/\/www.eldiario.net\/portal\/?s={search_term_string}"},"query-input":{"@type":"PropertyValueSpecification","valueRequired":true,"valueName":"search_term_string"}}],"inLanguage":"es"},{"@type":"Organization","@id":"https:\/\/www.eldiario.net\/portal\/#organization","name":"El Diario - Decano de la prensa nacional","url":"https:\/\/www.eldiario.net\/portal\/","logo":{"@type":"ImageObject","inLanguage":"es","@id":"https:\/\/www.eldiario.net\/portal\/#\/schema\/logo\/image\/","url":"https:\/\/www.eldiario.net\/portal\/wp-content\/uploads\/2023\/07\/logo_ED.jpg","contentUrl":"https:\/\/www.eldiario.net\/portal\/wp-content\/uploads\/2023\/07\/logo_ED.jpg","width":272,"height":52,"caption":"El Diario - Decano de la prensa nacional"},"image":{"@id":"https:\/\/www.eldiario.net\/portal\/#\/schema\/logo\/image\/"},"sameAs":["https:\/\/www.facebook.com\/eldiario.bolivia\/","https:\/\/x.com\/eldiario_net"]},{"@type":"Person","@id":"https:\/\/www.eldiario.net\/portal\/#\/schema\/person\/f46445640444750d7d753ccd04ae01b7","name":"Jeanette","image":{"@type":"ImageObject","inLanguage":"es","@id":"https:\/\/secure.gravatar.com\/avatar\/3ea2118a5f7dad2b7138b1187a6b7ee55f160b9968b66013c3a3ef39dd7e5798?s=96&d=mm&r=g","url":"https:\/\/secure.gravatar.com\/avatar\/3ea2118a5f7dad2b7138b1187a6b7ee55f160b9968b66013c3a3ef39dd7e5798?s=96&d=mm&r=g","contentUrl":"https:\/\/secure.gravatar.com\/avatar\/3ea2118a5f7dad2b7138b1187a6b7ee55f160b9968b66013c3a3ef39dd7e5798?s=96&d=mm&r=g","caption":"Jeanette"},"sameAs":["https:\/\/www.eldiario.net\/portal"],"url":"https:\/\/www.eldiario.net\/portal\/author\/jeanette\/"}]}},"_links":{"self":[{"href":"https:\/\/www.eldiario.net\/portal\/wp-json\/wp\/v2\/posts\/268195","targetHints":{"allow":["GET"]}}],"collection":[{"href":"https:\/\/www.eldiario.net\/portal\/wp-json\/wp\/v2\/posts"}],"about":[{"href":"https:\/\/www.eldiario.net\/portal\/wp-json\/wp\/v2\/types\/post"}],"author":[{"embeddable":true,"href":"https:\/\/www.eldiario.net\/portal\/wp-json\/wp\/v2\/users\/1"}],"replies":[{"embeddable":true,"href":"https:\/\/www.eldiario.net\/portal\/wp-json\/wp\/v2\/comments?post=268195"}],"version-history":[{"count":1,"href":"https:\/\/www.eldiario.net\/portal\/wp-json\/wp\/v2\/posts\/268195\/revisions"}],"predecessor-version":[{"id":268197,"href":"https:\/\/www.eldiario.net\/portal\/wp-json\/wp\/v2\/posts\/268195\/revisions\/268197"}],"wp:featuredmedia":[{"embeddable":true,"href":"https:\/\/www.eldiario.net\/portal\/wp-json\/wp\/v2\/media\/268196"}],"wp:attachment":[{"href":"https:\/\/www.eldiario.net\/portal\/wp-json\/wp\/v2\/media?parent=268195"}],"wp:term":[{"taxonomy":"category","embeddable":true,"href":"https:\/\/www.eldiario.net\/portal\/wp-json\/wp\/v2\/categories?post=268195"},{"taxonomy":"post_tag","embeddable":true,"href":"https:\/\/www.eldiario.net\/portal\/wp-json\/wp\/v2\/tags?post=268195"}],"curies":[{"name":"wp","href":"https:\/\/api.w.org\/{rel}","templated":true}]}}