{"id":268189,"date":"2024-12-16T05:30:56","date_gmt":"2024-12-16T09:30:56","guid":{"rendered":"https:\/\/www.eldiario.net\/portal\/?p=268189"},"modified":"2024-12-16T05:30:56","modified_gmt":"2024-12-16T09:30:56","slug":"cae-en-santa-cruz-peligroso-baron-de-la-droga-peruano","status":"publish","type":"post","link":"https:\/\/www.eldiario.net\/portal\/2024\/12\/16\/cae-en-santa-cruz-peligroso-baron-de-la-droga-peruano\/","title":{"rendered":"Cae en Santa Cruz peligroso \u201cbar\u00f3n de la droga\u201d peruano"},"content":{"rendered":"<p>Adri\u00e1n Velarde Huamani, alias \u201cEl Chato Adri\u00e1n\u201d, uno de los narcotraficantes m\u00e1s buscados del Per\u00fa, fue capturado en el barrio Magisterio, Cuarto Anillo de la ciudad de Santa Cruz, en un operativo conjunto entre la Polic\u00eda Boliviana y la Interpol.<br \/>\nVelarde, conocido como el \u201cbar\u00f3n de la droga\u201d del Valle de los R\u00edos Apur\u00edmac, Ene y Mantaro (Vraem), es se\u00f1alado como uno de los mayores acopiadores y productores de coca\u00edna en la regi\u00f3n cocalera m\u00e1s importante de Per\u00fa.<br \/>\nSeg\u00fan el viceministro de Seguridad Ciudadana, Roberto R\u00edos, Velarde ingres\u00f3 de manera irregular al pa\u00eds desde Brasil, donde hab\u00eda cumplido una condena parcial por el tr\u00e1fico de 250 kilos de coca\u00edna en 2017, antes de escapar nuevamente hacia Bolivia.<br \/>\n\u201cSe proces\u00f3 informaci\u00f3n de inteligencia que confirmaba su presencia en territorio boliviano. Tras un exhaustivo trabajo de observaci\u00f3n y vigilancia, se logr\u00f3 identificar y capturar a Velarde en un domicilio ubicado en Santa Cruz\u201d, explic\u00f3 el viceministro.<br \/>\nVelarde era buscado desde 2007, cuando las autoridades peruanas incautaron un importante cargamento de coca\u00edna en Ayacucho. A pesar de la recompensa de 50.000 soles ofrecida por el Ministerio del Interior del Per\u00fa, Velarde logr\u00f3 eludir a las autoridades, operando desde Brasil y posteriormente desde Bolivia.<br \/>\nEl historial delictivo de Adri\u00e1n Velarde incluye 14 requisitorias en Per\u00fa por tr\u00e1fico il\u00edcito de drogas y una orden de captura internacional emitida en 2013.<br \/>\nLas autoridades bolivianas confirmaron que el \u201cChato Adri\u00e1n\u201d era l\u00edder de una red internacional que enviaba toneladas de coca\u00edna a Bolivia y Brasil, consolid\u00e1ndose como una figura clave del narcotr\u00e1fico en Sudam\u00e9rica.<br \/>\nVelarde fue trasladado a territorio peruano para ser entregado a la Direcci\u00f3n Antidrogas del Per\u00fa (Dirandro), inform\u00f3 R\u00edos. \u201cEste individuo (fue) expulsado de Bolivia debido a su situaci\u00f3n migratoria irregular. Hemos coordinado con las autoridades peruanas para que sea puesto a disposici\u00f3n de la justicia de ese pa\u00eds\u201d, agreg\u00f3. (Br\u00fajula Digital)<\/p>\n","protected":false},"excerpt":{"rendered":"<p>Adri\u00e1n Velarde Huamani, alias \u201cEl Chato Adri\u00e1n\u201d, uno de los narcotraficantes m\u00e1s buscados del Per\u00fa, fue capturado en el barrio Magisterio, Cuarto Anillo de la ciudad de Santa Cruz, en un operativo conjunto entre la Polic\u00eda Boliviana y la Interpol. Velarde, conocido como el \u201cbar\u00f3n de la droga\u201d del Valle de los R\u00edos Apur\u00edmac, Ene [&hellip;]<\/p>\n","protected":false},"author":1,"featured_media":268190,"comment_status":"closed","ping_status":"open","sticky":false,"template":"","format":"standard","meta":{"_acf_changed":false,"footnotes":""},"categories":[39],"tags":[],"class_list":["post-268189","post","type-post","status-publish","format-standard","has-post-thumbnail","category-sociedad"],"acf":{"antetitulo":"Pr\u00f3fugo desde 2007"},"yoast_head":"<!-- This site is optimized with the Yoast SEO plugin v28.3 - https:\/\/yoast.com\/product\/yoast-seo-wordpress\/ -->\n<title>Cae en Santa Cruz peligroso \u201cbar\u00f3n de la droga\u201d peruano - El Diario - Bolivia<\/title>\n<meta name=\"robots\" content=\"index, follow, max-snippet:-1, max-image-preview:large, max-video-preview:-1\" \/>\n<link rel=\"canonical\" href=\"https:\/\/www.eldiario.net\/portal\/2024\/12\/16\/cae-en-santa-cruz-peligroso-baron-de-la-droga-peruano\/\" \/>\n<meta property=\"og:locale\" content=\"es_ES\" \/>\n<meta property=\"og:type\" content=\"article\" \/>\n<meta property=\"og:title\" content=\"Cae en Santa Cruz peligroso \u201cbar\u00f3n de la droga\u201d peruano - El Diario - Bolivia\" \/>\n<meta property=\"og:description\" content=\"Adri\u00e1n Velarde Huamani, alias \u201cEl Chato Adri\u00e1n\u201d, uno de los narcotraficantes m\u00e1s buscados del Per\u00fa, fue capturado en el barrio Magisterio, Cuarto Anillo de la ciudad de Santa Cruz, en un operativo conjunto entre la Polic\u00eda Boliviana y la Interpol. Velarde, conocido como el \u201cbar\u00f3n de la droga\u201d del Valle de los R\u00edos Apur\u00edmac, Ene [&hellip;]\" \/>\n<meta property=\"og:url\" content=\"https:\/\/www.eldiario.net\/portal\/2024\/12\/16\/cae-en-santa-cruz-peligroso-baron-de-la-droga-peruano\/\" \/>\n<meta property=\"og:site_name\" content=\"El Diario - Bolivia\" \/>\n<meta property=\"article:publisher\" content=\"https:\/\/www.facebook.com\/eldiario.bolivia\/\" \/>\n<meta property=\"article:published_time\" content=\"2024-12-16T09:30:56+00:00\" \/>\n<meta property=\"og:image\" content=\"https:\/\/www.eldiario.net\/portal\/wp-content\/uploads\/2024\/12\/16-NARCO.jpg\" \/>\n\t<meta property=\"og:image:width\" content=\"720\" \/>\n\t<meta property=\"og:image:height\" content=\"399\" \/>\n\t<meta property=\"og:image:type\" content=\"image\/jpeg\" \/>\n<meta name=\"author\" content=\"Jeanette\" \/>\n<meta name=\"twitter:card\" content=\"summary_large_image\" \/>\n<meta name=\"twitter:creator\" content=\"@eldiario_net\" \/>\n<meta name=\"twitter:site\" content=\"@eldiario_net\" \/>\n<meta name=\"twitter:label1\" content=\"Escrito por\" \/>\n\t<meta name=\"twitter:data1\" content=\"Jeanette\" \/>\n\t<meta name=\"twitter:label2\" content=\"Tiempo de lectura\" \/>\n\t<meta name=\"twitter:data2\" content=\"2 minutos\" \/>\n<script type=\"application\/ld+json\" class=\"yoast-schema-graph\">{\"@context\":\"https:\\\/\\\/schema.org\",\"@graph\":[{\"@type\":\"Article\",\"@id\":\"https:\\\/\\\/www.eldiario.net\\\/portal\\\/2024\\\/12\\\/16\\\/cae-en-santa-cruz-peligroso-baron-de-la-droga-peruano\\\/#article\",\"isPartOf\":{\"@id\":\"https:\\\/\\\/www.eldiario.net\\\/portal\\\/2024\\\/12\\\/16\\\/cae-en-santa-cruz-peligroso-baron-de-la-droga-peruano\\\/\"},\"author\":{\"name\":\"Jeanette\",\"@id\":\"https:\\\/\\\/www.eldiario.net\\\/portal\\\/#\\\/schema\\\/person\\\/f46445640444750d7d753ccd04ae01b7\"},\"headline\":\"Cae en Santa Cruz peligroso \u201cbar\u00f3n de la droga\u201d peruano\",\"datePublished\":\"2024-12-16T09:30:56+00:00\",\"mainEntityOfPage\":{\"@id\":\"https:\\\/\\\/www.eldiario.net\\\/portal\\\/2024\\\/12\\\/16\\\/cae-en-santa-cruz-peligroso-baron-de-la-droga-peruano\\\/\"},\"wordCount\":348,\"publisher\":{\"@id\":\"https:\\\/\\\/www.eldiario.net\\\/portal\\\/#organization\"},\"image\":{\"@id\":\"https:\\\/\\\/www.eldiario.net\\\/portal\\\/2024\\\/12\\\/16\\\/cae-en-santa-cruz-peligroso-baron-de-la-droga-peruano\\\/#primaryimage\"},\"thumbnailUrl\":\"https:\\\/\\\/www.eldiario.net\\\/portal\\\/wp-content\\\/uploads\\\/2024\\\/12\\\/16-NARCO.jpg\",\"articleSection\":[\"Sociedad - Seguridad\"],\"inLanguage\":\"es\"},{\"@type\":\"WebPage\",\"@id\":\"https:\\\/\\\/www.eldiario.net\\\/portal\\\/2024\\\/12\\\/16\\\/cae-en-santa-cruz-peligroso-baron-de-la-droga-peruano\\\/\",\"url\":\"https:\\\/\\\/www.eldiario.net\\\/portal\\\/2024\\\/12\\\/16\\\/cae-en-santa-cruz-peligroso-baron-de-la-droga-peruano\\\/\",\"name\":\"Cae en Santa Cruz peligroso \u201cbar\u00f3n de la droga\u201d peruano - El Diario - Bolivia\",\"isPartOf\":{\"@id\":\"https:\\\/\\\/www.eldiario.net\\\/portal\\\/#website\"},\"primaryImageOfPage\":{\"@id\":\"https:\\\/\\\/www.eldiario.net\\\/portal\\\/2024\\\/12\\\/16\\\/cae-en-santa-cruz-peligroso-baron-de-la-droga-peruano\\\/#primaryimage\"},\"image\":{\"@id\":\"https:\\\/\\\/www.eldiario.net\\\/portal\\\/2024\\\/12\\\/16\\\/cae-en-santa-cruz-peligroso-baron-de-la-droga-peruano\\\/#primaryimage\"},\"thumbnailUrl\":\"https:\\\/\\\/www.eldiario.net\\\/portal\\\/wp-content\\\/uploads\\\/2024\\\/12\\\/16-NARCO.jpg\",\"datePublished\":\"2024-12-16T09:30:56+00:00\",\"breadcrumb\":{\"@id\":\"https:\\\/\\\/www.eldiario.net\\\/portal\\\/2024\\\/12\\\/16\\\/cae-en-santa-cruz-peligroso-baron-de-la-droga-peruano\\\/#breadcrumb\"},\"inLanguage\":\"es\",\"potentialAction\":[{\"@type\":\"ReadAction\",\"target\":[\"https:\\\/\\\/www.eldiario.net\\\/portal\\\/2024\\\/12\\\/16\\\/cae-en-santa-cruz-peligroso-baron-de-la-droga-peruano\\\/\"]}]},{\"@type\":\"ImageObject\",\"inLanguage\":\"es\",\"@id\":\"https:\\\/\\\/www.eldiario.net\\\/portal\\\/2024\\\/12\\\/16\\\/cae-en-santa-cruz-peligroso-baron-de-la-droga-peruano\\\/#primaryimage\",\"url\":\"https:\\\/\\\/www.eldiario.net\\\/portal\\\/wp-content\\\/uploads\\\/2024\\\/12\\\/16-NARCO.jpg\",\"contentUrl\":\"https:\\\/\\\/www.eldiario.net\\\/portal\\\/wp-content\\\/uploads\\\/2024\\\/12\\\/16-NARCO.jpg\",\"width\":720,\"height\":399},{\"@type\":\"BreadcrumbList\",\"@id\":\"https:\\\/\\\/www.eldiario.net\\\/portal\\\/2024\\\/12\\\/16\\\/cae-en-santa-cruz-peligroso-baron-de-la-droga-peruano\\\/#breadcrumb\",\"itemListElement\":[{\"@type\":\"ListItem\",\"position\":1,\"name\":\"Portada\",\"item\":\"https:\\\/\\\/www.eldiario.net\\\/portal\\\/\"},{\"@type\":\"ListItem\",\"position\":2,\"name\":\"Cae en Santa Cruz peligroso \u201cbar\u00f3n de la droga\u201d peruano\"}]},{\"@type\":\"WebSite\",\"@id\":\"https:\\\/\\\/www.eldiario.net\\\/portal\\\/#website\",\"url\":\"https:\\\/\\\/www.eldiario.net\\\/portal\\\/\",\"name\":\"El Diario - Decano de la prensa nacional\",\"description\":\"El Diario - Decano de la prensa nacional\",\"publisher\":{\"@id\":\"https:\\\/\\\/www.eldiario.net\\\/portal\\\/#organization\"},\"potentialAction\":[{\"@type\":\"SearchAction\",\"target\":{\"@type\":\"EntryPoint\",\"urlTemplate\":\"https:\\\/\\\/www.eldiario.net\\\/portal\\\/?s={search_term_string}\"},\"query-input\":{\"@type\":\"PropertyValueSpecification\",\"valueRequired\":true,\"valueName\":\"search_term_string\"}}],\"inLanguage\":\"es\"},{\"@type\":\"Organization\",\"@id\":\"https:\\\/\\\/www.eldiario.net\\\/portal\\\/#organization\",\"name\":\"El Diario - Decano de la prensa nacional\",\"url\":\"https:\\\/\\\/www.eldiario.net\\\/portal\\\/\",\"logo\":{\"@type\":\"ImageObject\",\"inLanguage\":\"es\",\"@id\":\"https:\\\/\\\/www.eldiario.net\\\/portal\\\/#\\\/schema\\\/logo\\\/image\\\/\",\"url\":\"https:\\\/\\\/www.eldiario.net\\\/portal\\\/wp-content\\\/uploads\\\/2023\\\/07\\\/logo_ED.jpg\",\"contentUrl\":\"https:\\\/\\\/www.eldiario.net\\\/portal\\\/wp-content\\\/uploads\\\/2023\\\/07\\\/logo_ED.jpg\",\"width\":272,\"height\":52,\"caption\":\"El Diario - Decano de la prensa nacional\"},\"image\":{\"@id\":\"https:\\\/\\\/www.eldiario.net\\\/portal\\\/#\\\/schema\\\/logo\\\/image\\\/\"},\"sameAs\":[\"https:\\\/\\\/www.facebook.com\\\/eldiario.bolivia\\\/\",\"https:\\\/\\\/x.com\\\/eldiario_net\"]},{\"@type\":\"Person\",\"@id\":\"https:\\\/\\\/www.eldiario.net\\\/portal\\\/#\\\/schema\\\/person\\\/f46445640444750d7d753ccd04ae01b7\",\"name\":\"Jeanette\",\"image\":{\"@type\":\"ImageObject\",\"inLanguage\":\"es\",\"@id\":\"https:\\\/\\\/secure.gravatar.com\\\/avatar\\\/3ea2118a5f7dad2b7138b1187a6b7ee55f160b9968b66013c3a3ef39dd7e5798?s=96&d=mm&r=g\",\"url\":\"https:\\\/\\\/secure.gravatar.com\\\/avatar\\\/3ea2118a5f7dad2b7138b1187a6b7ee55f160b9968b66013c3a3ef39dd7e5798?s=96&d=mm&r=g\",\"contentUrl\":\"https:\\\/\\\/secure.gravatar.com\\\/avatar\\\/3ea2118a5f7dad2b7138b1187a6b7ee55f160b9968b66013c3a3ef39dd7e5798?s=96&d=mm&r=g\",\"caption\":\"Jeanette\"},\"sameAs\":[\"https:\\\/\\\/www.eldiario.net\\\/portal\"],\"url\":\"https:\\\/\\\/www.eldiario.net\\\/portal\\\/author\\\/jeanette\\\/\"}]}<\/script>\n<!-- \/ Yoast SEO plugin. -->","yoast_head_json":{"title":"Cae en Santa Cruz peligroso \u201cbar\u00f3n de la droga\u201d peruano - El Diario - Bolivia","robots":{"index":"index","follow":"follow","max-snippet":"max-snippet:-1","max-image-preview":"max-image-preview:large","max-video-preview":"max-video-preview:-1"},"canonical":"https:\/\/www.eldiario.net\/portal\/2024\/12\/16\/cae-en-santa-cruz-peligroso-baron-de-la-droga-peruano\/","og_locale":"es_ES","og_type":"article","og_title":"Cae en Santa Cruz peligroso \u201cbar\u00f3n de la droga\u201d peruano - El Diario - Bolivia","og_description":"Adri\u00e1n Velarde Huamani, alias \u201cEl Chato Adri\u00e1n\u201d, uno de los narcotraficantes m\u00e1s buscados del Per\u00fa, fue capturado en el barrio Magisterio, Cuarto Anillo de la ciudad de Santa Cruz, en un operativo conjunto entre la Polic\u00eda Boliviana y la Interpol. Velarde, conocido como el \u201cbar\u00f3n de la droga\u201d del Valle de los R\u00edos Apur\u00edmac, Ene [&hellip;]","og_url":"https:\/\/www.eldiario.net\/portal\/2024\/12\/16\/cae-en-santa-cruz-peligroso-baron-de-la-droga-peruano\/","og_site_name":"El Diario - Bolivia","article_publisher":"https:\/\/www.facebook.com\/eldiario.bolivia\/","article_published_time":"2024-12-16T09:30:56+00:00","og_image":[{"width":720,"height":399,"url":"https:\/\/www.eldiario.net\/portal\/wp-content\/uploads\/2024\/12\/16-NARCO.jpg","type":"image\/jpeg"}],"author":"Jeanette","twitter_card":"summary_large_image","twitter_creator":"@eldiario_net","twitter_site":"@eldiario_net","twitter_misc":{"Escrito por":"Jeanette","Tiempo de lectura":"2 minutos"},"schema":{"@context":"https:\/\/schema.org","@graph":[{"@type":"Article","@id":"https:\/\/www.eldiario.net\/portal\/2024\/12\/16\/cae-en-santa-cruz-peligroso-baron-de-la-droga-peruano\/#article","isPartOf":{"@id":"https:\/\/www.eldiario.net\/portal\/2024\/12\/16\/cae-en-santa-cruz-peligroso-baron-de-la-droga-peruano\/"},"author":{"name":"Jeanette","@id":"https:\/\/www.eldiario.net\/portal\/#\/schema\/person\/f46445640444750d7d753ccd04ae01b7"},"headline":"Cae en Santa Cruz peligroso \u201cbar\u00f3n de la droga\u201d peruano","datePublished":"2024-12-16T09:30:56+00:00","mainEntityOfPage":{"@id":"https:\/\/www.eldiario.net\/portal\/2024\/12\/16\/cae-en-santa-cruz-peligroso-baron-de-la-droga-peruano\/"},"wordCount":348,"publisher":{"@id":"https:\/\/www.eldiario.net\/portal\/#organization"},"image":{"@id":"https:\/\/www.eldiario.net\/portal\/2024\/12\/16\/cae-en-santa-cruz-peligroso-baron-de-la-droga-peruano\/#primaryimage"},"thumbnailUrl":"https:\/\/www.eldiario.net\/portal\/wp-content\/uploads\/2024\/12\/16-NARCO.jpg","articleSection":["Sociedad - Seguridad"],"inLanguage":"es"},{"@type":"WebPage","@id":"https:\/\/www.eldiario.net\/portal\/2024\/12\/16\/cae-en-santa-cruz-peligroso-baron-de-la-droga-peruano\/","url":"https:\/\/www.eldiario.net\/portal\/2024\/12\/16\/cae-en-santa-cruz-peligroso-baron-de-la-droga-peruano\/","name":"Cae en Santa Cruz peligroso \u201cbar\u00f3n de la droga\u201d peruano - El Diario - Bolivia","isPartOf":{"@id":"https:\/\/www.eldiario.net\/portal\/#website"},"primaryImageOfPage":{"@id":"https:\/\/www.eldiario.net\/portal\/2024\/12\/16\/cae-en-santa-cruz-peligroso-baron-de-la-droga-peruano\/#primaryimage"},"image":{"@id":"https:\/\/www.eldiario.net\/portal\/2024\/12\/16\/cae-en-santa-cruz-peligroso-baron-de-la-droga-peruano\/#primaryimage"},"thumbnailUrl":"https:\/\/www.eldiario.net\/portal\/wp-content\/uploads\/2024\/12\/16-NARCO.jpg","datePublished":"2024-12-16T09:30:56+00:00","breadcrumb":{"@id":"https:\/\/www.eldiario.net\/portal\/2024\/12\/16\/cae-en-santa-cruz-peligroso-baron-de-la-droga-peruano\/#breadcrumb"},"inLanguage":"es","potentialAction":[{"@type":"ReadAction","target":["https:\/\/www.eldiario.net\/portal\/2024\/12\/16\/cae-en-santa-cruz-peligroso-baron-de-la-droga-peruano\/"]}]},{"@type":"ImageObject","inLanguage":"es","@id":"https:\/\/www.eldiario.net\/portal\/2024\/12\/16\/cae-en-santa-cruz-peligroso-baron-de-la-droga-peruano\/#primaryimage","url":"https:\/\/www.eldiario.net\/portal\/wp-content\/uploads\/2024\/12\/16-NARCO.jpg","contentUrl":"https:\/\/www.eldiario.net\/portal\/wp-content\/uploads\/2024\/12\/16-NARCO.jpg","width":720,"height":399},{"@type":"BreadcrumbList","@id":"https:\/\/www.eldiario.net\/portal\/2024\/12\/16\/cae-en-santa-cruz-peligroso-baron-de-la-droga-peruano\/#breadcrumb","itemListElement":[{"@type":"ListItem","position":1,"name":"Portada","item":"https:\/\/www.eldiario.net\/portal\/"},{"@type":"ListItem","position":2,"name":"Cae en Santa Cruz peligroso \u201cbar\u00f3n de la droga\u201d peruano"}]},{"@type":"WebSite","@id":"https:\/\/www.eldiario.net\/portal\/#website","url":"https:\/\/www.eldiario.net\/portal\/","name":"El Diario - Decano de la prensa nacional","description":"El Diario - Decano de la prensa nacional","publisher":{"@id":"https:\/\/www.eldiario.net\/portal\/#organization"},"potentialAction":[{"@type":"SearchAction","target":{"@type":"EntryPoint","urlTemplate":"https:\/\/www.eldiario.net\/portal\/?s={search_term_string}"},"query-input":{"@type":"PropertyValueSpecification","valueRequired":true,"valueName":"search_term_string"}}],"inLanguage":"es"},{"@type":"Organization","@id":"https:\/\/www.eldiario.net\/portal\/#organization","name":"El Diario - Decano de la prensa nacional","url":"https:\/\/www.eldiario.net\/portal\/","logo":{"@type":"ImageObject","inLanguage":"es","@id":"https:\/\/www.eldiario.net\/portal\/#\/schema\/logo\/image\/","url":"https:\/\/www.eldiario.net\/portal\/wp-content\/uploads\/2023\/07\/logo_ED.jpg","contentUrl":"https:\/\/www.eldiario.net\/portal\/wp-content\/uploads\/2023\/07\/logo_ED.jpg","width":272,"height":52,"caption":"El Diario - Decano de la prensa nacional"},"image":{"@id":"https:\/\/www.eldiario.net\/portal\/#\/schema\/logo\/image\/"},"sameAs":["https:\/\/www.facebook.com\/eldiario.bolivia\/","https:\/\/x.com\/eldiario_net"]},{"@type":"Person","@id":"https:\/\/www.eldiario.net\/portal\/#\/schema\/person\/f46445640444750d7d753ccd04ae01b7","name":"Jeanette","image":{"@type":"ImageObject","inLanguage":"es","@id":"https:\/\/secure.gravatar.com\/avatar\/3ea2118a5f7dad2b7138b1187a6b7ee55f160b9968b66013c3a3ef39dd7e5798?s=96&d=mm&r=g","url":"https:\/\/secure.gravatar.com\/avatar\/3ea2118a5f7dad2b7138b1187a6b7ee55f160b9968b66013c3a3ef39dd7e5798?s=96&d=mm&r=g","contentUrl":"https:\/\/secure.gravatar.com\/avatar\/3ea2118a5f7dad2b7138b1187a6b7ee55f160b9968b66013c3a3ef39dd7e5798?s=96&d=mm&r=g","caption":"Jeanette"},"sameAs":["https:\/\/www.eldiario.net\/portal"],"url":"https:\/\/www.eldiario.net\/portal\/author\/jeanette\/"}]}},"_links":{"self":[{"href":"https:\/\/www.eldiario.net\/portal\/wp-json\/wp\/v2\/posts\/268189","targetHints":{"allow":["GET"]}}],"collection":[{"href":"https:\/\/www.eldiario.net\/portal\/wp-json\/wp\/v2\/posts"}],"about":[{"href":"https:\/\/www.eldiario.net\/portal\/wp-json\/wp\/v2\/types\/post"}],"author":[{"embeddable":true,"href":"https:\/\/www.eldiario.net\/portal\/wp-json\/wp\/v2\/users\/1"}],"replies":[{"embeddable":true,"href":"https:\/\/www.eldiario.net\/portal\/wp-json\/wp\/v2\/comments?post=268189"}],"version-history":[{"count":1,"href":"https:\/\/www.eldiario.net\/portal\/wp-json\/wp\/v2\/posts\/268189\/revisions"}],"predecessor-version":[{"id":268191,"href":"https:\/\/www.eldiario.net\/portal\/wp-json\/wp\/v2\/posts\/268189\/revisions\/268191"}],"wp:featuredmedia":[{"embeddable":true,"href":"https:\/\/www.eldiario.net\/portal\/wp-json\/wp\/v2\/media\/268190"}],"wp:attachment":[{"href":"https:\/\/www.eldiario.net\/portal\/wp-json\/wp\/v2\/media?parent=268189"}],"wp:term":[{"taxonomy":"category","embeddable":true,"href":"https:\/\/www.eldiario.net\/portal\/wp-json\/wp\/v2\/categories?post=268189"},{"taxonomy":"post_tag","embeddable":true,"href":"https:\/\/www.eldiario.net\/portal\/wp-json\/wp\/v2\/tags?post=268189"}],"curies":[{"name":"wp","href":"https:\/\/api.w.org\/{rel}","templated":true}]}}