{"id":268182,"date":"2024-12-16T05:26:09","date_gmt":"2024-12-16T09:26:09","guid":{"rendered":"https:\/\/www.eldiario.net\/portal\/?p=268182"},"modified":"2024-12-16T05:26:09","modified_gmt":"2024-12-16T09:26:09","slug":"plantean-reforma-al-sistema-de-elecciones-judiciales-en-el-pais","status":"publish","type":"post","link":"https:\/\/www.eldiario.net\/portal\/2024\/12\/16\/plantean-reforma-al-sistema-de-elecciones-judiciales-en-el-pais\/","title":{"rendered":"Plantean reforma al sistema de elecciones judiciales en el pa\u00eds"},"content":{"rendered":"<p>Las Elecciones Judiciales Parciales 2024 se desarrollaron ayer en un ambiente de tranquilidad; sin embargo, EL DIARIO pudo advertir que los votantes acudieron a las urnas sin una adecuada informaci\u00f3n sobre los candidatos a los altos cargos del \u00d3rgano Judicial ni sobre la ubicaci\u00f3n de sus mesas de sufragio, aspectos por los que fueron calificadas de irregulares y un fracaso por los tropiezos que sufri\u00f3 el proceso.<br \/>\nEl expresidente Carlos Mesa calific\u00f3 de \u201cirregulares\u201d las elecciones judiciales y afirm\u00f3 que el nuevo gobierno debe impulsar una reforma de la Constituci\u00f3n Pol\u00edtica del Estado (CPE) para modificar el sistema de elecci\u00f3n de las autoridades del \u00d3rgano Judicial.<br \/>\nAsimismo, asegur\u00f3 que la elecci\u00f3n judicial ha sido el resultado de la coerci\u00f3n ejercida por los magistrados \u201cautoprorrogados del Tribunal Constitucional que se han convertido en los que gobiernan el pa\u00eds de manera autoritaria\u201d; adem\u00e1s, de amenazar a los vocales del TSE de ir presos en caso de incumplimiento a los fallos judiciales.<br \/>\nEl rector de la Universidad Aut\u00f3noma Gabriel Ren\u00e9 Moreno (Uagrm), Vicente Cu\u00e9llar, calific\u00f3 los comicios como \u201clas elecciones de la verg\u00fcenza\u201d y cuestion\u00f3 profundamente la forma en que se designan a las autoridades del sistema judicial en Bolivia.<br \/>\nEl alcalde de Cochabamba, Manfred Reyes Villa, dijo que una de las principales dificultades de las elecciones judiciales radica en el hecho de que el 80% de los ciudadanos no tiene conocimiento sobre los candidatos que se presentan a los cargos judiciales.<br \/>\nEntretanto, el gobernador en ejercicio de Santa Cruz, Mario Aguilera, se\u00f1al\u00f3 que el acto eleccionario es una muestra de la necesidad de un cambio en la administraci\u00f3n de la justicia.<br \/>\nAl cierre de la jornada de votaci\u00f3n, la Misi\u00f3n de Observaci\u00f3n de Fundaci\u00f3n Jubileo y la OCD Bolivia, junto a sus aliados, destacaron la importante afluencia de electores a los recintos de votaci\u00f3n de todo el pa\u00eds. Tanto quienes acudieron a emitir su voto, como quienes pidieron el certificado de impedimento formaron largas filas. Para el segundo caso, incluso se registraron reclamos al no haber recabado el documento que les liberar\u00eda de sanciones.<\/p>\n","protected":false},"excerpt":{"rendered":"<p>Las Elecciones Judiciales Parciales 2024 se desarrollaron ayer en un ambiente de tranquilidad; sin embargo, EL DIARIO pudo advertir que los votantes acudieron a las urnas sin una adecuada informaci\u00f3n sobre los candidatos a los altos cargos del \u00d3rgano Judicial ni sobre la ubicaci\u00f3n de sus mesas de sufragio, aspectos por los que fueron calificadas [&hellip;]<\/p>\n","protected":false},"author":1,"featured_media":268183,"comment_status":"closed","ping_status":"open","sticky":false,"template":"","format":"standard","meta":{"_acf_changed":false,"footnotes":""},"categories":[17],"tags":[],"class_list":["post-268182","post","type-post","status-publish","format-standard","has-post-thumbnail","category-principal"],"acf":{"antetitulo":"Califican de irregulares y fracaso"},"yoast_head":"<!-- This site is optimized with the Yoast SEO plugin v28.3 - https:\/\/yoast.com\/product\/yoast-seo-wordpress\/ -->\n<title>Plantean reforma al sistema de elecciones judiciales en el pa\u00eds - El Diario - Bolivia<\/title>\n<meta name=\"robots\" content=\"index, follow, max-snippet:-1, max-image-preview:large, max-video-preview:-1\" \/>\n<link rel=\"canonical\" href=\"https:\/\/www.eldiario.net\/portal\/2024\/12\/16\/plantean-reforma-al-sistema-de-elecciones-judiciales-en-el-pais\/\" \/>\n<meta property=\"og:locale\" content=\"es_ES\" \/>\n<meta property=\"og:type\" content=\"article\" \/>\n<meta property=\"og:title\" content=\"Plantean reforma al sistema de elecciones judiciales en el pa\u00eds - El Diario - Bolivia\" \/>\n<meta property=\"og:description\" content=\"Las Elecciones Judiciales Parciales 2024 se desarrollaron ayer en un ambiente de tranquilidad; sin embargo, EL DIARIO pudo advertir que los votantes acudieron a las urnas sin una adecuada informaci\u00f3n sobre los candidatos a los altos cargos del \u00d3rgano Judicial ni sobre la ubicaci\u00f3n de sus mesas de sufragio, aspectos por los que fueron calificadas [&hellip;]\" \/>\n<meta property=\"og:url\" content=\"https:\/\/www.eldiario.net\/portal\/2024\/12\/16\/plantean-reforma-al-sistema-de-elecciones-judiciales-en-el-pais\/\" \/>\n<meta property=\"og:site_name\" content=\"El Diario - Bolivia\" \/>\n<meta property=\"article:publisher\" content=\"https:\/\/www.facebook.com\/eldiario.bolivia\/\" \/>\n<meta property=\"article:published_time\" content=\"2024-12-16T09:26:09+00:00\" \/>\n<meta property=\"og:image\" content=\"https:\/\/www.eldiario.net\/portal\/wp-content\/uploads\/2024\/12\/P-1-20-cm-x-12.jpg\" \/>\n\t<meta property=\"og:image:width\" content=\"1200\" \/>\n\t<meta property=\"og:image:height\" content=\"800\" \/>\n\t<meta property=\"og:image:type\" content=\"image\/jpeg\" \/>\n<meta name=\"author\" content=\"Jeanette\" \/>\n<meta name=\"twitter:card\" content=\"summary_large_image\" \/>\n<meta name=\"twitter:creator\" content=\"@eldiario_net\" \/>\n<meta name=\"twitter:site\" content=\"@eldiario_net\" \/>\n<meta name=\"twitter:label1\" content=\"Escrito por\" \/>\n\t<meta name=\"twitter:data1\" content=\"Jeanette\" \/>\n\t<meta name=\"twitter:label2\" content=\"Tiempo de lectura\" \/>\n\t<meta name=\"twitter:data2\" content=\"2 minutos\" \/>\n<script type=\"application\/ld+json\" class=\"yoast-schema-graph\">{\"@context\":\"https:\\\/\\\/schema.org\",\"@graph\":[{\"@type\":\"Article\",\"@id\":\"https:\\\/\\\/www.eldiario.net\\\/portal\\\/2024\\\/12\\\/16\\\/plantean-reforma-al-sistema-de-elecciones-judiciales-en-el-pais\\\/#article\",\"isPartOf\":{\"@id\":\"https:\\\/\\\/www.eldiario.net\\\/portal\\\/2024\\\/12\\\/16\\\/plantean-reforma-al-sistema-de-elecciones-judiciales-en-el-pais\\\/\"},\"author\":{\"name\":\"Jeanette\",\"@id\":\"https:\\\/\\\/www.eldiario.net\\\/portal\\\/#\\\/schema\\\/person\\\/f46445640444750d7d753ccd04ae01b7\"},\"headline\":\"Plantean reforma al sistema de elecciones judiciales en el pa\u00eds\",\"datePublished\":\"2024-12-16T09:26:09+00:00\",\"mainEntityOfPage\":{\"@id\":\"https:\\\/\\\/www.eldiario.net\\\/portal\\\/2024\\\/12\\\/16\\\/plantean-reforma-al-sistema-de-elecciones-judiciales-en-el-pais\\\/\"},\"wordCount\":372,\"publisher\":{\"@id\":\"https:\\\/\\\/www.eldiario.net\\\/portal\\\/#organization\"},\"image\":{\"@id\":\"https:\\\/\\\/www.eldiario.net\\\/portal\\\/2024\\\/12\\\/16\\\/plantean-reforma-al-sistema-de-elecciones-judiciales-en-el-pais\\\/#primaryimage\"},\"thumbnailUrl\":\"https:\\\/\\\/www.eldiario.net\\\/portal\\\/wp-content\\\/uploads\\\/2024\\\/12\\\/P-1-20-cm-x-12.jpg\",\"articleSection\":[\"Principal\"],\"inLanguage\":\"es\"},{\"@type\":\"WebPage\",\"@id\":\"https:\\\/\\\/www.eldiario.net\\\/portal\\\/2024\\\/12\\\/16\\\/plantean-reforma-al-sistema-de-elecciones-judiciales-en-el-pais\\\/\",\"url\":\"https:\\\/\\\/www.eldiario.net\\\/portal\\\/2024\\\/12\\\/16\\\/plantean-reforma-al-sistema-de-elecciones-judiciales-en-el-pais\\\/\",\"name\":\"Plantean reforma al sistema de elecciones judiciales en el pa\u00eds - El Diario - Bolivia\",\"isPartOf\":{\"@id\":\"https:\\\/\\\/www.eldiario.net\\\/portal\\\/#website\"},\"primaryImageOfPage\":{\"@id\":\"https:\\\/\\\/www.eldiario.net\\\/portal\\\/2024\\\/12\\\/16\\\/plantean-reforma-al-sistema-de-elecciones-judiciales-en-el-pais\\\/#primaryimage\"},\"image\":{\"@id\":\"https:\\\/\\\/www.eldiario.net\\\/portal\\\/2024\\\/12\\\/16\\\/plantean-reforma-al-sistema-de-elecciones-judiciales-en-el-pais\\\/#primaryimage\"},\"thumbnailUrl\":\"https:\\\/\\\/www.eldiario.net\\\/portal\\\/wp-content\\\/uploads\\\/2024\\\/12\\\/P-1-20-cm-x-12.jpg\",\"datePublished\":\"2024-12-16T09:26:09+00:00\",\"breadcrumb\":{\"@id\":\"https:\\\/\\\/www.eldiario.net\\\/portal\\\/2024\\\/12\\\/16\\\/plantean-reforma-al-sistema-de-elecciones-judiciales-en-el-pais\\\/#breadcrumb\"},\"inLanguage\":\"es\",\"potentialAction\":[{\"@type\":\"ReadAction\",\"target\":[\"https:\\\/\\\/www.eldiario.net\\\/portal\\\/2024\\\/12\\\/16\\\/plantean-reforma-al-sistema-de-elecciones-judiciales-en-el-pais\\\/\"]}]},{\"@type\":\"ImageObject\",\"inLanguage\":\"es\",\"@id\":\"https:\\\/\\\/www.eldiario.net\\\/portal\\\/2024\\\/12\\\/16\\\/plantean-reforma-al-sistema-de-elecciones-judiciales-en-el-pais\\\/#primaryimage\",\"url\":\"https:\\\/\\\/www.eldiario.net\\\/portal\\\/wp-content\\\/uploads\\\/2024\\\/12\\\/P-1-20-cm-x-12.jpg\",\"contentUrl\":\"https:\\\/\\\/www.eldiario.net\\\/portal\\\/wp-content\\\/uploads\\\/2024\\\/12\\\/P-1-20-cm-x-12.jpg\",\"width\":1200,\"height\":800,\"caption\":\"La jornada de elecciones judiciales se caracteriz\u00f3 por una amplia concurrencia de ciudadanos para elegir a los candidatos a las altas magistraturas y los jurados cerraron las mesas de sufragio en el tiempo establecido.\"},{\"@type\":\"BreadcrumbList\",\"@id\":\"https:\\\/\\\/www.eldiario.net\\\/portal\\\/2024\\\/12\\\/16\\\/plantean-reforma-al-sistema-de-elecciones-judiciales-en-el-pais\\\/#breadcrumb\",\"itemListElement\":[{\"@type\":\"ListItem\",\"position\":1,\"name\":\"Portada\",\"item\":\"https:\\\/\\\/www.eldiario.net\\\/portal\\\/\"},{\"@type\":\"ListItem\",\"position\":2,\"name\":\"Plantean reforma al sistema de elecciones judiciales en el pa\u00eds\"}]},{\"@type\":\"WebSite\",\"@id\":\"https:\\\/\\\/www.eldiario.net\\\/portal\\\/#website\",\"url\":\"https:\\\/\\\/www.eldiario.net\\\/portal\\\/\",\"name\":\"El Diario - Decano de la prensa nacional\",\"description\":\"El Diario - Decano de la prensa nacional\",\"publisher\":{\"@id\":\"https:\\\/\\\/www.eldiario.net\\\/portal\\\/#organization\"},\"potentialAction\":[{\"@type\":\"SearchAction\",\"target\":{\"@type\":\"EntryPoint\",\"urlTemplate\":\"https:\\\/\\\/www.eldiario.net\\\/portal\\\/?s={search_term_string}\"},\"query-input\":{\"@type\":\"PropertyValueSpecification\",\"valueRequired\":true,\"valueName\":\"search_term_string\"}}],\"inLanguage\":\"es\"},{\"@type\":\"Organization\",\"@id\":\"https:\\\/\\\/www.eldiario.net\\\/portal\\\/#organization\",\"name\":\"El Diario - Decano de la prensa nacional\",\"url\":\"https:\\\/\\\/www.eldiario.net\\\/portal\\\/\",\"logo\":{\"@type\":\"ImageObject\",\"inLanguage\":\"es\",\"@id\":\"https:\\\/\\\/www.eldiario.net\\\/portal\\\/#\\\/schema\\\/logo\\\/image\\\/\",\"url\":\"https:\\\/\\\/www.eldiario.net\\\/portal\\\/wp-content\\\/uploads\\\/2023\\\/07\\\/logo_ED.jpg\",\"contentUrl\":\"https:\\\/\\\/www.eldiario.net\\\/portal\\\/wp-content\\\/uploads\\\/2023\\\/07\\\/logo_ED.jpg\",\"width\":272,\"height\":52,\"caption\":\"El Diario - Decano de la prensa nacional\"},\"image\":{\"@id\":\"https:\\\/\\\/www.eldiario.net\\\/portal\\\/#\\\/schema\\\/logo\\\/image\\\/\"},\"sameAs\":[\"https:\\\/\\\/www.facebook.com\\\/eldiario.bolivia\\\/\",\"https:\\\/\\\/x.com\\\/eldiario_net\"]},{\"@type\":\"Person\",\"@id\":\"https:\\\/\\\/www.eldiario.net\\\/portal\\\/#\\\/schema\\\/person\\\/f46445640444750d7d753ccd04ae01b7\",\"name\":\"Jeanette\",\"image\":{\"@type\":\"ImageObject\",\"inLanguage\":\"es\",\"@id\":\"https:\\\/\\\/secure.gravatar.com\\\/avatar\\\/3ea2118a5f7dad2b7138b1187a6b7ee55f160b9968b66013c3a3ef39dd7e5798?s=96&d=mm&r=g\",\"url\":\"https:\\\/\\\/secure.gravatar.com\\\/avatar\\\/3ea2118a5f7dad2b7138b1187a6b7ee55f160b9968b66013c3a3ef39dd7e5798?s=96&d=mm&r=g\",\"contentUrl\":\"https:\\\/\\\/secure.gravatar.com\\\/avatar\\\/3ea2118a5f7dad2b7138b1187a6b7ee55f160b9968b66013c3a3ef39dd7e5798?s=96&d=mm&r=g\",\"caption\":\"Jeanette\"},\"sameAs\":[\"https:\\\/\\\/www.eldiario.net\\\/portal\"],\"url\":\"https:\\\/\\\/www.eldiario.net\\\/portal\\\/author\\\/jeanette\\\/\"}]}<\/script>\n<!-- \/ Yoast SEO plugin. -->","yoast_head_json":{"title":"Plantean reforma al sistema de elecciones judiciales en el pa\u00eds - El Diario - Bolivia","robots":{"index":"index","follow":"follow","max-snippet":"max-snippet:-1","max-image-preview":"max-image-preview:large","max-video-preview":"max-video-preview:-1"},"canonical":"https:\/\/www.eldiario.net\/portal\/2024\/12\/16\/plantean-reforma-al-sistema-de-elecciones-judiciales-en-el-pais\/","og_locale":"es_ES","og_type":"article","og_title":"Plantean reforma al sistema de elecciones judiciales en el pa\u00eds - El Diario - Bolivia","og_description":"Las Elecciones Judiciales Parciales 2024 se desarrollaron ayer en un ambiente de tranquilidad; sin embargo, EL DIARIO pudo advertir que los votantes acudieron a las urnas sin una adecuada informaci\u00f3n sobre los candidatos a los altos cargos del \u00d3rgano Judicial ni sobre la ubicaci\u00f3n de sus mesas de sufragio, aspectos por los que fueron calificadas [&hellip;]","og_url":"https:\/\/www.eldiario.net\/portal\/2024\/12\/16\/plantean-reforma-al-sistema-de-elecciones-judiciales-en-el-pais\/","og_site_name":"El Diario - Bolivia","article_publisher":"https:\/\/www.facebook.com\/eldiario.bolivia\/","article_published_time":"2024-12-16T09:26:09+00:00","og_image":[{"width":1200,"height":800,"url":"https:\/\/www.eldiario.net\/portal\/wp-content\/uploads\/2024\/12\/P-1-20-cm-x-12.jpg","type":"image\/jpeg"}],"author":"Jeanette","twitter_card":"summary_large_image","twitter_creator":"@eldiario_net","twitter_site":"@eldiario_net","twitter_misc":{"Escrito por":"Jeanette","Tiempo de lectura":"2 minutos"},"schema":{"@context":"https:\/\/schema.org","@graph":[{"@type":"Article","@id":"https:\/\/www.eldiario.net\/portal\/2024\/12\/16\/plantean-reforma-al-sistema-de-elecciones-judiciales-en-el-pais\/#article","isPartOf":{"@id":"https:\/\/www.eldiario.net\/portal\/2024\/12\/16\/plantean-reforma-al-sistema-de-elecciones-judiciales-en-el-pais\/"},"author":{"name":"Jeanette","@id":"https:\/\/www.eldiario.net\/portal\/#\/schema\/person\/f46445640444750d7d753ccd04ae01b7"},"headline":"Plantean reforma al sistema de elecciones judiciales en el pa\u00eds","datePublished":"2024-12-16T09:26:09+00:00","mainEntityOfPage":{"@id":"https:\/\/www.eldiario.net\/portal\/2024\/12\/16\/plantean-reforma-al-sistema-de-elecciones-judiciales-en-el-pais\/"},"wordCount":372,"publisher":{"@id":"https:\/\/www.eldiario.net\/portal\/#organization"},"image":{"@id":"https:\/\/www.eldiario.net\/portal\/2024\/12\/16\/plantean-reforma-al-sistema-de-elecciones-judiciales-en-el-pais\/#primaryimage"},"thumbnailUrl":"https:\/\/www.eldiario.net\/portal\/wp-content\/uploads\/2024\/12\/P-1-20-cm-x-12.jpg","articleSection":["Principal"],"inLanguage":"es"},{"@type":"WebPage","@id":"https:\/\/www.eldiario.net\/portal\/2024\/12\/16\/plantean-reforma-al-sistema-de-elecciones-judiciales-en-el-pais\/","url":"https:\/\/www.eldiario.net\/portal\/2024\/12\/16\/plantean-reforma-al-sistema-de-elecciones-judiciales-en-el-pais\/","name":"Plantean reforma al sistema de elecciones judiciales en el pa\u00eds - El Diario - Bolivia","isPartOf":{"@id":"https:\/\/www.eldiario.net\/portal\/#website"},"primaryImageOfPage":{"@id":"https:\/\/www.eldiario.net\/portal\/2024\/12\/16\/plantean-reforma-al-sistema-de-elecciones-judiciales-en-el-pais\/#primaryimage"},"image":{"@id":"https:\/\/www.eldiario.net\/portal\/2024\/12\/16\/plantean-reforma-al-sistema-de-elecciones-judiciales-en-el-pais\/#primaryimage"},"thumbnailUrl":"https:\/\/www.eldiario.net\/portal\/wp-content\/uploads\/2024\/12\/P-1-20-cm-x-12.jpg","datePublished":"2024-12-16T09:26:09+00:00","breadcrumb":{"@id":"https:\/\/www.eldiario.net\/portal\/2024\/12\/16\/plantean-reforma-al-sistema-de-elecciones-judiciales-en-el-pais\/#breadcrumb"},"inLanguage":"es","potentialAction":[{"@type":"ReadAction","target":["https:\/\/www.eldiario.net\/portal\/2024\/12\/16\/plantean-reforma-al-sistema-de-elecciones-judiciales-en-el-pais\/"]}]},{"@type":"ImageObject","inLanguage":"es","@id":"https:\/\/www.eldiario.net\/portal\/2024\/12\/16\/plantean-reforma-al-sistema-de-elecciones-judiciales-en-el-pais\/#primaryimage","url":"https:\/\/www.eldiario.net\/portal\/wp-content\/uploads\/2024\/12\/P-1-20-cm-x-12.jpg","contentUrl":"https:\/\/www.eldiario.net\/portal\/wp-content\/uploads\/2024\/12\/P-1-20-cm-x-12.jpg","width":1200,"height":800,"caption":"La jornada de elecciones judiciales se caracteriz\u00f3 por una amplia concurrencia de ciudadanos para elegir a los candidatos a las altas magistraturas y los jurados cerraron las mesas de sufragio en el tiempo establecido."},{"@type":"BreadcrumbList","@id":"https:\/\/www.eldiario.net\/portal\/2024\/12\/16\/plantean-reforma-al-sistema-de-elecciones-judiciales-en-el-pais\/#breadcrumb","itemListElement":[{"@type":"ListItem","position":1,"name":"Portada","item":"https:\/\/www.eldiario.net\/portal\/"},{"@type":"ListItem","position":2,"name":"Plantean reforma al sistema de elecciones judiciales en el pa\u00eds"}]},{"@type":"WebSite","@id":"https:\/\/www.eldiario.net\/portal\/#website","url":"https:\/\/www.eldiario.net\/portal\/","name":"El Diario - Decano de la prensa nacional","description":"El Diario - Decano de la prensa nacional","publisher":{"@id":"https:\/\/www.eldiario.net\/portal\/#organization"},"potentialAction":[{"@type":"SearchAction","target":{"@type":"EntryPoint","urlTemplate":"https:\/\/www.eldiario.net\/portal\/?s={search_term_string}"},"query-input":{"@type":"PropertyValueSpecification","valueRequired":true,"valueName":"search_term_string"}}],"inLanguage":"es"},{"@type":"Organization","@id":"https:\/\/www.eldiario.net\/portal\/#organization","name":"El Diario - Decano de la prensa nacional","url":"https:\/\/www.eldiario.net\/portal\/","logo":{"@type":"ImageObject","inLanguage":"es","@id":"https:\/\/www.eldiario.net\/portal\/#\/schema\/logo\/image\/","url":"https:\/\/www.eldiario.net\/portal\/wp-content\/uploads\/2023\/07\/logo_ED.jpg","contentUrl":"https:\/\/www.eldiario.net\/portal\/wp-content\/uploads\/2023\/07\/logo_ED.jpg","width":272,"height":52,"caption":"El Diario - Decano de la prensa nacional"},"image":{"@id":"https:\/\/www.eldiario.net\/portal\/#\/schema\/logo\/image\/"},"sameAs":["https:\/\/www.facebook.com\/eldiario.bolivia\/","https:\/\/x.com\/eldiario_net"]},{"@type":"Person","@id":"https:\/\/www.eldiario.net\/portal\/#\/schema\/person\/f46445640444750d7d753ccd04ae01b7","name":"Jeanette","image":{"@type":"ImageObject","inLanguage":"es","@id":"https:\/\/secure.gravatar.com\/avatar\/3ea2118a5f7dad2b7138b1187a6b7ee55f160b9968b66013c3a3ef39dd7e5798?s=96&d=mm&r=g","url":"https:\/\/secure.gravatar.com\/avatar\/3ea2118a5f7dad2b7138b1187a6b7ee55f160b9968b66013c3a3ef39dd7e5798?s=96&d=mm&r=g","contentUrl":"https:\/\/secure.gravatar.com\/avatar\/3ea2118a5f7dad2b7138b1187a6b7ee55f160b9968b66013c3a3ef39dd7e5798?s=96&d=mm&r=g","caption":"Jeanette"},"sameAs":["https:\/\/www.eldiario.net\/portal"],"url":"https:\/\/www.eldiario.net\/portal\/author\/jeanette\/"}]}},"_links":{"self":[{"href":"https:\/\/www.eldiario.net\/portal\/wp-json\/wp\/v2\/posts\/268182","targetHints":{"allow":["GET"]}}],"collection":[{"href":"https:\/\/www.eldiario.net\/portal\/wp-json\/wp\/v2\/posts"}],"about":[{"href":"https:\/\/www.eldiario.net\/portal\/wp-json\/wp\/v2\/types\/post"}],"author":[{"embeddable":true,"href":"https:\/\/www.eldiario.net\/portal\/wp-json\/wp\/v2\/users\/1"}],"replies":[{"embeddable":true,"href":"https:\/\/www.eldiario.net\/portal\/wp-json\/wp\/v2\/comments?post=268182"}],"version-history":[{"count":1,"href":"https:\/\/www.eldiario.net\/portal\/wp-json\/wp\/v2\/posts\/268182\/revisions"}],"predecessor-version":[{"id":268184,"href":"https:\/\/www.eldiario.net\/portal\/wp-json\/wp\/v2\/posts\/268182\/revisions\/268184"}],"wp:featuredmedia":[{"embeddable":true,"href":"https:\/\/www.eldiario.net\/portal\/wp-json\/wp\/v2\/media\/268183"}],"wp:attachment":[{"href":"https:\/\/www.eldiario.net\/portal\/wp-json\/wp\/v2\/media?parent=268182"}],"wp:term":[{"taxonomy":"category","embeddable":true,"href":"https:\/\/www.eldiario.net\/portal\/wp-json\/wp\/v2\/categories?post=268182"},{"taxonomy":"post_tag","embeddable":true,"href":"https:\/\/www.eldiario.net\/portal\/wp-json\/wp\/v2\/tags?post=268182"}],"curies":[{"name":"wp","href":"https:\/\/api.w.org\/{rel}","templated":true}]}}