{"id":26749,"date":"2021-08-30T05:54:43","date_gmt":"2021-08-30T09:54:43","guid":{"rendered":"https:\/\/www.eldiario.net\/portal\/?p=26749"},"modified":"2021-08-30T05:54:43","modified_gmt":"2021-08-30T09:54:43","slug":"unidades-educativas-recibiran-material-de-escritorio-y-limpieza","status":"publish","type":"post","link":"https:\/\/www.eldiario.net\/portal\/2021\/08\/30\/unidades-educativas-recibiran-material-de-escritorio-y-limpieza\/","title":{"rendered":"Unidades educativas recibir\u00e1n  material de escritorio y limpieza"},"content":{"rendered":"<p>La Direcci\u00f3n de Educaci\u00f3n del municipio de El Alto implement\u00f3 el proyecto de fortalecimiento a unidades educativas, que consiste en equipar a establecimientos de los 14 distritos con material de escritorio y limpieza.<br \/>\nDe acuerdo con la autoridad municipal Ramiro Beltr\u00e1n, el monto que se invertir\u00e1 ser\u00e1 de un mill\u00f3n de bolivianos, que ser\u00e1 consolidado en los siguientes d\u00edas, siendo que todo el material referido ya se encuentra en proceso de adjudicaci\u00f3n y posterior firma del contrato.<br \/>\n\u201cTodo este apoyo a los diferentes colegios de la ciudad de El Alto significa la implementaci\u00f3n de material de escritorio y limpieza, tema que desde hace tiempo atr\u00e1s no reciben las unidades educativas, que consiste en papel bond, archivadores, marcadores, escobas, detergentes entre otros, los mismos que ser\u00e1n entregados a partir de la pr\u00f3xima semana, porque son necesidades que no deben faltar\u201d, expres\u00f3 la autoridad.<br \/>\nBeltr\u00e1n asegur\u00f3 que para el efecto se tiene planificado un trabajo en coordinaci\u00f3n con las subalcald\u00edas de cada uno de los distritos, con la finalidad de una distribuci\u00f3n equitativa, tal como se efectu\u00f3 en la entrega del material de bioseguridad realizada por su direcci\u00f3n.<br \/>\n\u201cLos procesos administrativos ya est\u00e1n culminando, tenemos licitaciones que deben presentar la empresa para ya poder firmar el contrato y luego realizar la entrega correspondiente al municipio y nosotros a trav\u00e9s de las subalcald\u00edas, para que todos los colegios se beneficien luego de un tiempo de paralizaci\u00f3n de las actividades educativas a causa de la pandemia del coronavirus\u201d, manifest\u00f3 el funcionario.<br \/>\nEn cuanto a la infraestructura de dichas unidades educativas, se tiene planificado un trabajo similar debido a que muchas de las mismas se encuentran en mal estado, donde no se hizo nada por las restricciones que se implementaron por el covid-19 por lo que necesitan una refacci\u00f3n en diferentes \u00e1reas.<br \/>\nPara el efecto, seg\u00fan Beltr\u00e1n, se viene trabajando con la primera autoridad del municipio como es la alcaldesa Eva Copa, quien comprometi\u00f3 su apoyo para todas las unidades educativa en un corto tiempo, teniendo en cuenta que en el momento se vienen realizando las clases semipresenciales y con la posibilidad de que al pr\u00f3ximo a\u00f1o se tome en cuenta las presenciales.<br \/>\n\u201cExisten todas estas posibilidades para la pr\u00f3xima gesti\u00f3n educativa y no podemos descuidar todos estos aspectos, porque debemos cuidar la salud de los estudiantes y una infraestructura adecuada es lo m\u00e1s importante\u201d, finaliz\u00f3 Beltr\u00e1n.<\/p>\n","protected":false},"excerpt":{"rendered":"<p>La Direcci\u00f3n de Educaci\u00f3n del municipio de El Alto implement\u00f3 el proyecto de fortalecimiento a unidades educativas, que consiste en equipar a establecimientos de los 14 distritos con material de escritorio y limpieza. De acuerdo con la autoridad municipal Ramiro Beltr\u00e1n, el monto que se invertir\u00e1 ser\u00e1 de un mill\u00f3n de bolivianos, que ser\u00e1 consolidado [&hellip;]<\/p>\n","protected":false},"author":1,"featured_media":26750,"comment_status":"closed","ping_status":"closed","sticky":false,"template":"","format":"standard","meta":{"_acf_changed":false,"footnotes":""},"categories":[12],"tags":[],"class_list":["post-26749","post","type-post","status-publish","format-standard","has-post-thumbnail","category-nacional"],"acf":{"antetitulo":""},"yoast_head":"<!-- This site is optimized with the Yoast SEO plugin v28.4 - https:\/\/yoast.com\/product\/yoast-seo-wordpress\/ -->\n<title>Unidades educativas recibir\u00e1n material de escritorio y limpieza - El Diario - Bolivia<\/title>\n<meta name=\"robots\" content=\"index, follow, max-snippet:-1, max-image-preview:large, max-video-preview:-1\" \/>\n<link rel=\"canonical\" href=\"https:\/\/www.eldiario.net\/portal\/2021\/08\/30\/unidades-educativas-recibiran-material-de-escritorio-y-limpieza\/\" \/>\n<meta property=\"og:locale\" content=\"es_ES\" \/>\n<meta property=\"og:type\" content=\"article\" \/>\n<meta property=\"og:title\" content=\"Unidades educativas recibir\u00e1n material de escritorio y limpieza - El Diario - Bolivia\" \/>\n<meta property=\"og:description\" content=\"La Direcci\u00f3n de Educaci\u00f3n del municipio de El Alto implement\u00f3 el proyecto de fortalecimiento a unidades educativas, que consiste en equipar a establecimientos de los 14 distritos con material de escritorio y limpieza. De acuerdo con la autoridad municipal Ramiro Beltr\u00e1n, el monto que se invertir\u00e1 ser\u00e1 de un mill\u00f3n de bolivianos, que ser\u00e1 consolidado [&hellip;]\" \/>\n<meta property=\"og:url\" content=\"https:\/\/www.eldiario.net\/portal\/2021\/08\/30\/unidades-educativas-recibiran-material-de-escritorio-y-limpieza\/\" \/>\n<meta property=\"og:site_name\" content=\"El Diario - Bolivia\" \/>\n<meta property=\"article:publisher\" content=\"https:\/\/www.facebook.com\/eldiario.bolivia\/\" \/>\n<meta property=\"article:published_time\" content=\"2021-08-30T09:54:43+00:00\" \/>\n<meta name=\"author\" content=\"Jeanette\" \/>\n<meta name=\"twitter:card\" content=\"summary_large_image\" \/>\n<meta name=\"twitter:creator\" content=\"@eldiario_net\" \/>\n<meta name=\"twitter:site\" content=\"@eldiario_net\" \/>\n<meta name=\"twitter:label1\" content=\"Escrito por\" \/>\n\t<meta name=\"twitter:data1\" content=\"Jeanette\" \/>\n\t<meta name=\"twitter:label2\" content=\"Tiempo de lectura\" \/>\n\t<meta name=\"twitter:data2\" content=\"2 minutos\" \/>\n<script type=\"application\/ld+json\" class=\"yoast-schema-graph\">{\"@context\":\"https:\\\/\\\/schema.org\",\"@graph\":[{\"@type\":\"Article\",\"@id\":\"https:\\\/\\\/www.eldiario.net\\\/portal\\\/2021\\\/08\\\/30\\\/unidades-educativas-recibiran-material-de-escritorio-y-limpieza\\\/#article\",\"isPartOf\":{\"@id\":\"https:\\\/\\\/www.eldiario.net\\\/portal\\\/2021\\\/08\\\/30\\\/unidades-educativas-recibiran-material-de-escritorio-y-limpieza\\\/\"},\"author\":{\"name\":\"Jeanette\",\"@id\":\"https:\\\/\\\/www.eldiario.net\\\/portal\\\/#\\\/schema\\\/person\\\/2c57cf2b7a7ae032e449e4c9b1019eac\"},\"headline\":\"Unidades educativas recibir\u00e1n material de escritorio y limpieza\",\"datePublished\":\"2021-08-30T09:54:43+00:00\",\"mainEntityOfPage\":{\"@id\":\"https:\\\/\\\/www.eldiario.net\\\/portal\\\/2021\\\/08\\\/30\\\/unidades-educativas-recibiran-material-de-escritorio-y-limpieza\\\/\"},\"wordCount\":428,\"publisher\":{\"@id\":\"https:\\\/\\\/www.eldiario.net\\\/portal\\\/#organization\"},\"image\":{\"@id\":\"https:\\\/\\\/www.eldiario.net\\\/portal\\\/2021\\\/08\\\/30\\\/unidades-educativas-recibiran-material-de-escritorio-y-limpieza\\\/#primaryimage\"},\"thumbnailUrl\":\"\",\"articleSection\":[\"Nacional\"],\"inLanguage\":\"es\"},{\"@type\":\"WebPage\",\"@id\":\"https:\\\/\\\/www.eldiario.net\\\/portal\\\/2021\\\/08\\\/30\\\/unidades-educativas-recibiran-material-de-escritorio-y-limpieza\\\/\",\"url\":\"https:\\\/\\\/www.eldiario.net\\\/portal\\\/2021\\\/08\\\/30\\\/unidades-educativas-recibiran-material-de-escritorio-y-limpieza\\\/\",\"name\":\"Unidades educativas recibir\u00e1n material de escritorio y limpieza - El Diario - Bolivia\",\"isPartOf\":{\"@id\":\"https:\\\/\\\/www.eldiario.net\\\/portal\\\/#website\"},\"primaryImageOfPage\":{\"@id\":\"https:\\\/\\\/www.eldiario.net\\\/portal\\\/2021\\\/08\\\/30\\\/unidades-educativas-recibiran-material-de-escritorio-y-limpieza\\\/#primaryimage\"},\"image\":{\"@id\":\"https:\\\/\\\/www.eldiario.net\\\/portal\\\/2021\\\/08\\\/30\\\/unidades-educativas-recibiran-material-de-escritorio-y-limpieza\\\/#primaryimage\"},\"thumbnailUrl\":\"\",\"datePublished\":\"2021-08-30T09:54:43+00:00\",\"breadcrumb\":{\"@id\":\"https:\\\/\\\/www.eldiario.net\\\/portal\\\/2021\\\/08\\\/30\\\/unidades-educativas-recibiran-material-de-escritorio-y-limpieza\\\/#breadcrumb\"},\"inLanguage\":\"es\",\"potentialAction\":[{\"@type\":\"ReadAction\",\"target\":[\"https:\\\/\\\/www.eldiario.net\\\/portal\\\/2021\\\/08\\\/30\\\/unidades-educativas-recibiran-material-de-escritorio-y-limpieza\\\/\"]}]},{\"@type\":\"ImageObject\",\"inLanguage\":\"es\",\"@id\":\"https:\\\/\\\/www.eldiario.net\\\/portal\\\/2021\\\/08\\\/30\\\/unidades-educativas-recibiran-material-de-escritorio-y-limpieza\\\/#primaryimage\",\"url\":\"\",\"contentUrl\":\"\"},{\"@type\":\"BreadcrumbList\",\"@id\":\"https:\\\/\\\/www.eldiario.net\\\/portal\\\/2021\\\/08\\\/30\\\/unidades-educativas-recibiran-material-de-escritorio-y-limpieza\\\/#breadcrumb\",\"itemListElement\":[{\"@type\":\"ListItem\",\"position\":1,\"name\":\"Portada\",\"item\":\"https:\\\/\\\/www.eldiario.net\\\/portal\\\/\"},{\"@type\":\"ListItem\",\"position\":2,\"name\":\"Unidades educativas recibir\u00e1n material de escritorio y limpieza\"}]},{\"@type\":\"WebSite\",\"@id\":\"https:\\\/\\\/www.eldiario.net\\\/portal\\\/#website\",\"url\":\"https:\\\/\\\/www.eldiario.net\\\/portal\\\/\",\"name\":\"El Diario - Decano de la prensa nacional\",\"description\":\"El Diario - Decano de la prensa nacional\",\"publisher\":{\"@id\":\"https:\\\/\\\/www.eldiario.net\\\/portal\\\/#organization\"},\"potentialAction\":[{\"@type\":\"SearchAction\",\"target\":{\"@type\":\"EntryPoint\",\"urlTemplate\":\"https:\\\/\\\/www.eldiario.net\\\/portal\\\/?s={search_term_string}\"},\"query-input\":{\"@type\":\"PropertyValueSpecification\",\"valueRequired\":true,\"valueName\":\"search_term_string\"}}],\"inLanguage\":\"es\"},{\"@type\":\"Organization\",\"@id\":\"https:\\\/\\\/www.eldiario.net\\\/portal\\\/#organization\",\"name\":\"El Diario - Decano de la prensa nacional\",\"url\":\"https:\\\/\\\/www.eldiario.net\\\/portal\\\/\",\"logo\":{\"@type\":\"ImageObject\",\"inLanguage\":\"es\",\"@id\":\"https:\\\/\\\/www.eldiario.net\\\/portal\\\/#\\\/schema\\\/logo\\\/image\\\/\",\"url\":\"https:\\\/\\\/www.eldiario.net\\\/portal\\\/wp-content\\\/uploads\\\/2023\\\/07\\\/logo_ED.jpg\",\"contentUrl\":\"https:\\\/\\\/www.eldiario.net\\\/portal\\\/wp-content\\\/uploads\\\/2023\\\/07\\\/logo_ED.jpg\",\"width\":272,\"height\":52,\"caption\":\"El Diario - Decano de la prensa nacional\"},\"image\":{\"@id\":\"https:\\\/\\\/www.eldiario.net\\\/portal\\\/#\\\/schema\\\/logo\\\/image\\\/\"},\"sameAs\":[\"https:\\\/\\\/www.facebook.com\\\/eldiario.bolivia\\\/\",\"https:\\\/\\\/x.com\\\/eldiario_net\"]},{\"@type\":\"Person\",\"@id\":\"https:\\\/\\\/www.eldiario.net\\\/portal\\\/#\\\/schema\\\/person\\\/2c57cf2b7a7ae032e449e4c9b1019eac\",\"name\":\"Jeanette\",\"image\":{\"@type\":\"ImageObject\",\"inLanguage\":\"es\",\"@id\":\"https:\\\/\\\/secure.gravatar.com\\\/avatar\\\/3ea2118a5f7dad2b7138b1187a6b7ee55f160b9968b66013c3a3ef39dd7e5798?s=96&d=mm&r=g\",\"url\":\"https:\\\/\\\/secure.gravatar.com\\\/avatar\\\/3ea2118a5f7dad2b7138b1187a6b7ee55f160b9968b66013c3a3ef39dd7e5798?s=96&d=mm&r=g\",\"contentUrl\":\"https:\\\/\\\/secure.gravatar.com\\\/avatar\\\/3ea2118a5f7dad2b7138b1187a6b7ee55f160b9968b66013c3a3ef39dd7e5798?s=96&d=mm&r=g\",\"caption\":\"Jeanette\"},\"sameAs\":[\"https:\\\/\\\/www.eldiario.net\\\/portal\"],\"url\":\"https:\\\/\\\/www.eldiario.net\\\/portal\\\/author\\\/jeanette\\\/\"}]}<\/script>\n<!-- \/ Yoast SEO plugin. -->","yoast_head_json":{"title":"Unidades educativas recibir\u00e1n material de escritorio y limpieza - El Diario - Bolivia","robots":{"index":"index","follow":"follow","max-snippet":"max-snippet:-1","max-image-preview":"max-image-preview:large","max-video-preview":"max-video-preview:-1"},"canonical":"https:\/\/www.eldiario.net\/portal\/2021\/08\/30\/unidades-educativas-recibiran-material-de-escritorio-y-limpieza\/","og_locale":"es_ES","og_type":"article","og_title":"Unidades educativas recibir\u00e1n material de escritorio y limpieza - El Diario - Bolivia","og_description":"La Direcci\u00f3n de Educaci\u00f3n del municipio de El Alto implement\u00f3 el proyecto de fortalecimiento a unidades educativas, que consiste en equipar a establecimientos de los 14 distritos con material de escritorio y limpieza. De acuerdo con la autoridad municipal Ramiro Beltr\u00e1n, el monto que se invertir\u00e1 ser\u00e1 de un mill\u00f3n de bolivianos, que ser\u00e1 consolidado [&hellip;]","og_url":"https:\/\/www.eldiario.net\/portal\/2021\/08\/30\/unidades-educativas-recibiran-material-de-escritorio-y-limpieza\/","og_site_name":"El Diario - Bolivia","article_publisher":"https:\/\/www.facebook.com\/eldiario.bolivia\/","article_published_time":"2021-08-30T09:54:43+00:00","author":"Jeanette","twitter_card":"summary_large_image","twitter_creator":"@eldiario_net","twitter_site":"@eldiario_net","twitter_misc":{"Escrito por":"Jeanette","Tiempo de lectura":"2 minutos"},"schema":{"@context":"https:\/\/schema.org","@graph":[{"@type":"Article","@id":"https:\/\/www.eldiario.net\/portal\/2021\/08\/30\/unidades-educativas-recibiran-material-de-escritorio-y-limpieza\/#article","isPartOf":{"@id":"https:\/\/www.eldiario.net\/portal\/2021\/08\/30\/unidades-educativas-recibiran-material-de-escritorio-y-limpieza\/"},"author":{"name":"Jeanette","@id":"https:\/\/www.eldiario.net\/portal\/#\/schema\/person\/2c57cf2b7a7ae032e449e4c9b1019eac"},"headline":"Unidades educativas recibir\u00e1n material de escritorio y limpieza","datePublished":"2021-08-30T09:54:43+00:00","mainEntityOfPage":{"@id":"https:\/\/www.eldiario.net\/portal\/2021\/08\/30\/unidades-educativas-recibiran-material-de-escritorio-y-limpieza\/"},"wordCount":428,"publisher":{"@id":"https:\/\/www.eldiario.net\/portal\/#organization"},"image":{"@id":"https:\/\/www.eldiario.net\/portal\/2021\/08\/30\/unidades-educativas-recibiran-material-de-escritorio-y-limpieza\/#primaryimage"},"thumbnailUrl":"","articleSection":["Nacional"],"inLanguage":"es"},{"@type":"WebPage","@id":"https:\/\/www.eldiario.net\/portal\/2021\/08\/30\/unidades-educativas-recibiran-material-de-escritorio-y-limpieza\/","url":"https:\/\/www.eldiario.net\/portal\/2021\/08\/30\/unidades-educativas-recibiran-material-de-escritorio-y-limpieza\/","name":"Unidades educativas recibir\u00e1n material de escritorio y limpieza - El Diario - Bolivia","isPartOf":{"@id":"https:\/\/www.eldiario.net\/portal\/#website"},"primaryImageOfPage":{"@id":"https:\/\/www.eldiario.net\/portal\/2021\/08\/30\/unidades-educativas-recibiran-material-de-escritorio-y-limpieza\/#primaryimage"},"image":{"@id":"https:\/\/www.eldiario.net\/portal\/2021\/08\/30\/unidades-educativas-recibiran-material-de-escritorio-y-limpieza\/#primaryimage"},"thumbnailUrl":"","datePublished":"2021-08-30T09:54:43+00:00","breadcrumb":{"@id":"https:\/\/www.eldiario.net\/portal\/2021\/08\/30\/unidades-educativas-recibiran-material-de-escritorio-y-limpieza\/#breadcrumb"},"inLanguage":"es","potentialAction":[{"@type":"ReadAction","target":["https:\/\/www.eldiario.net\/portal\/2021\/08\/30\/unidades-educativas-recibiran-material-de-escritorio-y-limpieza\/"]}]},{"@type":"ImageObject","inLanguage":"es","@id":"https:\/\/www.eldiario.net\/portal\/2021\/08\/30\/unidades-educativas-recibiran-material-de-escritorio-y-limpieza\/#primaryimage","url":"","contentUrl":""},{"@type":"BreadcrumbList","@id":"https:\/\/www.eldiario.net\/portal\/2021\/08\/30\/unidades-educativas-recibiran-material-de-escritorio-y-limpieza\/#breadcrumb","itemListElement":[{"@type":"ListItem","position":1,"name":"Portada","item":"https:\/\/www.eldiario.net\/portal\/"},{"@type":"ListItem","position":2,"name":"Unidades educativas recibir\u00e1n material de escritorio y limpieza"}]},{"@type":"WebSite","@id":"https:\/\/www.eldiario.net\/portal\/#website","url":"https:\/\/www.eldiario.net\/portal\/","name":"El Diario - Decano de la prensa nacional","description":"El Diario - Decano de la prensa nacional","publisher":{"@id":"https:\/\/www.eldiario.net\/portal\/#organization"},"potentialAction":[{"@type":"SearchAction","target":{"@type":"EntryPoint","urlTemplate":"https:\/\/www.eldiario.net\/portal\/?s={search_term_string}"},"query-input":{"@type":"PropertyValueSpecification","valueRequired":true,"valueName":"search_term_string"}}],"inLanguage":"es"},{"@type":"Organization","@id":"https:\/\/www.eldiario.net\/portal\/#organization","name":"El Diario - Decano de la prensa nacional","url":"https:\/\/www.eldiario.net\/portal\/","logo":{"@type":"ImageObject","inLanguage":"es","@id":"https:\/\/www.eldiario.net\/portal\/#\/schema\/logo\/image\/","url":"https:\/\/www.eldiario.net\/portal\/wp-content\/uploads\/2023\/07\/logo_ED.jpg","contentUrl":"https:\/\/www.eldiario.net\/portal\/wp-content\/uploads\/2023\/07\/logo_ED.jpg","width":272,"height":52,"caption":"El Diario - Decano de la prensa nacional"},"image":{"@id":"https:\/\/www.eldiario.net\/portal\/#\/schema\/logo\/image\/"},"sameAs":["https:\/\/www.facebook.com\/eldiario.bolivia\/","https:\/\/x.com\/eldiario_net"]},{"@type":"Person","@id":"https:\/\/www.eldiario.net\/portal\/#\/schema\/person\/2c57cf2b7a7ae032e449e4c9b1019eac","name":"Jeanette","image":{"@type":"ImageObject","inLanguage":"es","@id":"https:\/\/secure.gravatar.com\/avatar\/3ea2118a5f7dad2b7138b1187a6b7ee55f160b9968b66013c3a3ef39dd7e5798?s=96&d=mm&r=g","url":"https:\/\/secure.gravatar.com\/avatar\/3ea2118a5f7dad2b7138b1187a6b7ee55f160b9968b66013c3a3ef39dd7e5798?s=96&d=mm&r=g","contentUrl":"https:\/\/secure.gravatar.com\/avatar\/3ea2118a5f7dad2b7138b1187a6b7ee55f160b9968b66013c3a3ef39dd7e5798?s=96&d=mm&r=g","caption":"Jeanette"},"sameAs":["https:\/\/www.eldiario.net\/portal"],"url":"https:\/\/www.eldiario.net\/portal\/author\/jeanette\/"}]}},"_links":{"self":[{"href":"https:\/\/www.eldiario.net\/portal\/wp-json\/wp\/v2\/posts\/26749","targetHints":{"allow":["GET"]}}],"collection":[{"href":"https:\/\/www.eldiario.net\/portal\/wp-json\/wp\/v2\/posts"}],"about":[{"href":"https:\/\/www.eldiario.net\/portal\/wp-json\/wp\/v2\/types\/post"}],"author":[{"embeddable":true,"href":"https:\/\/www.eldiario.net\/portal\/wp-json\/wp\/v2\/users\/1"}],"replies":[{"embeddable":true,"href":"https:\/\/www.eldiario.net\/portal\/wp-json\/wp\/v2\/comments?post=26749"}],"version-history":[{"count":0,"href":"https:\/\/www.eldiario.net\/portal\/wp-json\/wp\/v2\/posts\/26749\/revisions"}],"wp:attachment":[{"href":"https:\/\/www.eldiario.net\/portal\/wp-json\/wp\/v2\/media?parent=26749"}],"wp:term":[{"taxonomy":"category","embeddable":true,"href":"https:\/\/www.eldiario.net\/portal\/wp-json\/wp\/v2\/categories?post=26749"},{"taxonomy":"post_tag","embeddable":true,"href":"https:\/\/www.eldiario.net\/portal\/wp-json\/wp\/v2\/tags?post=26749"}],"curies":[{"name":"wp","href":"https:\/\/api.w.org\/{rel}","templated":true}]}}