{"id":26747,"date":"2021-08-30T05:53:36","date_gmt":"2021-08-30T09:53:36","guid":{"rendered":"https:\/\/www.eldiario.net\/portal\/?p=26747"},"modified":"2021-08-30T05:53:36","modified_gmt":"2021-08-30T09:53:36","slug":"unifican-instituciones-que-prestan-servicios-contra-violencia","status":"publish","type":"post","link":"https:\/\/www.eldiario.net\/portal\/2021\/08\/30\/unifican-instituciones-que-prestan-servicios-contra-violencia\/","title":{"rendered":"Unifican instituciones que  prestan servicios contra violencia"},"content":{"rendered":"<p>Con el objetivo de prestar mejor atenci\u00f3n a las personas en situaci\u00f3n de violencia, el municipio de El Alto decidi\u00f3 unificar las instituciones que tienen que ver con este servicio y prestar una ayuda oportuna, r\u00e1pida y efectiva, indic\u00f3 la funcionaria Paola Guti\u00e9rrez.<br \/>\nDe acuerdo con Guti\u00e9rrez, las instituciones que ser\u00e1n concentradas en un solo lugar ser\u00e1n la Fuerza Especial de Lucha Contra la Violencia (Felcv) el Instituto de Investigaci\u00f3n Forense (IDIF) y el Ministerio P\u00fablico, quienes trabajan de manera directa con personas entre ni\u00f1as, ni\u00f1os, adolescentes y mujeres v\u00edctimas de maltrato.<br \/>\nGuti\u00e9rrez, responsable del Servicio Legal Integral Municipal (Slim) del municipio de El Alto, mencion\u00f3 que se realizaron reuniones previas y que culminaron con una inspecci\u00f3n en las instalaciones de la Felcv, donde podr\u00eda ser centrado todo este trabajo.<br \/>\n\u201cHemos realizado varias reuniones de intenci\u00f3n de acuerdo y poder unificar la atenci\u00f3n en favor de v\u00edctimas en situaci\u00f3n de violencia, debido a que una persona que desea efectuar una denuncia se atraviesa con la burocracia administrativa que dificulta un servicio r\u00e1pido que amerita estos casos, por eso se ha determinado que todas estas instituciones puedan funcionar en un solo lugar y de esta forma lograr mayor efectividad, en favor de los afectados\u201d, explic\u00f3 Paola Guti\u00e9rrez.<br \/>\nPor otro lado, se adelant\u00f3 que para el efecto se cuenta con un equipo multidisciplinario conformado por abogados, trabajadoras sociales, m\u00e9dicos e investigadores que prestar\u00e1n sus servicios a los afectados, dependiendo de cada caso y de esta forma lograr una acci\u00f3n directa en favor de los denunciantes.<br \/>\nSeg\u00fan la funcionaria del Slim, las dependencias de la Felcv, que en la actualidad funcionan en una infraestructura perteneciente a la procuradur\u00eda, en calidad de comodato, tiene la garant\u00eda de permanencia por un buen tiempo, lo cual posibilitar\u00e1 que en una primera etapa de este proyecto pueda consolidarse el mismo.<br \/>\n\u201cNosotros hemos visto esta posibilidad por todas las condiciones en la que funciona, porque debemos prevenir que la unificaci\u00f3n de dichas instituciones dar\u00e1 un tiempo perentorio para que pueda ser consolidada y estamos seguros que esta infraestructura es adecuada para este cometido, adem\u00e1s el lugar se encuentra en un lugar c\u00e9ntrico, que es la Ceja de El Alto\u201d, explic\u00f3 la funcionaria del Slim.<br \/>\nEn una primera inspecci\u00f3n que se realiz\u00f3 a dichas instalaciones policiales participaron el fiscal de Distrito William Alave, el director de la Fuerza Especial de Lucha Contra la Violencia, coronel. Walter Lens, representantes del Instituto de Investigaci\u00f3n Forense y servidores p\u00fablicos de la Unidad de Atenci\u00f3n Integral a la Familia y el Servicio Legal Integral Municipal.<\/p>\n","protected":false},"excerpt":{"rendered":"<p>Con el objetivo de prestar mejor atenci\u00f3n a las personas en situaci\u00f3n de violencia, el municipio de El Alto decidi\u00f3 unificar las instituciones que tienen que ver con este servicio y prestar una ayuda oportuna, r\u00e1pida y efectiva, indic\u00f3 la funcionaria Paola Guti\u00e9rrez. De acuerdo con Guti\u00e9rrez, las instituciones que ser\u00e1n concentradas en un solo [&hellip;]<\/p>\n","protected":false},"author":1,"featured_media":0,"comment_status":"closed","ping_status":"closed","sticky":false,"template":"","format":"standard","meta":{"_acf_changed":false,"footnotes":""},"categories":[12],"tags":[],"class_list":["post-26747","post","type-post","status-publish","format-standard","category-nacional"],"acf":{"antetitulo":""},"yoast_head":"<!-- This site is optimized with the Yoast SEO plugin v28.4 - https:\/\/yoast.com\/product\/yoast-seo-wordpress\/ -->\n<title>Unifican instituciones que prestan servicios contra violencia - El Diario - Bolivia<\/title>\n<meta name=\"robots\" content=\"index, follow, max-snippet:-1, max-image-preview:large, max-video-preview:-1\" \/>\n<link rel=\"canonical\" href=\"https:\/\/www.eldiario.net\/portal\/2021\/08\/30\/unifican-instituciones-que-prestan-servicios-contra-violencia\/\" \/>\n<meta property=\"og:locale\" content=\"es_ES\" \/>\n<meta property=\"og:type\" content=\"article\" \/>\n<meta property=\"og:title\" content=\"Unifican instituciones que prestan servicios contra violencia - El Diario - Bolivia\" \/>\n<meta property=\"og:description\" content=\"Con el objetivo de prestar mejor atenci\u00f3n a las personas en situaci\u00f3n de violencia, el municipio de El Alto decidi\u00f3 unificar las instituciones que tienen que ver con este servicio y prestar una ayuda oportuna, r\u00e1pida y efectiva, indic\u00f3 la funcionaria Paola Guti\u00e9rrez. De acuerdo con Guti\u00e9rrez, las instituciones que ser\u00e1n concentradas en un solo [&hellip;]\" \/>\n<meta property=\"og:url\" content=\"https:\/\/www.eldiario.net\/portal\/2021\/08\/30\/unifican-instituciones-que-prestan-servicios-contra-violencia\/\" \/>\n<meta property=\"og:site_name\" content=\"El Diario - Bolivia\" \/>\n<meta property=\"article:publisher\" content=\"https:\/\/www.facebook.com\/eldiario.bolivia\/\" \/>\n<meta property=\"article:published_time\" content=\"2021-08-30T09:53:36+00:00\" \/>\n<meta name=\"author\" content=\"Jeanette\" \/>\n<meta name=\"twitter:card\" content=\"summary_large_image\" \/>\n<meta name=\"twitter:creator\" content=\"@eldiario_net\" \/>\n<meta name=\"twitter:site\" content=\"@eldiario_net\" \/>\n<meta name=\"twitter:label1\" content=\"Escrito por\" \/>\n\t<meta name=\"twitter:data1\" content=\"Jeanette\" \/>\n\t<meta name=\"twitter:label2\" content=\"Tiempo de lectura\" \/>\n\t<meta name=\"twitter:data2\" content=\"2 minutos\" \/>\n<script type=\"application\/ld+json\" class=\"yoast-schema-graph\">{\"@context\":\"https:\\\/\\\/schema.org\",\"@graph\":[{\"@type\":\"Article\",\"@id\":\"https:\\\/\\\/www.eldiario.net\\\/portal\\\/2021\\\/08\\\/30\\\/unifican-instituciones-que-prestan-servicios-contra-violencia\\\/#article\",\"isPartOf\":{\"@id\":\"https:\\\/\\\/www.eldiario.net\\\/portal\\\/2021\\\/08\\\/30\\\/unifican-instituciones-que-prestan-servicios-contra-violencia\\\/\"},\"author\":{\"name\":\"Jeanette\",\"@id\":\"https:\\\/\\\/www.eldiario.net\\\/portal\\\/#\\\/schema\\\/person\\\/2c57cf2b7a7ae032e449e4c9b1019eac\"},\"headline\":\"Unifican instituciones que prestan servicios contra violencia\",\"datePublished\":\"2021-08-30T09:53:36+00:00\",\"mainEntityOfPage\":{\"@id\":\"https:\\\/\\\/www.eldiario.net\\\/portal\\\/2021\\\/08\\\/30\\\/unifican-instituciones-que-prestan-servicios-contra-violencia\\\/\"},\"wordCount\":463,\"publisher\":{\"@id\":\"https:\\\/\\\/www.eldiario.net\\\/portal\\\/#organization\"},\"articleSection\":[\"Nacional\"],\"inLanguage\":\"es\"},{\"@type\":\"WebPage\",\"@id\":\"https:\\\/\\\/www.eldiario.net\\\/portal\\\/2021\\\/08\\\/30\\\/unifican-instituciones-que-prestan-servicios-contra-violencia\\\/\",\"url\":\"https:\\\/\\\/www.eldiario.net\\\/portal\\\/2021\\\/08\\\/30\\\/unifican-instituciones-que-prestan-servicios-contra-violencia\\\/\",\"name\":\"Unifican instituciones que prestan servicios contra violencia - El Diario - Bolivia\",\"isPartOf\":{\"@id\":\"https:\\\/\\\/www.eldiario.net\\\/portal\\\/#website\"},\"datePublished\":\"2021-08-30T09:53:36+00:00\",\"breadcrumb\":{\"@id\":\"https:\\\/\\\/www.eldiario.net\\\/portal\\\/2021\\\/08\\\/30\\\/unifican-instituciones-que-prestan-servicios-contra-violencia\\\/#breadcrumb\"},\"inLanguage\":\"es\",\"potentialAction\":[{\"@type\":\"ReadAction\",\"target\":[\"https:\\\/\\\/www.eldiario.net\\\/portal\\\/2021\\\/08\\\/30\\\/unifican-instituciones-que-prestan-servicios-contra-violencia\\\/\"]}]},{\"@type\":\"BreadcrumbList\",\"@id\":\"https:\\\/\\\/www.eldiario.net\\\/portal\\\/2021\\\/08\\\/30\\\/unifican-instituciones-que-prestan-servicios-contra-violencia\\\/#breadcrumb\",\"itemListElement\":[{\"@type\":\"ListItem\",\"position\":1,\"name\":\"Portada\",\"item\":\"https:\\\/\\\/www.eldiario.net\\\/portal\\\/\"},{\"@type\":\"ListItem\",\"position\":2,\"name\":\"Unifican instituciones que prestan servicios contra violencia\"}]},{\"@type\":\"WebSite\",\"@id\":\"https:\\\/\\\/www.eldiario.net\\\/portal\\\/#website\",\"url\":\"https:\\\/\\\/www.eldiario.net\\\/portal\\\/\",\"name\":\"El Diario - Decano de la prensa nacional\",\"description\":\"El Diario - Decano de la prensa nacional\",\"publisher\":{\"@id\":\"https:\\\/\\\/www.eldiario.net\\\/portal\\\/#organization\"},\"potentialAction\":[{\"@type\":\"SearchAction\",\"target\":{\"@type\":\"EntryPoint\",\"urlTemplate\":\"https:\\\/\\\/www.eldiario.net\\\/portal\\\/?s={search_term_string}\"},\"query-input\":{\"@type\":\"PropertyValueSpecification\",\"valueRequired\":true,\"valueName\":\"search_term_string\"}}],\"inLanguage\":\"es\"},{\"@type\":\"Organization\",\"@id\":\"https:\\\/\\\/www.eldiario.net\\\/portal\\\/#organization\",\"name\":\"El Diario - Decano de la prensa nacional\",\"url\":\"https:\\\/\\\/www.eldiario.net\\\/portal\\\/\",\"logo\":{\"@type\":\"ImageObject\",\"inLanguage\":\"es\",\"@id\":\"https:\\\/\\\/www.eldiario.net\\\/portal\\\/#\\\/schema\\\/logo\\\/image\\\/\",\"url\":\"https:\\\/\\\/www.eldiario.net\\\/portal\\\/wp-content\\\/uploads\\\/2023\\\/07\\\/logo_ED.jpg\",\"contentUrl\":\"https:\\\/\\\/www.eldiario.net\\\/portal\\\/wp-content\\\/uploads\\\/2023\\\/07\\\/logo_ED.jpg\",\"width\":272,\"height\":52,\"caption\":\"El Diario - Decano de la prensa nacional\"},\"image\":{\"@id\":\"https:\\\/\\\/www.eldiario.net\\\/portal\\\/#\\\/schema\\\/logo\\\/image\\\/\"},\"sameAs\":[\"https:\\\/\\\/www.facebook.com\\\/eldiario.bolivia\\\/\",\"https:\\\/\\\/x.com\\\/eldiario_net\"]},{\"@type\":\"Person\",\"@id\":\"https:\\\/\\\/www.eldiario.net\\\/portal\\\/#\\\/schema\\\/person\\\/2c57cf2b7a7ae032e449e4c9b1019eac\",\"name\":\"Jeanette\",\"image\":{\"@type\":\"ImageObject\",\"inLanguage\":\"es\",\"@id\":\"https:\\\/\\\/secure.gravatar.com\\\/avatar\\\/3ea2118a5f7dad2b7138b1187a6b7ee55f160b9968b66013c3a3ef39dd7e5798?s=96&d=mm&r=g\",\"url\":\"https:\\\/\\\/secure.gravatar.com\\\/avatar\\\/3ea2118a5f7dad2b7138b1187a6b7ee55f160b9968b66013c3a3ef39dd7e5798?s=96&d=mm&r=g\",\"contentUrl\":\"https:\\\/\\\/secure.gravatar.com\\\/avatar\\\/3ea2118a5f7dad2b7138b1187a6b7ee55f160b9968b66013c3a3ef39dd7e5798?s=96&d=mm&r=g\",\"caption\":\"Jeanette\"},\"sameAs\":[\"https:\\\/\\\/www.eldiario.net\\\/portal\"],\"url\":\"https:\\\/\\\/www.eldiario.net\\\/portal\\\/author\\\/jeanette\\\/\"}]}<\/script>\n<!-- \/ Yoast SEO plugin. -->","yoast_head_json":{"title":"Unifican instituciones que prestan servicios contra violencia - El Diario - Bolivia","robots":{"index":"index","follow":"follow","max-snippet":"max-snippet:-1","max-image-preview":"max-image-preview:large","max-video-preview":"max-video-preview:-1"},"canonical":"https:\/\/www.eldiario.net\/portal\/2021\/08\/30\/unifican-instituciones-que-prestan-servicios-contra-violencia\/","og_locale":"es_ES","og_type":"article","og_title":"Unifican instituciones que prestan servicios contra violencia - El Diario - Bolivia","og_description":"Con el objetivo de prestar mejor atenci\u00f3n a las personas en situaci\u00f3n de violencia, el municipio de El Alto decidi\u00f3 unificar las instituciones que tienen que ver con este servicio y prestar una ayuda oportuna, r\u00e1pida y efectiva, indic\u00f3 la funcionaria Paola Guti\u00e9rrez. De acuerdo con Guti\u00e9rrez, las instituciones que ser\u00e1n concentradas en un solo [&hellip;]","og_url":"https:\/\/www.eldiario.net\/portal\/2021\/08\/30\/unifican-instituciones-que-prestan-servicios-contra-violencia\/","og_site_name":"El Diario - Bolivia","article_publisher":"https:\/\/www.facebook.com\/eldiario.bolivia\/","article_published_time":"2021-08-30T09:53:36+00:00","author":"Jeanette","twitter_card":"summary_large_image","twitter_creator":"@eldiario_net","twitter_site":"@eldiario_net","twitter_misc":{"Escrito por":"Jeanette","Tiempo de lectura":"2 minutos"},"schema":{"@context":"https:\/\/schema.org","@graph":[{"@type":"Article","@id":"https:\/\/www.eldiario.net\/portal\/2021\/08\/30\/unifican-instituciones-que-prestan-servicios-contra-violencia\/#article","isPartOf":{"@id":"https:\/\/www.eldiario.net\/portal\/2021\/08\/30\/unifican-instituciones-que-prestan-servicios-contra-violencia\/"},"author":{"name":"Jeanette","@id":"https:\/\/www.eldiario.net\/portal\/#\/schema\/person\/2c57cf2b7a7ae032e449e4c9b1019eac"},"headline":"Unifican instituciones que prestan servicios contra violencia","datePublished":"2021-08-30T09:53:36+00:00","mainEntityOfPage":{"@id":"https:\/\/www.eldiario.net\/portal\/2021\/08\/30\/unifican-instituciones-que-prestan-servicios-contra-violencia\/"},"wordCount":463,"publisher":{"@id":"https:\/\/www.eldiario.net\/portal\/#organization"},"articleSection":["Nacional"],"inLanguage":"es"},{"@type":"WebPage","@id":"https:\/\/www.eldiario.net\/portal\/2021\/08\/30\/unifican-instituciones-que-prestan-servicios-contra-violencia\/","url":"https:\/\/www.eldiario.net\/portal\/2021\/08\/30\/unifican-instituciones-que-prestan-servicios-contra-violencia\/","name":"Unifican instituciones que prestan servicios contra violencia - El Diario - Bolivia","isPartOf":{"@id":"https:\/\/www.eldiario.net\/portal\/#website"},"datePublished":"2021-08-30T09:53:36+00:00","breadcrumb":{"@id":"https:\/\/www.eldiario.net\/portal\/2021\/08\/30\/unifican-instituciones-que-prestan-servicios-contra-violencia\/#breadcrumb"},"inLanguage":"es","potentialAction":[{"@type":"ReadAction","target":["https:\/\/www.eldiario.net\/portal\/2021\/08\/30\/unifican-instituciones-que-prestan-servicios-contra-violencia\/"]}]},{"@type":"BreadcrumbList","@id":"https:\/\/www.eldiario.net\/portal\/2021\/08\/30\/unifican-instituciones-que-prestan-servicios-contra-violencia\/#breadcrumb","itemListElement":[{"@type":"ListItem","position":1,"name":"Portada","item":"https:\/\/www.eldiario.net\/portal\/"},{"@type":"ListItem","position":2,"name":"Unifican instituciones que prestan servicios contra violencia"}]},{"@type":"WebSite","@id":"https:\/\/www.eldiario.net\/portal\/#website","url":"https:\/\/www.eldiario.net\/portal\/","name":"El Diario - Decano de la prensa nacional","description":"El Diario - Decano de la prensa nacional","publisher":{"@id":"https:\/\/www.eldiario.net\/portal\/#organization"},"potentialAction":[{"@type":"SearchAction","target":{"@type":"EntryPoint","urlTemplate":"https:\/\/www.eldiario.net\/portal\/?s={search_term_string}"},"query-input":{"@type":"PropertyValueSpecification","valueRequired":true,"valueName":"search_term_string"}}],"inLanguage":"es"},{"@type":"Organization","@id":"https:\/\/www.eldiario.net\/portal\/#organization","name":"El Diario - Decano de la prensa nacional","url":"https:\/\/www.eldiario.net\/portal\/","logo":{"@type":"ImageObject","inLanguage":"es","@id":"https:\/\/www.eldiario.net\/portal\/#\/schema\/logo\/image\/","url":"https:\/\/www.eldiario.net\/portal\/wp-content\/uploads\/2023\/07\/logo_ED.jpg","contentUrl":"https:\/\/www.eldiario.net\/portal\/wp-content\/uploads\/2023\/07\/logo_ED.jpg","width":272,"height":52,"caption":"El Diario - Decano de la prensa nacional"},"image":{"@id":"https:\/\/www.eldiario.net\/portal\/#\/schema\/logo\/image\/"},"sameAs":["https:\/\/www.facebook.com\/eldiario.bolivia\/","https:\/\/x.com\/eldiario_net"]},{"@type":"Person","@id":"https:\/\/www.eldiario.net\/portal\/#\/schema\/person\/2c57cf2b7a7ae032e449e4c9b1019eac","name":"Jeanette","image":{"@type":"ImageObject","inLanguage":"es","@id":"https:\/\/secure.gravatar.com\/avatar\/3ea2118a5f7dad2b7138b1187a6b7ee55f160b9968b66013c3a3ef39dd7e5798?s=96&d=mm&r=g","url":"https:\/\/secure.gravatar.com\/avatar\/3ea2118a5f7dad2b7138b1187a6b7ee55f160b9968b66013c3a3ef39dd7e5798?s=96&d=mm&r=g","contentUrl":"https:\/\/secure.gravatar.com\/avatar\/3ea2118a5f7dad2b7138b1187a6b7ee55f160b9968b66013c3a3ef39dd7e5798?s=96&d=mm&r=g","caption":"Jeanette"},"sameAs":["https:\/\/www.eldiario.net\/portal"],"url":"https:\/\/www.eldiario.net\/portal\/author\/jeanette\/"}]}},"_links":{"self":[{"href":"https:\/\/www.eldiario.net\/portal\/wp-json\/wp\/v2\/posts\/26747","targetHints":{"allow":["GET"]}}],"collection":[{"href":"https:\/\/www.eldiario.net\/portal\/wp-json\/wp\/v2\/posts"}],"about":[{"href":"https:\/\/www.eldiario.net\/portal\/wp-json\/wp\/v2\/types\/post"}],"author":[{"embeddable":true,"href":"https:\/\/www.eldiario.net\/portal\/wp-json\/wp\/v2\/users\/1"}],"replies":[{"embeddable":true,"href":"https:\/\/www.eldiario.net\/portal\/wp-json\/wp\/v2\/comments?post=26747"}],"version-history":[{"count":0,"href":"https:\/\/www.eldiario.net\/portal\/wp-json\/wp\/v2\/posts\/26747\/revisions"}],"wp:attachment":[{"href":"https:\/\/www.eldiario.net\/portal\/wp-json\/wp\/v2\/media?parent=26747"}],"wp:term":[{"taxonomy":"category","embeddable":true,"href":"https:\/\/www.eldiario.net\/portal\/wp-json\/wp\/v2\/categories?post=26747"},{"taxonomy":"post_tag","embeddable":true,"href":"https:\/\/www.eldiario.net\/portal\/wp-json\/wp\/v2\/tags?post=26747"}],"curies":[{"name":"wp","href":"https:\/\/api.w.org\/{rel}","templated":true}]}}