{"id":267468,"date":"2024-12-12T09:43:45","date_gmt":"2024-12-12T13:43:45","guid":{"rendered":"https:\/\/www.eldiario.net\/portal\/?p=267468"},"modified":"2024-12-12T09:43:45","modified_gmt":"2024-12-12T13:43:45","slug":"constatan-que-el-peso-paterno-influye-en-el-tamano-de-los-bebes-al-nacer","status":"publish","type":"post","link":"https:\/\/www.eldiario.net\/portal\/2024\/12\/12\/constatan-que-el-peso-paterno-influye-en-el-tamano-de-los-bebes-al-nacer\/","title":{"rendered":"Constatan que el peso paterno influye en el tama\u00f1o de los beb\u00e9s al nacer"},"content":{"rendered":"<p><em>Investigadores de la Universidad de Sao Paulo, en Brasil, analizaron datos de 89 pares de padres e hijos y observaron que cuanto m\u00e1s alto era el \u00edndice de masa corporal del progenitor, menor era el del reci\u00e9n nacido. Esto puede tener influjo sobre la salud del hijo durante toda la vida.<\/em><\/p>\n<p>Un estudio realizado con 89 pares de padres e hijos demostr\u00f3 que existe una asociaci\u00f3n entre el exceso de peso paterno y el peso de los beb\u00e9s al nacer. Cuanto m\u00e1s alto era el \u00edndice de masa corporal (el IMC, es decir, la relaci\u00f3n entre el peso y la altura) del padre, menor era el del reci\u00e9n nacido.<\/p>\n<p>Estos resultados, publicados en el peri\u00f3dico cient\u00edfico International <em>Journal of Obesity<\/em>, refuerzan la idea de que las variables antropom\u00e9tricas no se encuentran exclusivamente relacionadas con las madres, y que el sostenimiento de un estilo de vida sano tambi\u00e9n debe ser una preocupaci\u00f3n de los varones antes de la concepci\u00f3n de un beb\u00e9.<\/p>\n<p>\u201cSe habla mucho y existen muchos estudios acerca de la relaci\u00f3n entre el desarrollo del beb\u00e9 y la salud materna, lo que comprende cuestiones tales como el exceso de peso en el per\u00edodo anterior a la gestaci\u00f3n y durante el embarazo, pero el hecho es que la salud de los padres tambi\u00e9n tiene un gran impacto tanto en el desarrollo fetal como despu\u00e9s del nacimiento de los beb\u00e9s. Nuestro estudio es el primero que se lleva a cabo con familias brasile\u00f1as y muestra que cuanto m\u00e1s alto es el IMC del padre, menor es el peso del beb\u00e9 en el nacimiento. Y pone en evidencia la importancia del padre en lo que hace a las cuestiones de salud y del desarrollo del beb\u00e9\u201d, destaca la investigadora Mariana Rinaldi Carvalho, coautora del art\u00edculo, quien cont\u00f3 con el apoyo de la FAPESP mediante el otorgamiento de una beca doctoral.<\/p>\n<p>Se considera que el peso de los beb\u00e9s al nacer constituye un importante predictor de la salud y no solamente en la infancia, sino tambi\u00e9n durante toda la vida adulta. Aparte del mayor riesgo de muerte, diversos estudios han demostrado que los beb\u00e9s que nacen con bajo (o alto) peso pueden luego desarrollar enfermedades no transmisibles en el transcurso de sus vidas, tales como las afecciones cardiovasculares, la diabetes de tipo 2 y algunos tipos de c\u00e1nceres.<\/p>\n<p>Este trabajo, realizado por investigadoras de la Facultad de Medicina de Ribeirao Preto de la Universidad de Sao Paulo (FMRP-USP), en Brasil, constituye un despliegue de un estudio cl\u00ednico mayor apoyado por la FAPESP, en el cual se evalu\u00f3 la efectividad de la asesor\u00eda nutricional entre 350 mujeres embarazadas con sobrepeso atendidas en unidades de atenci\u00f3n primaria de la red p\u00fablica de salud.<\/p>\n<p>\u201cEn estudios realizados con mujeres embarazadas notamos que existe un componente faltante en la ecuaci\u00f3n que abarca el estilo de vida materno y al reci\u00e9n nacido. Por eso pusimos en la mira el an\u00e1lisis del efecto de la antropometr\u00eda paterna en el desarrollo fetal\u201d, comenta Daniela Saes Sartorelli, docente del Departamento de Medicina Social de la FMRP-USP, quien dirigi\u00f3 el estudio doctoral de Rinaldi Carvalho.<\/p>\n<p>El grupo de investigaci\u00f3n analizar\u00e1 tambi\u00e9n el efecto de la dieta paterna en la antropometr\u00eda y en la adiposidad neonatal. Se tendr\u00e1n en cuenta par\u00e1metros tales como el consumo de alimentos ultraprocesados y la calidad de las grasas de la dieta paterna.<\/p>\n<p>&nbsp;<\/p>\n<p><strong>Un tema de salud p\u00fablica<\/strong><\/p>\n<p>Se considera que el exceso de peso materno es un tema de salud p\u00fablica. Diversos estudios han demostrado que el aumento excesivo de peso durante la gestaci\u00f3n expone tanto a la mujer como al beb\u00e9 a riesgos aumentados de salud a corto y a largo plazo. En la madre, eleva los riesgos de padecer diabetes gestacional, hipertensi\u00f3n, preeclampsia y de tener que someterse a ces\u00e1rea. En los beb\u00e9s, a corto plazo, existe una alta probabilidad de que nazcan con alto o bajo peso. A largo plazo, hay un riesgo elevado de desarrollar obesidad y enfermedades asociadas, tales como la diabetes tipo 2 o hipertensi\u00f3n arterial a una edad temprana.<\/p>\n<p>Si bien en el caso de las madres existe una relaci\u00f3n directa entre la obesidad y el desarrollo fetal a trav\u00e9s de la placenta y de otras c\u00e9lulas, el exceso de peso paterno puede ocasionar algunas alteraciones epigen\u00e9ticas (modificaciones bioqu\u00edmicas en el ADN que reprograman la expresi\u00f3n de los genes). Seg\u00fan Rinaldi Carvalho, estudios anteriores realizados en animales ya hab\u00edan demostrado que algunos genes expresados por el padre pueden afectar el crecimiento feto-placentario.<\/p>\n<p>De acuerdo con la investigadora, estos estudios pusieron en evidencia que dentro de la panza de la mam\u00e1 el feto puede sufrir restricciones de crecimiento, bajo el influjo del exceso de peso paterno, y as\u00ed no lograr alcanzar su potencial gen\u00e9tico de crecimiento. B\u00e1sicamente, la exposici\u00f3n paterna a los denominados estresores ambientales durante el per\u00edodo anterior a la fecundaci\u00f3n, tales como la alimentaci\u00f3n, la pr\u00e1ctica de actividad f\u00edsica y el tabaquismo, por ejemplo, puede derivar en alteraciones en el metabolismo de los hijos a trav\u00e9s de alteraciones epigen\u00e9ticas (lea m\u00e1s en: agencia.fapesp.br\/44828 y agencia.fapesp.br\/22012).<\/p>\n<p>\u201cLo que se sabe hasta ahora es que esos estresores ambientales, como el exceso de peso, por ejemplo, pueden influir en la estructura y en la calidad de los espermatozoides alterando las expresiones g\u00e9nicas e incidir en el ADN del hijo. Esta influencia est\u00e1 relacionada con la epigen\u00e9tica, un \u00e1rea de la ciencia que estudia de qu\u00e9 manera los est\u00edmulos ambientales pueden activar o silenciar genes\u201d, explica Rinaldi Carvalho.<\/p>\n<p>\u201cPor supuesto que la madre es un punto fundamental y los estudios muestran incluso la importancia del cuidado nutricional de la mujer embarazada. Pero urge echar luz sobre el tema del exceso de peso paterno durante el per\u00edodo previo a la concepci\u00f3n. Los resultados muestran que, as\u00ed como es importante el asesoramiento nutricional materno, los pap\u00e1s tambi\u00e9n deben cambiar de h\u00e1bitos antes de la concepci\u00f3n\u201d, afirma la investigadora.<\/p>\n<p>En el estudio que se realiz\u00f3 con los 89 padres y sus hijos se constat\u00f3 tambi\u00e9n que cuanto m\u00e1s alto es el IMC y la circunferencia de la cintura en el caso paterno, menor es la circunferencia cef\u00e1lica del reci\u00e9n nacido. \u201cNo identificamos ninguna anomal\u00eda o malformaci\u00f3n, pero se trata de una correlaci\u00f3n importante, ya que la circunferencia cef\u00e1lica del beb\u00e9 es un par\u00e1metro relevante del crecimiento. Pero se hacen necesarios nuevos estudios con el objetivo de evaluar el real significado de este hallazgo\u201d, afirma Rinaldi Carvalho.<\/p>\n<p>En estudios anteriores sobre la obesidad, a\u00f1ade la investigadora, se detect\u00f3 que el exceso de peso puede influir sobre la sedimentaci\u00f3n mineral \u00f3sea de los reci\u00e9n nacidos. \u201cRemarcamos que en este estudio existe una limitaci\u00f3n: no tuvimos acceso a la informaci\u00f3n referente a cu\u00e1nto tiempo las mujeres permanecieron en trabajo de parto [en los casos de partos vaginales]. Y sabemos que la circunferencia cef\u00e1lica inmediatamente despu\u00e9s del nacimiento puede verse alterada temporalmente cuando un beb\u00e9 queda durante mucho tiempo en el canal vaginal\u201d, comenta\u2026 <strong>(Agencia FAPESP).<\/strong><\/p>\n","protected":false},"excerpt":{"rendered":"<p>Investigadores de la Universidad de Sao Paulo, en Brasil, analizaron datos de 89 pares de padres e hijos y observaron que cuanto m\u00e1s alto era el \u00edndice de masa corporal del progenitor, menor era el del reci\u00e9n nacido. Esto puede tener influjo sobre la salud del hijo durante toda la vida. Un estudio realizado con [&hellip;]<\/p>\n","protected":false},"author":2,"featured_media":194790,"comment_status":"closed","ping_status":"open","sticky":false,"template":"","format":"standard","meta":{"_acf_changed":false,"footnotes":""},"categories":[9],"tags":[],"class_list":["post-267468","post","type-post","status-publish","format-standard","has-post-thumbnail","category-opinion"],"acf":{"antetitulo":""},"yoast_head":"<!-- This site is optimized with the Yoast SEO plugin v28.4 - https:\/\/yoast.com\/product\/yoast-seo-wordpress\/ -->\n<title>Constatan que el peso paterno influye en el tama\u00f1o de los beb\u00e9s al nacer - El Diario - Bolivia<\/title>\n<meta name=\"robots\" content=\"index, follow, max-snippet:-1, max-image-preview:large, max-video-preview:-1\" \/>\n<link rel=\"canonical\" href=\"https:\/\/www.eldiario.net\/portal\/2024\/12\/12\/constatan-que-el-peso-paterno-influye-en-el-tamano-de-los-bebes-al-nacer\/\" \/>\n<meta property=\"og:locale\" content=\"es_ES\" \/>\n<meta property=\"og:type\" content=\"article\" \/>\n<meta property=\"og:title\" content=\"Constatan que el peso paterno influye en el tama\u00f1o de los beb\u00e9s al nacer - El Diario - Bolivia\" \/>\n<meta property=\"og:description\" content=\"Investigadores de la Universidad de Sao Paulo, en Brasil, analizaron datos de 89 pares de padres e hijos y observaron que cuanto m\u00e1s alto era el \u00edndice de masa corporal del progenitor, menor era el del reci\u00e9n nacido. Esto puede tener influjo sobre la salud del hijo durante toda la vida. Un estudio realizado con [&hellip;]\" \/>\n<meta property=\"og:url\" content=\"https:\/\/www.eldiario.net\/portal\/2024\/12\/12\/constatan-que-el-peso-paterno-influye-en-el-tamano-de-los-bebes-al-nacer\/\" \/>\n<meta property=\"og:site_name\" content=\"El Diario - Bolivia\" \/>\n<meta property=\"article:publisher\" content=\"https:\/\/www.facebook.com\/eldiario.bolivia\/\" \/>\n<meta property=\"article:published_time\" content=\"2024-12-12T13:43:45+00:00\" \/>\n<meta property=\"og:image\" content=\"https:\/\/www.eldiario.net\/portal\/wp-content\/uploads\/2023\/12\/Opinion.jpg\" \/>\n\t<meta property=\"og:image:width\" content=\"800\" \/>\n\t<meta property=\"og:image:height\" content=\"500\" \/>\n\t<meta property=\"og:image:type\" content=\"image\/jpeg\" \/>\n<meta name=\"author\" content=\"luis Camacho\" \/>\n<meta name=\"twitter:card\" content=\"summary_large_image\" \/>\n<meta name=\"twitter:creator\" content=\"@eldiario_net\" \/>\n<meta name=\"twitter:site\" content=\"@eldiario_net\" \/>\n<meta name=\"twitter:label1\" content=\"Escrito por\" \/>\n\t<meta name=\"twitter:data1\" content=\"luis Camacho\" \/>\n\t<meta name=\"twitter:label2\" content=\"Tiempo de lectura\" \/>\n\t<meta name=\"twitter:data2\" content=\"6 minutos\" \/>\n<script type=\"application\/ld+json\" class=\"yoast-schema-graph\">{\"@context\":\"https:\\\/\\\/schema.org\",\"@graph\":[{\"@type\":\"Article\",\"@id\":\"https:\\\/\\\/www.eldiario.net\\\/portal\\\/2024\\\/12\\\/12\\\/constatan-que-el-peso-paterno-influye-en-el-tamano-de-los-bebes-al-nacer\\\/#article\",\"isPartOf\":{\"@id\":\"https:\\\/\\\/www.eldiario.net\\\/portal\\\/2024\\\/12\\\/12\\\/constatan-que-el-peso-paterno-influye-en-el-tamano-de-los-bebes-al-nacer\\\/\"},\"author\":{\"name\":\"luis Camacho\",\"@id\":\"https:\\\/\\\/www.eldiario.net\\\/portal\\\/#\\\/schema\\\/person\\\/cab1ae4db27e5f008a62cbffb05fbfee\"},\"headline\":\"Constatan que el peso paterno influye en el tama\u00f1o de los beb\u00e9s al nacer\",\"datePublished\":\"2024-12-12T13:43:45+00:00\",\"mainEntityOfPage\":{\"@id\":\"https:\\\/\\\/www.eldiario.net\\\/portal\\\/2024\\\/12\\\/12\\\/constatan-que-el-peso-paterno-influye-en-el-tamano-de-los-bebes-al-nacer\\\/\"},\"wordCount\":1252,\"publisher\":{\"@id\":\"https:\\\/\\\/www.eldiario.net\\\/portal\\\/#organization\"},\"image\":{\"@id\":\"https:\\\/\\\/www.eldiario.net\\\/portal\\\/2024\\\/12\\\/12\\\/constatan-que-el-peso-paterno-influye-en-el-tamano-de-los-bebes-al-nacer\\\/#primaryimage\"},\"thumbnailUrl\":\"https:\\\/\\\/www.eldiario.net\\\/portal\\\/wp-content\\\/uploads\\\/2023\\\/12\\\/Opinion.jpg\",\"articleSection\":[\"Opini\u00f3n\"],\"inLanguage\":\"es\"},{\"@type\":\"WebPage\",\"@id\":\"https:\\\/\\\/www.eldiario.net\\\/portal\\\/2024\\\/12\\\/12\\\/constatan-que-el-peso-paterno-influye-en-el-tamano-de-los-bebes-al-nacer\\\/\",\"url\":\"https:\\\/\\\/www.eldiario.net\\\/portal\\\/2024\\\/12\\\/12\\\/constatan-que-el-peso-paterno-influye-en-el-tamano-de-los-bebes-al-nacer\\\/\",\"name\":\"Constatan que el peso paterno influye en el tama\u00f1o de los beb\u00e9s al nacer - El Diario - Bolivia\",\"isPartOf\":{\"@id\":\"https:\\\/\\\/www.eldiario.net\\\/portal\\\/#website\"},\"primaryImageOfPage\":{\"@id\":\"https:\\\/\\\/www.eldiario.net\\\/portal\\\/2024\\\/12\\\/12\\\/constatan-que-el-peso-paterno-influye-en-el-tamano-de-los-bebes-al-nacer\\\/#primaryimage\"},\"image\":{\"@id\":\"https:\\\/\\\/www.eldiario.net\\\/portal\\\/2024\\\/12\\\/12\\\/constatan-que-el-peso-paterno-influye-en-el-tamano-de-los-bebes-al-nacer\\\/#primaryimage\"},\"thumbnailUrl\":\"https:\\\/\\\/www.eldiario.net\\\/portal\\\/wp-content\\\/uploads\\\/2023\\\/12\\\/Opinion.jpg\",\"datePublished\":\"2024-12-12T13:43:45+00:00\",\"breadcrumb\":{\"@id\":\"https:\\\/\\\/www.eldiario.net\\\/portal\\\/2024\\\/12\\\/12\\\/constatan-que-el-peso-paterno-influye-en-el-tamano-de-los-bebes-al-nacer\\\/#breadcrumb\"},\"inLanguage\":\"es\",\"potentialAction\":[{\"@type\":\"ReadAction\",\"target\":[\"https:\\\/\\\/www.eldiario.net\\\/portal\\\/2024\\\/12\\\/12\\\/constatan-que-el-peso-paterno-influye-en-el-tamano-de-los-bebes-al-nacer\\\/\"]}]},{\"@type\":\"ImageObject\",\"inLanguage\":\"es\",\"@id\":\"https:\\\/\\\/www.eldiario.net\\\/portal\\\/2024\\\/12\\\/12\\\/constatan-que-el-peso-paterno-influye-en-el-tamano-de-los-bebes-al-nacer\\\/#primaryimage\",\"url\":\"https:\\\/\\\/www.eldiario.net\\\/portal\\\/wp-content\\\/uploads\\\/2023\\\/12\\\/Opinion.jpg\",\"contentUrl\":\"https:\\\/\\\/www.eldiario.net\\\/portal\\\/wp-content\\\/uploads\\\/2023\\\/12\\\/Opinion.jpg\",\"width\":800,\"height\":500},{\"@type\":\"BreadcrumbList\",\"@id\":\"https:\\\/\\\/www.eldiario.net\\\/portal\\\/2024\\\/12\\\/12\\\/constatan-que-el-peso-paterno-influye-en-el-tamano-de-los-bebes-al-nacer\\\/#breadcrumb\",\"itemListElement\":[{\"@type\":\"ListItem\",\"position\":1,\"name\":\"Portada\",\"item\":\"https:\\\/\\\/www.eldiario.net\\\/portal\\\/\"},{\"@type\":\"ListItem\",\"position\":2,\"name\":\"Constatan que el peso paterno influye en el tama\u00f1o de los beb\u00e9s al nacer\"}]},{\"@type\":\"WebSite\",\"@id\":\"https:\\\/\\\/www.eldiario.net\\\/portal\\\/#website\",\"url\":\"https:\\\/\\\/www.eldiario.net\\\/portal\\\/\",\"name\":\"El Diario - Decano de la prensa nacional\",\"description\":\"El Diario - Decano de la prensa nacional\",\"publisher\":{\"@id\":\"https:\\\/\\\/www.eldiario.net\\\/portal\\\/#organization\"},\"potentialAction\":[{\"@type\":\"SearchAction\",\"target\":{\"@type\":\"EntryPoint\",\"urlTemplate\":\"https:\\\/\\\/www.eldiario.net\\\/portal\\\/?s={search_term_string}\"},\"query-input\":{\"@type\":\"PropertyValueSpecification\",\"valueRequired\":true,\"valueName\":\"search_term_string\"}}],\"inLanguage\":\"es\"},{\"@type\":\"Organization\",\"@id\":\"https:\\\/\\\/www.eldiario.net\\\/portal\\\/#organization\",\"name\":\"El Diario - Decano de la prensa nacional\",\"url\":\"https:\\\/\\\/www.eldiario.net\\\/portal\\\/\",\"logo\":{\"@type\":\"ImageObject\",\"inLanguage\":\"es\",\"@id\":\"https:\\\/\\\/www.eldiario.net\\\/portal\\\/#\\\/schema\\\/logo\\\/image\\\/\",\"url\":\"https:\\\/\\\/www.eldiario.net\\\/portal\\\/wp-content\\\/uploads\\\/2023\\\/07\\\/logo_ED.jpg\",\"contentUrl\":\"https:\\\/\\\/www.eldiario.net\\\/portal\\\/wp-content\\\/uploads\\\/2023\\\/07\\\/logo_ED.jpg\",\"width\":272,\"height\":52,\"caption\":\"El Diario - Decano de la prensa nacional\"},\"image\":{\"@id\":\"https:\\\/\\\/www.eldiario.net\\\/portal\\\/#\\\/schema\\\/logo\\\/image\\\/\"},\"sameAs\":[\"https:\\\/\\\/www.facebook.com\\\/eldiario.bolivia\\\/\",\"https:\\\/\\\/x.com\\\/eldiario_net\"]},{\"@type\":\"Person\",\"@id\":\"https:\\\/\\\/www.eldiario.net\\\/portal\\\/#\\\/schema\\\/person\\\/cab1ae4db27e5f008a62cbffb05fbfee\",\"name\":\"luis Camacho\",\"image\":{\"@type\":\"ImageObject\",\"inLanguage\":\"es\",\"@id\":\"https:\\\/\\\/secure.gravatar.com\\\/avatar\\\/69ecb836b3826d5a2501bf06ab2a2f2c8ab211cc846758f395df21684cb38313?s=96&d=mm&r=g\",\"url\":\"https:\\\/\\\/secure.gravatar.com\\\/avatar\\\/69ecb836b3826d5a2501bf06ab2a2f2c8ab211cc846758f395df21684cb38313?s=96&d=mm&r=g\",\"contentUrl\":\"https:\\\/\\\/secure.gravatar.com\\\/avatar\\\/69ecb836b3826d5a2501bf06ab2a2f2c8ab211cc846758f395df21684cb38313?s=96&d=mm&r=g\",\"caption\":\"luis Camacho\"},\"url\":\"https:\\\/\\\/www.eldiario.net\\\/portal\\\/author\\\/luis\\\/\"}]}<\/script>\n<!-- \/ Yoast SEO plugin. -->","yoast_head_json":{"title":"Constatan que el peso paterno influye en el tama\u00f1o de los beb\u00e9s al nacer - El Diario - Bolivia","robots":{"index":"index","follow":"follow","max-snippet":"max-snippet:-1","max-image-preview":"max-image-preview:large","max-video-preview":"max-video-preview:-1"},"canonical":"https:\/\/www.eldiario.net\/portal\/2024\/12\/12\/constatan-que-el-peso-paterno-influye-en-el-tamano-de-los-bebes-al-nacer\/","og_locale":"es_ES","og_type":"article","og_title":"Constatan que el peso paterno influye en el tama\u00f1o de los beb\u00e9s al nacer - El Diario - Bolivia","og_description":"Investigadores de la Universidad de Sao Paulo, en Brasil, analizaron datos de 89 pares de padres e hijos y observaron que cuanto m\u00e1s alto era el \u00edndice de masa corporal del progenitor, menor era el del reci\u00e9n nacido. Esto puede tener influjo sobre la salud del hijo durante toda la vida. Un estudio realizado con [&hellip;]","og_url":"https:\/\/www.eldiario.net\/portal\/2024\/12\/12\/constatan-que-el-peso-paterno-influye-en-el-tamano-de-los-bebes-al-nacer\/","og_site_name":"El Diario - Bolivia","article_publisher":"https:\/\/www.facebook.com\/eldiario.bolivia\/","article_published_time":"2024-12-12T13:43:45+00:00","og_image":[{"width":800,"height":500,"url":"https:\/\/www.eldiario.net\/portal\/wp-content\/uploads\/2023\/12\/Opinion.jpg","type":"image\/jpeg"}],"author":"luis Camacho","twitter_card":"summary_large_image","twitter_creator":"@eldiario_net","twitter_site":"@eldiario_net","twitter_misc":{"Escrito por":"luis Camacho","Tiempo de lectura":"6 minutos"},"schema":{"@context":"https:\/\/schema.org","@graph":[{"@type":"Article","@id":"https:\/\/www.eldiario.net\/portal\/2024\/12\/12\/constatan-que-el-peso-paterno-influye-en-el-tamano-de-los-bebes-al-nacer\/#article","isPartOf":{"@id":"https:\/\/www.eldiario.net\/portal\/2024\/12\/12\/constatan-que-el-peso-paterno-influye-en-el-tamano-de-los-bebes-al-nacer\/"},"author":{"name":"luis Camacho","@id":"https:\/\/www.eldiario.net\/portal\/#\/schema\/person\/cab1ae4db27e5f008a62cbffb05fbfee"},"headline":"Constatan que el peso paterno influye en el tama\u00f1o de los beb\u00e9s al nacer","datePublished":"2024-12-12T13:43:45+00:00","mainEntityOfPage":{"@id":"https:\/\/www.eldiario.net\/portal\/2024\/12\/12\/constatan-que-el-peso-paterno-influye-en-el-tamano-de-los-bebes-al-nacer\/"},"wordCount":1252,"publisher":{"@id":"https:\/\/www.eldiario.net\/portal\/#organization"},"image":{"@id":"https:\/\/www.eldiario.net\/portal\/2024\/12\/12\/constatan-que-el-peso-paterno-influye-en-el-tamano-de-los-bebes-al-nacer\/#primaryimage"},"thumbnailUrl":"https:\/\/www.eldiario.net\/portal\/wp-content\/uploads\/2023\/12\/Opinion.jpg","articleSection":["Opini\u00f3n"],"inLanguage":"es"},{"@type":"WebPage","@id":"https:\/\/www.eldiario.net\/portal\/2024\/12\/12\/constatan-que-el-peso-paterno-influye-en-el-tamano-de-los-bebes-al-nacer\/","url":"https:\/\/www.eldiario.net\/portal\/2024\/12\/12\/constatan-que-el-peso-paterno-influye-en-el-tamano-de-los-bebes-al-nacer\/","name":"Constatan que el peso paterno influye en el tama\u00f1o de los beb\u00e9s al nacer - El Diario - Bolivia","isPartOf":{"@id":"https:\/\/www.eldiario.net\/portal\/#website"},"primaryImageOfPage":{"@id":"https:\/\/www.eldiario.net\/portal\/2024\/12\/12\/constatan-que-el-peso-paterno-influye-en-el-tamano-de-los-bebes-al-nacer\/#primaryimage"},"image":{"@id":"https:\/\/www.eldiario.net\/portal\/2024\/12\/12\/constatan-que-el-peso-paterno-influye-en-el-tamano-de-los-bebes-al-nacer\/#primaryimage"},"thumbnailUrl":"https:\/\/www.eldiario.net\/portal\/wp-content\/uploads\/2023\/12\/Opinion.jpg","datePublished":"2024-12-12T13:43:45+00:00","breadcrumb":{"@id":"https:\/\/www.eldiario.net\/portal\/2024\/12\/12\/constatan-que-el-peso-paterno-influye-en-el-tamano-de-los-bebes-al-nacer\/#breadcrumb"},"inLanguage":"es","potentialAction":[{"@type":"ReadAction","target":["https:\/\/www.eldiario.net\/portal\/2024\/12\/12\/constatan-que-el-peso-paterno-influye-en-el-tamano-de-los-bebes-al-nacer\/"]}]},{"@type":"ImageObject","inLanguage":"es","@id":"https:\/\/www.eldiario.net\/portal\/2024\/12\/12\/constatan-que-el-peso-paterno-influye-en-el-tamano-de-los-bebes-al-nacer\/#primaryimage","url":"https:\/\/www.eldiario.net\/portal\/wp-content\/uploads\/2023\/12\/Opinion.jpg","contentUrl":"https:\/\/www.eldiario.net\/portal\/wp-content\/uploads\/2023\/12\/Opinion.jpg","width":800,"height":500},{"@type":"BreadcrumbList","@id":"https:\/\/www.eldiario.net\/portal\/2024\/12\/12\/constatan-que-el-peso-paterno-influye-en-el-tamano-de-los-bebes-al-nacer\/#breadcrumb","itemListElement":[{"@type":"ListItem","position":1,"name":"Portada","item":"https:\/\/www.eldiario.net\/portal\/"},{"@type":"ListItem","position":2,"name":"Constatan que el peso paterno influye en el tama\u00f1o de los beb\u00e9s al nacer"}]},{"@type":"WebSite","@id":"https:\/\/www.eldiario.net\/portal\/#website","url":"https:\/\/www.eldiario.net\/portal\/","name":"El Diario - Decano de la prensa nacional","description":"El Diario - Decano de la prensa nacional","publisher":{"@id":"https:\/\/www.eldiario.net\/portal\/#organization"},"potentialAction":[{"@type":"SearchAction","target":{"@type":"EntryPoint","urlTemplate":"https:\/\/www.eldiario.net\/portal\/?s={search_term_string}"},"query-input":{"@type":"PropertyValueSpecification","valueRequired":true,"valueName":"search_term_string"}}],"inLanguage":"es"},{"@type":"Organization","@id":"https:\/\/www.eldiario.net\/portal\/#organization","name":"El Diario - Decano de la prensa nacional","url":"https:\/\/www.eldiario.net\/portal\/","logo":{"@type":"ImageObject","inLanguage":"es","@id":"https:\/\/www.eldiario.net\/portal\/#\/schema\/logo\/image\/","url":"https:\/\/www.eldiario.net\/portal\/wp-content\/uploads\/2023\/07\/logo_ED.jpg","contentUrl":"https:\/\/www.eldiario.net\/portal\/wp-content\/uploads\/2023\/07\/logo_ED.jpg","width":272,"height":52,"caption":"El Diario - Decano de la prensa nacional"},"image":{"@id":"https:\/\/www.eldiario.net\/portal\/#\/schema\/logo\/image\/"},"sameAs":["https:\/\/www.facebook.com\/eldiario.bolivia\/","https:\/\/x.com\/eldiario_net"]},{"@type":"Person","@id":"https:\/\/www.eldiario.net\/portal\/#\/schema\/person\/cab1ae4db27e5f008a62cbffb05fbfee","name":"luis Camacho","image":{"@type":"ImageObject","inLanguage":"es","@id":"https:\/\/secure.gravatar.com\/avatar\/69ecb836b3826d5a2501bf06ab2a2f2c8ab211cc846758f395df21684cb38313?s=96&d=mm&r=g","url":"https:\/\/secure.gravatar.com\/avatar\/69ecb836b3826d5a2501bf06ab2a2f2c8ab211cc846758f395df21684cb38313?s=96&d=mm&r=g","contentUrl":"https:\/\/secure.gravatar.com\/avatar\/69ecb836b3826d5a2501bf06ab2a2f2c8ab211cc846758f395df21684cb38313?s=96&d=mm&r=g","caption":"luis Camacho"},"url":"https:\/\/www.eldiario.net\/portal\/author\/luis\/"}]}},"_links":{"self":[{"href":"https:\/\/www.eldiario.net\/portal\/wp-json\/wp\/v2\/posts\/267468","targetHints":{"allow":["GET"]}}],"collection":[{"href":"https:\/\/www.eldiario.net\/portal\/wp-json\/wp\/v2\/posts"}],"about":[{"href":"https:\/\/www.eldiario.net\/portal\/wp-json\/wp\/v2\/types\/post"}],"author":[{"embeddable":true,"href":"https:\/\/www.eldiario.net\/portal\/wp-json\/wp\/v2\/users\/2"}],"replies":[{"embeddable":true,"href":"https:\/\/www.eldiario.net\/portal\/wp-json\/wp\/v2\/comments?post=267468"}],"version-history":[{"count":1,"href":"https:\/\/www.eldiario.net\/portal\/wp-json\/wp\/v2\/posts\/267468\/revisions"}],"predecessor-version":[{"id":267469,"href":"https:\/\/www.eldiario.net\/portal\/wp-json\/wp\/v2\/posts\/267468\/revisions\/267469"}],"wp:featuredmedia":[{"embeddable":true,"href":"https:\/\/www.eldiario.net\/portal\/wp-json\/wp\/v2\/media\/194790"}],"wp:attachment":[{"href":"https:\/\/www.eldiario.net\/portal\/wp-json\/wp\/v2\/media?parent=267468"}],"wp:term":[{"taxonomy":"category","embeddable":true,"href":"https:\/\/www.eldiario.net\/portal\/wp-json\/wp\/v2\/categories?post=267468"},{"taxonomy":"post_tag","embeddable":true,"href":"https:\/\/www.eldiario.net\/portal\/wp-json\/wp\/v2\/tags?post=267468"}],"curies":[{"name":"wp","href":"https:\/\/api.w.org\/{rel}","templated":true}]}}