{"id":267464,"date":"2024-12-12T09:37:37","date_gmt":"2024-12-12T13:37:37","guid":{"rendered":"https:\/\/www.eldiario.net\/portal\/?p=267464"},"modified":"2024-12-12T09:37:37","modified_gmt":"2024-12-12T13:37:37","slug":"el-estres-laboral-un-reflejo-del-mal-liderazgo","status":"publish","type":"post","link":"https:\/\/www.eldiario.net\/portal\/2024\/12\/12\/el-estres-laboral-un-reflejo-del-mal-liderazgo\/","title":{"rendered":"El estr\u00e9s laboral: un reflejo del mal liderazgo"},"content":{"rendered":"<p>De acuerdo con el informe <em>State of the Global Workplace 2024<\/em> de Gallup, Bolivia encabeza las estad\u00edsticas de estr\u00e9s y tristeza laboral en Latinoam\u00e9rica. La investigaci\u00f3n indica que el 55% de los trabajadores sufre altos niveles de estr\u00e9s, mientras que el 32% experimenta tristeza y el 25% siente ira en su ambiente laboral. Adem\u00e1s, el 62% de los encuestados en Bolivia manifest\u00f3 su deseo de buscar un nuevo trabajo, una cifra que supera el promedio regional, donde el 44% de los trabajadores reporta estr\u00e9s. Estos sentimientos, que en algunos casos se combinan con irritabilidad y frustraci\u00f3n, evidencian un entorno laboral desmotivante.<\/p>\n<p>En Latinoam\u00e9rica, la falta de compromiso con el trabajo es una tendencia generalizada, con tan solo un 32% de los empleados comprometidos y un 58% desvinculados de sus tareas. Gallup advierte que esta desvinculaci\u00f3n tiene un alto costo econ\u00f3mico, con p\u00e9rdidas estimadas en 8.900 millones de d\u00f3lares anuales en la regi\u00f3n. El informe, basado en encuestas a 128.000 trabajadores, demuestra c\u00f3mo el entorno laboral negativo y la falta de compromiso afectan tanto el bienestar individual de los empleados como la productividad econ\u00f3mica de los pa\u00edses. A nivel mundial, se estima que aproximadamente el 50% de los trabajadores experimenta estr\u00e9s laboral, con un notable aumento en los \u00faltimos a\u00f1os, debido a factores como la pandemia de COVID-19 y el cambio en las din\u00e1micas laborales.<\/p>\n<p>El estr\u00e9s laboral en Bolivia tiene ra\u00edces profundas, y uno de los factores m\u00e1s influyentes es el liderazgo deficiente, caracterizado por pr\u00e1cticas corruptas y abuso de poder. Las decisiones tomadas en funci\u00f3n de intereses personales, el nepotismo y el favoritismo, junto con la falta de transparencia y rendici\u00f3n de cuentas, han generado una cultura organizacional t\u00f3xica. Estas pr\u00e1cticas no solo deterioran el clima laboral, sino que adem\u00e1s generan desconfianza entre los empleados, quienes ven frustradas sus oportunidades de desarrollo profesional y bienestar. La cultura organizacional en muchas instituciones se caracteriza por una comunicaci\u00f3n autoritaria y vertical, la falta de reconocimiento al m\u00e9rito y una sobrecarga laboral injustificada. A esto se suma la ausencia de pol\u00edticas de bienestar, lo que empeora a\u00fan m\u00e1s la situaci\u00f3n. La discriminaci\u00f3n y el acoso laboral son problemas recurrentes, contribuyendo al deterioro de la salud mental y f\u00edsica de los trabajadores. Este ambiente t\u00f3xico da como resultado una fuerza laboral agotada y desmotivada, incapaz de alcanzar su m\u00e1ximo potencial.<\/p>\n<p>Las consecuencias del estr\u00e9s laboral son devastadoras, tanto para los trabajadores como para las organizaciones. A nivel individual, los empleados sufren de agotamiento cr\u00f3nico, trastornos de ansiedad, depresi\u00f3n y problemas psicosom\u00e1ticos, lo que afecta sus relaciones interpersonales y conduce al s\u00edndrome de burnout. En el \u00e1mbito organizacional, la productividad disminuye, aumenta el ausentismo y la rotaci\u00f3n de personal, y se pierde talento cualificado. Todo esto culmina en un clima organizacional deteriorado y una ineficiencia operativa generalizada.<\/p>\n<p>Para transformar esta realidad se necesita un cambio radical en el modelo de liderazgo. Se requiere adoptar un liderazgo \u00e9tico, basado en la transparencia, la comunicaci\u00f3n bidireccional, la empat\u00eda y la toma de decisiones participativa. Los l\u00edderes deben comprometerse con el desarrollo profesional de sus equipos, priorizando el bienestar de los trabajadores y creando un ambiente laboral m\u00e1s humano y colaborativo. Solo as\u00ed ser\u00e1 posible revertir la crisis actual y construir organizaciones m\u00e1s saludables y eficientes. Asimismo, es fundamental desarrollar programas de formaci\u00f3n integral que fortalezcan las competencias en gesti\u00f3n del estr\u00e9s, inteligencia emocional, comunicaci\u00f3n asertiva y planificaci\u00f3n estrat\u00e9gica. Estas habilidades permitir\u00e1n a los l\u00edderes gestionar de forma m\u00e1s efectiva los desaf\u00edos organizacionales, al mismo tiempo que fomentan equipos de alto rendimiento. De manera simult\u00e1nea, deben ser implementadas pol\u00edticas organizacionales saludables que incluyan programas de bienestar laboral, sistemas de evaluaci\u00f3n justos y planes de carrera transparentes, garantizando un entorno m\u00e1s equitativo y sostenible.<\/p>\n<p>En \u00faltima instancia, el cambio no ocurrir\u00e1 de la noche a la ma\u00f1ana. A corto plazo, es necesario realizar un diagn\u00f3stico organizacional profundo y ajustar las cargas laborales, al tiempo que sean implementados programas de capacitaci\u00f3n urgente. A mediano y largo plazo, las organizaciones deben desarrollar pol\u00edticas integrales, establecer sistemas de monitoreo y promover una cultura de mejora continua. Solo as\u00ed ser\u00e1 posible consolidar un modelo de gesti\u00f3n resiliente y sostenible que priorice tanto la eficiencia institucional como el bienestar de los trabajadores. La transformaci\u00f3n del ambiente laboral en Bolivia es una necesidad urgente e ineludible. El bienestar de los trabajadores y la competitividad de las organizaciones dependen de un cambio estructural que adopte un liderazgo \u00e9tico y humano, y fomente la creaci\u00f3n de espacios laborales saludables y productivos.<\/p>\n<p><em>El autor es polit\u00f3logo-abogado y docente universitario.<\/em><\/p>\n<p>rcoteja100@gmail.com<\/p>\n","protected":false},"excerpt":{"rendered":"<p>De acuerdo con el informe State of the Global Workplace 2024 de Gallup, Bolivia encabeza las estad\u00edsticas de estr\u00e9s y tristeza laboral en Latinoam\u00e9rica. La investigaci\u00f3n indica que el 55% de los trabajadores sufre altos niveles de estr\u00e9s, mientras que el 32% experimenta tristeza y el 25% siente ira en su ambiente laboral. Adem\u00e1s, el [&hellip;]<\/p>\n","protected":false},"author":2,"featured_media":163306,"comment_status":"closed","ping_status":"open","sticky":false,"template":"","format":"standard","meta":{"_acf_changed":false,"footnotes":""},"categories":[9],"tags":[],"class_list":["post-267464","post","type-post","status-publish","format-standard","has-post-thumbnail","category-opinion"],"acf":{"antetitulo":""},"yoast_head":"<!-- This site is optimized with the Yoast SEO plugin v28.4 - https:\/\/yoast.com\/product\/yoast-seo-wordpress\/ -->\n<title>El estr\u00e9s laboral: un reflejo del mal liderazgo - El Diario - Bolivia<\/title>\n<meta name=\"robots\" content=\"index, follow, max-snippet:-1, max-image-preview:large, max-video-preview:-1\" \/>\n<link rel=\"canonical\" href=\"https:\/\/www.eldiario.net\/portal\/2024\/12\/12\/el-estres-laboral-un-reflejo-del-mal-liderazgo\/\" \/>\n<meta property=\"og:locale\" content=\"es_ES\" \/>\n<meta property=\"og:type\" content=\"article\" \/>\n<meta property=\"og:title\" content=\"El estr\u00e9s laboral: un reflejo del mal liderazgo - El Diario - Bolivia\" \/>\n<meta property=\"og:description\" content=\"De acuerdo con el informe State of the Global Workplace 2024 de Gallup, Bolivia encabeza las estad\u00edsticas de estr\u00e9s y tristeza laboral en Latinoam\u00e9rica. La investigaci\u00f3n indica que el 55% de los trabajadores sufre altos niveles de estr\u00e9s, mientras que el 32% experimenta tristeza y el 25% siente ira en su ambiente laboral. Adem\u00e1s, el [&hellip;]\" \/>\n<meta property=\"og:url\" content=\"https:\/\/www.eldiario.net\/portal\/2024\/12\/12\/el-estres-laboral-un-reflejo-del-mal-liderazgo\/\" \/>\n<meta property=\"og:site_name\" content=\"El Diario - Bolivia\" \/>\n<meta property=\"article:publisher\" content=\"https:\/\/www.facebook.com\/eldiario.bolivia\/\" \/>\n<meta property=\"article:published_time\" content=\"2024-12-12T13:37:37+00:00\" \/>\n<meta property=\"og:image\" content=\"https:\/\/www.eldiario.net\/portal\/wp-content\/uploads\/2023\/07\/Rolando-Coteja-Mollo.jpg\" \/>\n\t<meta property=\"og:image:width\" content=\"1200\" \/>\n\t<meta property=\"og:image:height\" content=\"628\" \/>\n\t<meta property=\"og:image:type\" content=\"image\/jpeg\" \/>\n<meta name=\"author\" content=\"luis Camacho\" \/>\n<meta name=\"twitter:card\" content=\"summary_large_image\" \/>\n<meta name=\"twitter:creator\" content=\"@eldiario_net\" \/>\n<meta name=\"twitter:site\" content=\"@eldiario_net\" \/>\n<meta name=\"twitter:label1\" content=\"Escrito por\" \/>\n\t<meta name=\"twitter:data1\" content=\"luis Camacho\" \/>\n\t<meta name=\"twitter:label2\" content=\"Tiempo de lectura\" \/>\n\t<meta name=\"twitter:data2\" content=\"4 minutos\" \/>\n<script type=\"application\/ld+json\" class=\"yoast-schema-graph\">{\"@context\":\"https:\\\/\\\/schema.org\",\"@graph\":[{\"@type\":\"Article\",\"@id\":\"https:\\\/\\\/www.eldiario.net\\\/portal\\\/2024\\\/12\\\/12\\\/el-estres-laboral-un-reflejo-del-mal-liderazgo\\\/#article\",\"isPartOf\":{\"@id\":\"https:\\\/\\\/www.eldiario.net\\\/portal\\\/2024\\\/12\\\/12\\\/el-estres-laboral-un-reflejo-del-mal-liderazgo\\\/\"},\"author\":{\"name\":\"luis Camacho\",\"@id\":\"https:\\\/\\\/www.eldiario.net\\\/portal\\\/#\\\/schema\\\/person\\\/cab1ae4db27e5f008a62cbffb05fbfee\"},\"headline\":\"El estr\u00e9s laboral: un reflejo del mal liderazgo\",\"datePublished\":\"2024-12-12T13:37:37+00:00\",\"mainEntityOfPage\":{\"@id\":\"https:\\\/\\\/www.eldiario.net\\\/portal\\\/2024\\\/12\\\/12\\\/el-estres-laboral-un-reflejo-del-mal-liderazgo\\\/\"},\"wordCount\":825,\"publisher\":{\"@id\":\"https:\\\/\\\/www.eldiario.net\\\/portal\\\/#organization\"},\"image\":{\"@id\":\"https:\\\/\\\/www.eldiario.net\\\/portal\\\/2024\\\/12\\\/12\\\/el-estres-laboral-un-reflejo-del-mal-liderazgo\\\/#primaryimage\"},\"thumbnailUrl\":\"https:\\\/\\\/www.eldiario.net\\\/portal\\\/wp-content\\\/uploads\\\/2023\\\/07\\\/Rolando-Coteja-Mollo.jpg\",\"articleSection\":[\"Opini\u00f3n\"],\"inLanguage\":\"es\"},{\"@type\":\"WebPage\",\"@id\":\"https:\\\/\\\/www.eldiario.net\\\/portal\\\/2024\\\/12\\\/12\\\/el-estres-laboral-un-reflejo-del-mal-liderazgo\\\/\",\"url\":\"https:\\\/\\\/www.eldiario.net\\\/portal\\\/2024\\\/12\\\/12\\\/el-estres-laboral-un-reflejo-del-mal-liderazgo\\\/\",\"name\":\"El estr\u00e9s laboral: un reflejo del mal liderazgo - El Diario - Bolivia\",\"isPartOf\":{\"@id\":\"https:\\\/\\\/www.eldiario.net\\\/portal\\\/#website\"},\"primaryImageOfPage\":{\"@id\":\"https:\\\/\\\/www.eldiario.net\\\/portal\\\/2024\\\/12\\\/12\\\/el-estres-laboral-un-reflejo-del-mal-liderazgo\\\/#primaryimage\"},\"image\":{\"@id\":\"https:\\\/\\\/www.eldiario.net\\\/portal\\\/2024\\\/12\\\/12\\\/el-estres-laboral-un-reflejo-del-mal-liderazgo\\\/#primaryimage\"},\"thumbnailUrl\":\"https:\\\/\\\/www.eldiario.net\\\/portal\\\/wp-content\\\/uploads\\\/2023\\\/07\\\/Rolando-Coteja-Mollo.jpg\",\"datePublished\":\"2024-12-12T13:37:37+00:00\",\"breadcrumb\":{\"@id\":\"https:\\\/\\\/www.eldiario.net\\\/portal\\\/2024\\\/12\\\/12\\\/el-estres-laboral-un-reflejo-del-mal-liderazgo\\\/#breadcrumb\"},\"inLanguage\":\"es\",\"potentialAction\":[{\"@type\":\"ReadAction\",\"target\":[\"https:\\\/\\\/www.eldiario.net\\\/portal\\\/2024\\\/12\\\/12\\\/el-estres-laboral-un-reflejo-del-mal-liderazgo\\\/\"]}]},{\"@type\":\"ImageObject\",\"inLanguage\":\"es\",\"@id\":\"https:\\\/\\\/www.eldiario.net\\\/portal\\\/2024\\\/12\\\/12\\\/el-estres-laboral-un-reflejo-del-mal-liderazgo\\\/#primaryimage\",\"url\":\"https:\\\/\\\/www.eldiario.net\\\/portal\\\/wp-content\\\/uploads\\\/2023\\\/07\\\/Rolando-Coteja-Mollo.jpg\",\"contentUrl\":\"https:\\\/\\\/www.eldiario.net\\\/portal\\\/wp-content\\\/uploads\\\/2023\\\/07\\\/Rolando-Coteja-Mollo.jpg\",\"width\":1200,\"height\":628},{\"@type\":\"BreadcrumbList\",\"@id\":\"https:\\\/\\\/www.eldiario.net\\\/portal\\\/2024\\\/12\\\/12\\\/el-estres-laboral-un-reflejo-del-mal-liderazgo\\\/#breadcrumb\",\"itemListElement\":[{\"@type\":\"ListItem\",\"position\":1,\"name\":\"Portada\",\"item\":\"https:\\\/\\\/www.eldiario.net\\\/portal\\\/\"},{\"@type\":\"ListItem\",\"position\":2,\"name\":\"El estr\u00e9s laboral: un reflejo del mal liderazgo\"}]},{\"@type\":\"WebSite\",\"@id\":\"https:\\\/\\\/www.eldiario.net\\\/portal\\\/#website\",\"url\":\"https:\\\/\\\/www.eldiario.net\\\/portal\\\/\",\"name\":\"El Diario - Decano de la prensa nacional\",\"description\":\"El Diario - Decano de la prensa nacional\",\"publisher\":{\"@id\":\"https:\\\/\\\/www.eldiario.net\\\/portal\\\/#organization\"},\"potentialAction\":[{\"@type\":\"SearchAction\",\"target\":{\"@type\":\"EntryPoint\",\"urlTemplate\":\"https:\\\/\\\/www.eldiario.net\\\/portal\\\/?s={search_term_string}\"},\"query-input\":{\"@type\":\"PropertyValueSpecification\",\"valueRequired\":true,\"valueName\":\"search_term_string\"}}],\"inLanguage\":\"es\"},{\"@type\":\"Organization\",\"@id\":\"https:\\\/\\\/www.eldiario.net\\\/portal\\\/#organization\",\"name\":\"El Diario - Decano de la prensa nacional\",\"url\":\"https:\\\/\\\/www.eldiario.net\\\/portal\\\/\",\"logo\":{\"@type\":\"ImageObject\",\"inLanguage\":\"es\",\"@id\":\"https:\\\/\\\/www.eldiario.net\\\/portal\\\/#\\\/schema\\\/logo\\\/image\\\/\",\"url\":\"https:\\\/\\\/www.eldiario.net\\\/portal\\\/wp-content\\\/uploads\\\/2023\\\/07\\\/logo_ED.jpg\",\"contentUrl\":\"https:\\\/\\\/www.eldiario.net\\\/portal\\\/wp-content\\\/uploads\\\/2023\\\/07\\\/logo_ED.jpg\",\"width\":272,\"height\":52,\"caption\":\"El Diario - Decano de la prensa nacional\"},\"image\":{\"@id\":\"https:\\\/\\\/www.eldiario.net\\\/portal\\\/#\\\/schema\\\/logo\\\/image\\\/\"},\"sameAs\":[\"https:\\\/\\\/www.facebook.com\\\/eldiario.bolivia\\\/\",\"https:\\\/\\\/x.com\\\/eldiario_net\"]},{\"@type\":\"Person\",\"@id\":\"https:\\\/\\\/www.eldiario.net\\\/portal\\\/#\\\/schema\\\/person\\\/cab1ae4db27e5f008a62cbffb05fbfee\",\"name\":\"luis Camacho\",\"image\":{\"@type\":\"ImageObject\",\"inLanguage\":\"es\",\"@id\":\"https:\\\/\\\/secure.gravatar.com\\\/avatar\\\/69ecb836b3826d5a2501bf06ab2a2f2c8ab211cc846758f395df21684cb38313?s=96&d=mm&r=g\",\"url\":\"https:\\\/\\\/secure.gravatar.com\\\/avatar\\\/69ecb836b3826d5a2501bf06ab2a2f2c8ab211cc846758f395df21684cb38313?s=96&d=mm&r=g\",\"contentUrl\":\"https:\\\/\\\/secure.gravatar.com\\\/avatar\\\/69ecb836b3826d5a2501bf06ab2a2f2c8ab211cc846758f395df21684cb38313?s=96&d=mm&r=g\",\"caption\":\"luis Camacho\"},\"url\":\"https:\\\/\\\/www.eldiario.net\\\/portal\\\/author\\\/luis\\\/\"}]}<\/script>\n<!-- \/ Yoast SEO plugin. -->","yoast_head_json":{"title":"El estr\u00e9s laboral: un reflejo del mal liderazgo - El Diario - Bolivia","robots":{"index":"index","follow":"follow","max-snippet":"max-snippet:-1","max-image-preview":"max-image-preview:large","max-video-preview":"max-video-preview:-1"},"canonical":"https:\/\/www.eldiario.net\/portal\/2024\/12\/12\/el-estres-laboral-un-reflejo-del-mal-liderazgo\/","og_locale":"es_ES","og_type":"article","og_title":"El estr\u00e9s laboral: un reflejo del mal liderazgo - El Diario - Bolivia","og_description":"De acuerdo con el informe State of the Global Workplace 2024 de Gallup, Bolivia encabeza las estad\u00edsticas de estr\u00e9s y tristeza laboral en Latinoam\u00e9rica. La investigaci\u00f3n indica que el 55% de los trabajadores sufre altos niveles de estr\u00e9s, mientras que el 32% experimenta tristeza y el 25% siente ira en su ambiente laboral. Adem\u00e1s, el [&hellip;]","og_url":"https:\/\/www.eldiario.net\/portal\/2024\/12\/12\/el-estres-laboral-un-reflejo-del-mal-liderazgo\/","og_site_name":"El Diario - Bolivia","article_publisher":"https:\/\/www.facebook.com\/eldiario.bolivia\/","article_published_time":"2024-12-12T13:37:37+00:00","og_image":[{"width":1200,"height":628,"url":"https:\/\/www.eldiario.net\/portal\/wp-content\/uploads\/2023\/07\/Rolando-Coteja-Mollo.jpg","type":"image\/jpeg"}],"author":"luis Camacho","twitter_card":"summary_large_image","twitter_creator":"@eldiario_net","twitter_site":"@eldiario_net","twitter_misc":{"Escrito por":"luis Camacho","Tiempo de lectura":"4 minutos"},"schema":{"@context":"https:\/\/schema.org","@graph":[{"@type":"Article","@id":"https:\/\/www.eldiario.net\/portal\/2024\/12\/12\/el-estres-laboral-un-reflejo-del-mal-liderazgo\/#article","isPartOf":{"@id":"https:\/\/www.eldiario.net\/portal\/2024\/12\/12\/el-estres-laboral-un-reflejo-del-mal-liderazgo\/"},"author":{"name":"luis Camacho","@id":"https:\/\/www.eldiario.net\/portal\/#\/schema\/person\/cab1ae4db27e5f008a62cbffb05fbfee"},"headline":"El estr\u00e9s laboral: un reflejo del mal liderazgo","datePublished":"2024-12-12T13:37:37+00:00","mainEntityOfPage":{"@id":"https:\/\/www.eldiario.net\/portal\/2024\/12\/12\/el-estres-laboral-un-reflejo-del-mal-liderazgo\/"},"wordCount":825,"publisher":{"@id":"https:\/\/www.eldiario.net\/portal\/#organization"},"image":{"@id":"https:\/\/www.eldiario.net\/portal\/2024\/12\/12\/el-estres-laboral-un-reflejo-del-mal-liderazgo\/#primaryimage"},"thumbnailUrl":"https:\/\/www.eldiario.net\/portal\/wp-content\/uploads\/2023\/07\/Rolando-Coteja-Mollo.jpg","articleSection":["Opini\u00f3n"],"inLanguage":"es"},{"@type":"WebPage","@id":"https:\/\/www.eldiario.net\/portal\/2024\/12\/12\/el-estres-laboral-un-reflejo-del-mal-liderazgo\/","url":"https:\/\/www.eldiario.net\/portal\/2024\/12\/12\/el-estres-laboral-un-reflejo-del-mal-liderazgo\/","name":"El estr\u00e9s laboral: un reflejo del mal liderazgo - El Diario - Bolivia","isPartOf":{"@id":"https:\/\/www.eldiario.net\/portal\/#website"},"primaryImageOfPage":{"@id":"https:\/\/www.eldiario.net\/portal\/2024\/12\/12\/el-estres-laboral-un-reflejo-del-mal-liderazgo\/#primaryimage"},"image":{"@id":"https:\/\/www.eldiario.net\/portal\/2024\/12\/12\/el-estres-laboral-un-reflejo-del-mal-liderazgo\/#primaryimage"},"thumbnailUrl":"https:\/\/www.eldiario.net\/portal\/wp-content\/uploads\/2023\/07\/Rolando-Coteja-Mollo.jpg","datePublished":"2024-12-12T13:37:37+00:00","breadcrumb":{"@id":"https:\/\/www.eldiario.net\/portal\/2024\/12\/12\/el-estres-laboral-un-reflejo-del-mal-liderazgo\/#breadcrumb"},"inLanguage":"es","potentialAction":[{"@type":"ReadAction","target":["https:\/\/www.eldiario.net\/portal\/2024\/12\/12\/el-estres-laboral-un-reflejo-del-mal-liderazgo\/"]}]},{"@type":"ImageObject","inLanguage":"es","@id":"https:\/\/www.eldiario.net\/portal\/2024\/12\/12\/el-estres-laboral-un-reflejo-del-mal-liderazgo\/#primaryimage","url":"https:\/\/www.eldiario.net\/portal\/wp-content\/uploads\/2023\/07\/Rolando-Coteja-Mollo.jpg","contentUrl":"https:\/\/www.eldiario.net\/portal\/wp-content\/uploads\/2023\/07\/Rolando-Coteja-Mollo.jpg","width":1200,"height":628},{"@type":"BreadcrumbList","@id":"https:\/\/www.eldiario.net\/portal\/2024\/12\/12\/el-estres-laboral-un-reflejo-del-mal-liderazgo\/#breadcrumb","itemListElement":[{"@type":"ListItem","position":1,"name":"Portada","item":"https:\/\/www.eldiario.net\/portal\/"},{"@type":"ListItem","position":2,"name":"El estr\u00e9s laboral: un reflejo del mal liderazgo"}]},{"@type":"WebSite","@id":"https:\/\/www.eldiario.net\/portal\/#website","url":"https:\/\/www.eldiario.net\/portal\/","name":"El Diario - Decano de la prensa nacional","description":"El Diario - Decano de la prensa nacional","publisher":{"@id":"https:\/\/www.eldiario.net\/portal\/#organization"},"potentialAction":[{"@type":"SearchAction","target":{"@type":"EntryPoint","urlTemplate":"https:\/\/www.eldiario.net\/portal\/?s={search_term_string}"},"query-input":{"@type":"PropertyValueSpecification","valueRequired":true,"valueName":"search_term_string"}}],"inLanguage":"es"},{"@type":"Organization","@id":"https:\/\/www.eldiario.net\/portal\/#organization","name":"El Diario - Decano de la prensa nacional","url":"https:\/\/www.eldiario.net\/portal\/","logo":{"@type":"ImageObject","inLanguage":"es","@id":"https:\/\/www.eldiario.net\/portal\/#\/schema\/logo\/image\/","url":"https:\/\/www.eldiario.net\/portal\/wp-content\/uploads\/2023\/07\/logo_ED.jpg","contentUrl":"https:\/\/www.eldiario.net\/portal\/wp-content\/uploads\/2023\/07\/logo_ED.jpg","width":272,"height":52,"caption":"El Diario - Decano de la prensa nacional"},"image":{"@id":"https:\/\/www.eldiario.net\/portal\/#\/schema\/logo\/image\/"},"sameAs":["https:\/\/www.facebook.com\/eldiario.bolivia\/","https:\/\/x.com\/eldiario_net"]},{"@type":"Person","@id":"https:\/\/www.eldiario.net\/portal\/#\/schema\/person\/cab1ae4db27e5f008a62cbffb05fbfee","name":"luis Camacho","image":{"@type":"ImageObject","inLanguage":"es","@id":"https:\/\/secure.gravatar.com\/avatar\/69ecb836b3826d5a2501bf06ab2a2f2c8ab211cc846758f395df21684cb38313?s=96&d=mm&r=g","url":"https:\/\/secure.gravatar.com\/avatar\/69ecb836b3826d5a2501bf06ab2a2f2c8ab211cc846758f395df21684cb38313?s=96&d=mm&r=g","contentUrl":"https:\/\/secure.gravatar.com\/avatar\/69ecb836b3826d5a2501bf06ab2a2f2c8ab211cc846758f395df21684cb38313?s=96&d=mm&r=g","caption":"luis Camacho"},"url":"https:\/\/www.eldiario.net\/portal\/author\/luis\/"}]}},"_links":{"self":[{"href":"https:\/\/www.eldiario.net\/portal\/wp-json\/wp\/v2\/posts\/267464","targetHints":{"allow":["GET"]}}],"collection":[{"href":"https:\/\/www.eldiario.net\/portal\/wp-json\/wp\/v2\/posts"}],"about":[{"href":"https:\/\/www.eldiario.net\/portal\/wp-json\/wp\/v2\/types\/post"}],"author":[{"embeddable":true,"href":"https:\/\/www.eldiario.net\/portal\/wp-json\/wp\/v2\/users\/2"}],"replies":[{"embeddable":true,"href":"https:\/\/www.eldiario.net\/portal\/wp-json\/wp\/v2\/comments?post=267464"}],"version-history":[{"count":1,"href":"https:\/\/www.eldiario.net\/portal\/wp-json\/wp\/v2\/posts\/267464\/revisions"}],"predecessor-version":[{"id":267465,"href":"https:\/\/www.eldiario.net\/portal\/wp-json\/wp\/v2\/posts\/267464\/revisions\/267465"}],"wp:featuredmedia":[{"embeddable":true,"href":"https:\/\/www.eldiario.net\/portal\/wp-json\/wp\/v2\/media\/163306"}],"wp:attachment":[{"href":"https:\/\/www.eldiario.net\/portal\/wp-json\/wp\/v2\/media?parent=267464"}],"wp:term":[{"taxonomy":"category","embeddable":true,"href":"https:\/\/www.eldiario.net\/portal\/wp-json\/wp\/v2\/categories?post=267464"},{"taxonomy":"post_tag","embeddable":true,"href":"https:\/\/www.eldiario.net\/portal\/wp-json\/wp\/v2\/tags?post=267464"}],"curies":[{"name":"wp","href":"https:\/\/api.w.org\/{rel}","templated":true}]}}