{"id":267462,"date":"2024-12-12T09:33:36","date_gmt":"2024-12-12T13:33:36","guid":{"rendered":"https:\/\/www.eldiario.net\/portal\/?p=267462"},"modified":"2024-12-12T09:33:36","modified_gmt":"2024-12-12T13:33:36","slug":"uno-de-los-dias-mas-felices-de-mi-vida","status":"publish","type":"post","link":"https:\/\/www.eldiario.net\/portal\/2024\/12\/12\/uno-de-los-dias-mas-felices-de-mi-vida\/","title":{"rendered":"Uno de los d\u00edas m\u00e1s felices de mi vida"},"content":{"rendered":"<p>El 7 de diciembre pasado me hicieron feliz al distinguirme como \u201cEconomista del A\u00f1o &#8211; Gesti\u00f3n 2024\u201d. <em>\u00a1Un b\u00e1lsamo en medio del desierto!<\/em> En los cinco minutos que me dieron, pude reflexionar sobre varias cosas. He aqu\u00ed lo dicho:<\/p>\n<p>\u201cMe siento muy honrado y emocionado por la Distinci\u00f3n que hoy recibo como Economista del A\u00f1o. No s\u00e9 si la merezco, siendo que hay muchos colegas con sobrados m\u00e9ritos para recibir tal reconocimiento, en lugar m\u00edo.<\/p>\n<p>Pero, entendiendo que, si al Supremo Creador le placi\u00f3 que fuera yo el elegido, va para \u00c9l mi agradecimiento, en primer t\u00e9rmino, porque fue Dios quien puso en el coraz\u00f3n y en las mentes de quienes tomaron tal decisi\u00f3n, el hacerlo.<\/p>\n<p>Dicho esto, agradezco al Colegio de Economistas de Santa Cruz por otorgarme este galard\u00f3n que lo acepto a nombre de todos los colegas que, d\u00eda a d\u00eda nos esforzamos con nuestro saber y capacidades adquiridas para ayudar a construir un mejor pa\u00eds, entendiendo que la econom\u00eda no es solo n\u00fameros y estad\u00edsticas, sino un poderoso motor de ideas que impulsa el progreso. De ah\u00ed que, recibir este galard\u00f3n, me compromete a seguir aportando con denuedo a tal prop\u00f3sito.<\/p>\n<p>Esta Distinci\u00f3n va dedicada a mi familia que siempre me apoya en cada paso que doy en el ejercicio de la profesi\u00f3n. \u00a1Solo Dios sabe la enorme paciencia que mi esposa Jannet &#8211;economista, tambi\u00e9n&#8211; y mis hijos Christian Alexis y Miguel \u00c1ngel, han tenido conmigo, al sufrir mi ausencia, debido al excesivo trabajo que nos imponen las circunstancias!<\/p>\n<p>De igual forma, va dirigida a mis padres H\u00e9ctor y Emma, a quienes agradezco por mi formaci\u00f3n y su consejo para salir adelante en momentos dif\u00edciles de mi vida.<\/p>\n<p>Finalmente, va para mis queridos catedr\u00e1ticos que me inspiraron con su sabidur\u00eda y buen ejemplo.<\/p>\n<p>Como economista, aprend\u00ed que el verdadero cambio en un pa\u00eds no solo ocurre a nivel macroecon\u00f3mico, sino que se construye en cada decisi\u00f3n que tomamos y cada acci\u00f3n que emprendemos, de ah\u00ed la gran responsabilidad que tenemos, siendo que nuestra voz impacta, para bien o para mal, en la ciudadan\u00eda.<\/p>\n<p>Bolivia ha experimentado un largo proceso de crecimiento, es cierto, pero los resultados a largo plazo en t\u00e9rminos de sostenibilidad no son los esperados. La dependencia de sectores extractivos, como fuente importante de ingresos, ha derivado en una alta vulnerabilidad con una econom\u00eda poco diversificada, poniendo en entredicho su continuidad, de ah\u00ed que se debe encarar medidas inteligentes, valientes y hasta dolorosas, a fin de que las cosas cambien para bien.<\/p>\n<p>Pasar de una econom\u00eda extractivista y con una alta informalidad, a otra basada en el conocimiento, que apuntale la manufactura, agropecuaria, tecnolog\u00eda, turismo y servicios, podr\u00eda transformar al pa\u00eds r\u00e1pidamente, con un desarrollo sostenido y sostenible, y una alt\u00edsima generaci\u00f3n de empleos de calidad.<\/p>\n<p>De que hemos avanzado en la reducci\u00f3n de la pobreza, es verdad, sin embargo, millones de bolivianos se van a dormir cada noche con hambre y la desigualdad persiste en cuanto al acceso a servicios b\u00e1sicos y la distribuci\u00f3n del ingreso, lo que solo se podr\u00e1 superar con mejores servicios de salud, educaci\u00f3n y oportunidades para crear empleos dignos y sostenibles en el tiempo.<\/p>\n<p>Debemos apostar por la equidad para mejorar la calidad de vida de los bolivianos y, la forma de ver y hacer las cosas en Santa Cruz, puede ser una buena referencia para ello. El Modelo de Desarrollo Cruce\u00f1o, con una visi\u00f3n de pa\u00eds que haga converger la sostenibilidad, con la justicia y el desarrollo humano, puede resultar una v\u00eda para lograrlo.<\/p>\n<p>Respecto al rol del economista &#8211;basado en lo que dice la Inteligencia Artificial, en aras de la objetividad&#8211; perm\u00edtanme hacer algunas reflexiones al respecto.<\/p>\n<p>Nuestros an\u00e1lisis deben fundarse estrictamente en la teor\u00eda econ\u00f3mica, respaldados en datos y evidencia, nunca en ideolog\u00edas. El centrarnos en los hechos y en la imparcialidad nos permitir\u00e1 ganar la confianza y el respeto de la sociedad.<\/p>\n<p>Cuando un economista cae en la tentaci\u00f3n de vincular sus an\u00e1lisis con intereses pol\u00edticos, su credibilidad y objetividad se ven comprometidas. Nuestra funci\u00f3n es ofrecer soluciones pr\u00e1cticas a situaciones indeseadas, nunca posturas pol\u00edticas.<\/p>\n<p>Asimismo, la humildad es esencial en nuestro campo. El conocimiento es importante, pero no debe convertirse en una herramienta de arrogancia o soberbia: el conocimiento, aunque poderoso, no debe ser un medio de autoexaltaci\u00f3n. En vez de buscar reconocimiento personal o vanagloria, debemos enfocarnos en c\u00f3mo nuestra opini\u00f3n puede mejorar las pol\u00edticas p\u00fablicas y la vida de los ciudadanos.<\/p>\n<p>Por todo lo dicho y para concluir mi intervenci\u00f3n, al agradecer una vez m\u00e1s por esta inmerecida Distinci\u00f3n, me comprometo a seguir trabajando por nuestro pa\u00eds, entendiendo que la econom\u00eda puede ser un gran instrumento al servicio de las personas, especialmente cuando es profundamente humana.<\/p>\n<p><em>\u00a1Gracias, por este honor!<\/em> Sigamos adelante, como agentes de cambio, para que, con nuestra cotidiana labor, forjemos una mejor Bolivia para todos. Muchas gracias\u201d.<\/p>\n<p><em>El autor es Licenciado en <\/em><em>Econom\u00eda y Teolog\u00eda.<\/em><\/p>\n","protected":false},"excerpt":{"rendered":"<p>El 7 de diciembre pasado me hicieron feliz al distinguirme como \u201cEconomista del A\u00f1o &#8211; Gesti\u00f3n 2024\u201d. \u00a1Un b\u00e1lsamo en medio del desierto! En los cinco minutos que me dieron, pude reflexionar sobre varias cosas. He aqu\u00ed lo dicho: \u201cMe siento muy honrado y emocionado por la Distinci\u00f3n que hoy recibo como Economista del A\u00f1o. [&hellip;]<\/p>\n","protected":false},"author":2,"featured_media":157466,"comment_status":"closed","ping_status":"open","sticky":false,"template":"","format":"standard","meta":{"_acf_changed":false,"footnotes":""},"categories":[9],"tags":[],"class_list":["post-267462","post","type-post","status-publish","format-standard","has-post-thumbnail","category-opinion"],"acf":{"antetitulo":"Buscando la verdad "},"yoast_head":"<!-- This site is optimized with the Yoast SEO plugin v28.4 - https:\/\/yoast.com\/product\/yoast-seo-wordpress\/ -->\n<title>Uno de los d\u00edas m\u00e1s felices de mi vida - El Diario - Bolivia<\/title>\n<meta name=\"robots\" content=\"index, follow, max-snippet:-1, max-image-preview:large, max-video-preview:-1\" \/>\n<link rel=\"canonical\" href=\"https:\/\/www.eldiario.net\/portal\/2024\/12\/12\/uno-de-los-dias-mas-felices-de-mi-vida\/\" \/>\n<meta property=\"og:locale\" content=\"es_ES\" \/>\n<meta property=\"og:type\" content=\"article\" \/>\n<meta property=\"og:title\" content=\"Uno de los d\u00edas m\u00e1s felices de mi vida - El Diario - Bolivia\" \/>\n<meta property=\"og:description\" content=\"El 7 de diciembre pasado me hicieron feliz al distinguirme como \u201cEconomista del A\u00f1o &#8211; Gesti\u00f3n 2024\u201d. \u00a1Un b\u00e1lsamo en medio del desierto! En los cinco minutos que me dieron, pude reflexionar sobre varias cosas. He aqu\u00ed lo dicho: \u201cMe siento muy honrado y emocionado por la Distinci\u00f3n que hoy recibo como Economista del A\u00f1o. [&hellip;]\" \/>\n<meta property=\"og:url\" content=\"https:\/\/www.eldiario.net\/portal\/2024\/12\/12\/uno-de-los-dias-mas-felices-de-mi-vida\/\" \/>\n<meta property=\"og:site_name\" content=\"El Diario - Bolivia\" \/>\n<meta property=\"article:publisher\" content=\"https:\/\/www.facebook.com\/eldiario.bolivia\/\" \/>\n<meta property=\"article:published_time\" content=\"2024-12-12T13:33:36+00:00\" \/>\n<meta property=\"og:image\" content=\"https:\/\/www.eldiario.net\/portal\/wp-content\/uploads\/2023\/06\/Gary-Antonio-Rodriguez-Alvarez.jpg\" \/>\n\t<meta property=\"og:image:width\" content=\"1200\" \/>\n\t<meta property=\"og:image:height\" content=\"628\" \/>\n\t<meta property=\"og:image:type\" content=\"image\/jpeg\" \/>\n<meta name=\"author\" content=\"luis Camacho\" \/>\n<meta name=\"twitter:card\" content=\"summary_large_image\" \/>\n<meta name=\"twitter:creator\" content=\"@eldiario_net\" \/>\n<meta name=\"twitter:site\" content=\"@eldiario_net\" \/>\n<meta name=\"twitter:label1\" content=\"Escrito por\" \/>\n\t<meta name=\"twitter:data1\" content=\"luis Camacho\" \/>\n\t<meta name=\"twitter:label2\" content=\"Tiempo de lectura\" \/>\n\t<meta name=\"twitter:data2\" content=\"4 minutos\" \/>\n<script type=\"application\/ld+json\" class=\"yoast-schema-graph\">{\"@context\":\"https:\\\/\\\/schema.org\",\"@graph\":[{\"@type\":\"Article\",\"@id\":\"https:\\\/\\\/www.eldiario.net\\\/portal\\\/2024\\\/12\\\/12\\\/uno-de-los-dias-mas-felices-de-mi-vida\\\/#article\",\"isPartOf\":{\"@id\":\"https:\\\/\\\/www.eldiario.net\\\/portal\\\/2024\\\/12\\\/12\\\/uno-de-los-dias-mas-felices-de-mi-vida\\\/\"},\"author\":{\"name\":\"luis Camacho\",\"@id\":\"https:\\\/\\\/www.eldiario.net\\\/portal\\\/#\\\/schema\\\/person\\\/cab1ae4db27e5f008a62cbffb05fbfee\"},\"headline\":\"Uno de los d\u00edas m\u00e1s felices de mi vida\",\"datePublished\":\"2024-12-12T13:33:36+00:00\",\"mainEntityOfPage\":{\"@id\":\"https:\\\/\\\/www.eldiario.net\\\/portal\\\/2024\\\/12\\\/12\\\/uno-de-los-dias-mas-felices-de-mi-vida\\\/\"},\"wordCount\":897,\"publisher\":{\"@id\":\"https:\\\/\\\/www.eldiario.net\\\/portal\\\/#organization\"},\"image\":{\"@id\":\"https:\\\/\\\/www.eldiario.net\\\/portal\\\/2024\\\/12\\\/12\\\/uno-de-los-dias-mas-felices-de-mi-vida\\\/#primaryimage\"},\"thumbnailUrl\":\"https:\\\/\\\/www.eldiario.net\\\/portal\\\/wp-content\\\/uploads\\\/2023\\\/06\\\/Gary-Antonio-Rodriguez-Alvarez.jpg\",\"articleSection\":[\"Opini\u00f3n\"],\"inLanguage\":\"es\"},{\"@type\":\"WebPage\",\"@id\":\"https:\\\/\\\/www.eldiario.net\\\/portal\\\/2024\\\/12\\\/12\\\/uno-de-los-dias-mas-felices-de-mi-vida\\\/\",\"url\":\"https:\\\/\\\/www.eldiario.net\\\/portal\\\/2024\\\/12\\\/12\\\/uno-de-los-dias-mas-felices-de-mi-vida\\\/\",\"name\":\"Uno de los d\u00edas m\u00e1s felices de mi vida - El Diario - Bolivia\",\"isPartOf\":{\"@id\":\"https:\\\/\\\/www.eldiario.net\\\/portal\\\/#website\"},\"primaryImageOfPage\":{\"@id\":\"https:\\\/\\\/www.eldiario.net\\\/portal\\\/2024\\\/12\\\/12\\\/uno-de-los-dias-mas-felices-de-mi-vida\\\/#primaryimage\"},\"image\":{\"@id\":\"https:\\\/\\\/www.eldiario.net\\\/portal\\\/2024\\\/12\\\/12\\\/uno-de-los-dias-mas-felices-de-mi-vida\\\/#primaryimage\"},\"thumbnailUrl\":\"https:\\\/\\\/www.eldiario.net\\\/portal\\\/wp-content\\\/uploads\\\/2023\\\/06\\\/Gary-Antonio-Rodriguez-Alvarez.jpg\",\"datePublished\":\"2024-12-12T13:33:36+00:00\",\"breadcrumb\":{\"@id\":\"https:\\\/\\\/www.eldiario.net\\\/portal\\\/2024\\\/12\\\/12\\\/uno-de-los-dias-mas-felices-de-mi-vida\\\/#breadcrumb\"},\"inLanguage\":\"es\",\"potentialAction\":[{\"@type\":\"ReadAction\",\"target\":[\"https:\\\/\\\/www.eldiario.net\\\/portal\\\/2024\\\/12\\\/12\\\/uno-de-los-dias-mas-felices-de-mi-vida\\\/\"]}]},{\"@type\":\"ImageObject\",\"inLanguage\":\"es\",\"@id\":\"https:\\\/\\\/www.eldiario.net\\\/portal\\\/2024\\\/12\\\/12\\\/uno-de-los-dias-mas-felices-de-mi-vida\\\/#primaryimage\",\"url\":\"https:\\\/\\\/www.eldiario.net\\\/portal\\\/wp-content\\\/uploads\\\/2023\\\/06\\\/Gary-Antonio-Rodriguez-Alvarez.jpg\",\"contentUrl\":\"https:\\\/\\\/www.eldiario.net\\\/portal\\\/wp-content\\\/uploads\\\/2023\\\/06\\\/Gary-Antonio-Rodriguez-Alvarez.jpg\",\"width\":1200,\"height\":628},{\"@type\":\"BreadcrumbList\",\"@id\":\"https:\\\/\\\/www.eldiario.net\\\/portal\\\/2024\\\/12\\\/12\\\/uno-de-los-dias-mas-felices-de-mi-vida\\\/#breadcrumb\",\"itemListElement\":[{\"@type\":\"ListItem\",\"position\":1,\"name\":\"Portada\",\"item\":\"https:\\\/\\\/www.eldiario.net\\\/portal\\\/\"},{\"@type\":\"ListItem\",\"position\":2,\"name\":\"Uno de los d\u00edas m\u00e1s felices de mi vida\"}]},{\"@type\":\"WebSite\",\"@id\":\"https:\\\/\\\/www.eldiario.net\\\/portal\\\/#website\",\"url\":\"https:\\\/\\\/www.eldiario.net\\\/portal\\\/\",\"name\":\"El Diario - Decano de la prensa nacional\",\"description\":\"El Diario - Decano de la prensa nacional\",\"publisher\":{\"@id\":\"https:\\\/\\\/www.eldiario.net\\\/portal\\\/#organization\"},\"potentialAction\":[{\"@type\":\"SearchAction\",\"target\":{\"@type\":\"EntryPoint\",\"urlTemplate\":\"https:\\\/\\\/www.eldiario.net\\\/portal\\\/?s={search_term_string}\"},\"query-input\":{\"@type\":\"PropertyValueSpecification\",\"valueRequired\":true,\"valueName\":\"search_term_string\"}}],\"inLanguage\":\"es\"},{\"@type\":\"Organization\",\"@id\":\"https:\\\/\\\/www.eldiario.net\\\/portal\\\/#organization\",\"name\":\"El Diario - Decano de la prensa nacional\",\"url\":\"https:\\\/\\\/www.eldiario.net\\\/portal\\\/\",\"logo\":{\"@type\":\"ImageObject\",\"inLanguage\":\"es\",\"@id\":\"https:\\\/\\\/www.eldiario.net\\\/portal\\\/#\\\/schema\\\/logo\\\/image\\\/\",\"url\":\"https:\\\/\\\/www.eldiario.net\\\/portal\\\/wp-content\\\/uploads\\\/2023\\\/07\\\/logo_ED.jpg\",\"contentUrl\":\"https:\\\/\\\/www.eldiario.net\\\/portal\\\/wp-content\\\/uploads\\\/2023\\\/07\\\/logo_ED.jpg\",\"width\":272,\"height\":52,\"caption\":\"El Diario - Decano de la prensa nacional\"},\"image\":{\"@id\":\"https:\\\/\\\/www.eldiario.net\\\/portal\\\/#\\\/schema\\\/logo\\\/image\\\/\"},\"sameAs\":[\"https:\\\/\\\/www.facebook.com\\\/eldiario.bolivia\\\/\",\"https:\\\/\\\/x.com\\\/eldiario_net\"]},{\"@type\":\"Person\",\"@id\":\"https:\\\/\\\/www.eldiario.net\\\/portal\\\/#\\\/schema\\\/person\\\/cab1ae4db27e5f008a62cbffb05fbfee\",\"name\":\"luis Camacho\",\"image\":{\"@type\":\"ImageObject\",\"inLanguage\":\"es\",\"@id\":\"https:\\\/\\\/secure.gravatar.com\\\/avatar\\\/69ecb836b3826d5a2501bf06ab2a2f2c8ab211cc846758f395df21684cb38313?s=96&d=mm&r=g\",\"url\":\"https:\\\/\\\/secure.gravatar.com\\\/avatar\\\/69ecb836b3826d5a2501bf06ab2a2f2c8ab211cc846758f395df21684cb38313?s=96&d=mm&r=g\",\"contentUrl\":\"https:\\\/\\\/secure.gravatar.com\\\/avatar\\\/69ecb836b3826d5a2501bf06ab2a2f2c8ab211cc846758f395df21684cb38313?s=96&d=mm&r=g\",\"caption\":\"luis Camacho\"},\"url\":\"https:\\\/\\\/www.eldiario.net\\\/portal\\\/author\\\/luis\\\/\"}]}<\/script>\n<!-- \/ Yoast SEO plugin. -->","yoast_head_json":{"title":"Uno de los d\u00edas m\u00e1s felices de mi vida - El Diario - Bolivia","robots":{"index":"index","follow":"follow","max-snippet":"max-snippet:-1","max-image-preview":"max-image-preview:large","max-video-preview":"max-video-preview:-1"},"canonical":"https:\/\/www.eldiario.net\/portal\/2024\/12\/12\/uno-de-los-dias-mas-felices-de-mi-vida\/","og_locale":"es_ES","og_type":"article","og_title":"Uno de los d\u00edas m\u00e1s felices de mi vida - El Diario - Bolivia","og_description":"El 7 de diciembre pasado me hicieron feliz al distinguirme como \u201cEconomista del A\u00f1o &#8211; Gesti\u00f3n 2024\u201d. \u00a1Un b\u00e1lsamo en medio del desierto! En los cinco minutos que me dieron, pude reflexionar sobre varias cosas. He aqu\u00ed lo dicho: \u201cMe siento muy honrado y emocionado por la Distinci\u00f3n que hoy recibo como Economista del A\u00f1o. [&hellip;]","og_url":"https:\/\/www.eldiario.net\/portal\/2024\/12\/12\/uno-de-los-dias-mas-felices-de-mi-vida\/","og_site_name":"El Diario - Bolivia","article_publisher":"https:\/\/www.facebook.com\/eldiario.bolivia\/","article_published_time":"2024-12-12T13:33:36+00:00","og_image":[{"width":1200,"height":628,"url":"https:\/\/www.eldiario.net\/portal\/wp-content\/uploads\/2023\/06\/Gary-Antonio-Rodriguez-Alvarez.jpg","type":"image\/jpeg"}],"author":"luis Camacho","twitter_card":"summary_large_image","twitter_creator":"@eldiario_net","twitter_site":"@eldiario_net","twitter_misc":{"Escrito por":"luis Camacho","Tiempo de lectura":"4 minutos"},"schema":{"@context":"https:\/\/schema.org","@graph":[{"@type":"Article","@id":"https:\/\/www.eldiario.net\/portal\/2024\/12\/12\/uno-de-los-dias-mas-felices-de-mi-vida\/#article","isPartOf":{"@id":"https:\/\/www.eldiario.net\/portal\/2024\/12\/12\/uno-de-los-dias-mas-felices-de-mi-vida\/"},"author":{"name":"luis Camacho","@id":"https:\/\/www.eldiario.net\/portal\/#\/schema\/person\/cab1ae4db27e5f008a62cbffb05fbfee"},"headline":"Uno de los d\u00edas m\u00e1s felices de mi vida","datePublished":"2024-12-12T13:33:36+00:00","mainEntityOfPage":{"@id":"https:\/\/www.eldiario.net\/portal\/2024\/12\/12\/uno-de-los-dias-mas-felices-de-mi-vida\/"},"wordCount":897,"publisher":{"@id":"https:\/\/www.eldiario.net\/portal\/#organization"},"image":{"@id":"https:\/\/www.eldiario.net\/portal\/2024\/12\/12\/uno-de-los-dias-mas-felices-de-mi-vida\/#primaryimage"},"thumbnailUrl":"https:\/\/www.eldiario.net\/portal\/wp-content\/uploads\/2023\/06\/Gary-Antonio-Rodriguez-Alvarez.jpg","articleSection":["Opini\u00f3n"],"inLanguage":"es"},{"@type":"WebPage","@id":"https:\/\/www.eldiario.net\/portal\/2024\/12\/12\/uno-de-los-dias-mas-felices-de-mi-vida\/","url":"https:\/\/www.eldiario.net\/portal\/2024\/12\/12\/uno-de-los-dias-mas-felices-de-mi-vida\/","name":"Uno de los d\u00edas m\u00e1s felices de mi vida - El Diario - Bolivia","isPartOf":{"@id":"https:\/\/www.eldiario.net\/portal\/#website"},"primaryImageOfPage":{"@id":"https:\/\/www.eldiario.net\/portal\/2024\/12\/12\/uno-de-los-dias-mas-felices-de-mi-vida\/#primaryimage"},"image":{"@id":"https:\/\/www.eldiario.net\/portal\/2024\/12\/12\/uno-de-los-dias-mas-felices-de-mi-vida\/#primaryimage"},"thumbnailUrl":"https:\/\/www.eldiario.net\/portal\/wp-content\/uploads\/2023\/06\/Gary-Antonio-Rodriguez-Alvarez.jpg","datePublished":"2024-12-12T13:33:36+00:00","breadcrumb":{"@id":"https:\/\/www.eldiario.net\/portal\/2024\/12\/12\/uno-de-los-dias-mas-felices-de-mi-vida\/#breadcrumb"},"inLanguage":"es","potentialAction":[{"@type":"ReadAction","target":["https:\/\/www.eldiario.net\/portal\/2024\/12\/12\/uno-de-los-dias-mas-felices-de-mi-vida\/"]}]},{"@type":"ImageObject","inLanguage":"es","@id":"https:\/\/www.eldiario.net\/portal\/2024\/12\/12\/uno-de-los-dias-mas-felices-de-mi-vida\/#primaryimage","url":"https:\/\/www.eldiario.net\/portal\/wp-content\/uploads\/2023\/06\/Gary-Antonio-Rodriguez-Alvarez.jpg","contentUrl":"https:\/\/www.eldiario.net\/portal\/wp-content\/uploads\/2023\/06\/Gary-Antonio-Rodriguez-Alvarez.jpg","width":1200,"height":628},{"@type":"BreadcrumbList","@id":"https:\/\/www.eldiario.net\/portal\/2024\/12\/12\/uno-de-los-dias-mas-felices-de-mi-vida\/#breadcrumb","itemListElement":[{"@type":"ListItem","position":1,"name":"Portada","item":"https:\/\/www.eldiario.net\/portal\/"},{"@type":"ListItem","position":2,"name":"Uno de los d\u00edas m\u00e1s felices de mi vida"}]},{"@type":"WebSite","@id":"https:\/\/www.eldiario.net\/portal\/#website","url":"https:\/\/www.eldiario.net\/portal\/","name":"El Diario - Decano de la prensa nacional","description":"El Diario - Decano de la prensa nacional","publisher":{"@id":"https:\/\/www.eldiario.net\/portal\/#organization"},"potentialAction":[{"@type":"SearchAction","target":{"@type":"EntryPoint","urlTemplate":"https:\/\/www.eldiario.net\/portal\/?s={search_term_string}"},"query-input":{"@type":"PropertyValueSpecification","valueRequired":true,"valueName":"search_term_string"}}],"inLanguage":"es"},{"@type":"Organization","@id":"https:\/\/www.eldiario.net\/portal\/#organization","name":"El Diario - Decano de la prensa nacional","url":"https:\/\/www.eldiario.net\/portal\/","logo":{"@type":"ImageObject","inLanguage":"es","@id":"https:\/\/www.eldiario.net\/portal\/#\/schema\/logo\/image\/","url":"https:\/\/www.eldiario.net\/portal\/wp-content\/uploads\/2023\/07\/logo_ED.jpg","contentUrl":"https:\/\/www.eldiario.net\/portal\/wp-content\/uploads\/2023\/07\/logo_ED.jpg","width":272,"height":52,"caption":"El Diario - Decano de la prensa nacional"},"image":{"@id":"https:\/\/www.eldiario.net\/portal\/#\/schema\/logo\/image\/"},"sameAs":["https:\/\/www.facebook.com\/eldiario.bolivia\/","https:\/\/x.com\/eldiario_net"]},{"@type":"Person","@id":"https:\/\/www.eldiario.net\/portal\/#\/schema\/person\/cab1ae4db27e5f008a62cbffb05fbfee","name":"luis Camacho","image":{"@type":"ImageObject","inLanguage":"es","@id":"https:\/\/secure.gravatar.com\/avatar\/69ecb836b3826d5a2501bf06ab2a2f2c8ab211cc846758f395df21684cb38313?s=96&d=mm&r=g","url":"https:\/\/secure.gravatar.com\/avatar\/69ecb836b3826d5a2501bf06ab2a2f2c8ab211cc846758f395df21684cb38313?s=96&d=mm&r=g","contentUrl":"https:\/\/secure.gravatar.com\/avatar\/69ecb836b3826d5a2501bf06ab2a2f2c8ab211cc846758f395df21684cb38313?s=96&d=mm&r=g","caption":"luis Camacho"},"url":"https:\/\/www.eldiario.net\/portal\/author\/luis\/"}]}},"_links":{"self":[{"href":"https:\/\/www.eldiario.net\/portal\/wp-json\/wp\/v2\/posts\/267462","targetHints":{"allow":["GET"]}}],"collection":[{"href":"https:\/\/www.eldiario.net\/portal\/wp-json\/wp\/v2\/posts"}],"about":[{"href":"https:\/\/www.eldiario.net\/portal\/wp-json\/wp\/v2\/types\/post"}],"author":[{"embeddable":true,"href":"https:\/\/www.eldiario.net\/portal\/wp-json\/wp\/v2\/users\/2"}],"replies":[{"embeddable":true,"href":"https:\/\/www.eldiario.net\/portal\/wp-json\/wp\/v2\/comments?post=267462"}],"version-history":[{"count":1,"href":"https:\/\/www.eldiario.net\/portal\/wp-json\/wp\/v2\/posts\/267462\/revisions"}],"predecessor-version":[{"id":267463,"href":"https:\/\/www.eldiario.net\/portal\/wp-json\/wp\/v2\/posts\/267462\/revisions\/267463"}],"wp:featuredmedia":[{"embeddable":true,"href":"https:\/\/www.eldiario.net\/portal\/wp-json\/wp\/v2\/media\/157466"}],"wp:attachment":[{"href":"https:\/\/www.eldiario.net\/portal\/wp-json\/wp\/v2\/media?parent=267462"}],"wp:term":[{"taxonomy":"category","embeddable":true,"href":"https:\/\/www.eldiario.net\/portal\/wp-json\/wp\/v2\/categories?post=267462"},{"taxonomy":"post_tag","embeddable":true,"href":"https:\/\/www.eldiario.net\/portal\/wp-json\/wp\/v2\/tags?post=267462"}],"curies":[{"name":"wp","href":"https:\/\/api.w.org\/{rel}","templated":true}]}}