{"id":267460,"date":"2024-12-12T09:31:17","date_gmt":"2024-12-12T13:31:17","guid":{"rendered":"https:\/\/www.eldiario.net\/portal\/?p=267460"},"modified":"2024-12-12T09:31:17","modified_gmt":"2024-12-12T13:31:17","slug":"arroz-al-estilo-cubano","status":"publish","type":"post","link":"https:\/\/www.eldiario.net\/portal\/2024\/12\/12\/arroz-al-estilo-cubano\/","title":{"rendered":"Arroz al estilo cubano"},"content":{"rendered":"<p>Han transcurrido sesenta y cinco a\u00f1os de dictadura comunista en Cuba y, al margen del cargoso pretexto del bloqueo norteamericano, el r\u00e9gimen imperante carece de todo argumento valedero que encubra el total fracaso y estancamiento sufridos, por su inoperante modelo econ\u00f3mico, pol\u00edtico y social.<\/p>\n<p>A m\u00e1s de medio siglo de haber liquidado el aparato productivo de esa Isla, que nada tiene que vender, ni con qu\u00e9 pagar, vemos que sus industrias est\u00e1n destruidas o son muy atrasadas tecnol\u00f3gicamente y est\u00e1n dirigidas por pol\u00edticos y personajes ineptos, que s\u00f3lo aportan con fidelidad canina a la \u201crevoluci\u00f3n\u201d, en lugar de aplicar un gerenciamiento profesional que las torne productivas y competitivas internacionalmente. La nomenclatura del r\u00e9gimen comunistoide ha desarrollado una curiosa habilidad consistente en vivir de la manga; ma\u00f1a que la ejercieron con la Uni\u00f3n Sovi\u00e9tica y, a la ca\u00edda de \u00e9sta, con Venezuela y otros.<\/p>\n<p>No trataron siquiera la posibilidad de adoptar la destreza de los pa\u00edses comunistas que sobrevivieron a la ca\u00edda del muro de Berl\u00edn, como: China, Corea del Norte o Vietnam, por el simple hecho de que en tales sistemas existe la mala costumbre de trabajar y, por el contrario, hoy esos ac\u00e9rrimos enemigos del imperialismo se mantienen boyantes gracias a su sociedad con los grandes demonios capitalistas.\u00a0 En cambio, esa entelequia creada por Fidel Castro y sus secuaces, denominada como el Foro de Sao Paulo, s\u00f3lo ha servido para sustituir sus fuentes de exacci\u00f3n hacia pa\u00edses del tercer mundo como: Venezuela, Brasil, Argentina, Bolivia y otros.<\/p>\n<p>Para justificar este modus operandi, la viveza socialista ha inventado, como moneda de cambio y, sin ruborizarse, planes de salud y educaci\u00f3n, destacando \u201cm\u00e9dicos\u201d y \u201cprofesores\u201d por doquier, frente al informe oficial de la OMS, que han determinado que: la epidemia de enfermedades de la vista; mentales y de ni\u00f1os nacidos prematuramente y con defectos son un problema de falta de vitaminas y prote\u00ednas ocasionados por la mala nutrici\u00f3n. Por su parte, en lo que a la educaci\u00f3n refiere, la UNESCO dice: Cuba est\u00e1 muy por detr\u00e1s de Chile, Argentina y Uruguay.<\/p>\n<p>Ante semejante cuadro desgarrador, el gobierno boliviano ha decidido enviar arroz a Cuba, en el marco de una donaci\u00f3n de tres mil toneladas, prontas de env\u00edo a dicho pa\u00eds caribe\u00f1o, que sufre la escasez de este producto. Es decir: San Juan regalando camisa a San Sebasti\u00e1n. No se descarta el env\u00edo de az\u00facar, ya que sus tan publicitadas zafras socialistas cayeron, de los diez millones de toneladas que se produc\u00edan en 1960, a s\u00f3lo un mill\u00f3n en este a\u00f1o.<\/p>\n<p>A pesar de que en el Chaco y el oriente boliviano se debatieron en medio de una feroz sequ\u00eda que amenaz\u00f3 dejar sin alimentos a extensas zonas de nuestra geograf\u00eda, los laboriosos cambitas lograron producir el arroz suficiente para la exportaci\u00f3n y el consumo interno. Sin embargo, el gobierno opt\u00f3 por la inexplicable medida de prohibir la exportaci\u00f3n de arroz y precintar los dep\u00f3sitos de los laboriosos cambitas, tild\u00e1ndolos de \u201cjugar sucio\u201d para cometer agio y especulaci\u00f3n del producto. Ante esto, sirva de consuelo saber que nuestra comida se ir\u00e1 a paliar el hambre de los heroicos socialistas caribe\u00f1os, mientras que los bolivianos debamos conformarnos con arroz a la cubana, pero sin huevos.<\/p>\n","protected":false},"excerpt":{"rendered":"<p>Han transcurrido sesenta y cinco a\u00f1os de dictadura comunista en Cuba y, al margen del cargoso pretexto del bloqueo norteamericano, el r\u00e9gimen imperante carece de todo argumento valedero que encubra el total fracaso y estancamiento sufridos, por su inoperante modelo econ\u00f3mico, pol\u00edtico y social. A m\u00e1s de medio siglo de haber liquidado el aparato productivo [&hellip;]<\/p>\n","protected":false},"author":2,"featured_media":157469,"comment_status":"closed","ping_status":"open","sticky":false,"template":"","format":"standard","meta":{"_acf_changed":false,"footnotes":""},"categories":[9],"tags":[],"class_list":["post-267460","post","type-post","status-publish","format-standard","has-post-thumbnail","category-opinion"],"acf":{"antetitulo":"Clepsidra"},"yoast_head":"<!-- This site is optimized with the Yoast SEO plugin v28.4 - https:\/\/yoast.com\/product\/yoast-seo-wordpress\/ -->\n<title>Arroz al estilo cubano - El Diario - Bolivia<\/title>\n<meta name=\"robots\" content=\"index, follow, max-snippet:-1, max-image-preview:large, max-video-preview:-1\" \/>\n<link rel=\"canonical\" href=\"https:\/\/www.eldiario.net\/portal\/2024\/12\/12\/arroz-al-estilo-cubano\/\" \/>\n<meta property=\"og:locale\" content=\"es_ES\" \/>\n<meta property=\"og:type\" content=\"article\" \/>\n<meta property=\"og:title\" content=\"Arroz al estilo cubano - El Diario - Bolivia\" \/>\n<meta property=\"og:description\" content=\"Han transcurrido sesenta y cinco a\u00f1os de dictadura comunista en Cuba y, al margen del cargoso pretexto del bloqueo norteamericano, el r\u00e9gimen imperante carece de todo argumento valedero que encubra el total fracaso y estancamiento sufridos, por su inoperante modelo econ\u00f3mico, pol\u00edtico y social. A m\u00e1s de medio siglo de haber liquidado el aparato productivo [&hellip;]\" \/>\n<meta property=\"og:url\" content=\"https:\/\/www.eldiario.net\/portal\/2024\/12\/12\/arroz-al-estilo-cubano\/\" \/>\n<meta property=\"og:site_name\" content=\"El Diario - Bolivia\" \/>\n<meta property=\"article:publisher\" content=\"https:\/\/www.facebook.com\/eldiario.bolivia\/\" \/>\n<meta property=\"article:published_time\" content=\"2024-12-12T13:31:17+00:00\" \/>\n<meta property=\"og:image\" content=\"https:\/\/www.eldiario.net\/portal\/wp-content\/uploads\/2023\/06\/Alvaro-Riveros-Tejada.jpg\" \/>\n\t<meta property=\"og:image:width\" content=\"1200\" \/>\n\t<meta property=\"og:image:height\" content=\"628\" \/>\n\t<meta property=\"og:image:type\" content=\"image\/jpeg\" \/>\n<meta name=\"author\" content=\"luis Camacho\" \/>\n<meta name=\"twitter:card\" content=\"summary_large_image\" \/>\n<meta name=\"twitter:creator\" content=\"@eldiario_net\" \/>\n<meta name=\"twitter:site\" content=\"@eldiario_net\" \/>\n<meta name=\"twitter:label1\" content=\"Escrito por\" \/>\n\t<meta name=\"twitter:data1\" content=\"luis Camacho\" \/>\n\t<meta name=\"twitter:label2\" content=\"Tiempo de lectura\" \/>\n\t<meta name=\"twitter:data2\" content=\"3 minutos\" \/>\n<script type=\"application\/ld+json\" class=\"yoast-schema-graph\">{\"@context\":\"https:\\\/\\\/schema.org\",\"@graph\":[{\"@type\":\"Article\",\"@id\":\"https:\\\/\\\/www.eldiario.net\\\/portal\\\/2024\\\/12\\\/12\\\/arroz-al-estilo-cubano\\\/#article\",\"isPartOf\":{\"@id\":\"https:\\\/\\\/www.eldiario.net\\\/portal\\\/2024\\\/12\\\/12\\\/arroz-al-estilo-cubano\\\/\"},\"author\":{\"name\":\"luis Camacho\",\"@id\":\"https:\\\/\\\/www.eldiario.net\\\/portal\\\/#\\\/schema\\\/person\\\/cab1ae4db27e5f008a62cbffb05fbfee\"},\"headline\":\"Arroz al estilo cubano\",\"datePublished\":\"2024-12-12T13:31:17+00:00\",\"mainEntityOfPage\":{\"@id\":\"https:\\\/\\\/www.eldiario.net\\\/portal\\\/2024\\\/12\\\/12\\\/arroz-al-estilo-cubano\\\/\"},\"wordCount\":584,\"publisher\":{\"@id\":\"https:\\\/\\\/www.eldiario.net\\\/portal\\\/#organization\"},\"image\":{\"@id\":\"https:\\\/\\\/www.eldiario.net\\\/portal\\\/2024\\\/12\\\/12\\\/arroz-al-estilo-cubano\\\/#primaryimage\"},\"thumbnailUrl\":\"https:\\\/\\\/www.eldiario.net\\\/portal\\\/wp-content\\\/uploads\\\/2023\\\/06\\\/Alvaro-Riveros-Tejada.jpg\",\"articleSection\":[\"Opini\u00f3n\"],\"inLanguage\":\"es\"},{\"@type\":\"WebPage\",\"@id\":\"https:\\\/\\\/www.eldiario.net\\\/portal\\\/2024\\\/12\\\/12\\\/arroz-al-estilo-cubano\\\/\",\"url\":\"https:\\\/\\\/www.eldiario.net\\\/portal\\\/2024\\\/12\\\/12\\\/arroz-al-estilo-cubano\\\/\",\"name\":\"Arroz al estilo cubano - El Diario - Bolivia\",\"isPartOf\":{\"@id\":\"https:\\\/\\\/www.eldiario.net\\\/portal\\\/#website\"},\"primaryImageOfPage\":{\"@id\":\"https:\\\/\\\/www.eldiario.net\\\/portal\\\/2024\\\/12\\\/12\\\/arroz-al-estilo-cubano\\\/#primaryimage\"},\"image\":{\"@id\":\"https:\\\/\\\/www.eldiario.net\\\/portal\\\/2024\\\/12\\\/12\\\/arroz-al-estilo-cubano\\\/#primaryimage\"},\"thumbnailUrl\":\"https:\\\/\\\/www.eldiario.net\\\/portal\\\/wp-content\\\/uploads\\\/2023\\\/06\\\/Alvaro-Riveros-Tejada.jpg\",\"datePublished\":\"2024-12-12T13:31:17+00:00\",\"breadcrumb\":{\"@id\":\"https:\\\/\\\/www.eldiario.net\\\/portal\\\/2024\\\/12\\\/12\\\/arroz-al-estilo-cubano\\\/#breadcrumb\"},\"inLanguage\":\"es\",\"potentialAction\":[{\"@type\":\"ReadAction\",\"target\":[\"https:\\\/\\\/www.eldiario.net\\\/portal\\\/2024\\\/12\\\/12\\\/arroz-al-estilo-cubano\\\/\"]}]},{\"@type\":\"ImageObject\",\"inLanguage\":\"es\",\"@id\":\"https:\\\/\\\/www.eldiario.net\\\/portal\\\/2024\\\/12\\\/12\\\/arroz-al-estilo-cubano\\\/#primaryimage\",\"url\":\"https:\\\/\\\/www.eldiario.net\\\/portal\\\/wp-content\\\/uploads\\\/2023\\\/06\\\/Alvaro-Riveros-Tejada.jpg\",\"contentUrl\":\"https:\\\/\\\/www.eldiario.net\\\/portal\\\/wp-content\\\/uploads\\\/2023\\\/06\\\/Alvaro-Riveros-Tejada.jpg\",\"width\":1200,\"height\":628},{\"@type\":\"BreadcrumbList\",\"@id\":\"https:\\\/\\\/www.eldiario.net\\\/portal\\\/2024\\\/12\\\/12\\\/arroz-al-estilo-cubano\\\/#breadcrumb\",\"itemListElement\":[{\"@type\":\"ListItem\",\"position\":1,\"name\":\"Portada\",\"item\":\"https:\\\/\\\/www.eldiario.net\\\/portal\\\/\"},{\"@type\":\"ListItem\",\"position\":2,\"name\":\"Arroz al estilo cubano\"}]},{\"@type\":\"WebSite\",\"@id\":\"https:\\\/\\\/www.eldiario.net\\\/portal\\\/#website\",\"url\":\"https:\\\/\\\/www.eldiario.net\\\/portal\\\/\",\"name\":\"El Diario - Decano de la prensa nacional\",\"description\":\"El Diario - Decano de la prensa nacional\",\"publisher\":{\"@id\":\"https:\\\/\\\/www.eldiario.net\\\/portal\\\/#organization\"},\"potentialAction\":[{\"@type\":\"SearchAction\",\"target\":{\"@type\":\"EntryPoint\",\"urlTemplate\":\"https:\\\/\\\/www.eldiario.net\\\/portal\\\/?s={search_term_string}\"},\"query-input\":{\"@type\":\"PropertyValueSpecification\",\"valueRequired\":true,\"valueName\":\"search_term_string\"}}],\"inLanguage\":\"es\"},{\"@type\":\"Organization\",\"@id\":\"https:\\\/\\\/www.eldiario.net\\\/portal\\\/#organization\",\"name\":\"El Diario - Decano de la prensa nacional\",\"url\":\"https:\\\/\\\/www.eldiario.net\\\/portal\\\/\",\"logo\":{\"@type\":\"ImageObject\",\"inLanguage\":\"es\",\"@id\":\"https:\\\/\\\/www.eldiario.net\\\/portal\\\/#\\\/schema\\\/logo\\\/image\\\/\",\"url\":\"https:\\\/\\\/www.eldiario.net\\\/portal\\\/wp-content\\\/uploads\\\/2023\\\/07\\\/logo_ED.jpg\",\"contentUrl\":\"https:\\\/\\\/www.eldiario.net\\\/portal\\\/wp-content\\\/uploads\\\/2023\\\/07\\\/logo_ED.jpg\",\"width\":272,\"height\":52,\"caption\":\"El Diario - Decano de la prensa nacional\"},\"image\":{\"@id\":\"https:\\\/\\\/www.eldiario.net\\\/portal\\\/#\\\/schema\\\/logo\\\/image\\\/\"},\"sameAs\":[\"https:\\\/\\\/www.facebook.com\\\/eldiario.bolivia\\\/\",\"https:\\\/\\\/x.com\\\/eldiario_net\"]},{\"@type\":\"Person\",\"@id\":\"https:\\\/\\\/www.eldiario.net\\\/portal\\\/#\\\/schema\\\/person\\\/cab1ae4db27e5f008a62cbffb05fbfee\",\"name\":\"luis Camacho\",\"image\":{\"@type\":\"ImageObject\",\"inLanguage\":\"es\",\"@id\":\"https:\\\/\\\/secure.gravatar.com\\\/avatar\\\/69ecb836b3826d5a2501bf06ab2a2f2c8ab211cc846758f395df21684cb38313?s=96&d=mm&r=g\",\"url\":\"https:\\\/\\\/secure.gravatar.com\\\/avatar\\\/69ecb836b3826d5a2501bf06ab2a2f2c8ab211cc846758f395df21684cb38313?s=96&d=mm&r=g\",\"contentUrl\":\"https:\\\/\\\/secure.gravatar.com\\\/avatar\\\/69ecb836b3826d5a2501bf06ab2a2f2c8ab211cc846758f395df21684cb38313?s=96&d=mm&r=g\",\"caption\":\"luis Camacho\"},\"url\":\"https:\\\/\\\/www.eldiario.net\\\/portal\\\/author\\\/luis\\\/\"}]}<\/script>\n<!-- \/ Yoast SEO plugin. -->","yoast_head_json":{"title":"Arroz al estilo cubano - El Diario - Bolivia","robots":{"index":"index","follow":"follow","max-snippet":"max-snippet:-1","max-image-preview":"max-image-preview:large","max-video-preview":"max-video-preview:-1"},"canonical":"https:\/\/www.eldiario.net\/portal\/2024\/12\/12\/arroz-al-estilo-cubano\/","og_locale":"es_ES","og_type":"article","og_title":"Arroz al estilo cubano - El Diario - Bolivia","og_description":"Han transcurrido sesenta y cinco a\u00f1os de dictadura comunista en Cuba y, al margen del cargoso pretexto del bloqueo norteamericano, el r\u00e9gimen imperante carece de todo argumento valedero que encubra el total fracaso y estancamiento sufridos, por su inoperante modelo econ\u00f3mico, pol\u00edtico y social. A m\u00e1s de medio siglo de haber liquidado el aparato productivo [&hellip;]","og_url":"https:\/\/www.eldiario.net\/portal\/2024\/12\/12\/arroz-al-estilo-cubano\/","og_site_name":"El Diario - Bolivia","article_publisher":"https:\/\/www.facebook.com\/eldiario.bolivia\/","article_published_time":"2024-12-12T13:31:17+00:00","og_image":[{"width":1200,"height":628,"url":"https:\/\/www.eldiario.net\/portal\/wp-content\/uploads\/2023\/06\/Alvaro-Riveros-Tejada.jpg","type":"image\/jpeg"}],"author":"luis Camacho","twitter_card":"summary_large_image","twitter_creator":"@eldiario_net","twitter_site":"@eldiario_net","twitter_misc":{"Escrito por":"luis Camacho","Tiempo de lectura":"3 minutos"},"schema":{"@context":"https:\/\/schema.org","@graph":[{"@type":"Article","@id":"https:\/\/www.eldiario.net\/portal\/2024\/12\/12\/arroz-al-estilo-cubano\/#article","isPartOf":{"@id":"https:\/\/www.eldiario.net\/portal\/2024\/12\/12\/arroz-al-estilo-cubano\/"},"author":{"name":"luis Camacho","@id":"https:\/\/www.eldiario.net\/portal\/#\/schema\/person\/cab1ae4db27e5f008a62cbffb05fbfee"},"headline":"Arroz al estilo cubano","datePublished":"2024-12-12T13:31:17+00:00","mainEntityOfPage":{"@id":"https:\/\/www.eldiario.net\/portal\/2024\/12\/12\/arroz-al-estilo-cubano\/"},"wordCount":584,"publisher":{"@id":"https:\/\/www.eldiario.net\/portal\/#organization"},"image":{"@id":"https:\/\/www.eldiario.net\/portal\/2024\/12\/12\/arroz-al-estilo-cubano\/#primaryimage"},"thumbnailUrl":"https:\/\/www.eldiario.net\/portal\/wp-content\/uploads\/2023\/06\/Alvaro-Riveros-Tejada.jpg","articleSection":["Opini\u00f3n"],"inLanguage":"es"},{"@type":"WebPage","@id":"https:\/\/www.eldiario.net\/portal\/2024\/12\/12\/arroz-al-estilo-cubano\/","url":"https:\/\/www.eldiario.net\/portal\/2024\/12\/12\/arroz-al-estilo-cubano\/","name":"Arroz al estilo cubano - El Diario - Bolivia","isPartOf":{"@id":"https:\/\/www.eldiario.net\/portal\/#website"},"primaryImageOfPage":{"@id":"https:\/\/www.eldiario.net\/portal\/2024\/12\/12\/arroz-al-estilo-cubano\/#primaryimage"},"image":{"@id":"https:\/\/www.eldiario.net\/portal\/2024\/12\/12\/arroz-al-estilo-cubano\/#primaryimage"},"thumbnailUrl":"https:\/\/www.eldiario.net\/portal\/wp-content\/uploads\/2023\/06\/Alvaro-Riveros-Tejada.jpg","datePublished":"2024-12-12T13:31:17+00:00","breadcrumb":{"@id":"https:\/\/www.eldiario.net\/portal\/2024\/12\/12\/arroz-al-estilo-cubano\/#breadcrumb"},"inLanguage":"es","potentialAction":[{"@type":"ReadAction","target":["https:\/\/www.eldiario.net\/portal\/2024\/12\/12\/arroz-al-estilo-cubano\/"]}]},{"@type":"ImageObject","inLanguage":"es","@id":"https:\/\/www.eldiario.net\/portal\/2024\/12\/12\/arroz-al-estilo-cubano\/#primaryimage","url":"https:\/\/www.eldiario.net\/portal\/wp-content\/uploads\/2023\/06\/Alvaro-Riveros-Tejada.jpg","contentUrl":"https:\/\/www.eldiario.net\/portal\/wp-content\/uploads\/2023\/06\/Alvaro-Riveros-Tejada.jpg","width":1200,"height":628},{"@type":"BreadcrumbList","@id":"https:\/\/www.eldiario.net\/portal\/2024\/12\/12\/arroz-al-estilo-cubano\/#breadcrumb","itemListElement":[{"@type":"ListItem","position":1,"name":"Portada","item":"https:\/\/www.eldiario.net\/portal\/"},{"@type":"ListItem","position":2,"name":"Arroz al estilo cubano"}]},{"@type":"WebSite","@id":"https:\/\/www.eldiario.net\/portal\/#website","url":"https:\/\/www.eldiario.net\/portal\/","name":"El Diario - Decano de la prensa nacional","description":"El Diario - Decano de la prensa nacional","publisher":{"@id":"https:\/\/www.eldiario.net\/portal\/#organization"},"potentialAction":[{"@type":"SearchAction","target":{"@type":"EntryPoint","urlTemplate":"https:\/\/www.eldiario.net\/portal\/?s={search_term_string}"},"query-input":{"@type":"PropertyValueSpecification","valueRequired":true,"valueName":"search_term_string"}}],"inLanguage":"es"},{"@type":"Organization","@id":"https:\/\/www.eldiario.net\/portal\/#organization","name":"El Diario - Decano de la prensa nacional","url":"https:\/\/www.eldiario.net\/portal\/","logo":{"@type":"ImageObject","inLanguage":"es","@id":"https:\/\/www.eldiario.net\/portal\/#\/schema\/logo\/image\/","url":"https:\/\/www.eldiario.net\/portal\/wp-content\/uploads\/2023\/07\/logo_ED.jpg","contentUrl":"https:\/\/www.eldiario.net\/portal\/wp-content\/uploads\/2023\/07\/logo_ED.jpg","width":272,"height":52,"caption":"El Diario - Decano de la prensa nacional"},"image":{"@id":"https:\/\/www.eldiario.net\/portal\/#\/schema\/logo\/image\/"},"sameAs":["https:\/\/www.facebook.com\/eldiario.bolivia\/","https:\/\/x.com\/eldiario_net"]},{"@type":"Person","@id":"https:\/\/www.eldiario.net\/portal\/#\/schema\/person\/cab1ae4db27e5f008a62cbffb05fbfee","name":"luis Camacho","image":{"@type":"ImageObject","inLanguage":"es","@id":"https:\/\/secure.gravatar.com\/avatar\/69ecb836b3826d5a2501bf06ab2a2f2c8ab211cc846758f395df21684cb38313?s=96&d=mm&r=g","url":"https:\/\/secure.gravatar.com\/avatar\/69ecb836b3826d5a2501bf06ab2a2f2c8ab211cc846758f395df21684cb38313?s=96&d=mm&r=g","contentUrl":"https:\/\/secure.gravatar.com\/avatar\/69ecb836b3826d5a2501bf06ab2a2f2c8ab211cc846758f395df21684cb38313?s=96&d=mm&r=g","caption":"luis Camacho"},"url":"https:\/\/www.eldiario.net\/portal\/author\/luis\/"}]}},"_links":{"self":[{"href":"https:\/\/www.eldiario.net\/portal\/wp-json\/wp\/v2\/posts\/267460","targetHints":{"allow":["GET"]}}],"collection":[{"href":"https:\/\/www.eldiario.net\/portal\/wp-json\/wp\/v2\/posts"}],"about":[{"href":"https:\/\/www.eldiario.net\/portal\/wp-json\/wp\/v2\/types\/post"}],"author":[{"embeddable":true,"href":"https:\/\/www.eldiario.net\/portal\/wp-json\/wp\/v2\/users\/2"}],"replies":[{"embeddable":true,"href":"https:\/\/www.eldiario.net\/portal\/wp-json\/wp\/v2\/comments?post=267460"}],"version-history":[{"count":1,"href":"https:\/\/www.eldiario.net\/portal\/wp-json\/wp\/v2\/posts\/267460\/revisions"}],"predecessor-version":[{"id":267461,"href":"https:\/\/www.eldiario.net\/portal\/wp-json\/wp\/v2\/posts\/267460\/revisions\/267461"}],"wp:featuredmedia":[{"embeddable":true,"href":"https:\/\/www.eldiario.net\/portal\/wp-json\/wp\/v2\/media\/157469"}],"wp:attachment":[{"href":"https:\/\/www.eldiario.net\/portal\/wp-json\/wp\/v2\/media?parent=267460"}],"wp:term":[{"taxonomy":"category","embeddable":true,"href":"https:\/\/www.eldiario.net\/portal\/wp-json\/wp\/v2\/categories?post=267460"},{"taxonomy":"post_tag","embeddable":true,"href":"https:\/\/www.eldiario.net\/portal\/wp-json\/wp\/v2\/tags?post=267460"}],"curies":[{"name":"wp","href":"https:\/\/api.w.org\/{rel}","templated":true}]}}