{"id":267458,"date":"2024-12-12T09:29:25","date_gmt":"2024-12-12T13:29:25","guid":{"rendered":"https:\/\/www.eldiario.net\/portal\/?p=267458"},"modified":"2024-12-12T09:29:25","modified_gmt":"2024-12-12T13:29:25","slug":"que-le-paso-presidente","status":"publish","type":"post","link":"https:\/\/www.eldiario.net\/portal\/2024\/12\/12\/que-le-paso-presidente\/","title":{"rendered":"\u00bfQu\u00e9 le pas\u00f3, presidente?"},"content":{"rendered":"<p>Hubi\u00e9ramos preferido escribir sobre la precipitada fuga del cruel dictador sirio Bachar al Assad de Damasco a Rusia, tras 24 a\u00f1os de dictadura, sumados a otros 30 a\u00f1os de su padre, pero las cosas que suceden en Bolivia lo tienen a uno anclado en el pa\u00eds. Escribir sobre la terrible guerra que sostiene Israel, sobre el ISIS, Ham\u00e1s, Gaza, L\u00edbano, sobre la muerte de las poderosas satrap\u00edas \u00e1rabes de Gadafi en Libia y Sadam Husein en Irak, sobre la amenaza at\u00f3mica de los persas de Teher\u00e1n, sobre tan millonarios reyezuelos en el desierto, que viven en carpas bebiendo leche de cabras, pudiendo comprarse el hotel Ritz de Par\u00eds para dormir en lujosas suites distintas con cada una de sus mujeres, bebiendo champ\u00e1n noche tras noche, temas que animan, tenemos que escribir sobre las estupideces que suceden en Bolivia.<\/p>\n<p>\u00bfY entonces? \u00bfC\u00f3mo empezamos? \u00bfPeg\u00e1ndole otra tunda al minusv\u00e1lido presidente? \u00bfVale la pena despu\u00e9s de la cueriza que le han dado mis coterr\u00e1neos en los \u00faltimos d\u00edas? \u00bfNo ser\u00e1 darle demasiada importancia y hasta abusar de un se\u00f1or que no sabe c\u00f3mo lleg\u00f3 al Gobierno ni qu\u00e9 hacer con \u00e9l? \u00bfCu\u00e1ndo no ve m\u00e1s all\u00e1 de sus lentes mal medidos por Evo Morales? Porque lo cierto es que Arce no sabe d\u00f3nde est\u00e1 parado y lamentablemente su equipo de ministros no son justamente unos genios como \u00e9l cree.<\/p>\n<p>M\u00e1s ignorante que Arce, aun si cabe, es Evo Morales; pero m\u00e1s p\u00edcaro, m\u00e1s vivo, ladino como pocos, toda una ardilla dif\u00edcil de atrapar. Menos bruto, en suma. \u00c9l busc\u00f3 a un grupo de ruines, odiadores, resentidos, necesitados de plata, semi letrados, pero catastr\u00f3ficamente ilustrados en sindicatos zurdos y en foros donde las barbas de Fidel y la boina del Che se luc\u00edan en sus descalichadas paredes, como los trofeos de caza en las mansiones inglesas.<\/p>\n<p>Mientras el presidente Arce estaba con sus colegas en la reuni\u00f3n de Mercosur, donde Bolivia se acaba de incorporar como miembro pleno, justo cuando otros se quieren ir de la sociedad luego de decepcionarse durante 30 a\u00f1os; en La Paz, desde el Collao, alguien instru\u00eda que se confiscaran o decomisaran el arroz y el aceite que estuviera en los ingenios cruce\u00f1os. Todo bajo sospecha de agio, de especulaci\u00f3n, que los productores estuvieran realizando, para hacer hambrear a la poblaci\u00f3n con tal de forrarse los bolsillos. Idas y venidas, muchedumbres, carajazos, mujeres con garrotes, polic\u00edas huyendo, comisiones, mesas de di\u00e1logo, viceministros, y finalmente hemos quedado sometidos nom\u00e1s. El Gobierno, af\u00edn a los cupos, ha querido hacerlo y extenderlo hasta a la producci\u00f3n de carne vacuna si es posible, pero el tema sigue sin soluci\u00f3n. Hablan de una \u201csuspensi\u00f3n temporal\u201d de exportaciones de aceite que imponen a los agricultores y empresarios cruce\u00f1os, como cuando los romanos eran due\u00f1os del mundo conocido y exprim\u00edan con impuestos a sus provincias dominadas.<\/p>\n<p>Entre tanto, el presidente Arce, este mandatario que observa el panorama con lentes mal medidos, en una fiesta que hab\u00eda en El Alto, no tuvo mejor idea, para contentar a una de sus partidarias, que decir que la carest\u00eda de aceite y arroz se deb\u00eda a que \u201clos cambitas nos est\u00e1n jugando sucio\u201d. \u00a1Pero qu\u00e9 burrada m\u00e1s grande! \u00a1C\u00f3mo no se le ocurri\u00f3 decir otra cosa! \u00a1Que imaginaci\u00f3n corta! Justamente, dice semejante disparate, cuando su Administraci\u00f3n es incapaz de proporcionar di\u00e9sel para la maquinaria agr\u00edcola y el transporte; cuando su ministro de Gobierno nada puede hacer para frenar los bloqueos masistas que duran semanas y a\u00edslan oriente y occidente; cuando no se da paso a la biotecnolog\u00eda que permitir\u00eda una mayor y mejor producci\u00f3n de soya y por tanto de aceite.<\/p>\n<p>Es que la \u201coclocracia\u201d de los antiguos griegos o gobierno de la plebe y de las turbas (seg\u00fan la RAE), jam\u00e1s ha sido exitosa. La \u201creserva moral\u201d de Bolivia y de la humanidad, que ser\u00edan los pueblos ind\u00edgenas, y que pregonaba Evo Morales en sus campa\u00f1as electorales, no ha dado resultado; ha fracasado rotundamente.<\/p>\n","protected":false},"excerpt":{"rendered":"<p>Hubi\u00e9ramos preferido escribir sobre la precipitada fuga del cruel dictador sirio Bachar al Assad de Damasco a Rusia, tras 24 a\u00f1os de dictadura, sumados a otros 30 a\u00f1os de su padre, pero las cosas que suceden en Bolivia lo tienen a uno anclado en el pa\u00eds. Escribir sobre la terrible guerra que sostiene Israel, sobre [&hellip;]<\/p>\n","protected":false},"author":2,"featured_media":157472,"comment_status":"closed","ping_status":"open","sticky":false,"template":"","format":"standard","meta":{"_acf_changed":false,"footnotes":""},"categories":[9],"tags":[],"class_list":["post-267458","post","type-post","status-publish","format-standard","has-post-thumbnail","category-opinion"],"acf":{"antetitulo":""},"yoast_head":"<!-- This site is optimized with the Yoast SEO plugin v28.4 - https:\/\/yoast.com\/product\/yoast-seo-wordpress\/ -->\n<title>\u00bfQu\u00e9 le pas\u00f3, presidente? - El Diario - Bolivia<\/title>\n<meta name=\"robots\" content=\"index, follow, max-snippet:-1, max-image-preview:large, max-video-preview:-1\" \/>\n<link rel=\"canonical\" href=\"https:\/\/www.eldiario.net\/portal\/2024\/12\/12\/que-le-paso-presidente\/\" \/>\n<meta property=\"og:locale\" content=\"es_ES\" \/>\n<meta property=\"og:type\" content=\"article\" \/>\n<meta property=\"og:title\" content=\"\u00bfQu\u00e9 le pas\u00f3, presidente? - El Diario - Bolivia\" \/>\n<meta property=\"og:description\" content=\"Hubi\u00e9ramos preferido escribir sobre la precipitada fuga del cruel dictador sirio Bachar al Assad de Damasco a Rusia, tras 24 a\u00f1os de dictadura, sumados a otros 30 a\u00f1os de su padre, pero las cosas que suceden en Bolivia lo tienen a uno anclado en el pa\u00eds. Escribir sobre la terrible guerra que sostiene Israel, sobre [&hellip;]\" \/>\n<meta property=\"og:url\" content=\"https:\/\/www.eldiario.net\/portal\/2024\/12\/12\/que-le-paso-presidente\/\" \/>\n<meta property=\"og:site_name\" content=\"El Diario - Bolivia\" \/>\n<meta property=\"article:publisher\" content=\"https:\/\/www.facebook.com\/eldiario.bolivia\/\" \/>\n<meta property=\"article:published_time\" content=\"2024-12-12T13:29:25+00:00\" \/>\n<meta property=\"og:image\" content=\"https:\/\/www.eldiario.net\/portal\/wp-content\/uploads\/2023\/06\/Manfredo-Kempff-Suarez.jpg\" \/>\n\t<meta property=\"og:image:width\" content=\"1200\" \/>\n\t<meta property=\"og:image:height\" content=\"628\" \/>\n\t<meta property=\"og:image:type\" content=\"image\/jpeg\" \/>\n<meta name=\"author\" content=\"luis Camacho\" \/>\n<meta name=\"twitter:card\" content=\"summary_large_image\" \/>\n<meta name=\"twitter:creator\" content=\"@eldiario_net\" \/>\n<meta name=\"twitter:site\" content=\"@eldiario_net\" \/>\n<meta name=\"twitter:label1\" content=\"Escrito por\" \/>\n\t<meta name=\"twitter:data1\" content=\"luis Camacho\" \/>\n\t<meta name=\"twitter:label2\" content=\"Tiempo de lectura\" \/>\n\t<meta name=\"twitter:data2\" content=\"4 minutos\" \/>\n<script type=\"application\/ld+json\" class=\"yoast-schema-graph\">{\"@context\":\"https:\\\/\\\/schema.org\",\"@graph\":[{\"@type\":\"Article\",\"@id\":\"https:\\\/\\\/www.eldiario.net\\\/portal\\\/2024\\\/12\\\/12\\\/que-le-paso-presidente\\\/#article\",\"isPartOf\":{\"@id\":\"https:\\\/\\\/www.eldiario.net\\\/portal\\\/2024\\\/12\\\/12\\\/que-le-paso-presidente\\\/\"},\"author\":{\"name\":\"luis Camacho\",\"@id\":\"https:\\\/\\\/www.eldiario.net\\\/portal\\\/#\\\/schema\\\/person\\\/cab1ae4db27e5f008a62cbffb05fbfee\"},\"headline\":\"\u00bfQu\u00e9 le pas\u00f3, presidente?\",\"datePublished\":\"2024-12-12T13:29:25+00:00\",\"mainEntityOfPage\":{\"@id\":\"https:\\\/\\\/www.eldiario.net\\\/portal\\\/2024\\\/12\\\/12\\\/que-le-paso-presidente\\\/\"},\"wordCount\":719,\"publisher\":{\"@id\":\"https:\\\/\\\/www.eldiario.net\\\/portal\\\/#organization\"},\"image\":{\"@id\":\"https:\\\/\\\/www.eldiario.net\\\/portal\\\/2024\\\/12\\\/12\\\/que-le-paso-presidente\\\/#primaryimage\"},\"thumbnailUrl\":\"https:\\\/\\\/www.eldiario.net\\\/portal\\\/wp-content\\\/uploads\\\/2023\\\/06\\\/Manfredo-Kempff-Suarez.jpg\",\"articleSection\":[\"Opini\u00f3n\"],\"inLanguage\":\"es\"},{\"@type\":\"WebPage\",\"@id\":\"https:\\\/\\\/www.eldiario.net\\\/portal\\\/2024\\\/12\\\/12\\\/que-le-paso-presidente\\\/\",\"url\":\"https:\\\/\\\/www.eldiario.net\\\/portal\\\/2024\\\/12\\\/12\\\/que-le-paso-presidente\\\/\",\"name\":\"\u00bfQu\u00e9 le pas\u00f3, presidente? - El Diario - Bolivia\",\"isPartOf\":{\"@id\":\"https:\\\/\\\/www.eldiario.net\\\/portal\\\/#website\"},\"primaryImageOfPage\":{\"@id\":\"https:\\\/\\\/www.eldiario.net\\\/portal\\\/2024\\\/12\\\/12\\\/que-le-paso-presidente\\\/#primaryimage\"},\"image\":{\"@id\":\"https:\\\/\\\/www.eldiario.net\\\/portal\\\/2024\\\/12\\\/12\\\/que-le-paso-presidente\\\/#primaryimage\"},\"thumbnailUrl\":\"https:\\\/\\\/www.eldiario.net\\\/portal\\\/wp-content\\\/uploads\\\/2023\\\/06\\\/Manfredo-Kempff-Suarez.jpg\",\"datePublished\":\"2024-12-12T13:29:25+00:00\",\"breadcrumb\":{\"@id\":\"https:\\\/\\\/www.eldiario.net\\\/portal\\\/2024\\\/12\\\/12\\\/que-le-paso-presidente\\\/#breadcrumb\"},\"inLanguage\":\"es\",\"potentialAction\":[{\"@type\":\"ReadAction\",\"target\":[\"https:\\\/\\\/www.eldiario.net\\\/portal\\\/2024\\\/12\\\/12\\\/que-le-paso-presidente\\\/\"]}]},{\"@type\":\"ImageObject\",\"inLanguage\":\"es\",\"@id\":\"https:\\\/\\\/www.eldiario.net\\\/portal\\\/2024\\\/12\\\/12\\\/que-le-paso-presidente\\\/#primaryimage\",\"url\":\"https:\\\/\\\/www.eldiario.net\\\/portal\\\/wp-content\\\/uploads\\\/2023\\\/06\\\/Manfredo-Kempff-Suarez.jpg\",\"contentUrl\":\"https:\\\/\\\/www.eldiario.net\\\/portal\\\/wp-content\\\/uploads\\\/2023\\\/06\\\/Manfredo-Kempff-Suarez.jpg\",\"width\":1200,\"height\":628},{\"@type\":\"BreadcrumbList\",\"@id\":\"https:\\\/\\\/www.eldiario.net\\\/portal\\\/2024\\\/12\\\/12\\\/que-le-paso-presidente\\\/#breadcrumb\",\"itemListElement\":[{\"@type\":\"ListItem\",\"position\":1,\"name\":\"Portada\",\"item\":\"https:\\\/\\\/www.eldiario.net\\\/portal\\\/\"},{\"@type\":\"ListItem\",\"position\":2,\"name\":\"\u00bfQu\u00e9 le pas\u00f3, presidente?\"}]},{\"@type\":\"WebSite\",\"@id\":\"https:\\\/\\\/www.eldiario.net\\\/portal\\\/#website\",\"url\":\"https:\\\/\\\/www.eldiario.net\\\/portal\\\/\",\"name\":\"El Diario - Decano de la prensa nacional\",\"description\":\"El Diario - Decano de la prensa nacional\",\"publisher\":{\"@id\":\"https:\\\/\\\/www.eldiario.net\\\/portal\\\/#organization\"},\"potentialAction\":[{\"@type\":\"SearchAction\",\"target\":{\"@type\":\"EntryPoint\",\"urlTemplate\":\"https:\\\/\\\/www.eldiario.net\\\/portal\\\/?s={search_term_string}\"},\"query-input\":{\"@type\":\"PropertyValueSpecification\",\"valueRequired\":true,\"valueName\":\"search_term_string\"}}],\"inLanguage\":\"es\"},{\"@type\":\"Organization\",\"@id\":\"https:\\\/\\\/www.eldiario.net\\\/portal\\\/#organization\",\"name\":\"El Diario - Decano de la prensa nacional\",\"url\":\"https:\\\/\\\/www.eldiario.net\\\/portal\\\/\",\"logo\":{\"@type\":\"ImageObject\",\"inLanguage\":\"es\",\"@id\":\"https:\\\/\\\/www.eldiario.net\\\/portal\\\/#\\\/schema\\\/logo\\\/image\\\/\",\"url\":\"https:\\\/\\\/www.eldiario.net\\\/portal\\\/wp-content\\\/uploads\\\/2023\\\/07\\\/logo_ED.jpg\",\"contentUrl\":\"https:\\\/\\\/www.eldiario.net\\\/portal\\\/wp-content\\\/uploads\\\/2023\\\/07\\\/logo_ED.jpg\",\"width\":272,\"height\":52,\"caption\":\"El Diario - Decano de la prensa nacional\"},\"image\":{\"@id\":\"https:\\\/\\\/www.eldiario.net\\\/portal\\\/#\\\/schema\\\/logo\\\/image\\\/\"},\"sameAs\":[\"https:\\\/\\\/www.facebook.com\\\/eldiario.bolivia\\\/\",\"https:\\\/\\\/x.com\\\/eldiario_net\"]},{\"@type\":\"Person\",\"@id\":\"https:\\\/\\\/www.eldiario.net\\\/portal\\\/#\\\/schema\\\/person\\\/cab1ae4db27e5f008a62cbffb05fbfee\",\"name\":\"luis Camacho\",\"image\":{\"@type\":\"ImageObject\",\"inLanguage\":\"es\",\"@id\":\"https:\\\/\\\/secure.gravatar.com\\\/avatar\\\/69ecb836b3826d5a2501bf06ab2a2f2c8ab211cc846758f395df21684cb38313?s=96&d=mm&r=g\",\"url\":\"https:\\\/\\\/secure.gravatar.com\\\/avatar\\\/69ecb836b3826d5a2501bf06ab2a2f2c8ab211cc846758f395df21684cb38313?s=96&d=mm&r=g\",\"contentUrl\":\"https:\\\/\\\/secure.gravatar.com\\\/avatar\\\/69ecb836b3826d5a2501bf06ab2a2f2c8ab211cc846758f395df21684cb38313?s=96&d=mm&r=g\",\"caption\":\"luis Camacho\"},\"url\":\"https:\\\/\\\/www.eldiario.net\\\/portal\\\/author\\\/luis\\\/\"}]}<\/script>\n<!-- \/ Yoast SEO plugin. -->","yoast_head_json":{"title":"\u00bfQu\u00e9 le pas\u00f3, presidente? - El Diario - Bolivia","robots":{"index":"index","follow":"follow","max-snippet":"max-snippet:-1","max-image-preview":"max-image-preview:large","max-video-preview":"max-video-preview:-1"},"canonical":"https:\/\/www.eldiario.net\/portal\/2024\/12\/12\/que-le-paso-presidente\/","og_locale":"es_ES","og_type":"article","og_title":"\u00bfQu\u00e9 le pas\u00f3, presidente? - El Diario - Bolivia","og_description":"Hubi\u00e9ramos preferido escribir sobre la precipitada fuga del cruel dictador sirio Bachar al Assad de Damasco a Rusia, tras 24 a\u00f1os de dictadura, sumados a otros 30 a\u00f1os de su padre, pero las cosas que suceden en Bolivia lo tienen a uno anclado en el pa\u00eds. Escribir sobre la terrible guerra que sostiene Israel, sobre [&hellip;]","og_url":"https:\/\/www.eldiario.net\/portal\/2024\/12\/12\/que-le-paso-presidente\/","og_site_name":"El Diario - Bolivia","article_publisher":"https:\/\/www.facebook.com\/eldiario.bolivia\/","article_published_time":"2024-12-12T13:29:25+00:00","og_image":[{"width":1200,"height":628,"url":"https:\/\/www.eldiario.net\/portal\/wp-content\/uploads\/2023\/06\/Manfredo-Kempff-Suarez.jpg","type":"image\/jpeg"}],"author":"luis Camacho","twitter_card":"summary_large_image","twitter_creator":"@eldiario_net","twitter_site":"@eldiario_net","twitter_misc":{"Escrito por":"luis Camacho","Tiempo de lectura":"4 minutos"},"schema":{"@context":"https:\/\/schema.org","@graph":[{"@type":"Article","@id":"https:\/\/www.eldiario.net\/portal\/2024\/12\/12\/que-le-paso-presidente\/#article","isPartOf":{"@id":"https:\/\/www.eldiario.net\/portal\/2024\/12\/12\/que-le-paso-presidente\/"},"author":{"name":"luis Camacho","@id":"https:\/\/www.eldiario.net\/portal\/#\/schema\/person\/cab1ae4db27e5f008a62cbffb05fbfee"},"headline":"\u00bfQu\u00e9 le pas\u00f3, presidente?","datePublished":"2024-12-12T13:29:25+00:00","mainEntityOfPage":{"@id":"https:\/\/www.eldiario.net\/portal\/2024\/12\/12\/que-le-paso-presidente\/"},"wordCount":719,"publisher":{"@id":"https:\/\/www.eldiario.net\/portal\/#organization"},"image":{"@id":"https:\/\/www.eldiario.net\/portal\/2024\/12\/12\/que-le-paso-presidente\/#primaryimage"},"thumbnailUrl":"https:\/\/www.eldiario.net\/portal\/wp-content\/uploads\/2023\/06\/Manfredo-Kempff-Suarez.jpg","articleSection":["Opini\u00f3n"],"inLanguage":"es"},{"@type":"WebPage","@id":"https:\/\/www.eldiario.net\/portal\/2024\/12\/12\/que-le-paso-presidente\/","url":"https:\/\/www.eldiario.net\/portal\/2024\/12\/12\/que-le-paso-presidente\/","name":"\u00bfQu\u00e9 le pas\u00f3, presidente? - El Diario - Bolivia","isPartOf":{"@id":"https:\/\/www.eldiario.net\/portal\/#website"},"primaryImageOfPage":{"@id":"https:\/\/www.eldiario.net\/portal\/2024\/12\/12\/que-le-paso-presidente\/#primaryimage"},"image":{"@id":"https:\/\/www.eldiario.net\/portal\/2024\/12\/12\/que-le-paso-presidente\/#primaryimage"},"thumbnailUrl":"https:\/\/www.eldiario.net\/portal\/wp-content\/uploads\/2023\/06\/Manfredo-Kempff-Suarez.jpg","datePublished":"2024-12-12T13:29:25+00:00","breadcrumb":{"@id":"https:\/\/www.eldiario.net\/portal\/2024\/12\/12\/que-le-paso-presidente\/#breadcrumb"},"inLanguage":"es","potentialAction":[{"@type":"ReadAction","target":["https:\/\/www.eldiario.net\/portal\/2024\/12\/12\/que-le-paso-presidente\/"]}]},{"@type":"ImageObject","inLanguage":"es","@id":"https:\/\/www.eldiario.net\/portal\/2024\/12\/12\/que-le-paso-presidente\/#primaryimage","url":"https:\/\/www.eldiario.net\/portal\/wp-content\/uploads\/2023\/06\/Manfredo-Kempff-Suarez.jpg","contentUrl":"https:\/\/www.eldiario.net\/portal\/wp-content\/uploads\/2023\/06\/Manfredo-Kempff-Suarez.jpg","width":1200,"height":628},{"@type":"BreadcrumbList","@id":"https:\/\/www.eldiario.net\/portal\/2024\/12\/12\/que-le-paso-presidente\/#breadcrumb","itemListElement":[{"@type":"ListItem","position":1,"name":"Portada","item":"https:\/\/www.eldiario.net\/portal\/"},{"@type":"ListItem","position":2,"name":"\u00bfQu\u00e9 le pas\u00f3, presidente?"}]},{"@type":"WebSite","@id":"https:\/\/www.eldiario.net\/portal\/#website","url":"https:\/\/www.eldiario.net\/portal\/","name":"El Diario - Decano de la prensa nacional","description":"El Diario - Decano de la prensa nacional","publisher":{"@id":"https:\/\/www.eldiario.net\/portal\/#organization"},"potentialAction":[{"@type":"SearchAction","target":{"@type":"EntryPoint","urlTemplate":"https:\/\/www.eldiario.net\/portal\/?s={search_term_string}"},"query-input":{"@type":"PropertyValueSpecification","valueRequired":true,"valueName":"search_term_string"}}],"inLanguage":"es"},{"@type":"Organization","@id":"https:\/\/www.eldiario.net\/portal\/#organization","name":"El Diario - Decano de la prensa nacional","url":"https:\/\/www.eldiario.net\/portal\/","logo":{"@type":"ImageObject","inLanguage":"es","@id":"https:\/\/www.eldiario.net\/portal\/#\/schema\/logo\/image\/","url":"https:\/\/www.eldiario.net\/portal\/wp-content\/uploads\/2023\/07\/logo_ED.jpg","contentUrl":"https:\/\/www.eldiario.net\/portal\/wp-content\/uploads\/2023\/07\/logo_ED.jpg","width":272,"height":52,"caption":"El Diario - Decano de la prensa nacional"},"image":{"@id":"https:\/\/www.eldiario.net\/portal\/#\/schema\/logo\/image\/"},"sameAs":["https:\/\/www.facebook.com\/eldiario.bolivia\/","https:\/\/x.com\/eldiario_net"]},{"@type":"Person","@id":"https:\/\/www.eldiario.net\/portal\/#\/schema\/person\/cab1ae4db27e5f008a62cbffb05fbfee","name":"luis Camacho","image":{"@type":"ImageObject","inLanguage":"es","@id":"https:\/\/secure.gravatar.com\/avatar\/69ecb836b3826d5a2501bf06ab2a2f2c8ab211cc846758f395df21684cb38313?s=96&d=mm&r=g","url":"https:\/\/secure.gravatar.com\/avatar\/69ecb836b3826d5a2501bf06ab2a2f2c8ab211cc846758f395df21684cb38313?s=96&d=mm&r=g","contentUrl":"https:\/\/secure.gravatar.com\/avatar\/69ecb836b3826d5a2501bf06ab2a2f2c8ab211cc846758f395df21684cb38313?s=96&d=mm&r=g","caption":"luis Camacho"},"url":"https:\/\/www.eldiario.net\/portal\/author\/luis\/"}]}},"_links":{"self":[{"href":"https:\/\/www.eldiario.net\/portal\/wp-json\/wp\/v2\/posts\/267458","targetHints":{"allow":["GET"]}}],"collection":[{"href":"https:\/\/www.eldiario.net\/portal\/wp-json\/wp\/v2\/posts"}],"about":[{"href":"https:\/\/www.eldiario.net\/portal\/wp-json\/wp\/v2\/types\/post"}],"author":[{"embeddable":true,"href":"https:\/\/www.eldiario.net\/portal\/wp-json\/wp\/v2\/users\/2"}],"replies":[{"embeddable":true,"href":"https:\/\/www.eldiario.net\/portal\/wp-json\/wp\/v2\/comments?post=267458"}],"version-history":[{"count":1,"href":"https:\/\/www.eldiario.net\/portal\/wp-json\/wp\/v2\/posts\/267458\/revisions"}],"predecessor-version":[{"id":267459,"href":"https:\/\/www.eldiario.net\/portal\/wp-json\/wp\/v2\/posts\/267458\/revisions\/267459"}],"wp:featuredmedia":[{"embeddable":true,"href":"https:\/\/www.eldiario.net\/portal\/wp-json\/wp\/v2\/media\/157472"}],"wp:attachment":[{"href":"https:\/\/www.eldiario.net\/portal\/wp-json\/wp\/v2\/media?parent=267458"}],"wp:term":[{"taxonomy":"category","embeddable":true,"href":"https:\/\/www.eldiario.net\/portal\/wp-json\/wp\/v2\/categories?post=267458"},{"taxonomy":"post_tag","embeddable":true,"href":"https:\/\/www.eldiario.net\/portal\/wp-json\/wp\/v2\/tags?post=267458"}],"curies":[{"name":"wp","href":"https:\/\/api.w.org\/{rel}","templated":true}]}}