{"id":267456,"date":"2024-12-12T09:27:38","date_gmt":"2024-12-12T13:27:38","guid":{"rendered":"https:\/\/www.eldiario.net\/portal\/?p=267456"},"modified":"2024-12-12T09:27:38","modified_gmt":"2024-12-12T13:27:38","slug":"regimen-discriminador-y-tambien-racista","status":"publish","type":"post","link":"https:\/\/www.eldiario.net\/portal\/2024\/12\/12\/regimen-discriminador-y-tambien-racista\/","title":{"rendered":"R\u00e9gimen discriminador y tambi\u00e9n racista"},"content":{"rendered":"<p>Seg\u00fan el r\u00e9gimen del Estado Plurinacional (antes Bolivia), se combate a la discriminaci\u00f3n social y el racismo, pero, en verdad, por el contrario, el gobierno actual practica abiertamente esos males e inclusive ha llegado, en ese sentido, al racismo. Sin embargo, predica que da cumplimiento estricto a lo establecido en la Constituci\u00f3n Pol\u00edtica y normas en vigencia. En especial, la pomposamente designada \u201cLey contra la discriminaci\u00f3n y toda forma de discriminaci\u00f3n\u201d.<\/p>\n<p>Pese a esa declaraci\u00f3n oficialista, difundida mediante varios medios de comunicaci\u00f3n en numerosas oportunidades, por funcionarios del aparato estatal, la discriminaci\u00f3n gubernamental no es solo extrema, sino tambi\u00e9n vergonzosa. Es decir, a pesar del contenido de la Constituci\u00f3n Pol\u00edtica del Estado Plurinacional, leyes, decretos, otras disposiciones legales, no son aplicados correctamente por funcionarios de justicia, fuerzas del orden, bur\u00f3cratas insensibles y satisfechos, que no saben lo que hacen. Esa ley, dictada en octubre de 2010 y promulgada por el presidente Evo Morales y sus ministros, en su primer art\u00edculo dice: \u201cLa presente Ley tiene por objeto establecer mecanismos y procedimientos para prevenci\u00f3n y soluci\u00f3n de actos de racismo y toda forma de discriminaci\u00f3n en el marco de la Constituci\u00f3n y tratados internacionales\u2026 etc.\u201d. Tiene buenas intenciones tal declaraci\u00f3n, pero ha quedado solo en palabras.<\/p>\n<p>Se suma a ese texto el contenido del Art\u00edculo 2, que en su inciso\u00a0\u00a0 b) expresa: \u201cIgualdad. Todos los seres human nacen libres e iguales osen dignidad y derecho\u2026 tiene el objetivo de lograr equidad y justicia social\u2026, etc.\u201d. Dicha ley define la discriminaci\u00f3n de esta manera: \u201cArt. 4.- Se considera como \u201cdiscriminaci\u00f3n\u201d a toda forma de distinci\u00f3n, exclusi\u00f3n, restricci\u00f3n o preferencia, se funda en raz\u00f3n de sexo, clase, educaci\u00f3n\u2026\u201d, y otros.<\/p>\n<p>Tambi\u00e9n en el Art\u00edculo 5 incluye incisos sobre la discriminaci\u00f3n racial, racismo, raza, etc. A la par, en la Reglamentaci\u00f3n se establece sanciones seg\u00fan la gravedad del hecho, que infractores ser\u00e1n sancionados con multas, etc.<\/p>\n<p>Efectivamente, esas disposiciones forman un castillo, pero construido en el al aire, pues quien precisamente no las cumple es el gobierno del Estado Plurinacional. Es decir que, para empezar, no se aplica lo que dicta la Constituci\u00f3n Pol\u00edtica vigente. En efecto, por ejemplo, se proh\u00edbe vender sus tierras a los campesinos parcelarios, pero se permite que lo hagan los grandes hacendados. Se obliga a los primeros a empobrecerse y a los segundos a enriquecerse.<\/p>\n<p>Esa discriminaci\u00f3n econ\u00f3mica es precisamente el mayor acto de discriminaci\u00f3n que se produce en el pa\u00eds y no son los ciudadanos de a pie quienes cometen ese delito, sino el mismo gobierno que dict\u00f3 la Constituci\u00f3n Pol\u00edtica. Y tiene responsabilidad en el caso la alta jerarqu\u00eda p\u00fablica, desde el presidente del Estado.<\/p>\n<p>La forma de discriminaci\u00f3n establecida por la Carta Magna de Evo Morales y continuada por el gobierno actual, no solo implica discriminaci\u00f3n, sino tambi\u00e9n racismo y sigue siendo aplicada por el gobierno de Luis Arce y sus ministros.<\/p>\n","protected":false},"excerpt":{"rendered":"<p>Seg\u00fan el r\u00e9gimen del Estado Plurinacional (antes Bolivia), se combate a la discriminaci\u00f3n social y el racismo, pero, en verdad, por el contrario, el gobierno actual practica abiertamente esos males e inclusive ha llegado, en ese sentido, al racismo. Sin embargo, predica que da cumplimiento estricto a lo establecido en la Constituci\u00f3n Pol\u00edtica y normas [&hellip;]<\/p>\n","protected":false},"author":2,"featured_media":194776,"comment_status":"closed","ping_status":"open","sticky":false,"template":"","format":"standard","meta":{"_acf_changed":false,"footnotes":""},"categories":[4],"tags":[],"class_list":["post-267456","post","type-post","status-publish","format-standard","has-post-thumbnail","category-editorial"],"acf":{"antetitulo":""},"yoast_head":"<!-- This site is optimized with the Yoast SEO plugin v28.4 - https:\/\/yoast.com\/product\/yoast-seo-wordpress\/ -->\n<title>R\u00e9gimen discriminador y tambi\u00e9n racista - El Diario - Bolivia<\/title>\n<meta name=\"robots\" content=\"index, follow, max-snippet:-1, max-image-preview:large, max-video-preview:-1\" \/>\n<link rel=\"canonical\" href=\"https:\/\/www.eldiario.net\/portal\/2024\/12\/12\/regimen-discriminador-y-tambien-racista\/\" \/>\n<meta property=\"og:locale\" content=\"es_ES\" \/>\n<meta property=\"og:type\" content=\"article\" \/>\n<meta property=\"og:title\" content=\"R\u00e9gimen discriminador y tambi\u00e9n racista - El Diario - Bolivia\" \/>\n<meta property=\"og:description\" content=\"Seg\u00fan el r\u00e9gimen del Estado Plurinacional (antes Bolivia), se combate a la discriminaci\u00f3n social y el racismo, pero, en verdad, por el contrario, el gobierno actual practica abiertamente esos males e inclusive ha llegado, en ese sentido, al racismo. Sin embargo, predica que da cumplimiento estricto a lo establecido en la Constituci\u00f3n Pol\u00edtica y normas [&hellip;]\" \/>\n<meta property=\"og:url\" content=\"https:\/\/www.eldiario.net\/portal\/2024\/12\/12\/regimen-discriminador-y-tambien-racista\/\" \/>\n<meta property=\"og:site_name\" content=\"El Diario - Bolivia\" \/>\n<meta property=\"article:publisher\" content=\"https:\/\/www.facebook.com\/eldiario.bolivia\/\" \/>\n<meta property=\"article:published_time\" content=\"2024-12-12T13:27:38+00:00\" \/>\n<meta property=\"og:image\" content=\"https:\/\/www.eldiario.net\/portal\/wp-content\/uploads\/2023\/12\/Editorial.jpg\" \/>\n\t<meta property=\"og:image:width\" content=\"800\" \/>\n\t<meta property=\"og:image:height\" content=\"500\" \/>\n\t<meta property=\"og:image:type\" content=\"image\/jpeg\" \/>\n<meta name=\"author\" content=\"luis Camacho\" \/>\n<meta name=\"twitter:card\" content=\"summary_large_image\" \/>\n<meta name=\"twitter:creator\" content=\"@eldiario_net\" \/>\n<meta name=\"twitter:site\" content=\"@eldiario_net\" \/>\n<meta name=\"twitter:label1\" content=\"Escrito por\" \/>\n\t<meta name=\"twitter:data1\" content=\"luis Camacho\" \/>\n\t<meta name=\"twitter:label2\" content=\"Tiempo de lectura\" \/>\n\t<meta name=\"twitter:data2\" content=\"3 minutos\" \/>\n<script type=\"application\/ld+json\" class=\"yoast-schema-graph\">{\"@context\":\"https:\\\/\\\/schema.org\",\"@graph\":[{\"@type\":\"Article\",\"@id\":\"https:\\\/\\\/www.eldiario.net\\\/portal\\\/2024\\\/12\\\/12\\\/regimen-discriminador-y-tambien-racista\\\/#article\",\"isPartOf\":{\"@id\":\"https:\\\/\\\/www.eldiario.net\\\/portal\\\/2024\\\/12\\\/12\\\/regimen-discriminador-y-tambien-racista\\\/\"},\"author\":{\"name\":\"luis Camacho\",\"@id\":\"https:\\\/\\\/www.eldiario.net\\\/portal\\\/#\\\/schema\\\/person\\\/cab1ae4db27e5f008a62cbffb05fbfee\"},\"headline\":\"R\u00e9gimen discriminador y tambi\u00e9n racista\",\"datePublished\":\"2024-12-12T13:27:38+00:00\",\"mainEntityOfPage\":{\"@id\":\"https:\\\/\\\/www.eldiario.net\\\/portal\\\/2024\\\/12\\\/12\\\/regimen-discriminador-y-tambien-racista\\\/\"},\"wordCount\":528,\"publisher\":{\"@id\":\"https:\\\/\\\/www.eldiario.net\\\/portal\\\/#organization\"},\"image\":{\"@id\":\"https:\\\/\\\/www.eldiario.net\\\/portal\\\/2024\\\/12\\\/12\\\/regimen-discriminador-y-tambien-racista\\\/#primaryimage\"},\"thumbnailUrl\":\"https:\\\/\\\/www.eldiario.net\\\/portal\\\/wp-content\\\/uploads\\\/2023\\\/12\\\/Editorial.jpg\",\"articleSection\":[\"Editorial\"],\"inLanguage\":\"es\"},{\"@type\":\"WebPage\",\"@id\":\"https:\\\/\\\/www.eldiario.net\\\/portal\\\/2024\\\/12\\\/12\\\/regimen-discriminador-y-tambien-racista\\\/\",\"url\":\"https:\\\/\\\/www.eldiario.net\\\/portal\\\/2024\\\/12\\\/12\\\/regimen-discriminador-y-tambien-racista\\\/\",\"name\":\"R\u00e9gimen discriminador y tambi\u00e9n racista - El Diario - Bolivia\",\"isPartOf\":{\"@id\":\"https:\\\/\\\/www.eldiario.net\\\/portal\\\/#website\"},\"primaryImageOfPage\":{\"@id\":\"https:\\\/\\\/www.eldiario.net\\\/portal\\\/2024\\\/12\\\/12\\\/regimen-discriminador-y-tambien-racista\\\/#primaryimage\"},\"image\":{\"@id\":\"https:\\\/\\\/www.eldiario.net\\\/portal\\\/2024\\\/12\\\/12\\\/regimen-discriminador-y-tambien-racista\\\/#primaryimage\"},\"thumbnailUrl\":\"https:\\\/\\\/www.eldiario.net\\\/portal\\\/wp-content\\\/uploads\\\/2023\\\/12\\\/Editorial.jpg\",\"datePublished\":\"2024-12-12T13:27:38+00:00\",\"breadcrumb\":{\"@id\":\"https:\\\/\\\/www.eldiario.net\\\/portal\\\/2024\\\/12\\\/12\\\/regimen-discriminador-y-tambien-racista\\\/#breadcrumb\"},\"inLanguage\":\"es\",\"potentialAction\":[{\"@type\":\"ReadAction\",\"target\":[\"https:\\\/\\\/www.eldiario.net\\\/portal\\\/2024\\\/12\\\/12\\\/regimen-discriminador-y-tambien-racista\\\/\"]}]},{\"@type\":\"ImageObject\",\"inLanguage\":\"es\",\"@id\":\"https:\\\/\\\/www.eldiario.net\\\/portal\\\/2024\\\/12\\\/12\\\/regimen-discriminador-y-tambien-racista\\\/#primaryimage\",\"url\":\"https:\\\/\\\/www.eldiario.net\\\/portal\\\/wp-content\\\/uploads\\\/2023\\\/12\\\/Editorial.jpg\",\"contentUrl\":\"https:\\\/\\\/www.eldiario.net\\\/portal\\\/wp-content\\\/uploads\\\/2023\\\/12\\\/Editorial.jpg\",\"width\":800,\"height\":500},{\"@type\":\"BreadcrumbList\",\"@id\":\"https:\\\/\\\/www.eldiario.net\\\/portal\\\/2024\\\/12\\\/12\\\/regimen-discriminador-y-tambien-racista\\\/#breadcrumb\",\"itemListElement\":[{\"@type\":\"ListItem\",\"position\":1,\"name\":\"Portada\",\"item\":\"https:\\\/\\\/www.eldiario.net\\\/portal\\\/\"},{\"@type\":\"ListItem\",\"position\":2,\"name\":\"R\u00e9gimen discriminador y tambi\u00e9n racista\"}]},{\"@type\":\"WebSite\",\"@id\":\"https:\\\/\\\/www.eldiario.net\\\/portal\\\/#website\",\"url\":\"https:\\\/\\\/www.eldiario.net\\\/portal\\\/\",\"name\":\"El Diario - Decano de la prensa nacional\",\"description\":\"El Diario - Decano de la prensa nacional\",\"publisher\":{\"@id\":\"https:\\\/\\\/www.eldiario.net\\\/portal\\\/#organization\"},\"potentialAction\":[{\"@type\":\"SearchAction\",\"target\":{\"@type\":\"EntryPoint\",\"urlTemplate\":\"https:\\\/\\\/www.eldiario.net\\\/portal\\\/?s={search_term_string}\"},\"query-input\":{\"@type\":\"PropertyValueSpecification\",\"valueRequired\":true,\"valueName\":\"search_term_string\"}}],\"inLanguage\":\"es\"},{\"@type\":\"Organization\",\"@id\":\"https:\\\/\\\/www.eldiario.net\\\/portal\\\/#organization\",\"name\":\"El Diario - Decano de la prensa nacional\",\"url\":\"https:\\\/\\\/www.eldiario.net\\\/portal\\\/\",\"logo\":{\"@type\":\"ImageObject\",\"inLanguage\":\"es\",\"@id\":\"https:\\\/\\\/www.eldiario.net\\\/portal\\\/#\\\/schema\\\/logo\\\/image\\\/\",\"url\":\"https:\\\/\\\/www.eldiario.net\\\/portal\\\/wp-content\\\/uploads\\\/2023\\\/07\\\/logo_ED.jpg\",\"contentUrl\":\"https:\\\/\\\/www.eldiario.net\\\/portal\\\/wp-content\\\/uploads\\\/2023\\\/07\\\/logo_ED.jpg\",\"width\":272,\"height\":52,\"caption\":\"El Diario - Decano de la prensa nacional\"},\"image\":{\"@id\":\"https:\\\/\\\/www.eldiario.net\\\/portal\\\/#\\\/schema\\\/logo\\\/image\\\/\"},\"sameAs\":[\"https:\\\/\\\/www.facebook.com\\\/eldiario.bolivia\\\/\",\"https:\\\/\\\/x.com\\\/eldiario_net\"]},{\"@type\":\"Person\",\"@id\":\"https:\\\/\\\/www.eldiario.net\\\/portal\\\/#\\\/schema\\\/person\\\/cab1ae4db27e5f008a62cbffb05fbfee\",\"name\":\"luis Camacho\",\"image\":{\"@type\":\"ImageObject\",\"inLanguage\":\"es\",\"@id\":\"https:\\\/\\\/secure.gravatar.com\\\/avatar\\\/69ecb836b3826d5a2501bf06ab2a2f2c8ab211cc846758f395df21684cb38313?s=96&d=mm&r=g\",\"url\":\"https:\\\/\\\/secure.gravatar.com\\\/avatar\\\/69ecb836b3826d5a2501bf06ab2a2f2c8ab211cc846758f395df21684cb38313?s=96&d=mm&r=g\",\"contentUrl\":\"https:\\\/\\\/secure.gravatar.com\\\/avatar\\\/69ecb836b3826d5a2501bf06ab2a2f2c8ab211cc846758f395df21684cb38313?s=96&d=mm&r=g\",\"caption\":\"luis Camacho\"},\"url\":\"https:\\\/\\\/www.eldiario.net\\\/portal\\\/author\\\/luis\\\/\"}]}<\/script>\n<!-- \/ Yoast SEO plugin. -->","yoast_head_json":{"title":"R\u00e9gimen discriminador y tambi\u00e9n racista - El Diario - Bolivia","robots":{"index":"index","follow":"follow","max-snippet":"max-snippet:-1","max-image-preview":"max-image-preview:large","max-video-preview":"max-video-preview:-1"},"canonical":"https:\/\/www.eldiario.net\/portal\/2024\/12\/12\/regimen-discriminador-y-tambien-racista\/","og_locale":"es_ES","og_type":"article","og_title":"R\u00e9gimen discriminador y tambi\u00e9n racista - El Diario - Bolivia","og_description":"Seg\u00fan el r\u00e9gimen del Estado Plurinacional (antes Bolivia), se combate a la discriminaci\u00f3n social y el racismo, pero, en verdad, por el contrario, el gobierno actual practica abiertamente esos males e inclusive ha llegado, en ese sentido, al racismo. Sin embargo, predica que da cumplimiento estricto a lo establecido en la Constituci\u00f3n Pol\u00edtica y normas [&hellip;]","og_url":"https:\/\/www.eldiario.net\/portal\/2024\/12\/12\/regimen-discriminador-y-tambien-racista\/","og_site_name":"El Diario - Bolivia","article_publisher":"https:\/\/www.facebook.com\/eldiario.bolivia\/","article_published_time":"2024-12-12T13:27:38+00:00","og_image":[{"width":800,"height":500,"url":"https:\/\/www.eldiario.net\/portal\/wp-content\/uploads\/2023\/12\/Editorial.jpg","type":"image\/jpeg"}],"author":"luis Camacho","twitter_card":"summary_large_image","twitter_creator":"@eldiario_net","twitter_site":"@eldiario_net","twitter_misc":{"Escrito por":"luis Camacho","Tiempo de lectura":"3 minutos"},"schema":{"@context":"https:\/\/schema.org","@graph":[{"@type":"Article","@id":"https:\/\/www.eldiario.net\/portal\/2024\/12\/12\/regimen-discriminador-y-tambien-racista\/#article","isPartOf":{"@id":"https:\/\/www.eldiario.net\/portal\/2024\/12\/12\/regimen-discriminador-y-tambien-racista\/"},"author":{"name":"luis Camacho","@id":"https:\/\/www.eldiario.net\/portal\/#\/schema\/person\/cab1ae4db27e5f008a62cbffb05fbfee"},"headline":"R\u00e9gimen discriminador y tambi\u00e9n racista","datePublished":"2024-12-12T13:27:38+00:00","mainEntityOfPage":{"@id":"https:\/\/www.eldiario.net\/portal\/2024\/12\/12\/regimen-discriminador-y-tambien-racista\/"},"wordCount":528,"publisher":{"@id":"https:\/\/www.eldiario.net\/portal\/#organization"},"image":{"@id":"https:\/\/www.eldiario.net\/portal\/2024\/12\/12\/regimen-discriminador-y-tambien-racista\/#primaryimage"},"thumbnailUrl":"https:\/\/www.eldiario.net\/portal\/wp-content\/uploads\/2023\/12\/Editorial.jpg","articleSection":["Editorial"],"inLanguage":"es"},{"@type":"WebPage","@id":"https:\/\/www.eldiario.net\/portal\/2024\/12\/12\/regimen-discriminador-y-tambien-racista\/","url":"https:\/\/www.eldiario.net\/portal\/2024\/12\/12\/regimen-discriminador-y-tambien-racista\/","name":"R\u00e9gimen discriminador y tambi\u00e9n racista - El Diario - Bolivia","isPartOf":{"@id":"https:\/\/www.eldiario.net\/portal\/#website"},"primaryImageOfPage":{"@id":"https:\/\/www.eldiario.net\/portal\/2024\/12\/12\/regimen-discriminador-y-tambien-racista\/#primaryimage"},"image":{"@id":"https:\/\/www.eldiario.net\/portal\/2024\/12\/12\/regimen-discriminador-y-tambien-racista\/#primaryimage"},"thumbnailUrl":"https:\/\/www.eldiario.net\/portal\/wp-content\/uploads\/2023\/12\/Editorial.jpg","datePublished":"2024-12-12T13:27:38+00:00","breadcrumb":{"@id":"https:\/\/www.eldiario.net\/portal\/2024\/12\/12\/regimen-discriminador-y-tambien-racista\/#breadcrumb"},"inLanguage":"es","potentialAction":[{"@type":"ReadAction","target":["https:\/\/www.eldiario.net\/portal\/2024\/12\/12\/regimen-discriminador-y-tambien-racista\/"]}]},{"@type":"ImageObject","inLanguage":"es","@id":"https:\/\/www.eldiario.net\/portal\/2024\/12\/12\/regimen-discriminador-y-tambien-racista\/#primaryimage","url":"https:\/\/www.eldiario.net\/portal\/wp-content\/uploads\/2023\/12\/Editorial.jpg","contentUrl":"https:\/\/www.eldiario.net\/portal\/wp-content\/uploads\/2023\/12\/Editorial.jpg","width":800,"height":500},{"@type":"BreadcrumbList","@id":"https:\/\/www.eldiario.net\/portal\/2024\/12\/12\/regimen-discriminador-y-tambien-racista\/#breadcrumb","itemListElement":[{"@type":"ListItem","position":1,"name":"Portada","item":"https:\/\/www.eldiario.net\/portal\/"},{"@type":"ListItem","position":2,"name":"R\u00e9gimen discriminador y tambi\u00e9n racista"}]},{"@type":"WebSite","@id":"https:\/\/www.eldiario.net\/portal\/#website","url":"https:\/\/www.eldiario.net\/portal\/","name":"El Diario - Decano de la prensa nacional","description":"El Diario - Decano de la prensa nacional","publisher":{"@id":"https:\/\/www.eldiario.net\/portal\/#organization"},"potentialAction":[{"@type":"SearchAction","target":{"@type":"EntryPoint","urlTemplate":"https:\/\/www.eldiario.net\/portal\/?s={search_term_string}"},"query-input":{"@type":"PropertyValueSpecification","valueRequired":true,"valueName":"search_term_string"}}],"inLanguage":"es"},{"@type":"Organization","@id":"https:\/\/www.eldiario.net\/portal\/#organization","name":"El Diario - Decano de la prensa nacional","url":"https:\/\/www.eldiario.net\/portal\/","logo":{"@type":"ImageObject","inLanguage":"es","@id":"https:\/\/www.eldiario.net\/portal\/#\/schema\/logo\/image\/","url":"https:\/\/www.eldiario.net\/portal\/wp-content\/uploads\/2023\/07\/logo_ED.jpg","contentUrl":"https:\/\/www.eldiario.net\/portal\/wp-content\/uploads\/2023\/07\/logo_ED.jpg","width":272,"height":52,"caption":"El Diario - Decano de la prensa nacional"},"image":{"@id":"https:\/\/www.eldiario.net\/portal\/#\/schema\/logo\/image\/"},"sameAs":["https:\/\/www.facebook.com\/eldiario.bolivia\/","https:\/\/x.com\/eldiario_net"]},{"@type":"Person","@id":"https:\/\/www.eldiario.net\/portal\/#\/schema\/person\/cab1ae4db27e5f008a62cbffb05fbfee","name":"luis Camacho","image":{"@type":"ImageObject","inLanguage":"es","@id":"https:\/\/secure.gravatar.com\/avatar\/69ecb836b3826d5a2501bf06ab2a2f2c8ab211cc846758f395df21684cb38313?s=96&d=mm&r=g","url":"https:\/\/secure.gravatar.com\/avatar\/69ecb836b3826d5a2501bf06ab2a2f2c8ab211cc846758f395df21684cb38313?s=96&d=mm&r=g","contentUrl":"https:\/\/secure.gravatar.com\/avatar\/69ecb836b3826d5a2501bf06ab2a2f2c8ab211cc846758f395df21684cb38313?s=96&d=mm&r=g","caption":"luis Camacho"},"url":"https:\/\/www.eldiario.net\/portal\/author\/luis\/"}]}},"_links":{"self":[{"href":"https:\/\/www.eldiario.net\/portal\/wp-json\/wp\/v2\/posts\/267456","targetHints":{"allow":["GET"]}}],"collection":[{"href":"https:\/\/www.eldiario.net\/portal\/wp-json\/wp\/v2\/posts"}],"about":[{"href":"https:\/\/www.eldiario.net\/portal\/wp-json\/wp\/v2\/types\/post"}],"author":[{"embeddable":true,"href":"https:\/\/www.eldiario.net\/portal\/wp-json\/wp\/v2\/users\/2"}],"replies":[{"embeddable":true,"href":"https:\/\/www.eldiario.net\/portal\/wp-json\/wp\/v2\/comments?post=267456"}],"version-history":[{"count":1,"href":"https:\/\/www.eldiario.net\/portal\/wp-json\/wp\/v2\/posts\/267456\/revisions"}],"predecessor-version":[{"id":267457,"href":"https:\/\/www.eldiario.net\/portal\/wp-json\/wp\/v2\/posts\/267456\/revisions\/267457"}],"wp:featuredmedia":[{"embeddable":true,"href":"https:\/\/www.eldiario.net\/portal\/wp-json\/wp\/v2\/media\/194776"}],"wp:attachment":[{"href":"https:\/\/www.eldiario.net\/portal\/wp-json\/wp\/v2\/media?parent=267456"}],"wp:term":[{"taxonomy":"category","embeddable":true,"href":"https:\/\/www.eldiario.net\/portal\/wp-json\/wp\/v2\/categories?post=267456"},{"taxonomy":"post_tag","embeddable":true,"href":"https:\/\/www.eldiario.net\/portal\/wp-json\/wp\/v2\/tags?post=267456"}],"curies":[{"name":"wp","href":"https:\/\/api.w.org\/{rel}","templated":true}]}}