{"id":267448,"date":"2024-12-12T05:54:32","date_gmt":"2024-12-12T09:54:32","guid":{"rendered":"https:\/\/www.eldiario.net\/portal\/?p=267448"},"modified":"2024-12-12T05:54:32","modified_gmt":"2024-12-12T09:54:32","slug":"guabira-triunfa-y-complica-a-wilstermann","status":"publish","type":"post","link":"https:\/\/www.eldiario.net\/portal\/2024\/12\/12\/guabira-triunfa-y-complica-a-wilstermann\/","title":{"rendered":"Guabir\u00e1 triunfa y complica a Wilstermann"},"content":{"rendered":"<p>Guabir\u00e1 se impuso por 3-1 a Wilstermann en Montero, dando un paso m\u00e1s en su misi\u00f3n por escapar de la zona del descenso indirecto de categor\u00eda y empuj\u00f3 a los aviadores fuera de la zona de clasificaci\u00f3n a un torneo internacional, concluida la vig\u00e9sima s\u00e9ptima fecha del torneo Clausura.<\/p>\n<div dir=\"auto\"><\/div>\n<div dir=\"auto\">Con doblete de Gustavo Peredo, los Diablos Rojos derrotaron a los rojos del valle la noche de este mi\u00e9rcoles. El elenco montere\u00f1o sigue antepen\u00faltimo en la comparativa acumulada, ahora con 38 puntos, cinco por delante de Royal Pari, elencos que tendr\u00e1 una pugna final en estas tres jornadas determinantes.<\/div>\n<div dir=\"auto\"><\/div>\n<div dir=\"auto\">Peredo comenz\u00f3 la apertura del marcador, a los 36 minutos, con un remate de derecha, tras recibir una asistencia de Pedro Cabral. Antes de irse al descanso, Peredo aument\u00f3 la diferencia, a los 47 minutos, con un disparo que permiti\u00f3 colgar al arquero Arnaldo Gim\u00e9nez.<\/div>\n<div dir=\"auto\"><\/div>\n<div dir=\"auto\">Los aviadores se jugaban la vida en este compromiso, necesitaban sumar para seguir peleando por un premio. Rudy Cardozo anot\u00f3 el descuento, a los 64 minutos, con un zurdazo desde 30 metros, superando al arquero Manuel Ferrel.<\/div>\n<div dir=\"auto\"><\/div>\n<div dir=\"auto\">El tercer tanto, que apag\u00f3 la esperanza de los aviadores, fue anotado por Alejandro Quintana, a los 80 minutos, en un error compartido entre Gim\u00e9nez y Marvin Bejarano, el arquero quiso quedarse con el bal\u00f3n con dominio de los pies, pero Quintana fue astuto para quedarse con la pelota y definir con Bejarano como el \u00faltimo obst\u00e1culo.<\/div>\n<div dir=\"auto\"><\/div>\n<div dir=\"auto\">Ese gol dej\u00f3 fr\u00edo a Wilstermann, que con 44 puntos qued\u00f3 imposible de pelear por el pase, porque la zona de premiaci\u00f3n est\u00e1 a 11 unidades.<\/div>\n","protected":false},"excerpt":{"rendered":"<p>Guabir\u00e1 se impuso por 3-1 a Wilstermann en Montero, dando un paso m\u00e1s en su misi\u00f3n por escapar de la zona del descenso indirecto de categor\u00eda y empuj\u00f3 a los aviadores fuera de la zona de clasificaci\u00f3n a un torneo internacional, concluida la vig\u00e9sima s\u00e9ptima fecha del torneo Clausura. Con doblete de Gustavo Peredo, los [&hellip;]<\/p>\n","protected":false},"author":1,"featured_media":267449,"comment_status":"closed","ping_status":"open","sticky":false,"template":"","format":"standard","meta":{"_acf_changed":false,"footnotes":""},"categories":[6],"tags":[],"class_list":["post-267448","post","type-post","status-publish","format-standard","has-post-thumbnail","category-deportes"],"acf":{"antetitulo":""},"yoast_head":"<!-- This site is optimized with the Yoast SEO plugin v28.4 - https:\/\/yoast.com\/product\/yoast-seo-wordpress\/ -->\n<title>Guabir\u00e1 triunfa y complica a Wilstermann - El Diario - Bolivia<\/title>\n<meta name=\"robots\" content=\"index, follow, max-snippet:-1, max-image-preview:large, max-video-preview:-1\" \/>\n<link rel=\"canonical\" href=\"https:\/\/www.eldiario.net\/portal\/2024\/12\/12\/guabira-triunfa-y-complica-a-wilstermann\/\" \/>\n<meta property=\"og:locale\" content=\"es_ES\" \/>\n<meta property=\"og:type\" content=\"article\" \/>\n<meta property=\"og:title\" content=\"Guabir\u00e1 triunfa y complica a Wilstermann - El Diario - Bolivia\" \/>\n<meta property=\"og:description\" content=\"Guabir\u00e1 se impuso por 3-1 a Wilstermann en Montero, dando un paso m\u00e1s en su misi\u00f3n por escapar de la zona del descenso indirecto de categor\u00eda y empuj\u00f3 a los aviadores fuera de la zona de clasificaci\u00f3n a un torneo internacional, concluida la vig\u00e9sima s\u00e9ptima fecha del torneo Clausura. Con doblete de Gustavo Peredo, los [&hellip;]\" \/>\n<meta property=\"og:url\" content=\"https:\/\/www.eldiario.net\/portal\/2024\/12\/12\/guabira-triunfa-y-complica-a-wilstermann\/\" \/>\n<meta property=\"og:site_name\" content=\"El Diario - Bolivia\" \/>\n<meta property=\"article:publisher\" content=\"https:\/\/www.facebook.com\/eldiario.bolivia\/\" \/>\n<meta property=\"article:published_time\" content=\"2024-12-12T09:54:32+00:00\" \/>\n<meta property=\"og:image\" content=\"https:\/\/www.eldiario.net\/portal\/wp-content\/uploads\/2024\/12\/Screenshot_20241212_043645_Facebook.jpg\" \/>\n\t<meta property=\"og:image:width\" content=\"960\" \/>\n\t<meta property=\"og:image:height\" content=\"698\" \/>\n\t<meta property=\"og:image:type\" content=\"image\/jpeg\" \/>\n<meta name=\"author\" content=\"Jeanette\" \/>\n<meta name=\"twitter:card\" content=\"summary_large_image\" \/>\n<meta name=\"twitter:creator\" content=\"@eldiario_net\" \/>\n<meta name=\"twitter:site\" content=\"@eldiario_net\" \/>\n<meta name=\"twitter:label1\" content=\"Escrito por\" \/>\n\t<meta name=\"twitter:data1\" content=\"Jeanette\" \/>\n\t<meta name=\"twitter:label2\" content=\"Tiempo de lectura\" \/>\n\t<meta name=\"twitter:data2\" content=\"2 minutos\" \/>\n<script type=\"application\/ld+json\" class=\"yoast-schema-graph\">{\"@context\":\"https:\\\/\\\/schema.org\",\"@graph\":[{\"@type\":\"Article\",\"@id\":\"https:\\\/\\\/www.eldiario.net\\\/portal\\\/2024\\\/12\\\/12\\\/guabira-triunfa-y-complica-a-wilstermann\\\/#article\",\"isPartOf\":{\"@id\":\"https:\\\/\\\/www.eldiario.net\\\/portal\\\/2024\\\/12\\\/12\\\/guabira-triunfa-y-complica-a-wilstermann\\\/\"},\"author\":{\"name\":\"Jeanette\",\"@id\":\"https:\\\/\\\/www.eldiario.net\\\/portal\\\/#\\\/schema\\\/person\\\/f46445640444750d7d753ccd04ae01b7\"},\"headline\":\"Guabir\u00e1 triunfa y complica a Wilstermann\",\"datePublished\":\"2024-12-12T09:54:32+00:00\",\"mainEntityOfPage\":{\"@id\":\"https:\\\/\\\/www.eldiario.net\\\/portal\\\/2024\\\/12\\\/12\\\/guabira-triunfa-y-complica-a-wilstermann\\\/\"},\"wordCount\":276,\"publisher\":{\"@id\":\"https:\\\/\\\/www.eldiario.net\\\/portal\\\/#organization\"},\"image\":{\"@id\":\"https:\\\/\\\/www.eldiario.net\\\/portal\\\/2024\\\/12\\\/12\\\/guabira-triunfa-y-complica-a-wilstermann\\\/#primaryimage\"},\"thumbnailUrl\":\"https:\\\/\\\/www.eldiario.net\\\/portal\\\/wp-content\\\/uploads\\\/2024\\\/12\\\/Screenshot_20241212_043645_Facebook.jpg\",\"articleSection\":[\"Deportes\"],\"inLanguage\":\"es\"},{\"@type\":\"WebPage\",\"@id\":\"https:\\\/\\\/www.eldiario.net\\\/portal\\\/2024\\\/12\\\/12\\\/guabira-triunfa-y-complica-a-wilstermann\\\/\",\"url\":\"https:\\\/\\\/www.eldiario.net\\\/portal\\\/2024\\\/12\\\/12\\\/guabira-triunfa-y-complica-a-wilstermann\\\/\",\"name\":\"Guabir\u00e1 triunfa y complica a Wilstermann - El Diario - Bolivia\",\"isPartOf\":{\"@id\":\"https:\\\/\\\/www.eldiario.net\\\/portal\\\/#website\"},\"primaryImageOfPage\":{\"@id\":\"https:\\\/\\\/www.eldiario.net\\\/portal\\\/2024\\\/12\\\/12\\\/guabira-triunfa-y-complica-a-wilstermann\\\/#primaryimage\"},\"image\":{\"@id\":\"https:\\\/\\\/www.eldiario.net\\\/portal\\\/2024\\\/12\\\/12\\\/guabira-triunfa-y-complica-a-wilstermann\\\/#primaryimage\"},\"thumbnailUrl\":\"https:\\\/\\\/www.eldiario.net\\\/portal\\\/wp-content\\\/uploads\\\/2024\\\/12\\\/Screenshot_20241212_043645_Facebook.jpg\",\"datePublished\":\"2024-12-12T09:54:32+00:00\",\"breadcrumb\":{\"@id\":\"https:\\\/\\\/www.eldiario.net\\\/portal\\\/2024\\\/12\\\/12\\\/guabira-triunfa-y-complica-a-wilstermann\\\/#breadcrumb\"},\"inLanguage\":\"es\",\"potentialAction\":[{\"@type\":\"ReadAction\",\"target\":[\"https:\\\/\\\/www.eldiario.net\\\/portal\\\/2024\\\/12\\\/12\\\/guabira-triunfa-y-complica-a-wilstermann\\\/\"]}]},{\"@type\":\"ImageObject\",\"inLanguage\":\"es\",\"@id\":\"https:\\\/\\\/www.eldiario.net\\\/portal\\\/2024\\\/12\\\/12\\\/guabira-triunfa-y-complica-a-wilstermann\\\/#primaryimage\",\"url\":\"https:\\\/\\\/www.eldiario.net\\\/portal\\\/wp-content\\\/uploads\\\/2024\\\/12\\\/Screenshot_20241212_043645_Facebook.jpg\",\"contentUrl\":\"https:\\\/\\\/www.eldiario.net\\\/portal\\\/wp-content\\\/uploads\\\/2024\\\/12\\\/Screenshot_20241212_043645_Facebook.jpg\",\"width\":960,\"height\":698},{\"@type\":\"BreadcrumbList\",\"@id\":\"https:\\\/\\\/www.eldiario.net\\\/portal\\\/2024\\\/12\\\/12\\\/guabira-triunfa-y-complica-a-wilstermann\\\/#breadcrumb\",\"itemListElement\":[{\"@type\":\"ListItem\",\"position\":1,\"name\":\"Portada\",\"item\":\"https:\\\/\\\/www.eldiario.net\\\/portal\\\/\"},{\"@type\":\"ListItem\",\"position\":2,\"name\":\"Guabir\u00e1 triunfa y complica a Wilstermann\"}]},{\"@type\":\"WebSite\",\"@id\":\"https:\\\/\\\/www.eldiario.net\\\/portal\\\/#website\",\"url\":\"https:\\\/\\\/www.eldiario.net\\\/portal\\\/\",\"name\":\"El Diario - Decano de la prensa nacional\",\"description\":\"El Diario - Decano de la prensa nacional\",\"publisher\":{\"@id\":\"https:\\\/\\\/www.eldiario.net\\\/portal\\\/#organization\"},\"potentialAction\":[{\"@type\":\"SearchAction\",\"target\":{\"@type\":\"EntryPoint\",\"urlTemplate\":\"https:\\\/\\\/www.eldiario.net\\\/portal\\\/?s={search_term_string}\"},\"query-input\":{\"@type\":\"PropertyValueSpecification\",\"valueRequired\":true,\"valueName\":\"search_term_string\"}}],\"inLanguage\":\"es\"},{\"@type\":\"Organization\",\"@id\":\"https:\\\/\\\/www.eldiario.net\\\/portal\\\/#organization\",\"name\":\"El Diario - Decano de la prensa nacional\",\"url\":\"https:\\\/\\\/www.eldiario.net\\\/portal\\\/\",\"logo\":{\"@type\":\"ImageObject\",\"inLanguage\":\"es\",\"@id\":\"https:\\\/\\\/www.eldiario.net\\\/portal\\\/#\\\/schema\\\/logo\\\/image\\\/\",\"url\":\"https:\\\/\\\/www.eldiario.net\\\/portal\\\/wp-content\\\/uploads\\\/2023\\\/07\\\/logo_ED.jpg\",\"contentUrl\":\"https:\\\/\\\/www.eldiario.net\\\/portal\\\/wp-content\\\/uploads\\\/2023\\\/07\\\/logo_ED.jpg\",\"width\":272,\"height\":52,\"caption\":\"El Diario - Decano de la prensa nacional\"},\"image\":{\"@id\":\"https:\\\/\\\/www.eldiario.net\\\/portal\\\/#\\\/schema\\\/logo\\\/image\\\/\"},\"sameAs\":[\"https:\\\/\\\/www.facebook.com\\\/eldiario.bolivia\\\/\",\"https:\\\/\\\/x.com\\\/eldiario_net\"]},{\"@type\":\"Person\",\"@id\":\"https:\\\/\\\/www.eldiario.net\\\/portal\\\/#\\\/schema\\\/person\\\/f46445640444750d7d753ccd04ae01b7\",\"name\":\"Jeanette\",\"image\":{\"@type\":\"ImageObject\",\"inLanguage\":\"es\",\"@id\":\"https:\\\/\\\/secure.gravatar.com\\\/avatar\\\/3ea2118a5f7dad2b7138b1187a6b7ee55f160b9968b66013c3a3ef39dd7e5798?s=96&d=mm&r=g\",\"url\":\"https:\\\/\\\/secure.gravatar.com\\\/avatar\\\/3ea2118a5f7dad2b7138b1187a6b7ee55f160b9968b66013c3a3ef39dd7e5798?s=96&d=mm&r=g\",\"contentUrl\":\"https:\\\/\\\/secure.gravatar.com\\\/avatar\\\/3ea2118a5f7dad2b7138b1187a6b7ee55f160b9968b66013c3a3ef39dd7e5798?s=96&d=mm&r=g\",\"caption\":\"Jeanette\"},\"sameAs\":[\"https:\\\/\\\/www.eldiario.net\\\/portal\"],\"url\":\"https:\\\/\\\/www.eldiario.net\\\/portal\\\/author\\\/jeanette\\\/\"}]}<\/script>\n<!-- \/ Yoast SEO plugin. -->","yoast_head_json":{"title":"Guabir\u00e1 triunfa y complica a Wilstermann - El Diario - Bolivia","robots":{"index":"index","follow":"follow","max-snippet":"max-snippet:-1","max-image-preview":"max-image-preview:large","max-video-preview":"max-video-preview:-1"},"canonical":"https:\/\/www.eldiario.net\/portal\/2024\/12\/12\/guabira-triunfa-y-complica-a-wilstermann\/","og_locale":"es_ES","og_type":"article","og_title":"Guabir\u00e1 triunfa y complica a Wilstermann - El Diario - Bolivia","og_description":"Guabir\u00e1 se impuso por 3-1 a Wilstermann en Montero, dando un paso m\u00e1s en su misi\u00f3n por escapar de la zona del descenso indirecto de categor\u00eda y empuj\u00f3 a los aviadores fuera de la zona de clasificaci\u00f3n a un torneo internacional, concluida la vig\u00e9sima s\u00e9ptima fecha del torneo Clausura. Con doblete de Gustavo Peredo, los [&hellip;]","og_url":"https:\/\/www.eldiario.net\/portal\/2024\/12\/12\/guabira-triunfa-y-complica-a-wilstermann\/","og_site_name":"El Diario - Bolivia","article_publisher":"https:\/\/www.facebook.com\/eldiario.bolivia\/","article_published_time":"2024-12-12T09:54:32+00:00","og_image":[{"width":960,"height":698,"url":"https:\/\/www.eldiario.net\/portal\/wp-content\/uploads\/2024\/12\/Screenshot_20241212_043645_Facebook.jpg","type":"image\/jpeg"}],"author":"Jeanette","twitter_card":"summary_large_image","twitter_creator":"@eldiario_net","twitter_site":"@eldiario_net","twitter_misc":{"Escrito por":"Jeanette","Tiempo de lectura":"2 minutos"},"schema":{"@context":"https:\/\/schema.org","@graph":[{"@type":"Article","@id":"https:\/\/www.eldiario.net\/portal\/2024\/12\/12\/guabira-triunfa-y-complica-a-wilstermann\/#article","isPartOf":{"@id":"https:\/\/www.eldiario.net\/portal\/2024\/12\/12\/guabira-triunfa-y-complica-a-wilstermann\/"},"author":{"name":"Jeanette","@id":"https:\/\/www.eldiario.net\/portal\/#\/schema\/person\/f46445640444750d7d753ccd04ae01b7"},"headline":"Guabir\u00e1 triunfa y complica a Wilstermann","datePublished":"2024-12-12T09:54:32+00:00","mainEntityOfPage":{"@id":"https:\/\/www.eldiario.net\/portal\/2024\/12\/12\/guabira-triunfa-y-complica-a-wilstermann\/"},"wordCount":276,"publisher":{"@id":"https:\/\/www.eldiario.net\/portal\/#organization"},"image":{"@id":"https:\/\/www.eldiario.net\/portal\/2024\/12\/12\/guabira-triunfa-y-complica-a-wilstermann\/#primaryimage"},"thumbnailUrl":"https:\/\/www.eldiario.net\/portal\/wp-content\/uploads\/2024\/12\/Screenshot_20241212_043645_Facebook.jpg","articleSection":["Deportes"],"inLanguage":"es"},{"@type":"WebPage","@id":"https:\/\/www.eldiario.net\/portal\/2024\/12\/12\/guabira-triunfa-y-complica-a-wilstermann\/","url":"https:\/\/www.eldiario.net\/portal\/2024\/12\/12\/guabira-triunfa-y-complica-a-wilstermann\/","name":"Guabir\u00e1 triunfa y complica a Wilstermann - El Diario - Bolivia","isPartOf":{"@id":"https:\/\/www.eldiario.net\/portal\/#website"},"primaryImageOfPage":{"@id":"https:\/\/www.eldiario.net\/portal\/2024\/12\/12\/guabira-triunfa-y-complica-a-wilstermann\/#primaryimage"},"image":{"@id":"https:\/\/www.eldiario.net\/portal\/2024\/12\/12\/guabira-triunfa-y-complica-a-wilstermann\/#primaryimage"},"thumbnailUrl":"https:\/\/www.eldiario.net\/portal\/wp-content\/uploads\/2024\/12\/Screenshot_20241212_043645_Facebook.jpg","datePublished":"2024-12-12T09:54:32+00:00","breadcrumb":{"@id":"https:\/\/www.eldiario.net\/portal\/2024\/12\/12\/guabira-triunfa-y-complica-a-wilstermann\/#breadcrumb"},"inLanguage":"es","potentialAction":[{"@type":"ReadAction","target":["https:\/\/www.eldiario.net\/portal\/2024\/12\/12\/guabira-triunfa-y-complica-a-wilstermann\/"]}]},{"@type":"ImageObject","inLanguage":"es","@id":"https:\/\/www.eldiario.net\/portal\/2024\/12\/12\/guabira-triunfa-y-complica-a-wilstermann\/#primaryimage","url":"https:\/\/www.eldiario.net\/portal\/wp-content\/uploads\/2024\/12\/Screenshot_20241212_043645_Facebook.jpg","contentUrl":"https:\/\/www.eldiario.net\/portal\/wp-content\/uploads\/2024\/12\/Screenshot_20241212_043645_Facebook.jpg","width":960,"height":698},{"@type":"BreadcrumbList","@id":"https:\/\/www.eldiario.net\/portal\/2024\/12\/12\/guabira-triunfa-y-complica-a-wilstermann\/#breadcrumb","itemListElement":[{"@type":"ListItem","position":1,"name":"Portada","item":"https:\/\/www.eldiario.net\/portal\/"},{"@type":"ListItem","position":2,"name":"Guabir\u00e1 triunfa y complica a Wilstermann"}]},{"@type":"WebSite","@id":"https:\/\/www.eldiario.net\/portal\/#website","url":"https:\/\/www.eldiario.net\/portal\/","name":"El Diario - Decano de la prensa nacional","description":"El Diario - Decano de la prensa nacional","publisher":{"@id":"https:\/\/www.eldiario.net\/portal\/#organization"},"potentialAction":[{"@type":"SearchAction","target":{"@type":"EntryPoint","urlTemplate":"https:\/\/www.eldiario.net\/portal\/?s={search_term_string}"},"query-input":{"@type":"PropertyValueSpecification","valueRequired":true,"valueName":"search_term_string"}}],"inLanguage":"es"},{"@type":"Organization","@id":"https:\/\/www.eldiario.net\/portal\/#organization","name":"El Diario - Decano de la prensa nacional","url":"https:\/\/www.eldiario.net\/portal\/","logo":{"@type":"ImageObject","inLanguage":"es","@id":"https:\/\/www.eldiario.net\/portal\/#\/schema\/logo\/image\/","url":"https:\/\/www.eldiario.net\/portal\/wp-content\/uploads\/2023\/07\/logo_ED.jpg","contentUrl":"https:\/\/www.eldiario.net\/portal\/wp-content\/uploads\/2023\/07\/logo_ED.jpg","width":272,"height":52,"caption":"El Diario - Decano de la prensa nacional"},"image":{"@id":"https:\/\/www.eldiario.net\/portal\/#\/schema\/logo\/image\/"},"sameAs":["https:\/\/www.facebook.com\/eldiario.bolivia\/","https:\/\/x.com\/eldiario_net"]},{"@type":"Person","@id":"https:\/\/www.eldiario.net\/portal\/#\/schema\/person\/f46445640444750d7d753ccd04ae01b7","name":"Jeanette","image":{"@type":"ImageObject","inLanguage":"es","@id":"https:\/\/secure.gravatar.com\/avatar\/3ea2118a5f7dad2b7138b1187a6b7ee55f160b9968b66013c3a3ef39dd7e5798?s=96&d=mm&r=g","url":"https:\/\/secure.gravatar.com\/avatar\/3ea2118a5f7dad2b7138b1187a6b7ee55f160b9968b66013c3a3ef39dd7e5798?s=96&d=mm&r=g","contentUrl":"https:\/\/secure.gravatar.com\/avatar\/3ea2118a5f7dad2b7138b1187a6b7ee55f160b9968b66013c3a3ef39dd7e5798?s=96&d=mm&r=g","caption":"Jeanette"},"sameAs":["https:\/\/www.eldiario.net\/portal"],"url":"https:\/\/www.eldiario.net\/portal\/author\/jeanette\/"}]}},"_links":{"self":[{"href":"https:\/\/www.eldiario.net\/portal\/wp-json\/wp\/v2\/posts\/267448","targetHints":{"allow":["GET"]}}],"collection":[{"href":"https:\/\/www.eldiario.net\/portal\/wp-json\/wp\/v2\/posts"}],"about":[{"href":"https:\/\/www.eldiario.net\/portal\/wp-json\/wp\/v2\/types\/post"}],"author":[{"embeddable":true,"href":"https:\/\/www.eldiario.net\/portal\/wp-json\/wp\/v2\/users\/1"}],"replies":[{"embeddable":true,"href":"https:\/\/www.eldiario.net\/portal\/wp-json\/wp\/v2\/comments?post=267448"}],"version-history":[{"count":1,"href":"https:\/\/www.eldiario.net\/portal\/wp-json\/wp\/v2\/posts\/267448\/revisions"}],"predecessor-version":[{"id":267450,"href":"https:\/\/www.eldiario.net\/portal\/wp-json\/wp\/v2\/posts\/267448\/revisions\/267450"}],"wp:featuredmedia":[{"embeddable":true,"href":"https:\/\/www.eldiario.net\/portal\/wp-json\/wp\/v2\/media\/267449"}],"wp:attachment":[{"href":"https:\/\/www.eldiario.net\/portal\/wp-json\/wp\/v2\/media?parent=267448"}],"wp:term":[{"taxonomy":"category","embeddable":true,"href":"https:\/\/www.eldiario.net\/portal\/wp-json\/wp\/v2\/categories?post=267448"},{"taxonomy":"post_tag","embeddable":true,"href":"https:\/\/www.eldiario.net\/portal\/wp-json\/wp\/v2\/tags?post=267448"}],"curies":[{"name":"wp","href":"https:\/\/api.w.org\/{rel}","templated":true}]}}