{"id":267442,"date":"2024-12-12T05:52:51","date_gmt":"2024-12-12T09:52:51","guid":{"rendered":"https:\/\/www.eldiario.net\/portal\/?p=267442"},"modified":"2024-12-12T05:52:51","modified_gmt":"2024-12-12T09:52:51","slug":"real-santa-cruz-desciende","status":"publish","type":"post","link":"https:\/\/www.eldiario.net\/portal\/2024\/12\/12\/real-santa-cruz-desciende\/","title":{"rendered":"Real Santa Cruz desciende"},"content":{"rendered":"<p>SANTA CRUZ.- Real Santa Cruz se despidi\u00f3 de la Divisi\u00f3n Profesional, luego de perder frente a Blooming por 0-1, la tarde del mi\u00e9rcoles, quedando sin ninguna chance matem\u00e1tica de escapar de la zona del descenso directo de categor\u00eda, a falta de tres fechas para el final de temporada.<\/p>\n<p>Los albos perdieron la categor\u00eda en su propio escenario. La falta de f\u00fatbol y los errores volvieron a dejar de rodillas al equipo cruce\u00f1o, que, en este ciclo, en la m\u00e1xima categor\u00eda, dur\u00f3 desde 2020, hasta que la crisis dirigencial y econ\u00f3mica se desbord\u00f3 sin nada que pueda evitarlo. Los tres partidos que le quedan jugar\u00e1 s\u00f3lo por cumplir con el calendario.<\/p>\n<p>En un partido sin claridad de juego, Blooming sali\u00f3 vencedor con el \u00fanico gol que subi\u00f3 a la cuenta a los 64 minutos, desde el punto penal, con C\u00e9sar Menacho como el \u201cverdugo\u201d, tras una infracci\u00f3n de Brian L\u00f3pez sobre Ronald Cu\u00e9llar.<\/p>\n<p>Despu\u00e9s de que el marcador fue abierto, los celestes tuvieron mejor predisposici\u00f3n ofensiva, aunque a punta de centros. Un cabezazo de Menacho fue desviado con una mano por el arquero Diego Zamora, quien minutos despu\u00e9s volver\u00eda a colocar una de sus manos para mandar a tiro de esquina un frentazo de Samuel Garz\u00f3n.<\/p>\n<p>A lo largo de este cotejo, los albos s\u00f3lo tuvieron una llegada de peligro con un remate de Luis Ruano, en el primer tiempo, que fue atajado por el arquero Braulio Uraeza\u00f1a, era poco en comparaci\u00f3n a la urgencia que ten\u00eda para ganar. Esta poca ambici\u00f3n junto a la falta de ideas de f\u00fatbol fueron una constante en este a\u00f1o.<\/p>\n<p>Los celestes pasaron a celebrar la sumatoria de estos tres puntos, llegando a los 55 en la tabla acumulada, estirando a ocho su ventaja frente a Independiente y quedando a un paso de colocarle el nombre a uno de los boletos para una Copa internacional.<\/p>\n<p>&nbsp;<\/p>\n<p>En cuanto a Real Santa Cruz, en este momento de frustraci\u00f3n, saltaron las diferencias dentro del plantel y del club para buscar culpables. El entrenador Armando Ib\u00e1\u00f1ez renunci\u00f3 al cargo, tras diez d\u00edas en la conducci\u00f3n t\u00e9cnica, reemplazando al argentino Marcelo Straccia, quien se alej\u00f3 denunciando imposici\u00f3n de jugadores de parte de dirigentes y el incumplimiento en el pago de sueldos a su persona y a los futbolistas.<\/p>\n<p>&nbsp;<\/p>\n<p>S\u00cdNTESIS<\/p>\n<p>REAL SANTA CRUZ (0)<\/p>\n<p>Diego Zamora, Luis Ruano, Jefferson Ib\u00e1\u00f1ez, Brian L\u00f3pez, Ricardo Su\u00e1rez, Imanol C\u00e1rdenas, Samuel Pozo, Gabriel Mendoza, Carlos Abastoflor, Brayan Moreno, Efmamjjasond Gonz\u00e1lez. DT: Armando Ib\u00e1\u00f1ez.<\/p>\n<p>CAMBIOS:<\/p>\n<p>Alan Mercado por C\u00e1rdenas, Jos\u00e9 Veizaga por Iba\u00f1ez, Ervin Vaca por Pozo, Fernando Sald\u00edas por Moreno.<\/p>\n<p>&nbsp;<\/p>\n<p>BLOOMING (1)<\/p>\n<p>Braulio Uraeza\u00f1a, C\u00e9sar Romero, Jonathan Lacerda, Richet G\u00f3mez, Denilson Dur\u00e1n, Arqu\u00edmedes Figuera, Mois\u00e9s Villarroel, Matheo Becerra, Samuel Garz\u00f3n, Fernando Arismendi, C\u00e9sar Menacho.DT: Guillermo Pe\u00f1a.<\/p>\n<p>CAMBIOS:<\/p>\n<p>Santiago Castedo por Becerra, Ronald Cu\u00e9llar por Arismendi, Omar Siles por Menacho, Juan Arce por Villarroel, Ramiro \u00c9g\u00fcez por Garz\u00f3n.<\/p>\n<p>GOL:<\/p>\n<p>C\u00e9sar Menacho (64\u00b4 penal)<\/p>\n<p>JUECES<\/p>\n<p>Javier Revollo (Oruro)-Jes\u00fas Ram\u00edrez &#8211; Galo Uchurinca<\/p>\n<p>ESTADIO:<\/p>\n<p>Real Santa Cruz (Santa Cruz)<\/p>\n<p>P\u00daBLICO:<\/p>\n<p>1.500 personas (aprox.)<\/p>\n<p><strong>(APG)<\/strong><\/p>\n<p>&nbsp;<\/p>\n","protected":false},"excerpt":{"rendered":"<p>SANTA CRUZ.- Real Santa Cruz se despidi\u00f3 de la Divisi\u00f3n Profesional, luego de perder frente a Blooming por 0-1, la tarde del mi\u00e9rcoles, quedando sin ninguna chance matem\u00e1tica de escapar de la zona del descenso directo de categor\u00eda, a falta de tres fechas para el final de temporada. Los albos perdieron la categor\u00eda en su [&hellip;]<\/p>\n","protected":false},"author":1,"featured_media":267443,"comment_status":"closed","ping_status":"open","sticky":false,"template":"","format":"standard","meta":{"_acf_changed":false,"footnotes":""},"categories":[6],"tags":[],"class_list":["post-267442","post","type-post","status-publish","format-standard","has-post-thumbnail","category-deportes"],"acf":{"antetitulo":""},"yoast_head":"<!-- This site is optimized with the Yoast SEO plugin v28.4 - https:\/\/yoast.com\/product\/yoast-seo-wordpress\/ -->\n<title>Real Santa Cruz desciende - El Diario - Bolivia<\/title>\n<meta name=\"robots\" content=\"index, follow, max-snippet:-1, max-image-preview:large, max-video-preview:-1\" \/>\n<link rel=\"canonical\" href=\"https:\/\/www.eldiario.net\/portal\/2024\/12\/12\/real-santa-cruz-desciende\/\" \/>\n<meta property=\"og:locale\" content=\"es_ES\" \/>\n<meta property=\"og:type\" content=\"article\" \/>\n<meta property=\"og:title\" content=\"Real Santa Cruz desciende - El Diario - Bolivia\" \/>\n<meta property=\"og:description\" content=\"SANTA CRUZ.- Real Santa Cruz se despidi\u00f3 de la Divisi\u00f3n Profesional, luego de perder frente a Blooming por 0-1, la tarde del mi\u00e9rcoles, quedando sin ninguna chance matem\u00e1tica de escapar de la zona del descenso directo de categor\u00eda, a falta de tres fechas para el final de temporada. Los albos perdieron la categor\u00eda en su [&hellip;]\" \/>\n<meta property=\"og:url\" content=\"https:\/\/www.eldiario.net\/portal\/2024\/12\/12\/real-santa-cruz-desciende\/\" \/>\n<meta property=\"og:site_name\" content=\"El Diario - Bolivia\" \/>\n<meta property=\"article:publisher\" content=\"https:\/\/www.facebook.com\/eldiario.bolivia\/\" \/>\n<meta property=\"article:published_time\" content=\"2024-12-12T09:52:51+00:00\" \/>\n<meta property=\"og:image\" content=\"https:\/\/www.eldiario.net\/portal\/wp-content\/uploads\/2024\/12\/Real-Santa-Cruz-11.jpg\" \/>\n\t<meta property=\"og:image:width\" content=\"1200\" \/>\n\t<meta property=\"og:image:height\" content=\"784\" \/>\n\t<meta property=\"og:image:type\" content=\"image\/jpeg\" \/>\n<meta name=\"author\" content=\"Jeanette\" \/>\n<meta name=\"twitter:card\" content=\"summary_large_image\" \/>\n<meta name=\"twitter:creator\" content=\"@eldiario_net\" \/>\n<meta name=\"twitter:site\" content=\"@eldiario_net\" \/>\n<meta name=\"twitter:label1\" content=\"Escrito por\" \/>\n\t<meta name=\"twitter:data1\" content=\"Jeanette\" \/>\n\t<meta name=\"twitter:label2\" content=\"Tiempo de lectura\" \/>\n\t<meta name=\"twitter:data2\" content=\"3 minutos\" \/>\n<script type=\"application\/ld+json\" class=\"yoast-schema-graph\">{\"@context\":\"https:\\\/\\\/schema.org\",\"@graph\":[{\"@type\":\"Article\",\"@id\":\"https:\\\/\\\/www.eldiario.net\\\/portal\\\/2024\\\/12\\\/12\\\/real-santa-cruz-desciende\\\/#article\",\"isPartOf\":{\"@id\":\"https:\\\/\\\/www.eldiario.net\\\/portal\\\/2024\\\/12\\\/12\\\/real-santa-cruz-desciende\\\/\"},\"author\":{\"name\":\"Jeanette\",\"@id\":\"https:\\\/\\\/www.eldiario.net\\\/portal\\\/#\\\/schema\\\/person\\\/f46445640444750d7d753ccd04ae01b7\"},\"headline\":\"Real Santa Cruz desciende\",\"datePublished\":\"2024-12-12T09:52:51+00:00\",\"mainEntityOfPage\":{\"@id\":\"https:\\\/\\\/www.eldiario.net\\\/portal\\\/2024\\\/12\\\/12\\\/real-santa-cruz-desciende\\\/\"},\"wordCount\":559,\"publisher\":{\"@id\":\"https:\\\/\\\/www.eldiario.net\\\/portal\\\/#organization\"},\"image\":{\"@id\":\"https:\\\/\\\/www.eldiario.net\\\/portal\\\/2024\\\/12\\\/12\\\/real-santa-cruz-desciende\\\/#primaryimage\"},\"thumbnailUrl\":\"https:\\\/\\\/www.eldiario.net\\\/portal\\\/wp-content\\\/uploads\\\/2024\\\/12\\\/Real-Santa-Cruz-11.jpg\",\"articleSection\":[\"Deportes\"],\"inLanguage\":\"es\"},{\"@type\":\"WebPage\",\"@id\":\"https:\\\/\\\/www.eldiario.net\\\/portal\\\/2024\\\/12\\\/12\\\/real-santa-cruz-desciende\\\/\",\"url\":\"https:\\\/\\\/www.eldiario.net\\\/portal\\\/2024\\\/12\\\/12\\\/real-santa-cruz-desciende\\\/\",\"name\":\"Real Santa Cruz desciende - El Diario - Bolivia\",\"isPartOf\":{\"@id\":\"https:\\\/\\\/www.eldiario.net\\\/portal\\\/#website\"},\"primaryImageOfPage\":{\"@id\":\"https:\\\/\\\/www.eldiario.net\\\/portal\\\/2024\\\/12\\\/12\\\/real-santa-cruz-desciende\\\/#primaryimage\"},\"image\":{\"@id\":\"https:\\\/\\\/www.eldiario.net\\\/portal\\\/2024\\\/12\\\/12\\\/real-santa-cruz-desciende\\\/#primaryimage\"},\"thumbnailUrl\":\"https:\\\/\\\/www.eldiario.net\\\/portal\\\/wp-content\\\/uploads\\\/2024\\\/12\\\/Real-Santa-Cruz-11.jpg\",\"datePublished\":\"2024-12-12T09:52:51+00:00\",\"breadcrumb\":{\"@id\":\"https:\\\/\\\/www.eldiario.net\\\/portal\\\/2024\\\/12\\\/12\\\/real-santa-cruz-desciende\\\/#breadcrumb\"},\"inLanguage\":\"es\",\"potentialAction\":[{\"@type\":\"ReadAction\",\"target\":[\"https:\\\/\\\/www.eldiario.net\\\/portal\\\/2024\\\/12\\\/12\\\/real-santa-cruz-desciende\\\/\"]}]},{\"@type\":\"ImageObject\",\"inLanguage\":\"es\",\"@id\":\"https:\\\/\\\/www.eldiario.net\\\/portal\\\/2024\\\/12\\\/12\\\/real-santa-cruz-desciende\\\/#primaryimage\",\"url\":\"https:\\\/\\\/www.eldiario.net\\\/portal\\\/wp-content\\\/uploads\\\/2024\\\/12\\\/Real-Santa-Cruz-11.jpg\",\"contentUrl\":\"https:\\\/\\\/www.eldiario.net\\\/portal\\\/wp-content\\\/uploads\\\/2024\\\/12\\\/Real-Santa-Cruz-11.jpg\",\"width\":1200,\"height\":784},{\"@type\":\"BreadcrumbList\",\"@id\":\"https:\\\/\\\/www.eldiario.net\\\/portal\\\/2024\\\/12\\\/12\\\/real-santa-cruz-desciende\\\/#breadcrumb\",\"itemListElement\":[{\"@type\":\"ListItem\",\"position\":1,\"name\":\"Portada\",\"item\":\"https:\\\/\\\/www.eldiario.net\\\/portal\\\/\"},{\"@type\":\"ListItem\",\"position\":2,\"name\":\"Real Santa Cruz desciende\"}]},{\"@type\":\"WebSite\",\"@id\":\"https:\\\/\\\/www.eldiario.net\\\/portal\\\/#website\",\"url\":\"https:\\\/\\\/www.eldiario.net\\\/portal\\\/\",\"name\":\"El Diario - Decano de la prensa nacional\",\"description\":\"El Diario - Decano de la prensa nacional\",\"publisher\":{\"@id\":\"https:\\\/\\\/www.eldiario.net\\\/portal\\\/#organization\"},\"potentialAction\":[{\"@type\":\"SearchAction\",\"target\":{\"@type\":\"EntryPoint\",\"urlTemplate\":\"https:\\\/\\\/www.eldiario.net\\\/portal\\\/?s={search_term_string}\"},\"query-input\":{\"@type\":\"PropertyValueSpecification\",\"valueRequired\":true,\"valueName\":\"search_term_string\"}}],\"inLanguage\":\"es\"},{\"@type\":\"Organization\",\"@id\":\"https:\\\/\\\/www.eldiario.net\\\/portal\\\/#organization\",\"name\":\"El Diario - Decano de la prensa nacional\",\"url\":\"https:\\\/\\\/www.eldiario.net\\\/portal\\\/\",\"logo\":{\"@type\":\"ImageObject\",\"inLanguage\":\"es\",\"@id\":\"https:\\\/\\\/www.eldiario.net\\\/portal\\\/#\\\/schema\\\/logo\\\/image\\\/\",\"url\":\"https:\\\/\\\/www.eldiario.net\\\/portal\\\/wp-content\\\/uploads\\\/2023\\\/07\\\/logo_ED.jpg\",\"contentUrl\":\"https:\\\/\\\/www.eldiario.net\\\/portal\\\/wp-content\\\/uploads\\\/2023\\\/07\\\/logo_ED.jpg\",\"width\":272,\"height\":52,\"caption\":\"El Diario - Decano de la prensa nacional\"},\"image\":{\"@id\":\"https:\\\/\\\/www.eldiario.net\\\/portal\\\/#\\\/schema\\\/logo\\\/image\\\/\"},\"sameAs\":[\"https:\\\/\\\/www.facebook.com\\\/eldiario.bolivia\\\/\",\"https:\\\/\\\/x.com\\\/eldiario_net\"]},{\"@type\":\"Person\",\"@id\":\"https:\\\/\\\/www.eldiario.net\\\/portal\\\/#\\\/schema\\\/person\\\/f46445640444750d7d753ccd04ae01b7\",\"name\":\"Jeanette\",\"image\":{\"@type\":\"ImageObject\",\"inLanguage\":\"es\",\"@id\":\"https:\\\/\\\/secure.gravatar.com\\\/avatar\\\/3ea2118a5f7dad2b7138b1187a6b7ee55f160b9968b66013c3a3ef39dd7e5798?s=96&d=mm&r=g\",\"url\":\"https:\\\/\\\/secure.gravatar.com\\\/avatar\\\/3ea2118a5f7dad2b7138b1187a6b7ee55f160b9968b66013c3a3ef39dd7e5798?s=96&d=mm&r=g\",\"contentUrl\":\"https:\\\/\\\/secure.gravatar.com\\\/avatar\\\/3ea2118a5f7dad2b7138b1187a6b7ee55f160b9968b66013c3a3ef39dd7e5798?s=96&d=mm&r=g\",\"caption\":\"Jeanette\"},\"sameAs\":[\"https:\\\/\\\/www.eldiario.net\\\/portal\"],\"url\":\"https:\\\/\\\/www.eldiario.net\\\/portal\\\/author\\\/jeanette\\\/\"}]}<\/script>\n<!-- \/ Yoast SEO plugin. -->","yoast_head_json":{"title":"Real Santa Cruz desciende - El Diario - Bolivia","robots":{"index":"index","follow":"follow","max-snippet":"max-snippet:-1","max-image-preview":"max-image-preview:large","max-video-preview":"max-video-preview:-1"},"canonical":"https:\/\/www.eldiario.net\/portal\/2024\/12\/12\/real-santa-cruz-desciende\/","og_locale":"es_ES","og_type":"article","og_title":"Real Santa Cruz desciende - El Diario - Bolivia","og_description":"SANTA CRUZ.- Real Santa Cruz se despidi\u00f3 de la Divisi\u00f3n Profesional, luego de perder frente a Blooming por 0-1, la tarde del mi\u00e9rcoles, quedando sin ninguna chance matem\u00e1tica de escapar de la zona del descenso directo de categor\u00eda, a falta de tres fechas para el final de temporada. Los albos perdieron la categor\u00eda en su [&hellip;]","og_url":"https:\/\/www.eldiario.net\/portal\/2024\/12\/12\/real-santa-cruz-desciende\/","og_site_name":"El Diario - Bolivia","article_publisher":"https:\/\/www.facebook.com\/eldiario.bolivia\/","article_published_time":"2024-12-12T09:52:51+00:00","og_image":[{"width":1200,"height":784,"url":"https:\/\/www.eldiario.net\/portal\/wp-content\/uploads\/2024\/12\/Real-Santa-Cruz-11.jpg","type":"image\/jpeg"}],"author":"Jeanette","twitter_card":"summary_large_image","twitter_creator":"@eldiario_net","twitter_site":"@eldiario_net","twitter_misc":{"Escrito por":"Jeanette","Tiempo de lectura":"3 minutos"},"schema":{"@context":"https:\/\/schema.org","@graph":[{"@type":"Article","@id":"https:\/\/www.eldiario.net\/portal\/2024\/12\/12\/real-santa-cruz-desciende\/#article","isPartOf":{"@id":"https:\/\/www.eldiario.net\/portal\/2024\/12\/12\/real-santa-cruz-desciende\/"},"author":{"name":"Jeanette","@id":"https:\/\/www.eldiario.net\/portal\/#\/schema\/person\/f46445640444750d7d753ccd04ae01b7"},"headline":"Real Santa Cruz desciende","datePublished":"2024-12-12T09:52:51+00:00","mainEntityOfPage":{"@id":"https:\/\/www.eldiario.net\/portal\/2024\/12\/12\/real-santa-cruz-desciende\/"},"wordCount":559,"publisher":{"@id":"https:\/\/www.eldiario.net\/portal\/#organization"},"image":{"@id":"https:\/\/www.eldiario.net\/portal\/2024\/12\/12\/real-santa-cruz-desciende\/#primaryimage"},"thumbnailUrl":"https:\/\/www.eldiario.net\/portal\/wp-content\/uploads\/2024\/12\/Real-Santa-Cruz-11.jpg","articleSection":["Deportes"],"inLanguage":"es"},{"@type":"WebPage","@id":"https:\/\/www.eldiario.net\/portal\/2024\/12\/12\/real-santa-cruz-desciende\/","url":"https:\/\/www.eldiario.net\/portal\/2024\/12\/12\/real-santa-cruz-desciende\/","name":"Real Santa Cruz desciende - El Diario - Bolivia","isPartOf":{"@id":"https:\/\/www.eldiario.net\/portal\/#website"},"primaryImageOfPage":{"@id":"https:\/\/www.eldiario.net\/portal\/2024\/12\/12\/real-santa-cruz-desciende\/#primaryimage"},"image":{"@id":"https:\/\/www.eldiario.net\/portal\/2024\/12\/12\/real-santa-cruz-desciende\/#primaryimage"},"thumbnailUrl":"https:\/\/www.eldiario.net\/portal\/wp-content\/uploads\/2024\/12\/Real-Santa-Cruz-11.jpg","datePublished":"2024-12-12T09:52:51+00:00","breadcrumb":{"@id":"https:\/\/www.eldiario.net\/portal\/2024\/12\/12\/real-santa-cruz-desciende\/#breadcrumb"},"inLanguage":"es","potentialAction":[{"@type":"ReadAction","target":["https:\/\/www.eldiario.net\/portal\/2024\/12\/12\/real-santa-cruz-desciende\/"]}]},{"@type":"ImageObject","inLanguage":"es","@id":"https:\/\/www.eldiario.net\/portal\/2024\/12\/12\/real-santa-cruz-desciende\/#primaryimage","url":"https:\/\/www.eldiario.net\/portal\/wp-content\/uploads\/2024\/12\/Real-Santa-Cruz-11.jpg","contentUrl":"https:\/\/www.eldiario.net\/portal\/wp-content\/uploads\/2024\/12\/Real-Santa-Cruz-11.jpg","width":1200,"height":784},{"@type":"BreadcrumbList","@id":"https:\/\/www.eldiario.net\/portal\/2024\/12\/12\/real-santa-cruz-desciende\/#breadcrumb","itemListElement":[{"@type":"ListItem","position":1,"name":"Portada","item":"https:\/\/www.eldiario.net\/portal\/"},{"@type":"ListItem","position":2,"name":"Real Santa Cruz desciende"}]},{"@type":"WebSite","@id":"https:\/\/www.eldiario.net\/portal\/#website","url":"https:\/\/www.eldiario.net\/portal\/","name":"El Diario - Decano de la prensa nacional","description":"El Diario - Decano de la prensa nacional","publisher":{"@id":"https:\/\/www.eldiario.net\/portal\/#organization"},"potentialAction":[{"@type":"SearchAction","target":{"@type":"EntryPoint","urlTemplate":"https:\/\/www.eldiario.net\/portal\/?s={search_term_string}"},"query-input":{"@type":"PropertyValueSpecification","valueRequired":true,"valueName":"search_term_string"}}],"inLanguage":"es"},{"@type":"Organization","@id":"https:\/\/www.eldiario.net\/portal\/#organization","name":"El Diario - Decano de la prensa nacional","url":"https:\/\/www.eldiario.net\/portal\/","logo":{"@type":"ImageObject","inLanguage":"es","@id":"https:\/\/www.eldiario.net\/portal\/#\/schema\/logo\/image\/","url":"https:\/\/www.eldiario.net\/portal\/wp-content\/uploads\/2023\/07\/logo_ED.jpg","contentUrl":"https:\/\/www.eldiario.net\/portal\/wp-content\/uploads\/2023\/07\/logo_ED.jpg","width":272,"height":52,"caption":"El Diario - Decano de la prensa nacional"},"image":{"@id":"https:\/\/www.eldiario.net\/portal\/#\/schema\/logo\/image\/"},"sameAs":["https:\/\/www.facebook.com\/eldiario.bolivia\/","https:\/\/x.com\/eldiario_net"]},{"@type":"Person","@id":"https:\/\/www.eldiario.net\/portal\/#\/schema\/person\/f46445640444750d7d753ccd04ae01b7","name":"Jeanette","image":{"@type":"ImageObject","inLanguage":"es","@id":"https:\/\/secure.gravatar.com\/avatar\/3ea2118a5f7dad2b7138b1187a6b7ee55f160b9968b66013c3a3ef39dd7e5798?s=96&d=mm&r=g","url":"https:\/\/secure.gravatar.com\/avatar\/3ea2118a5f7dad2b7138b1187a6b7ee55f160b9968b66013c3a3ef39dd7e5798?s=96&d=mm&r=g","contentUrl":"https:\/\/secure.gravatar.com\/avatar\/3ea2118a5f7dad2b7138b1187a6b7ee55f160b9968b66013c3a3ef39dd7e5798?s=96&d=mm&r=g","caption":"Jeanette"},"sameAs":["https:\/\/www.eldiario.net\/portal"],"url":"https:\/\/www.eldiario.net\/portal\/author\/jeanette\/"}]}},"_links":{"self":[{"href":"https:\/\/www.eldiario.net\/portal\/wp-json\/wp\/v2\/posts\/267442","targetHints":{"allow":["GET"]}}],"collection":[{"href":"https:\/\/www.eldiario.net\/portal\/wp-json\/wp\/v2\/posts"}],"about":[{"href":"https:\/\/www.eldiario.net\/portal\/wp-json\/wp\/v2\/types\/post"}],"author":[{"embeddable":true,"href":"https:\/\/www.eldiario.net\/portal\/wp-json\/wp\/v2\/users\/1"}],"replies":[{"embeddable":true,"href":"https:\/\/www.eldiario.net\/portal\/wp-json\/wp\/v2\/comments?post=267442"}],"version-history":[{"count":1,"href":"https:\/\/www.eldiario.net\/portal\/wp-json\/wp\/v2\/posts\/267442\/revisions"}],"predecessor-version":[{"id":267444,"href":"https:\/\/www.eldiario.net\/portal\/wp-json\/wp\/v2\/posts\/267442\/revisions\/267444"}],"wp:featuredmedia":[{"embeddable":true,"href":"https:\/\/www.eldiario.net\/portal\/wp-json\/wp\/v2\/media\/267443"}],"wp:attachment":[{"href":"https:\/\/www.eldiario.net\/portal\/wp-json\/wp\/v2\/media?parent=267442"}],"wp:term":[{"taxonomy":"category","embeddable":true,"href":"https:\/\/www.eldiario.net\/portal\/wp-json\/wp\/v2\/categories?post=267442"},{"taxonomy":"post_tag","embeddable":true,"href":"https:\/\/www.eldiario.net\/portal\/wp-json\/wp\/v2\/tags?post=267442"}],"curies":[{"name":"wp","href":"https:\/\/api.w.org\/{rel}","templated":true}]}}