{"id":26744,"date":"2021-08-30T05:52:46","date_gmt":"2021-08-30T09:52:46","guid":{"rendered":"https:\/\/www.eldiario.net\/portal\/?p=26744"},"modified":"2021-08-30T05:52:46","modified_gmt":"2021-08-30T09:52:46","slug":"eeuu-lanza-ataque-para-neutralizar-amenaza-terrorista","status":"publish","type":"post","link":"https:\/\/www.eldiario.net\/portal\/2021\/08\/30\/eeuu-lanza-ataque-para-neutralizar-amenaza-terrorista\/","title":{"rendered":"EEUU lanza ataque para  neutralizar amenaza terrorista"},"content":{"rendered":"<p>Kabul.- Estados Unidos lanz\u00f3 ayer un ataque \u00aben defensa propia\u00bb para neutralizar una amenaza \u00abinminente\u00bb sobre el Aeropuerto Internacional Hamid Karzai de la capital de Afganist\u00e1n, Kabul, despu\u00e9s del atentado que dej\u00f3 170 muertos el jueves y el \u00abalto riesgo\u00bb reiterado por Joe Biden ante potenciales nuevos ataques en la zona.<br \/>\nAs\u00ed lo confirm\u00f3 el portavoz del Mando Central de Estados Unidos (Centcom), el capit\u00e1n Bill Urban, que ha detallado que el ataque se ha llevado a cabo con un dron sobre un veh\u00edculo en Kabul. El ataque \u00abha eliminado una amenaza inminente de Estado Isl\u00e1mico Provincia Joras\u00e1n (ISKP) contra el Aeropuerto Hamid Karzai\u00bb, agreg\u00f3.<br \/>\nUrban ha puntualizado que Estados Unidos est\u00e1 \u00abconfiado\u00bb de haber alcanzado su objetivo y ha se\u00f1alado que \u00abexplosiones secundarias significativas\u00bb procedentes del veh\u00edculo atacado \u00abindicaban la presencia de una cantidad sustancial de material explosivo\u00bb.<br \/>\nRespecto a la posibilidad de que el ataque haya causado v\u00edctimas civiles, el portavoz del Centcom ha se\u00f1alado que esa opci\u00f3n \u00abse est\u00e1 evaluando\u00bb, aunque por el momento no se tiene constancia de este extremo. \u00abSeguimos vigilando amenazas potenciales futuras\u00bb, ha garantizado, seg\u00fan ha recogido la cadena de televisi\u00f3n CNN.<br \/>\nEl ataque ha tenido lugar en la misma jornada en la que un cohete ha impactado contra un edificio de Kabul, que habr\u00eda dejado al menos un ni\u00f1o fallecido y otras tres personas heridas, aunque este aspecto a\u00fan no ha podido ser verificado.<br \/>\nEstados Unidos, que contin\u00faa las operaciones de evacuaci\u00f3n desde Kabul hasta el pasado martes, ya lanz\u00f3 el s\u00e1bado un ataque contra un integrante de ISKP, la filial del grupo yihadista en Afganist\u00e1n, que reivindic\u00f3 el atentado del pasado jueves. (Europa Press TV)<\/p>\n<p><strong>Papa Francisco condena atentado en aeropuerto<\/strong><\/p>\n<p>Roma.- El Papa mostr\u00f3 sus condolencias ante el doble atentado en el aeropuerto de Kabul del pasado jueves que ha dejado 170 muertos y 150 heridos, al tiempo que ha instado a la comunidad internacional a seguir ayudando a los afganos.<br \/>\n\u00abSigo con gran preocupaci\u00f3n la situaci\u00f3n en Afganist\u00e1n y comparto el sufrimiento de los que llaman por las personas que han fallecido durante los ataques suicidas del pasado jueves y de los que buscan ayuda y protecci\u00f3n\u00bb, se\u00f1al\u00f3 el Sumo Pont\u00edfice durante la oraci\u00f3n mariana del \u00e1ngelus, desde la ventana de la \u00faltima planta del Palacio Apost\u00f3lico.<br \/>\nAnte los fieles reunidos en la Plaza de San Pedro, ha hecho un llamamiento ante la comunidad internacional por la situaci\u00f3n que est\u00e1 viviendo Afganist\u00e1n al tiempo que ha agradecido la labor de los que \u00abest\u00e1n trabajando para ayudar a que la gente lo haya intentado, especialmente mujeres y ni\u00f1os\u00bb.<br \/>\nY agreg\u00f3: \u00abLes pido a todos que sigan ayudando a los necesitados y que recen para que el di\u00e1logo y la solidaridad conduzcan al establecimiento de una convivencia pac\u00edfica y fraterna y ofrezcan esperanza para el futuro del pa\u00eds\u00bb. (Europa Press)<\/p>\n","protected":false},"excerpt":{"rendered":"<p>Kabul.- Estados Unidos lanz\u00f3 ayer un ataque \u00aben defensa propia\u00bb para neutralizar una amenaza \u00abinminente\u00bb sobre el Aeropuerto Internacional Hamid Karzai de la capital de Afganist\u00e1n, Kabul, despu\u00e9s del atentado que dej\u00f3 170 muertos el jueves y el \u00abalto riesgo\u00bb reiterado por Joe Biden ante potenciales nuevos ataques en la zona. As\u00ed lo confirm\u00f3 el [&hellip;]<\/p>\n","protected":false},"author":1,"featured_media":26745,"comment_status":"closed","ping_status":"closed","sticky":false,"template":"","format":"standard","meta":{"_acf_changed":false,"footnotes":""},"categories":[3],"tags":[],"class_list":["post-26744","post","type-post","status-publish","format-standard","has-post-thumbnail","category-internacional"],"acf":{"antetitulo":""},"yoast_head":"<!-- This site is optimized with the Yoast SEO plugin v28.4 - https:\/\/yoast.com\/product\/yoast-seo-wordpress\/ -->\n<title>EEUU lanza ataque para neutralizar amenaza terrorista - El Diario - Bolivia<\/title>\n<meta name=\"robots\" content=\"index, follow, max-snippet:-1, max-image-preview:large, max-video-preview:-1\" \/>\n<link rel=\"canonical\" href=\"https:\/\/www.eldiario.net\/portal\/2021\/08\/30\/eeuu-lanza-ataque-para-neutralizar-amenaza-terrorista\/\" \/>\n<meta property=\"og:locale\" content=\"es_ES\" \/>\n<meta property=\"og:type\" content=\"article\" \/>\n<meta property=\"og:title\" content=\"EEUU lanza ataque para neutralizar amenaza terrorista - El Diario - Bolivia\" \/>\n<meta property=\"og:description\" content=\"Kabul.- Estados Unidos lanz\u00f3 ayer un ataque \u00aben defensa propia\u00bb para neutralizar una amenaza \u00abinminente\u00bb sobre el Aeropuerto Internacional Hamid Karzai de la capital de Afganist\u00e1n, Kabul, despu\u00e9s del atentado que dej\u00f3 170 muertos el jueves y el \u00abalto riesgo\u00bb reiterado por Joe Biden ante potenciales nuevos ataques en la zona. As\u00ed lo confirm\u00f3 el [&hellip;]\" \/>\n<meta property=\"og:url\" content=\"https:\/\/www.eldiario.net\/portal\/2021\/08\/30\/eeuu-lanza-ataque-para-neutralizar-amenaza-terrorista\/\" \/>\n<meta property=\"og:site_name\" content=\"El Diario - Bolivia\" \/>\n<meta property=\"article:publisher\" content=\"https:\/\/www.facebook.com\/eldiario.bolivia\/\" \/>\n<meta property=\"article:published_time\" content=\"2021-08-30T09:52:46+00:00\" \/>\n<meta name=\"author\" content=\"Jeanette\" \/>\n<meta name=\"twitter:card\" content=\"summary_large_image\" \/>\n<meta name=\"twitter:creator\" content=\"@eldiario_net\" \/>\n<meta name=\"twitter:site\" content=\"@eldiario_net\" \/>\n<meta name=\"twitter:label1\" content=\"Escrito por\" \/>\n\t<meta name=\"twitter:data1\" content=\"Jeanette\" \/>\n\t<meta name=\"twitter:label2\" content=\"Tiempo de lectura\" \/>\n\t<meta name=\"twitter:data2\" content=\"3 minutos\" \/>\n<script type=\"application\/ld+json\" class=\"yoast-schema-graph\">{\"@context\":\"https:\\\/\\\/schema.org\",\"@graph\":[{\"@type\":\"Article\",\"@id\":\"https:\\\/\\\/www.eldiario.net\\\/portal\\\/2021\\\/08\\\/30\\\/eeuu-lanza-ataque-para-neutralizar-amenaza-terrorista\\\/#article\",\"isPartOf\":{\"@id\":\"https:\\\/\\\/www.eldiario.net\\\/portal\\\/2021\\\/08\\\/30\\\/eeuu-lanza-ataque-para-neutralizar-amenaza-terrorista\\\/\"},\"author\":{\"name\":\"Jeanette\",\"@id\":\"https:\\\/\\\/www.eldiario.net\\\/portal\\\/#\\\/schema\\\/person\\\/2c57cf2b7a7ae032e449e4c9b1019eac\"},\"headline\":\"EEUU lanza ataque para neutralizar amenaza terrorista\",\"datePublished\":\"2021-08-30T09:52:46+00:00\",\"mainEntityOfPage\":{\"@id\":\"https:\\\/\\\/www.eldiario.net\\\/portal\\\/2021\\\/08\\\/30\\\/eeuu-lanza-ataque-para-neutralizar-amenaza-terrorista\\\/\"},\"wordCount\":510,\"publisher\":{\"@id\":\"https:\\\/\\\/www.eldiario.net\\\/portal\\\/#organization\"},\"image\":{\"@id\":\"https:\\\/\\\/www.eldiario.net\\\/portal\\\/2021\\\/08\\\/30\\\/eeuu-lanza-ataque-para-neutralizar-amenaza-terrorista\\\/#primaryimage\"},\"thumbnailUrl\":\"\",\"articleSection\":[\"Internacional\"],\"inLanguage\":\"es\"},{\"@type\":\"WebPage\",\"@id\":\"https:\\\/\\\/www.eldiario.net\\\/portal\\\/2021\\\/08\\\/30\\\/eeuu-lanza-ataque-para-neutralizar-amenaza-terrorista\\\/\",\"url\":\"https:\\\/\\\/www.eldiario.net\\\/portal\\\/2021\\\/08\\\/30\\\/eeuu-lanza-ataque-para-neutralizar-amenaza-terrorista\\\/\",\"name\":\"EEUU lanza ataque para neutralizar amenaza terrorista - El Diario - Bolivia\",\"isPartOf\":{\"@id\":\"https:\\\/\\\/www.eldiario.net\\\/portal\\\/#website\"},\"primaryImageOfPage\":{\"@id\":\"https:\\\/\\\/www.eldiario.net\\\/portal\\\/2021\\\/08\\\/30\\\/eeuu-lanza-ataque-para-neutralizar-amenaza-terrorista\\\/#primaryimage\"},\"image\":{\"@id\":\"https:\\\/\\\/www.eldiario.net\\\/portal\\\/2021\\\/08\\\/30\\\/eeuu-lanza-ataque-para-neutralizar-amenaza-terrorista\\\/#primaryimage\"},\"thumbnailUrl\":\"\",\"datePublished\":\"2021-08-30T09:52:46+00:00\",\"breadcrumb\":{\"@id\":\"https:\\\/\\\/www.eldiario.net\\\/portal\\\/2021\\\/08\\\/30\\\/eeuu-lanza-ataque-para-neutralizar-amenaza-terrorista\\\/#breadcrumb\"},\"inLanguage\":\"es\",\"potentialAction\":[{\"@type\":\"ReadAction\",\"target\":[\"https:\\\/\\\/www.eldiario.net\\\/portal\\\/2021\\\/08\\\/30\\\/eeuu-lanza-ataque-para-neutralizar-amenaza-terrorista\\\/\"]}]},{\"@type\":\"ImageObject\",\"inLanguage\":\"es\",\"@id\":\"https:\\\/\\\/www.eldiario.net\\\/portal\\\/2021\\\/08\\\/30\\\/eeuu-lanza-ataque-para-neutralizar-amenaza-terrorista\\\/#primaryimage\",\"url\":\"\",\"contentUrl\":\"\"},{\"@type\":\"BreadcrumbList\",\"@id\":\"https:\\\/\\\/www.eldiario.net\\\/portal\\\/2021\\\/08\\\/30\\\/eeuu-lanza-ataque-para-neutralizar-amenaza-terrorista\\\/#breadcrumb\",\"itemListElement\":[{\"@type\":\"ListItem\",\"position\":1,\"name\":\"Portada\",\"item\":\"https:\\\/\\\/www.eldiario.net\\\/portal\\\/\"},{\"@type\":\"ListItem\",\"position\":2,\"name\":\"EEUU lanza ataque para neutralizar amenaza terrorista\"}]},{\"@type\":\"WebSite\",\"@id\":\"https:\\\/\\\/www.eldiario.net\\\/portal\\\/#website\",\"url\":\"https:\\\/\\\/www.eldiario.net\\\/portal\\\/\",\"name\":\"El Diario - Decano de la prensa nacional\",\"description\":\"El Diario - Decano de la prensa nacional\",\"publisher\":{\"@id\":\"https:\\\/\\\/www.eldiario.net\\\/portal\\\/#organization\"},\"potentialAction\":[{\"@type\":\"SearchAction\",\"target\":{\"@type\":\"EntryPoint\",\"urlTemplate\":\"https:\\\/\\\/www.eldiario.net\\\/portal\\\/?s={search_term_string}\"},\"query-input\":{\"@type\":\"PropertyValueSpecification\",\"valueRequired\":true,\"valueName\":\"search_term_string\"}}],\"inLanguage\":\"es\"},{\"@type\":\"Organization\",\"@id\":\"https:\\\/\\\/www.eldiario.net\\\/portal\\\/#organization\",\"name\":\"El Diario - Decano de la prensa nacional\",\"url\":\"https:\\\/\\\/www.eldiario.net\\\/portal\\\/\",\"logo\":{\"@type\":\"ImageObject\",\"inLanguage\":\"es\",\"@id\":\"https:\\\/\\\/www.eldiario.net\\\/portal\\\/#\\\/schema\\\/logo\\\/image\\\/\",\"url\":\"https:\\\/\\\/www.eldiario.net\\\/portal\\\/wp-content\\\/uploads\\\/2023\\\/07\\\/logo_ED.jpg\",\"contentUrl\":\"https:\\\/\\\/www.eldiario.net\\\/portal\\\/wp-content\\\/uploads\\\/2023\\\/07\\\/logo_ED.jpg\",\"width\":272,\"height\":52,\"caption\":\"El Diario - Decano de la prensa nacional\"},\"image\":{\"@id\":\"https:\\\/\\\/www.eldiario.net\\\/portal\\\/#\\\/schema\\\/logo\\\/image\\\/\"},\"sameAs\":[\"https:\\\/\\\/www.facebook.com\\\/eldiario.bolivia\\\/\",\"https:\\\/\\\/x.com\\\/eldiario_net\"]},{\"@type\":\"Person\",\"@id\":\"https:\\\/\\\/www.eldiario.net\\\/portal\\\/#\\\/schema\\\/person\\\/2c57cf2b7a7ae032e449e4c9b1019eac\",\"name\":\"Jeanette\",\"image\":{\"@type\":\"ImageObject\",\"inLanguage\":\"es\",\"@id\":\"https:\\\/\\\/secure.gravatar.com\\\/avatar\\\/3ea2118a5f7dad2b7138b1187a6b7ee55f160b9968b66013c3a3ef39dd7e5798?s=96&d=mm&r=g\",\"url\":\"https:\\\/\\\/secure.gravatar.com\\\/avatar\\\/3ea2118a5f7dad2b7138b1187a6b7ee55f160b9968b66013c3a3ef39dd7e5798?s=96&d=mm&r=g\",\"contentUrl\":\"https:\\\/\\\/secure.gravatar.com\\\/avatar\\\/3ea2118a5f7dad2b7138b1187a6b7ee55f160b9968b66013c3a3ef39dd7e5798?s=96&d=mm&r=g\",\"caption\":\"Jeanette\"},\"sameAs\":[\"https:\\\/\\\/www.eldiario.net\\\/portal\"],\"url\":\"https:\\\/\\\/www.eldiario.net\\\/portal\\\/author\\\/jeanette\\\/\"}]}<\/script>\n<!-- \/ Yoast SEO plugin. -->","yoast_head_json":{"title":"EEUU lanza ataque para neutralizar amenaza terrorista - El Diario - Bolivia","robots":{"index":"index","follow":"follow","max-snippet":"max-snippet:-1","max-image-preview":"max-image-preview:large","max-video-preview":"max-video-preview:-1"},"canonical":"https:\/\/www.eldiario.net\/portal\/2021\/08\/30\/eeuu-lanza-ataque-para-neutralizar-amenaza-terrorista\/","og_locale":"es_ES","og_type":"article","og_title":"EEUU lanza ataque para neutralizar amenaza terrorista - El Diario - Bolivia","og_description":"Kabul.- Estados Unidos lanz\u00f3 ayer un ataque \u00aben defensa propia\u00bb para neutralizar una amenaza \u00abinminente\u00bb sobre el Aeropuerto Internacional Hamid Karzai de la capital de Afganist\u00e1n, Kabul, despu\u00e9s del atentado que dej\u00f3 170 muertos el jueves y el \u00abalto riesgo\u00bb reiterado por Joe Biden ante potenciales nuevos ataques en la zona. As\u00ed lo confirm\u00f3 el [&hellip;]","og_url":"https:\/\/www.eldiario.net\/portal\/2021\/08\/30\/eeuu-lanza-ataque-para-neutralizar-amenaza-terrorista\/","og_site_name":"El Diario - Bolivia","article_publisher":"https:\/\/www.facebook.com\/eldiario.bolivia\/","article_published_time":"2021-08-30T09:52:46+00:00","author":"Jeanette","twitter_card":"summary_large_image","twitter_creator":"@eldiario_net","twitter_site":"@eldiario_net","twitter_misc":{"Escrito por":"Jeanette","Tiempo de lectura":"3 minutos"},"schema":{"@context":"https:\/\/schema.org","@graph":[{"@type":"Article","@id":"https:\/\/www.eldiario.net\/portal\/2021\/08\/30\/eeuu-lanza-ataque-para-neutralizar-amenaza-terrorista\/#article","isPartOf":{"@id":"https:\/\/www.eldiario.net\/portal\/2021\/08\/30\/eeuu-lanza-ataque-para-neutralizar-amenaza-terrorista\/"},"author":{"name":"Jeanette","@id":"https:\/\/www.eldiario.net\/portal\/#\/schema\/person\/2c57cf2b7a7ae032e449e4c9b1019eac"},"headline":"EEUU lanza ataque para neutralizar amenaza terrorista","datePublished":"2021-08-30T09:52:46+00:00","mainEntityOfPage":{"@id":"https:\/\/www.eldiario.net\/portal\/2021\/08\/30\/eeuu-lanza-ataque-para-neutralizar-amenaza-terrorista\/"},"wordCount":510,"publisher":{"@id":"https:\/\/www.eldiario.net\/portal\/#organization"},"image":{"@id":"https:\/\/www.eldiario.net\/portal\/2021\/08\/30\/eeuu-lanza-ataque-para-neutralizar-amenaza-terrorista\/#primaryimage"},"thumbnailUrl":"","articleSection":["Internacional"],"inLanguage":"es"},{"@type":"WebPage","@id":"https:\/\/www.eldiario.net\/portal\/2021\/08\/30\/eeuu-lanza-ataque-para-neutralizar-amenaza-terrorista\/","url":"https:\/\/www.eldiario.net\/portal\/2021\/08\/30\/eeuu-lanza-ataque-para-neutralizar-amenaza-terrorista\/","name":"EEUU lanza ataque para neutralizar amenaza terrorista - El Diario - Bolivia","isPartOf":{"@id":"https:\/\/www.eldiario.net\/portal\/#website"},"primaryImageOfPage":{"@id":"https:\/\/www.eldiario.net\/portal\/2021\/08\/30\/eeuu-lanza-ataque-para-neutralizar-amenaza-terrorista\/#primaryimage"},"image":{"@id":"https:\/\/www.eldiario.net\/portal\/2021\/08\/30\/eeuu-lanza-ataque-para-neutralizar-amenaza-terrorista\/#primaryimage"},"thumbnailUrl":"","datePublished":"2021-08-30T09:52:46+00:00","breadcrumb":{"@id":"https:\/\/www.eldiario.net\/portal\/2021\/08\/30\/eeuu-lanza-ataque-para-neutralizar-amenaza-terrorista\/#breadcrumb"},"inLanguage":"es","potentialAction":[{"@type":"ReadAction","target":["https:\/\/www.eldiario.net\/portal\/2021\/08\/30\/eeuu-lanza-ataque-para-neutralizar-amenaza-terrorista\/"]}]},{"@type":"ImageObject","inLanguage":"es","@id":"https:\/\/www.eldiario.net\/portal\/2021\/08\/30\/eeuu-lanza-ataque-para-neutralizar-amenaza-terrorista\/#primaryimage","url":"","contentUrl":""},{"@type":"BreadcrumbList","@id":"https:\/\/www.eldiario.net\/portal\/2021\/08\/30\/eeuu-lanza-ataque-para-neutralizar-amenaza-terrorista\/#breadcrumb","itemListElement":[{"@type":"ListItem","position":1,"name":"Portada","item":"https:\/\/www.eldiario.net\/portal\/"},{"@type":"ListItem","position":2,"name":"EEUU lanza ataque para neutralizar amenaza terrorista"}]},{"@type":"WebSite","@id":"https:\/\/www.eldiario.net\/portal\/#website","url":"https:\/\/www.eldiario.net\/portal\/","name":"El Diario - Decano de la prensa nacional","description":"El Diario - Decano de la prensa nacional","publisher":{"@id":"https:\/\/www.eldiario.net\/portal\/#organization"},"potentialAction":[{"@type":"SearchAction","target":{"@type":"EntryPoint","urlTemplate":"https:\/\/www.eldiario.net\/portal\/?s={search_term_string}"},"query-input":{"@type":"PropertyValueSpecification","valueRequired":true,"valueName":"search_term_string"}}],"inLanguage":"es"},{"@type":"Organization","@id":"https:\/\/www.eldiario.net\/portal\/#organization","name":"El Diario - Decano de la prensa nacional","url":"https:\/\/www.eldiario.net\/portal\/","logo":{"@type":"ImageObject","inLanguage":"es","@id":"https:\/\/www.eldiario.net\/portal\/#\/schema\/logo\/image\/","url":"https:\/\/www.eldiario.net\/portal\/wp-content\/uploads\/2023\/07\/logo_ED.jpg","contentUrl":"https:\/\/www.eldiario.net\/portal\/wp-content\/uploads\/2023\/07\/logo_ED.jpg","width":272,"height":52,"caption":"El Diario - Decano de la prensa nacional"},"image":{"@id":"https:\/\/www.eldiario.net\/portal\/#\/schema\/logo\/image\/"},"sameAs":["https:\/\/www.facebook.com\/eldiario.bolivia\/","https:\/\/x.com\/eldiario_net"]},{"@type":"Person","@id":"https:\/\/www.eldiario.net\/portal\/#\/schema\/person\/2c57cf2b7a7ae032e449e4c9b1019eac","name":"Jeanette","image":{"@type":"ImageObject","inLanguage":"es","@id":"https:\/\/secure.gravatar.com\/avatar\/3ea2118a5f7dad2b7138b1187a6b7ee55f160b9968b66013c3a3ef39dd7e5798?s=96&d=mm&r=g","url":"https:\/\/secure.gravatar.com\/avatar\/3ea2118a5f7dad2b7138b1187a6b7ee55f160b9968b66013c3a3ef39dd7e5798?s=96&d=mm&r=g","contentUrl":"https:\/\/secure.gravatar.com\/avatar\/3ea2118a5f7dad2b7138b1187a6b7ee55f160b9968b66013c3a3ef39dd7e5798?s=96&d=mm&r=g","caption":"Jeanette"},"sameAs":["https:\/\/www.eldiario.net\/portal"],"url":"https:\/\/www.eldiario.net\/portal\/author\/jeanette\/"}]}},"_links":{"self":[{"href":"https:\/\/www.eldiario.net\/portal\/wp-json\/wp\/v2\/posts\/26744","targetHints":{"allow":["GET"]}}],"collection":[{"href":"https:\/\/www.eldiario.net\/portal\/wp-json\/wp\/v2\/posts"}],"about":[{"href":"https:\/\/www.eldiario.net\/portal\/wp-json\/wp\/v2\/types\/post"}],"author":[{"embeddable":true,"href":"https:\/\/www.eldiario.net\/portal\/wp-json\/wp\/v2\/users\/1"}],"replies":[{"embeddable":true,"href":"https:\/\/www.eldiario.net\/portal\/wp-json\/wp\/v2\/comments?post=26744"}],"version-history":[{"count":0,"href":"https:\/\/www.eldiario.net\/portal\/wp-json\/wp\/v2\/posts\/26744\/revisions"}],"wp:attachment":[{"href":"https:\/\/www.eldiario.net\/portal\/wp-json\/wp\/v2\/media?parent=26744"}],"wp:term":[{"taxonomy":"category","embeddable":true,"href":"https:\/\/www.eldiario.net\/portal\/wp-json\/wp\/v2\/categories?post=26744"},{"taxonomy":"post_tag","embeddable":true,"href":"https:\/\/www.eldiario.net\/portal\/wp-json\/wp\/v2\/tags?post=26744"}],"curies":[{"name":"wp","href":"https:\/\/api.w.org\/{rel}","templated":true}]}}