{"id":267439,"date":"2024-12-12T05:52:24","date_gmt":"2024-12-12T09:52:24","guid":{"rendered":"https:\/\/www.eldiario.net\/portal\/?p=267439"},"modified":"2024-12-12T05:52:24","modified_gmt":"2024-12-12T09:52:24","slug":"pachuca-elimino-a-botafogo-de-la-copa-intercontinental","status":"publish","type":"post","link":"https:\/\/www.eldiario.net\/portal\/2024\/12\/12\/pachuca-elimino-a-botafogo-de-la-copa-intercontinental\/","title":{"rendered":"Pachuca elimin\u00f3 a Botafogo de la Copa Intercontinental"},"content":{"rendered":"<p>Los Tuzos, ganadores de la Concachampions, se impusieron 3-0 sobre el Fogao, campeones de la Copa Libertadores, por los cuartos de final y este s\u00e1bado jugar\u00e1n las semis ante Al Ahly por un lugar en la final contra Real Madrid.<\/p>\n<p>El Derbi de las Am\u00e9ricas correspondiente a los cuartos de final de la Copa Intercontinental fue para Pachua. El conjunto mexicano, ganador de la Concachampions, se impuso por 3-0 sobre Botafogo, campe\u00f3n de la Copa Libertadores y recientemente del Brasileirao, en el Estadio 974 de Qatar con goles de Oussama Idrissi, Nelson Deossa y Salom\u00f3n Rond\u00f3n y jugar\u00e1 las semifinales ante Al Ahly por un lugar en la final ante Real Madrid. Alexander Barboza fue titular y Thiago Almada ingres\u00f3 en el Fogao, mientras que Sergio Barreto sali\u00f3 de arranque y Gustavo Cabral entr\u00f3 en los de Guillermo Almada.<\/p>\n<p>Sobre el final, mientras Botafogo fue con todo en b\u00fasqueda del descuento, Deossa se fue de contragolpe por derecha, la cambi\u00f3 para Idrissi, que entr\u00f3 al \u00e1rea y toc\u00f3 atr\u00e1s para Salom\u00f3n Rond\u00f3n. El ex-River lleg\u00f3 desde atr\u00e1s y dispar\u00f3 cruzado para sentenciar el tercero de Pachuca y transformar la victoria en goleada<\/p>\n<p>Fue final 3-0 para los Tuzos, que este s\u00e1bado 14 de diciembre se medir\u00e1 ante Al Ahly de Egipto por las semifinales de la Copa Intercontinental y el mi\u00e9rcoles 18 de diciembre ser\u00e1 la final contra Real Madrid, campe\u00f3n de la \u00faltima edici\u00f3n de la Champions League. Botafogo, que el pasado s\u00e1bado 30 de diciembre gan\u00f3 la Libertadores y este domingo alz\u00f3 tambi\u00e9n el Brasileirao, qued\u00f3 eliminado en cuartos de final.<\/p>\n<p><strong>(TyC Sports)<\/strong><\/p>\n","protected":false},"excerpt":{"rendered":"<p>Los Tuzos, ganadores de la Concachampions, se impusieron 3-0 sobre el Fogao, campeones de la Copa Libertadores, por los cuartos de final y este s\u00e1bado jugar\u00e1n las semis ante Al Ahly por un lugar en la final contra Real Madrid. El Derbi de las Am\u00e9ricas correspondiente a los cuartos de final de la Copa Intercontinental [&hellip;]<\/p>\n","protected":false},"author":1,"featured_media":267440,"comment_status":"closed","ping_status":"open","sticky":false,"template":"","format":"standard","meta":{"_acf_changed":false,"footnotes":""},"categories":[6],"tags":[],"class_list":["post-267439","post","type-post","status-publish","format-standard","has-post-thumbnail","category-deportes"],"acf":{"antetitulo":""},"yoast_head":"<!-- This site is optimized with the Yoast SEO plugin v28.4 - https:\/\/yoast.com\/product\/yoast-seo-wordpress\/ -->\n<title>Pachuca elimin\u00f3 a Botafogo de la Copa Intercontinental - El Diario - Bolivia<\/title>\n<meta name=\"robots\" content=\"index, follow, max-snippet:-1, max-image-preview:large, max-video-preview:-1\" \/>\n<link rel=\"canonical\" href=\"https:\/\/www.eldiario.net\/portal\/2024\/12\/12\/pachuca-elimino-a-botafogo-de-la-copa-intercontinental\/\" \/>\n<meta property=\"og:locale\" content=\"es_ES\" \/>\n<meta property=\"og:type\" content=\"article\" \/>\n<meta property=\"og:title\" content=\"Pachuca elimin\u00f3 a Botafogo de la Copa Intercontinental - El Diario - Bolivia\" \/>\n<meta property=\"og:description\" content=\"Los Tuzos, ganadores de la Concachampions, se impusieron 3-0 sobre el Fogao, campeones de la Copa Libertadores, por los cuartos de final y este s\u00e1bado jugar\u00e1n las semis ante Al Ahly por un lugar en la final contra Real Madrid. El Derbi de las Am\u00e9ricas correspondiente a los cuartos de final de la Copa Intercontinental [&hellip;]\" \/>\n<meta property=\"og:url\" content=\"https:\/\/www.eldiario.net\/portal\/2024\/12\/12\/pachuca-elimino-a-botafogo-de-la-copa-intercontinental\/\" \/>\n<meta property=\"og:site_name\" content=\"El Diario - Bolivia\" \/>\n<meta property=\"article:publisher\" content=\"https:\/\/www.facebook.com\/eldiario.bolivia\/\" \/>\n<meta property=\"article:published_time\" content=\"2024-12-12T09:52:24+00:00\" \/>\n<meta property=\"og:image\" content=\"https:\/\/www.eldiario.net\/portal\/wp-content\/uploads\/2024\/12\/Botafogo-11.jpg\" \/>\n\t<meta property=\"og:image:width\" content=\"697\" \/>\n\t<meta property=\"og:image:height\" content=\"695\" \/>\n\t<meta property=\"og:image:type\" content=\"image\/jpeg\" \/>\n<meta name=\"author\" content=\"Jeanette\" \/>\n<meta name=\"twitter:card\" content=\"summary_large_image\" \/>\n<meta name=\"twitter:creator\" content=\"@eldiario_net\" \/>\n<meta name=\"twitter:site\" content=\"@eldiario_net\" \/>\n<meta name=\"twitter:label1\" content=\"Escrito por\" \/>\n\t<meta name=\"twitter:data1\" content=\"Jeanette\" \/>\n\t<meta name=\"twitter:label2\" content=\"Tiempo de lectura\" \/>\n\t<meta name=\"twitter:data2\" content=\"2 minutos\" \/>\n<script type=\"application\/ld+json\" class=\"yoast-schema-graph\">{\"@context\":\"https:\\\/\\\/schema.org\",\"@graph\":[{\"@type\":\"Article\",\"@id\":\"https:\\\/\\\/www.eldiario.net\\\/portal\\\/2024\\\/12\\\/12\\\/pachuca-elimino-a-botafogo-de-la-copa-intercontinental\\\/#article\",\"isPartOf\":{\"@id\":\"https:\\\/\\\/www.eldiario.net\\\/portal\\\/2024\\\/12\\\/12\\\/pachuca-elimino-a-botafogo-de-la-copa-intercontinental\\\/\"},\"author\":{\"name\":\"Jeanette\",\"@id\":\"https:\\\/\\\/www.eldiario.net\\\/portal\\\/#\\\/schema\\\/person\\\/f46445640444750d7d753ccd04ae01b7\"},\"headline\":\"Pachuca elimin\u00f3 a Botafogo de la Copa Intercontinental\",\"datePublished\":\"2024-12-12T09:52:24+00:00\",\"mainEntityOfPage\":{\"@id\":\"https:\\\/\\\/www.eldiario.net\\\/portal\\\/2024\\\/12\\\/12\\\/pachuca-elimino-a-botafogo-de-la-copa-intercontinental\\\/\"},\"wordCount\":286,\"publisher\":{\"@id\":\"https:\\\/\\\/www.eldiario.net\\\/portal\\\/#organization\"},\"image\":{\"@id\":\"https:\\\/\\\/www.eldiario.net\\\/portal\\\/2024\\\/12\\\/12\\\/pachuca-elimino-a-botafogo-de-la-copa-intercontinental\\\/#primaryimage\"},\"thumbnailUrl\":\"https:\\\/\\\/www.eldiario.net\\\/portal\\\/wp-content\\\/uploads\\\/2024\\\/12\\\/Botafogo-11.jpg\",\"articleSection\":[\"Deportes\"],\"inLanguage\":\"es\"},{\"@type\":\"WebPage\",\"@id\":\"https:\\\/\\\/www.eldiario.net\\\/portal\\\/2024\\\/12\\\/12\\\/pachuca-elimino-a-botafogo-de-la-copa-intercontinental\\\/\",\"url\":\"https:\\\/\\\/www.eldiario.net\\\/portal\\\/2024\\\/12\\\/12\\\/pachuca-elimino-a-botafogo-de-la-copa-intercontinental\\\/\",\"name\":\"Pachuca elimin\u00f3 a Botafogo de la Copa Intercontinental - El Diario - Bolivia\",\"isPartOf\":{\"@id\":\"https:\\\/\\\/www.eldiario.net\\\/portal\\\/#website\"},\"primaryImageOfPage\":{\"@id\":\"https:\\\/\\\/www.eldiario.net\\\/portal\\\/2024\\\/12\\\/12\\\/pachuca-elimino-a-botafogo-de-la-copa-intercontinental\\\/#primaryimage\"},\"image\":{\"@id\":\"https:\\\/\\\/www.eldiario.net\\\/portal\\\/2024\\\/12\\\/12\\\/pachuca-elimino-a-botafogo-de-la-copa-intercontinental\\\/#primaryimage\"},\"thumbnailUrl\":\"https:\\\/\\\/www.eldiario.net\\\/portal\\\/wp-content\\\/uploads\\\/2024\\\/12\\\/Botafogo-11.jpg\",\"datePublished\":\"2024-12-12T09:52:24+00:00\",\"breadcrumb\":{\"@id\":\"https:\\\/\\\/www.eldiario.net\\\/portal\\\/2024\\\/12\\\/12\\\/pachuca-elimino-a-botafogo-de-la-copa-intercontinental\\\/#breadcrumb\"},\"inLanguage\":\"es\",\"potentialAction\":[{\"@type\":\"ReadAction\",\"target\":[\"https:\\\/\\\/www.eldiario.net\\\/portal\\\/2024\\\/12\\\/12\\\/pachuca-elimino-a-botafogo-de-la-copa-intercontinental\\\/\"]}]},{\"@type\":\"ImageObject\",\"inLanguage\":\"es\",\"@id\":\"https:\\\/\\\/www.eldiario.net\\\/portal\\\/2024\\\/12\\\/12\\\/pachuca-elimino-a-botafogo-de-la-copa-intercontinental\\\/#primaryimage\",\"url\":\"https:\\\/\\\/www.eldiario.net\\\/portal\\\/wp-content\\\/uploads\\\/2024\\\/12\\\/Botafogo-11.jpg\",\"contentUrl\":\"https:\\\/\\\/www.eldiario.net\\\/portal\\\/wp-content\\\/uploads\\\/2024\\\/12\\\/Botafogo-11.jpg\",\"width\":697,\"height\":695},{\"@type\":\"BreadcrumbList\",\"@id\":\"https:\\\/\\\/www.eldiario.net\\\/portal\\\/2024\\\/12\\\/12\\\/pachuca-elimino-a-botafogo-de-la-copa-intercontinental\\\/#breadcrumb\",\"itemListElement\":[{\"@type\":\"ListItem\",\"position\":1,\"name\":\"Portada\",\"item\":\"https:\\\/\\\/www.eldiario.net\\\/portal\\\/\"},{\"@type\":\"ListItem\",\"position\":2,\"name\":\"Pachuca elimin\u00f3 a Botafogo de la Copa Intercontinental\"}]},{\"@type\":\"WebSite\",\"@id\":\"https:\\\/\\\/www.eldiario.net\\\/portal\\\/#website\",\"url\":\"https:\\\/\\\/www.eldiario.net\\\/portal\\\/\",\"name\":\"El Diario - Decano de la prensa nacional\",\"description\":\"El Diario - Decano de la prensa nacional\",\"publisher\":{\"@id\":\"https:\\\/\\\/www.eldiario.net\\\/portal\\\/#organization\"},\"potentialAction\":[{\"@type\":\"SearchAction\",\"target\":{\"@type\":\"EntryPoint\",\"urlTemplate\":\"https:\\\/\\\/www.eldiario.net\\\/portal\\\/?s={search_term_string}\"},\"query-input\":{\"@type\":\"PropertyValueSpecification\",\"valueRequired\":true,\"valueName\":\"search_term_string\"}}],\"inLanguage\":\"es\"},{\"@type\":\"Organization\",\"@id\":\"https:\\\/\\\/www.eldiario.net\\\/portal\\\/#organization\",\"name\":\"El Diario - Decano de la prensa nacional\",\"url\":\"https:\\\/\\\/www.eldiario.net\\\/portal\\\/\",\"logo\":{\"@type\":\"ImageObject\",\"inLanguage\":\"es\",\"@id\":\"https:\\\/\\\/www.eldiario.net\\\/portal\\\/#\\\/schema\\\/logo\\\/image\\\/\",\"url\":\"https:\\\/\\\/www.eldiario.net\\\/portal\\\/wp-content\\\/uploads\\\/2023\\\/07\\\/logo_ED.jpg\",\"contentUrl\":\"https:\\\/\\\/www.eldiario.net\\\/portal\\\/wp-content\\\/uploads\\\/2023\\\/07\\\/logo_ED.jpg\",\"width\":272,\"height\":52,\"caption\":\"El Diario - Decano de la prensa nacional\"},\"image\":{\"@id\":\"https:\\\/\\\/www.eldiario.net\\\/portal\\\/#\\\/schema\\\/logo\\\/image\\\/\"},\"sameAs\":[\"https:\\\/\\\/www.facebook.com\\\/eldiario.bolivia\\\/\",\"https:\\\/\\\/x.com\\\/eldiario_net\"]},{\"@type\":\"Person\",\"@id\":\"https:\\\/\\\/www.eldiario.net\\\/portal\\\/#\\\/schema\\\/person\\\/f46445640444750d7d753ccd04ae01b7\",\"name\":\"Jeanette\",\"image\":{\"@type\":\"ImageObject\",\"inLanguage\":\"es\",\"@id\":\"https:\\\/\\\/secure.gravatar.com\\\/avatar\\\/3ea2118a5f7dad2b7138b1187a6b7ee55f160b9968b66013c3a3ef39dd7e5798?s=96&d=mm&r=g\",\"url\":\"https:\\\/\\\/secure.gravatar.com\\\/avatar\\\/3ea2118a5f7dad2b7138b1187a6b7ee55f160b9968b66013c3a3ef39dd7e5798?s=96&d=mm&r=g\",\"contentUrl\":\"https:\\\/\\\/secure.gravatar.com\\\/avatar\\\/3ea2118a5f7dad2b7138b1187a6b7ee55f160b9968b66013c3a3ef39dd7e5798?s=96&d=mm&r=g\",\"caption\":\"Jeanette\"},\"sameAs\":[\"https:\\\/\\\/www.eldiario.net\\\/portal\"],\"url\":\"https:\\\/\\\/www.eldiario.net\\\/portal\\\/author\\\/jeanette\\\/\"}]}<\/script>\n<!-- \/ Yoast SEO plugin. -->","yoast_head_json":{"title":"Pachuca elimin\u00f3 a Botafogo de la Copa Intercontinental - El Diario - Bolivia","robots":{"index":"index","follow":"follow","max-snippet":"max-snippet:-1","max-image-preview":"max-image-preview:large","max-video-preview":"max-video-preview:-1"},"canonical":"https:\/\/www.eldiario.net\/portal\/2024\/12\/12\/pachuca-elimino-a-botafogo-de-la-copa-intercontinental\/","og_locale":"es_ES","og_type":"article","og_title":"Pachuca elimin\u00f3 a Botafogo de la Copa Intercontinental - El Diario - Bolivia","og_description":"Los Tuzos, ganadores de la Concachampions, se impusieron 3-0 sobre el Fogao, campeones de la Copa Libertadores, por los cuartos de final y este s\u00e1bado jugar\u00e1n las semis ante Al Ahly por un lugar en la final contra Real Madrid. El Derbi de las Am\u00e9ricas correspondiente a los cuartos de final de la Copa Intercontinental [&hellip;]","og_url":"https:\/\/www.eldiario.net\/portal\/2024\/12\/12\/pachuca-elimino-a-botafogo-de-la-copa-intercontinental\/","og_site_name":"El Diario - Bolivia","article_publisher":"https:\/\/www.facebook.com\/eldiario.bolivia\/","article_published_time":"2024-12-12T09:52:24+00:00","og_image":[{"width":697,"height":695,"url":"https:\/\/www.eldiario.net\/portal\/wp-content\/uploads\/2024\/12\/Botafogo-11.jpg","type":"image\/jpeg"}],"author":"Jeanette","twitter_card":"summary_large_image","twitter_creator":"@eldiario_net","twitter_site":"@eldiario_net","twitter_misc":{"Escrito por":"Jeanette","Tiempo de lectura":"2 minutos"},"schema":{"@context":"https:\/\/schema.org","@graph":[{"@type":"Article","@id":"https:\/\/www.eldiario.net\/portal\/2024\/12\/12\/pachuca-elimino-a-botafogo-de-la-copa-intercontinental\/#article","isPartOf":{"@id":"https:\/\/www.eldiario.net\/portal\/2024\/12\/12\/pachuca-elimino-a-botafogo-de-la-copa-intercontinental\/"},"author":{"name":"Jeanette","@id":"https:\/\/www.eldiario.net\/portal\/#\/schema\/person\/f46445640444750d7d753ccd04ae01b7"},"headline":"Pachuca elimin\u00f3 a Botafogo de la Copa Intercontinental","datePublished":"2024-12-12T09:52:24+00:00","mainEntityOfPage":{"@id":"https:\/\/www.eldiario.net\/portal\/2024\/12\/12\/pachuca-elimino-a-botafogo-de-la-copa-intercontinental\/"},"wordCount":286,"publisher":{"@id":"https:\/\/www.eldiario.net\/portal\/#organization"},"image":{"@id":"https:\/\/www.eldiario.net\/portal\/2024\/12\/12\/pachuca-elimino-a-botafogo-de-la-copa-intercontinental\/#primaryimage"},"thumbnailUrl":"https:\/\/www.eldiario.net\/portal\/wp-content\/uploads\/2024\/12\/Botafogo-11.jpg","articleSection":["Deportes"],"inLanguage":"es"},{"@type":"WebPage","@id":"https:\/\/www.eldiario.net\/portal\/2024\/12\/12\/pachuca-elimino-a-botafogo-de-la-copa-intercontinental\/","url":"https:\/\/www.eldiario.net\/portal\/2024\/12\/12\/pachuca-elimino-a-botafogo-de-la-copa-intercontinental\/","name":"Pachuca elimin\u00f3 a Botafogo de la Copa Intercontinental - El Diario - Bolivia","isPartOf":{"@id":"https:\/\/www.eldiario.net\/portal\/#website"},"primaryImageOfPage":{"@id":"https:\/\/www.eldiario.net\/portal\/2024\/12\/12\/pachuca-elimino-a-botafogo-de-la-copa-intercontinental\/#primaryimage"},"image":{"@id":"https:\/\/www.eldiario.net\/portal\/2024\/12\/12\/pachuca-elimino-a-botafogo-de-la-copa-intercontinental\/#primaryimage"},"thumbnailUrl":"https:\/\/www.eldiario.net\/portal\/wp-content\/uploads\/2024\/12\/Botafogo-11.jpg","datePublished":"2024-12-12T09:52:24+00:00","breadcrumb":{"@id":"https:\/\/www.eldiario.net\/portal\/2024\/12\/12\/pachuca-elimino-a-botafogo-de-la-copa-intercontinental\/#breadcrumb"},"inLanguage":"es","potentialAction":[{"@type":"ReadAction","target":["https:\/\/www.eldiario.net\/portal\/2024\/12\/12\/pachuca-elimino-a-botafogo-de-la-copa-intercontinental\/"]}]},{"@type":"ImageObject","inLanguage":"es","@id":"https:\/\/www.eldiario.net\/portal\/2024\/12\/12\/pachuca-elimino-a-botafogo-de-la-copa-intercontinental\/#primaryimage","url":"https:\/\/www.eldiario.net\/portal\/wp-content\/uploads\/2024\/12\/Botafogo-11.jpg","contentUrl":"https:\/\/www.eldiario.net\/portal\/wp-content\/uploads\/2024\/12\/Botafogo-11.jpg","width":697,"height":695},{"@type":"BreadcrumbList","@id":"https:\/\/www.eldiario.net\/portal\/2024\/12\/12\/pachuca-elimino-a-botafogo-de-la-copa-intercontinental\/#breadcrumb","itemListElement":[{"@type":"ListItem","position":1,"name":"Portada","item":"https:\/\/www.eldiario.net\/portal\/"},{"@type":"ListItem","position":2,"name":"Pachuca elimin\u00f3 a Botafogo de la Copa Intercontinental"}]},{"@type":"WebSite","@id":"https:\/\/www.eldiario.net\/portal\/#website","url":"https:\/\/www.eldiario.net\/portal\/","name":"El Diario - Decano de la prensa nacional","description":"El Diario - Decano de la prensa nacional","publisher":{"@id":"https:\/\/www.eldiario.net\/portal\/#organization"},"potentialAction":[{"@type":"SearchAction","target":{"@type":"EntryPoint","urlTemplate":"https:\/\/www.eldiario.net\/portal\/?s={search_term_string}"},"query-input":{"@type":"PropertyValueSpecification","valueRequired":true,"valueName":"search_term_string"}}],"inLanguage":"es"},{"@type":"Organization","@id":"https:\/\/www.eldiario.net\/portal\/#organization","name":"El Diario - Decano de la prensa nacional","url":"https:\/\/www.eldiario.net\/portal\/","logo":{"@type":"ImageObject","inLanguage":"es","@id":"https:\/\/www.eldiario.net\/portal\/#\/schema\/logo\/image\/","url":"https:\/\/www.eldiario.net\/portal\/wp-content\/uploads\/2023\/07\/logo_ED.jpg","contentUrl":"https:\/\/www.eldiario.net\/portal\/wp-content\/uploads\/2023\/07\/logo_ED.jpg","width":272,"height":52,"caption":"El Diario - Decano de la prensa nacional"},"image":{"@id":"https:\/\/www.eldiario.net\/portal\/#\/schema\/logo\/image\/"},"sameAs":["https:\/\/www.facebook.com\/eldiario.bolivia\/","https:\/\/x.com\/eldiario_net"]},{"@type":"Person","@id":"https:\/\/www.eldiario.net\/portal\/#\/schema\/person\/f46445640444750d7d753ccd04ae01b7","name":"Jeanette","image":{"@type":"ImageObject","inLanguage":"es","@id":"https:\/\/secure.gravatar.com\/avatar\/3ea2118a5f7dad2b7138b1187a6b7ee55f160b9968b66013c3a3ef39dd7e5798?s=96&d=mm&r=g","url":"https:\/\/secure.gravatar.com\/avatar\/3ea2118a5f7dad2b7138b1187a6b7ee55f160b9968b66013c3a3ef39dd7e5798?s=96&d=mm&r=g","contentUrl":"https:\/\/secure.gravatar.com\/avatar\/3ea2118a5f7dad2b7138b1187a6b7ee55f160b9968b66013c3a3ef39dd7e5798?s=96&d=mm&r=g","caption":"Jeanette"},"sameAs":["https:\/\/www.eldiario.net\/portal"],"url":"https:\/\/www.eldiario.net\/portal\/author\/jeanette\/"}]}},"_links":{"self":[{"href":"https:\/\/www.eldiario.net\/portal\/wp-json\/wp\/v2\/posts\/267439","targetHints":{"allow":["GET"]}}],"collection":[{"href":"https:\/\/www.eldiario.net\/portal\/wp-json\/wp\/v2\/posts"}],"about":[{"href":"https:\/\/www.eldiario.net\/portal\/wp-json\/wp\/v2\/types\/post"}],"author":[{"embeddable":true,"href":"https:\/\/www.eldiario.net\/portal\/wp-json\/wp\/v2\/users\/1"}],"replies":[{"embeddable":true,"href":"https:\/\/www.eldiario.net\/portal\/wp-json\/wp\/v2\/comments?post=267439"}],"version-history":[{"count":1,"href":"https:\/\/www.eldiario.net\/portal\/wp-json\/wp\/v2\/posts\/267439\/revisions"}],"predecessor-version":[{"id":267441,"href":"https:\/\/www.eldiario.net\/portal\/wp-json\/wp\/v2\/posts\/267439\/revisions\/267441"}],"wp:featuredmedia":[{"embeddable":true,"href":"https:\/\/www.eldiario.net\/portal\/wp-json\/wp\/v2\/media\/267440"}],"wp:attachment":[{"href":"https:\/\/www.eldiario.net\/portal\/wp-json\/wp\/v2\/media?parent=267439"}],"wp:term":[{"taxonomy":"category","embeddable":true,"href":"https:\/\/www.eldiario.net\/portal\/wp-json\/wp\/v2\/categories?post=267439"},{"taxonomy":"post_tag","embeddable":true,"href":"https:\/\/www.eldiario.net\/portal\/wp-json\/wp\/v2\/tags?post=267439"}],"curies":[{"name":"wp","href":"https:\/\/api.w.org\/{rel}","templated":true}]}}