{"id":267433,"date":"2024-12-12T05:50:33","date_gmt":"2024-12-12T09:50:33","guid":{"rendered":"https:\/\/www.eldiario.net\/portal\/?p=267433"},"modified":"2024-12-12T05:50:33","modified_gmt":"2024-12-12T09:50:33","slug":"compras-de-aceite-de-ypfb-afectaron-a-oferta-de-aceite-en-el-mercado-nacional","status":"publish","type":"post","link":"https:\/\/www.eldiario.net\/portal\/2024\/12\/12\/compras-de-aceite-de-ypfb-afectaron-a-oferta-de-aceite-en-el-mercado-nacional\/","title":{"rendered":"Compras de aceite de YPFB afectaron a oferta de aceite en el mercado nacional"},"content":{"rendered":"<p>La compra de aceite por parte de Yacimientos Petrol\u00edferos Fiscales Bolivianos (YPFB) a los productores de soya de Santa Cruz afect\u00f3 al abastecimiento del producto en el mercado nacional, y sumado la exportaci\u00f3n ilegal a pa\u00edses vecinos, la escasez se refleja en el aza del precio en m\u00e1s del 50%.<\/p>\n<p>La demanda de aceite refinado de Bolivia es de aproximadamente 70,000 toneladas mensuales para el sector alimentos. La cosecha de la campa\u00f1a de soya de verano en el norte ha sido un desastre el 2024 con las lluvias, la falta de di\u00e9sel, falta de d\u00f3lares y otros factores, explica el experto en hidrocarburos \u00c1lvaro R\u00edos, en su art\u00edculo: impacto de la planta de biodiesel de Bolivia, en la p\u00e1gina <a href=\"https:\/\/www.gasenergyla.com\/\">https:\/\/www.gasenergyla.com\/<\/a>.<\/p>\n<p>\u201cLas 30,000 toneladas de aceite crudo de soya comprados por YPFB corresponden a unas 167,000 TM de grano que, sumado a otra campa\u00f1a desastrosa de invierno por los mismos factores, puede llegar al 60% o m\u00e1s de la producci\u00f3n de la campa\u00f1a de invierno\u201d, detalla.<\/p>\n<p>Por ello el contrato que YPFB firma directamente con dos empresas productoras bolivianas para entregar vol\u00famenes de aceite crudo de soya a YPFB Refinaci\u00f3n con privilegios de abastecimientos, ha causado distorsi\u00f3n en las f\u00f3rmulas del mercado para la producci\u00f3n de aceite refinado.<\/p>\n<p>\u201cFalta aceite?. YPFB Corp compra aceite de soya a YPFB Refinaci\u00f3n, que a su vez lo compra del sector soyero para hacer biodi\u00e9sel. 50% de la siembra de invierno tuvo este destino\u201d, escribi\u00f3 en su cuenta @alvaroriosroca.<\/p>\n<p>Como resumen, hoy 30,000 TM de aceite de crudo entregados a YPFB afectan mucho a la provisi\u00f3n de aceite refinado comestible al mercado interno, que sumado al contrabando de aceite comestible por la fijaci\u00f3n de un precio artificial del d\u00f3lar son las causantes de lo que acontece, concluy\u00f3.<\/p>\n<p>Ante los anuncios de implementar plantas de biodi\u00e9sel, los expertos en agricultura advirtieron que estas iban a causar problemas en el abastecimiento de alimentos en el mercado boliviano, y para que no suceda el desabastecimiento ten\u00eda que ampliar la frontera agr\u00edcola.<\/p>\n","protected":false},"excerpt":{"rendered":"<p>La compra de aceite por parte de Yacimientos Petrol\u00edferos Fiscales Bolivianos (YPFB) a los productores de soya de Santa Cruz afect\u00f3 al abastecimiento del producto en el mercado nacional, y sumado la exportaci\u00f3n ilegal a pa\u00edses vecinos, la escasez se refleja en el aza del precio en m\u00e1s del 50%. La demanda de aceite refinado [&hellip;]<\/p>\n","protected":false},"author":1,"featured_media":267434,"comment_status":"closed","ping_status":"open","sticky":false,"template":"","format":"standard","meta":{"_acf_changed":false,"footnotes":""},"categories":[7],"tags":[],"class_list":["post-267433","post","type-post","status-publish","format-standard","has-post-thumbnail","category-economia"],"acf":{"antetitulo":""},"yoast_head":"<!-- This site is optimized with the Yoast SEO plugin v28.4 - https:\/\/yoast.com\/product\/yoast-seo-wordpress\/ -->\n<title>Compras de aceite de YPFB afectaron a oferta de aceite en el mercado nacional - El Diario - Bolivia<\/title>\n<meta name=\"robots\" content=\"index, follow, max-snippet:-1, max-image-preview:large, max-video-preview:-1\" \/>\n<link rel=\"canonical\" href=\"https:\/\/www.eldiario.net\/portal\/2024\/12\/12\/compras-de-aceite-de-ypfb-afectaron-a-oferta-de-aceite-en-el-mercado-nacional\/\" \/>\n<meta property=\"og:locale\" content=\"es_ES\" \/>\n<meta property=\"og:type\" content=\"article\" \/>\n<meta property=\"og:title\" content=\"Compras de aceite de YPFB afectaron a oferta de aceite en el mercado nacional - El Diario - Bolivia\" \/>\n<meta property=\"og:description\" content=\"La compra de aceite por parte de Yacimientos Petrol\u00edferos Fiscales Bolivianos (YPFB) a los productores de soya de Santa Cruz afect\u00f3 al abastecimiento del producto en el mercado nacional, y sumado la exportaci\u00f3n ilegal a pa\u00edses vecinos, la escasez se refleja en el aza del precio en m\u00e1s del 50%. La demanda de aceite refinado [&hellip;]\" \/>\n<meta property=\"og:url\" content=\"https:\/\/www.eldiario.net\/portal\/2024\/12\/12\/compras-de-aceite-de-ypfb-afectaron-a-oferta-de-aceite-en-el-mercado-nacional\/\" \/>\n<meta property=\"og:site_name\" content=\"El Diario - Bolivia\" \/>\n<meta property=\"article:publisher\" content=\"https:\/\/www.facebook.com\/eldiario.bolivia\/\" \/>\n<meta property=\"article:published_time\" content=\"2024-12-12T09:50:33+00:00\" \/>\n<meta property=\"og:image\" content=\"https:\/\/www.eldiario.net\/portal\/wp-content\/uploads\/2024\/12\/BIO-FOTO.jpg\" \/>\n\t<meta property=\"og:image:width\" content=\"225\" \/>\n\t<meta property=\"og:image:height\" content=\"225\" \/>\n\t<meta property=\"og:image:type\" content=\"image\/jpeg\" \/>\n<meta name=\"author\" content=\"Jeanette\" \/>\n<meta name=\"twitter:card\" content=\"summary_large_image\" \/>\n<meta name=\"twitter:creator\" content=\"@eldiario_net\" \/>\n<meta name=\"twitter:site\" content=\"@eldiario_net\" \/>\n<meta name=\"twitter:label1\" content=\"Escrito por\" \/>\n\t<meta name=\"twitter:data1\" content=\"Jeanette\" \/>\n\t<meta name=\"twitter:label2\" content=\"Tiempo de lectura\" \/>\n\t<meta name=\"twitter:data2\" content=\"2 minutos\" \/>\n<script type=\"application\/ld+json\" class=\"yoast-schema-graph\">{\"@context\":\"https:\\\/\\\/schema.org\",\"@graph\":[{\"@type\":\"Article\",\"@id\":\"https:\\\/\\\/www.eldiario.net\\\/portal\\\/2024\\\/12\\\/12\\\/compras-de-aceite-de-ypfb-afectaron-a-oferta-de-aceite-en-el-mercado-nacional\\\/#article\",\"isPartOf\":{\"@id\":\"https:\\\/\\\/www.eldiario.net\\\/portal\\\/2024\\\/12\\\/12\\\/compras-de-aceite-de-ypfb-afectaron-a-oferta-de-aceite-en-el-mercado-nacional\\\/\"},\"author\":{\"name\":\"Jeanette\",\"@id\":\"https:\\\/\\\/www.eldiario.net\\\/portal\\\/#\\\/schema\\\/person\\\/f46445640444750d7d753ccd04ae01b7\"},\"headline\":\"Compras de aceite de YPFB afectaron a oferta de aceite en el mercado nacional\",\"datePublished\":\"2024-12-12T09:50:33+00:00\",\"mainEntityOfPage\":{\"@id\":\"https:\\\/\\\/www.eldiario.net\\\/portal\\\/2024\\\/12\\\/12\\\/compras-de-aceite-de-ypfb-afectaron-a-oferta-de-aceite-en-el-mercado-nacional\\\/\"},\"wordCount\":369,\"publisher\":{\"@id\":\"https:\\\/\\\/www.eldiario.net\\\/portal\\\/#organization\"},\"image\":{\"@id\":\"https:\\\/\\\/www.eldiario.net\\\/portal\\\/2024\\\/12\\\/12\\\/compras-de-aceite-de-ypfb-afectaron-a-oferta-de-aceite-en-el-mercado-nacional\\\/#primaryimage\"},\"thumbnailUrl\":\"https:\\\/\\\/www.eldiario.net\\\/portal\\\/wp-content\\\/uploads\\\/2024\\\/12\\\/BIO-FOTO.jpg\",\"articleSection\":[\"Econom\u00eda\"],\"inLanguage\":\"es\"},{\"@type\":\"WebPage\",\"@id\":\"https:\\\/\\\/www.eldiario.net\\\/portal\\\/2024\\\/12\\\/12\\\/compras-de-aceite-de-ypfb-afectaron-a-oferta-de-aceite-en-el-mercado-nacional\\\/\",\"url\":\"https:\\\/\\\/www.eldiario.net\\\/portal\\\/2024\\\/12\\\/12\\\/compras-de-aceite-de-ypfb-afectaron-a-oferta-de-aceite-en-el-mercado-nacional\\\/\",\"name\":\"Compras de aceite de YPFB afectaron a oferta de aceite en el mercado nacional - El Diario - Bolivia\",\"isPartOf\":{\"@id\":\"https:\\\/\\\/www.eldiario.net\\\/portal\\\/#website\"},\"primaryImageOfPage\":{\"@id\":\"https:\\\/\\\/www.eldiario.net\\\/portal\\\/2024\\\/12\\\/12\\\/compras-de-aceite-de-ypfb-afectaron-a-oferta-de-aceite-en-el-mercado-nacional\\\/#primaryimage\"},\"image\":{\"@id\":\"https:\\\/\\\/www.eldiario.net\\\/portal\\\/2024\\\/12\\\/12\\\/compras-de-aceite-de-ypfb-afectaron-a-oferta-de-aceite-en-el-mercado-nacional\\\/#primaryimage\"},\"thumbnailUrl\":\"https:\\\/\\\/www.eldiario.net\\\/portal\\\/wp-content\\\/uploads\\\/2024\\\/12\\\/BIO-FOTO.jpg\",\"datePublished\":\"2024-12-12T09:50:33+00:00\",\"breadcrumb\":{\"@id\":\"https:\\\/\\\/www.eldiario.net\\\/portal\\\/2024\\\/12\\\/12\\\/compras-de-aceite-de-ypfb-afectaron-a-oferta-de-aceite-en-el-mercado-nacional\\\/#breadcrumb\"},\"inLanguage\":\"es\",\"potentialAction\":[{\"@type\":\"ReadAction\",\"target\":[\"https:\\\/\\\/www.eldiario.net\\\/portal\\\/2024\\\/12\\\/12\\\/compras-de-aceite-de-ypfb-afectaron-a-oferta-de-aceite-en-el-mercado-nacional\\\/\"]}]},{\"@type\":\"ImageObject\",\"inLanguage\":\"es\",\"@id\":\"https:\\\/\\\/www.eldiario.net\\\/portal\\\/2024\\\/12\\\/12\\\/compras-de-aceite-de-ypfb-afectaron-a-oferta-de-aceite-en-el-mercado-nacional\\\/#primaryimage\",\"url\":\"https:\\\/\\\/www.eldiario.net\\\/portal\\\/wp-content\\\/uploads\\\/2024\\\/12\\\/BIO-FOTO.jpg\",\"contentUrl\":\"https:\\\/\\\/www.eldiario.net\\\/portal\\\/wp-content\\\/uploads\\\/2024\\\/12\\\/BIO-FOTO.jpg\",\"width\":225,\"height\":225,\"caption\":\"La escasez de aceite en el mercado nacional tiene varias causas. Foto\"},{\"@type\":\"BreadcrumbList\",\"@id\":\"https:\\\/\\\/www.eldiario.net\\\/portal\\\/2024\\\/12\\\/12\\\/compras-de-aceite-de-ypfb-afectaron-a-oferta-de-aceite-en-el-mercado-nacional\\\/#breadcrumb\",\"itemListElement\":[{\"@type\":\"ListItem\",\"position\":1,\"name\":\"Portada\",\"item\":\"https:\\\/\\\/www.eldiario.net\\\/portal\\\/\"},{\"@type\":\"ListItem\",\"position\":2,\"name\":\"Compras de aceite de YPFB afectaron a oferta de aceite en el mercado nacional\"}]},{\"@type\":\"WebSite\",\"@id\":\"https:\\\/\\\/www.eldiario.net\\\/portal\\\/#website\",\"url\":\"https:\\\/\\\/www.eldiario.net\\\/portal\\\/\",\"name\":\"El Diario - Decano de la prensa nacional\",\"description\":\"El Diario - Decano de la prensa nacional\",\"publisher\":{\"@id\":\"https:\\\/\\\/www.eldiario.net\\\/portal\\\/#organization\"},\"potentialAction\":[{\"@type\":\"SearchAction\",\"target\":{\"@type\":\"EntryPoint\",\"urlTemplate\":\"https:\\\/\\\/www.eldiario.net\\\/portal\\\/?s={search_term_string}\"},\"query-input\":{\"@type\":\"PropertyValueSpecification\",\"valueRequired\":true,\"valueName\":\"search_term_string\"}}],\"inLanguage\":\"es\"},{\"@type\":\"Organization\",\"@id\":\"https:\\\/\\\/www.eldiario.net\\\/portal\\\/#organization\",\"name\":\"El Diario - Decano de la prensa nacional\",\"url\":\"https:\\\/\\\/www.eldiario.net\\\/portal\\\/\",\"logo\":{\"@type\":\"ImageObject\",\"inLanguage\":\"es\",\"@id\":\"https:\\\/\\\/www.eldiario.net\\\/portal\\\/#\\\/schema\\\/logo\\\/image\\\/\",\"url\":\"https:\\\/\\\/www.eldiario.net\\\/portal\\\/wp-content\\\/uploads\\\/2023\\\/07\\\/logo_ED.jpg\",\"contentUrl\":\"https:\\\/\\\/www.eldiario.net\\\/portal\\\/wp-content\\\/uploads\\\/2023\\\/07\\\/logo_ED.jpg\",\"width\":272,\"height\":52,\"caption\":\"El Diario - Decano de la prensa nacional\"},\"image\":{\"@id\":\"https:\\\/\\\/www.eldiario.net\\\/portal\\\/#\\\/schema\\\/logo\\\/image\\\/\"},\"sameAs\":[\"https:\\\/\\\/www.facebook.com\\\/eldiario.bolivia\\\/\",\"https:\\\/\\\/x.com\\\/eldiario_net\"]},{\"@type\":\"Person\",\"@id\":\"https:\\\/\\\/www.eldiario.net\\\/portal\\\/#\\\/schema\\\/person\\\/f46445640444750d7d753ccd04ae01b7\",\"name\":\"Jeanette\",\"image\":{\"@type\":\"ImageObject\",\"inLanguage\":\"es\",\"@id\":\"https:\\\/\\\/secure.gravatar.com\\\/avatar\\\/3ea2118a5f7dad2b7138b1187a6b7ee55f160b9968b66013c3a3ef39dd7e5798?s=96&d=mm&r=g\",\"url\":\"https:\\\/\\\/secure.gravatar.com\\\/avatar\\\/3ea2118a5f7dad2b7138b1187a6b7ee55f160b9968b66013c3a3ef39dd7e5798?s=96&d=mm&r=g\",\"contentUrl\":\"https:\\\/\\\/secure.gravatar.com\\\/avatar\\\/3ea2118a5f7dad2b7138b1187a6b7ee55f160b9968b66013c3a3ef39dd7e5798?s=96&d=mm&r=g\",\"caption\":\"Jeanette\"},\"sameAs\":[\"https:\\\/\\\/www.eldiario.net\\\/portal\"],\"url\":\"https:\\\/\\\/www.eldiario.net\\\/portal\\\/author\\\/jeanette\\\/\"}]}<\/script>\n<!-- \/ Yoast SEO plugin. -->","yoast_head_json":{"title":"Compras de aceite de YPFB afectaron a oferta de aceite en el mercado nacional - El Diario - Bolivia","robots":{"index":"index","follow":"follow","max-snippet":"max-snippet:-1","max-image-preview":"max-image-preview:large","max-video-preview":"max-video-preview:-1"},"canonical":"https:\/\/www.eldiario.net\/portal\/2024\/12\/12\/compras-de-aceite-de-ypfb-afectaron-a-oferta-de-aceite-en-el-mercado-nacional\/","og_locale":"es_ES","og_type":"article","og_title":"Compras de aceite de YPFB afectaron a oferta de aceite en el mercado nacional - El Diario - Bolivia","og_description":"La compra de aceite por parte de Yacimientos Petrol\u00edferos Fiscales Bolivianos (YPFB) a los productores de soya de Santa Cruz afect\u00f3 al abastecimiento del producto en el mercado nacional, y sumado la exportaci\u00f3n ilegal a pa\u00edses vecinos, la escasez se refleja en el aza del precio en m\u00e1s del 50%. La demanda de aceite refinado [&hellip;]","og_url":"https:\/\/www.eldiario.net\/portal\/2024\/12\/12\/compras-de-aceite-de-ypfb-afectaron-a-oferta-de-aceite-en-el-mercado-nacional\/","og_site_name":"El Diario - Bolivia","article_publisher":"https:\/\/www.facebook.com\/eldiario.bolivia\/","article_published_time":"2024-12-12T09:50:33+00:00","og_image":[{"width":225,"height":225,"url":"https:\/\/www.eldiario.net\/portal\/wp-content\/uploads\/2024\/12\/BIO-FOTO.jpg","type":"image\/jpeg"}],"author":"Jeanette","twitter_card":"summary_large_image","twitter_creator":"@eldiario_net","twitter_site":"@eldiario_net","twitter_misc":{"Escrito por":"Jeanette","Tiempo de lectura":"2 minutos"},"schema":{"@context":"https:\/\/schema.org","@graph":[{"@type":"Article","@id":"https:\/\/www.eldiario.net\/portal\/2024\/12\/12\/compras-de-aceite-de-ypfb-afectaron-a-oferta-de-aceite-en-el-mercado-nacional\/#article","isPartOf":{"@id":"https:\/\/www.eldiario.net\/portal\/2024\/12\/12\/compras-de-aceite-de-ypfb-afectaron-a-oferta-de-aceite-en-el-mercado-nacional\/"},"author":{"name":"Jeanette","@id":"https:\/\/www.eldiario.net\/portal\/#\/schema\/person\/f46445640444750d7d753ccd04ae01b7"},"headline":"Compras de aceite de YPFB afectaron a oferta de aceite en el mercado nacional","datePublished":"2024-12-12T09:50:33+00:00","mainEntityOfPage":{"@id":"https:\/\/www.eldiario.net\/portal\/2024\/12\/12\/compras-de-aceite-de-ypfb-afectaron-a-oferta-de-aceite-en-el-mercado-nacional\/"},"wordCount":369,"publisher":{"@id":"https:\/\/www.eldiario.net\/portal\/#organization"},"image":{"@id":"https:\/\/www.eldiario.net\/portal\/2024\/12\/12\/compras-de-aceite-de-ypfb-afectaron-a-oferta-de-aceite-en-el-mercado-nacional\/#primaryimage"},"thumbnailUrl":"https:\/\/www.eldiario.net\/portal\/wp-content\/uploads\/2024\/12\/BIO-FOTO.jpg","articleSection":["Econom\u00eda"],"inLanguage":"es"},{"@type":"WebPage","@id":"https:\/\/www.eldiario.net\/portal\/2024\/12\/12\/compras-de-aceite-de-ypfb-afectaron-a-oferta-de-aceite-en-el-mercado-nacional\/","url":"https:\/\/www.eldiario.net\/portal\/2024\/12\/12\/compras-de-aceite-de-ypfb-afectaron-a-oferta-de-aceite-en-el-mercado-nacional\/","name":"Compras de aceite de YPFB afectaron a oferta de aceite en el mercado nacional - El Diario - Bolivia","isPartOf":{"@id":"https:\/\/www.eldiario.net\/portal\/#website"},"primaryImageOfPage":{"@id":"https:\/\/www.eldiario.net\/portal\/2024\/12\/12\/compras-de-aceite-de-ypfb-afectaron-a-oferta-de-aceite-en-el-mercado-nacional\/#primaryimage"},"image":{"@id":"https:\/\/www.eldiario.net\/portal\/2024\/12\/12\/compras-de-aceite-de-ypfb-afectaron-a-oferta-de-aceite-en-el-mercado-nacional\/#primaryimage"},"thumbnailUrl":"https:\/\/www.eldiario.net\/portal\/wp-content\/uploads\/2024\/12\/BIO-FOTO.jpg","datePublished":"2024-12-12T09:50:33+00:00","breadcrumb":{"@id":"https:\/\/www.eldiario.net\/portal\/2024\/12\/12\/compras-de-aceite-de-ypfb-afectaron-a-oferta-de-aceite-en-el-mercado-nacional\/#breadcrumb"},"inLanguage":"es","potentialAction":[{"@type":"ReadAction","target":["https:\/\/www.eldiario.net\/portal\/2024\/12\/12\/compras-de-aceite-de-ypfb-afectaron-a-oferta-de-aceite-en-el-mercado-nacional\/"]}]},{"@type":"ImageObject","inLanguage":"es","@id":"https:\/\/www.eldiario.net\/portal\/2024\/12\/12\/compras-de-aceite-de-ypfb-afectaron-a-oferta-de-aceite-en-el-mercado-nacional\/#primaryimage","url":"https:\/\/www.eldiario.net\/portal\/wp-content\/uploads\/2024\/12\/BIO-FOTO.jpg","contentUrl":"https:\/\/www.eldiario.net\/portal\/wp-content\/uploads\/2024\/12\/BIO-FOTO.jpg","width":225,"height":225,"caption":"La escasez de aceite en el mercado nacional tiene varias causas. Foto"},{"@type":"BreadcrumbList","@id":"https:\/\/www.eldiario.net\/portal\/2024\/12\/12\/compras-de-aceite-de-ypfb-afectaron-a-oferta-de-aceite-en-el-mercado-nacional\/#breadcrumb","itemListElement":[{"@type":"ListItem","position":1,"name":"Portada","item":"https:\/\/www.eldiario.net\/portal\/"},{"@type":"ListItem","position":2,"name":"Compras de aceite de YPFB afectaron a oferta de aceite en el mercado nacional"}]},{"@type":"WebSite","@id":"https:\/\/www.eldiario.net\/portal\/#website","url":"https:\/\/www.eldiario.net\/portal\/","name":"El Diario - Decano de la prensa nacional","description":"El Diario - Decano de la prensa nacional","publisher":{"@id":"https:\/\/www.eldiario.net\/portal\/#organization"},"potentialAction":[{"@type":"SearchAction","target":{"@type":"EntryPoint","urlTemplate":"https:\/\/www.eldiario.net\/portal\/?s={search_term_string}"},"query-input":{"@type":"PropertyValueSpecification","valueRequired":true,"valueName":"search_term_string"}}],"inLanguage":"es"},{"@type":"Organization","@id":"https:\/\/www.eldiario.net\/portal\/#organization","name":"El Diario - Decano de la prensa nacional","url":"https:\/\/www.eldiario.net\/portal\/","logo":{"@type":"ImageObject","inLanguage":"es","@id":"https:\/\/www.eldiario.net\/portal\/#\/schema\/logo\/image\/","url":"https:\/\/www.eldiario.net\/portal\/wp-content\/uploads\/2023\/07\/logo_ED.jpg","contentUrl":"https:\/\/www.eldiario.net\/portal\/wp-content\/uploads\/2023\/07\/logo_ED.jpg","width":272,"height":52,"caption":"El Diario - Decano de la prensa nacional"},"image":{"@id":"https:\/\/www.eldiario.net\/portal\/#\/schema\/logo\/image\/"},"sameAs":["https:\/\/www.facebook.com\/eldiario.bolivia\/","https:\/\/x.com\/eldiario_net"]},{"@type":"Person","@id":"https:\/\/www.eldiario.net\/portal\/#\/schema\/person\/f46445640444750d7d753ccd04ae01b7","name":"Jeanette","image":{"@type":"ImageObject","inLanguage":"es","@id":"https:\/\/secure.gravatar.com\/avatar\/3ea2118a5f7dad2b7138b1187a6b7ee55f160b9968b66013c3a3ef39dd7e5798?s=96&d=mm&r=g","url":"https:\/\/secure.gravatar.com\/avatar\/3ea2118a5f7dad2b7138b1187a6b7ee55f160b9968b66013c3a3ef39dd7e5798?s=96&d=mm&r=g","contentUrl":"https:\/\/secure.gravatar.com\/avatar\/3ea2118a5f7dad2b7138b1187a6b7ee55f160b9968b66013c3a3ef39dd7e5798?s=96&d=mm&r=g","caption":"Jeanette"},"sameAs":["https:\/\/www.eldiario.net\/portal"],"url":"https:\/\/www.eldiario.net\/portal\/author\/jeanette\/"}]}},"_links":{"self":[{"href":"https:\/\/www.eldiario.net\/portal\/wp-json\/wp\/v2\/posts\/267433","targetHints":{"allow":["GET"]}}],"collection":[{"href":"https:\/\/www.eldiario.net\/portal\/wp-json\/wp\/v2\/posts"}],"about":[{"href":"https:\/\/www.eldiario.net\/portal\/wp-json\/wp\/v2\/types\/post"}],"author":[{"embeddable":true,"href":"https:\/\/www.eldiario.net\/portal\/wp-json\/wp\/v2\/users\/1"}],"replies":[{"embeddable":true,"href":"https:\/\/www.eldiario.net\/portal\/wp-json\/wp\/v2\/comments?post=267433"}],"version-history":[{"count":1,"href":"https:\/\/www.eldiario.net\/portal\/wp-json\/wp\/v2\/posts\/267433\/revisions"}],"predecessor-version":[{"id":267435,"href":"https:\/\/www.eldiario.net\/portal\/wp-json\/wp\/v2\/posts\/267433\/revisions\/267435"}],"wp:featuredmedia":[{"embeddable":true,"href":"https:\/\/www.eldiario.net\/portal\/wp-json\/wp\/v2\/media\/267434"}],"wp:attachment":[{"href":"https:\/\/www.eldiario.net\/portal\/wp-json\/wp\/v2\/media?parent=267433"}],"wp:term":[{"taxonomy":"category","embeddable":true,"href":"https:\/\/www.eldiario.net\/portal\/wp-json\/wp\/v2\/categories?post=267433"},{"taxonomy":"post_tag","embeddable":true,"href":"https:\/\/www.eldiario.net\/portal\/wp-json\/wp\/v2\/tags?post=267433"}],"curies":[{"name":"wp","href":"https:\/\/api.w.org\/{rel}","templated":true}]}}