{"id":267430,"date":"2024-12-12T05:50:03","date_gmt":"2024-12-12T09:50:03","guid":{"rendered":"https:\/\/www.eldiario.net\/portal\/?p=267430"},"modified":"2024-12-12T05:50:03","modified_gmt":"2024-12-12T09:50:03","slug":"comision-de-egipto-inspecciona-frigorificos-con-miras-a-importar-carne-bovina-boliviana","status":"publish","type":"post","link":"https:\/\/www.eldiario.net\/portal\/2024\/12\/12\/comision-de-egipto-inspecciona-frigorificos-con-miras-a-importar-carne-bovina-boliviana\/","title":{"rendered":"Comisi\u00f3n de Egipto inspecciona frigor\u00edficos con miras a importar carne bovina boliviana"},"content":{"rendered":"<p>Junto con el Servicio Nacional de Sanidad Agropecuaria e Inocuidad Alimentaria (Senasag), funcionarios del gobierno de Egipto inspeccionaron frigor\u00edficos en el departamento de Santa Cruz, con miras a importar este producto, inform\u00f3 el Ministerio de Desarrollo Rural y Tierras.<\/p>\n<p>\u201cSe est\u00e1 haciendo una inspecci\u00f3n a los frigor\u00edficos que se tienen en el departamento de Santa Cruz para seguir incrementando la exportaci\u00f3n de la carne (\u2026). Estamos trabajando para llevar a Egipto la carne boliviana\u201d, inform\u00f3 el titular de esa cartera de Estado, Yamil Flores.<\/p>\n<p>Precis\u00f3 que a la cabeza del Senasag, los funcionarios egipcios realizan las inspecciones con el objetivo de ver las condiciones de exportaci\u00f3n de carne bovina.<\/p>\n<p>\u201cEstamos trabajando en la exportaci\u00f3n de varios productos nacionales, tenemos en carpeta much\u00edsimos productos, estamos trabajando a nivel de nuestro gobierno (\u2026). Vamos a seguir incentivando la producci\u00f3n y la exportaci\u00f3n de diferentes productos que est\u00e1n en cartera\u201d, afirm\u00f3 Flores.<\/p>\n<p>En agosto de este a\u00f1o, el Ministerio de Econom\u00eda y Finanzas P\u00fablicas (MEFP) inform\u00f3 que, en los tres \u00faltimos a\u00f1os, Bolivia logr\u00f3 obtener 362 millones de d\u00f3lares por la exportaci\u00f3n de carne bovina sin desabastecer el consumo del mercado interno.<\/p>\n<p>Por exportaciones de carne bovina, Bolivia obtuvo 98 millones de d\u00f3lares, en 2021; 128 millones, en 2022; y 136 millones, en 2023. El a\u00f1o pasado, el pa\u00eds alcanz\u00f3 un hist\u00f3rico r\u00e9cord en la venta de este importante alimento.<\/p>\n<p>El pa\u00eds exporta carne bovina y sus derivados a los mercados de China, Rusia, Per\u00fa, Ecuador, principalmente, entre otros, de acuerdo con datos del Instituto Nacional de Estad\u00edstica (INE).<\/p>\n","protected":false},"excerpt":{"rendered":"<p>Junto con el Servicio Nacional de Sanidad Agropecuaria e Inocuidad Alimentaria (Senasag), funcionarios del gobierno de Egipto inspeccionaron frigor\u00edficos en el departamento de Santa Cruz, con miras a importar este producto, inform\u00f3 el Ministerio de Desarrollo Rural y Tierras. \u201cSe est\u00e1 haciendo una inspecci\u00f3n a los frigor\u00edficos que se tienen en el departamento de Santa [&hellip;]<\/p>\n","protected":false},"author":1,"featured_media":267431,"comment_status":"closed","ping_status":"open","sticky":false,"template":"","format":"standard","meta":{"_acf_changed":false,"footnotes":""},"categories":[7],"tags":[],"class_list":["post-267430","post","type-post","status-publish","format-standard","has-post-thumbnail","category-economia"],"acf":{"antetitulo":""},"yoast_head":"<!-- This site is optimized with the Yoast SEO plugin v28.4 - https:\/\/yoast.com\/product\/yoast-seo-wordpress\/ -->\n<title>Comisi\u00f3n de Egipto inspecciona frigor\u00edficos con miras a importar carne bovina boliviana - El Diario - Bolivia<\/title>\n<meta name=\"robots\" content=\"index, follow, max-snippet:-1, max-image-preview:large, max-video-preview:-1\" \/>\n<link rel=\"canonical\" href=\"https:\/\/www.eldiario.net\/portal\/2024\/12\/12\/comision-de-egipto-inspecciona-frigorificos-con-miras-a-importar-carne-bovina-boliviana\/\" \/>\n<meta property=\"og:locale\" content=\"es_ES\" \/>\n<meta property=\"og:type\" content=\"article\" \/>\n<meta property=\"og:title\" content=\"Comisi\u00f3n de Egipto inspecciona frigor\u00edficos con miras a importar carne bovina boliviana - El Diario - Bolivia\" \/>\n<meta property=\"og:description\" content=\"Junto con el Servicio Nacional de Sanidad Agropecuaria e Inocuidad Alimentaria (Senasag), funcionarios del gobierno de Egipto inspeccionaron frigor\u00edficos en el departamento de Santa Cruz, con miras a importar este producto, inform\u00f3 el Ministerio de Desarrollo Rural y Tierras. \u201cSe est\u00e1 haciendo una inspecci\u00f3n a los frigor\u00edficos que se tienen en el departamento de Santa [&hellip;]\" \/>\n<meta property=\"og:url\" content=\"https:\/\/www.eldiario.net\/portal\/2024\/12\/12\/comision-de-egipto-inspecciona-frigorificos-con-miras-a-importar-carne-bovina-boliviana\/\" \/>\n<meta property=\"og:site_name\" content=\"El Diario - Bolivia\" \/>\n<meta property=\"article:publisher\" content=\"https:\/\/www.facebook.com\/eldiario.bolivia\/\" \/>\n<meta property=\"article:published_time\" content=\"2024-12-12T09:50:03+00:00\" \/>\n<meta property=\"og:image\" content=\"https:\/\/www.eldiario.net\/portal\/wp-content\/uploads\/2024\/12\/CARNE-FOTO.jpg\" \/>\n\t<meta property=\"og:image:width\" content=\"1200\" \/>\n\t<meta property=\"og:image:height\" content=\"650\" \/>\n\t<meta property=\"og:image:type\" content=\"image\/jpeg\" \/>\n<meta name=\"author\" content=\"Jeanette\" \/>\n<meta name=\"twitter:card\" content=\"summary_large_image\" \/>\n<meta name=\"twitter:creator\" content=\"@eldiario_net\" \/>\n<meta name=\"twitter:site\" content=\"@eldiario_net\" \/>\n<meta name=\"twitter:label1\" content=\"Escrito por\" \/>\n\t<meta name=\"twitter:data1\" content=\"Jeanette\" \/>\n\t<meta name=\"twitter:label2\" content=\"Tiempo de lectura\" \/>\n\t<meta name=\"twitter:data2\" content=\"2 minutos\" \/>\n<script type=\"application\/ld+json\" class=\"yoast-schema-graph\">{\"@context\":\"https:\\\/\\\/schema.org\",\"@graph\":[{\"@type\":\"Article\",\"@id\":\"https:\\\/\\\/www.eldiario.net\\\/portal\\\/2024\\\/12\\\/12\\\/comision-de-egipto-inspecciona-frigorificos-con-miras-a-importar-carne-bovina-boliviana\\\/#article\",\"isPartOf\":{\"@id\":\"https:\\\/\\\/www.eldiario.net\\\/portal\\\/2024\\\/12\\\/12\\\/comision-de-egipto-inspecciona-frigorificos-con-miras-a-importar-carne-bovina-boliviana\\\/\"},\"author\":{\"name\":\"Jeanette\",\"@id\":\"https:\\\/\\\/www.eldiario.net\\\/portal\\\/#\\\/schema\\\/person\\\/f46445640444750d7d753ccd04ae01b7\"},\"headline\":\"Comisi\u00f3n de Egipto inspecciona frigor\u00edficos con miras a importar carne bovina boliviana\",\"datePublished\":\"2024-12-12T09:50:03+00:00\",\"mainEntityOfPage\":{\"@id\":\"https:\\\/\\\/www.eldiario.net\\\/portal\\\/2024\\\/12\\\/12\\\/comision-de-egipto-inspecciona-frigorificos-con-miras-a-importar-carne-bovina-boliviana\\\/\"},\"wordCount\":284,\"publisher\":{\"@id\":\"https:\\\/\\\/www.eldiario.net\\\/portal\\\/#organization\"},\"image\":{\"@id\":\"https:\\\/\\\/www.eldiario.net\\\/portal\\\/2024\\\/12\\\/12\\\/comision-de-egipto-inspecciona-frigorificos-con-miras-a-importar-carne-bovina-boliviana\\\/#primaryimage\"},\"thumbnailUrl\":\"https:\\\/\\\/www.eldiario.net\\\/portal\\\/wp-content\\\/uploads\\\/2024\\\/12\\\/CARNE-FOTO.jpg\",\"articleSection\":[\"Econom\u00eda\"],\"inLanguage\":\"es\"},{\"@type\":\"WebPage\",\"@id\":\"https:\\\/\\\/www.eldiario.net\\\/portal\\\/2024\\\/12\\\/12\\\/comision-de-egipto-inspecciona-frigorificos-con-miras-a-importar-carne-bovina-boliviana\\\/\",\"url\":\"https:\\\/\\\/www.eldiario.net\\\/portal\\\/2024\\\/12\\\/12\\\/comision-de-egipto-inspecciona-frigorificos-con-miras-a-importar-carne-bovina-boliviana\\\/\",\"name\":\"Comisi\u00f3n de Egipto inspecciona frigor\u00edficos con miras a importar carne bovina boliviana - El Diario - Bolivia\",\"isPartOf\":{\"@id\":\"https:\\\/\\\/www.eldiario.net\\\/portal\\\/#website\"},\"primaryImageOfPage\":{\"@id\":\"https:\\\/\\\/www.eldiario.net\\\/portal\\\/2024\\\/12\\\/12\\\/comision-de-egipto-inspecciona-frigorificos-con-miras-a-importar-carne-bovina-boliviana\\\/#primaryimage\"},\"image\":{\"@id\":\"https:\\\/\\\/www.eldiario.net\\\/portal\\\/2024\\\/12\\\/12\\\/comision-de-egipto-inspecciona-frigorificos-con-miras-a-importar-carne-bovina-boliviana\\\/#primaryimage\"},\"thumbnailUrl\":\"https:\\\/\\\/www.eldiario.net\\\/portal\\\/wp-content\\\/uploads\\\/2024\\\/12\\\/CARNE-FOTO.jpg\",\"datePublished\":\"2024-12-12T09:50:03+00:00\",\"breadcrumb\":{\"@id\":\"https:\\\/\\\/www.eldiario.net\\\/portal\\\/2024\\\/12\\\/12\\\/comision-de-egipto-inspecciona-frigorificos-con-miras-a-importar-carne-bovina-boliviana\\\/#breadcrumb\"},\"inLanguage\":\"es\",\"potentialAction\":[{\"@type\":\"ReadAction\",\"target\":[\"https:\\\/\\\/www.eldiario.net\\\/portal\\\/2024\\\/12\\\/12\\\/comision-de-egipto-inspecciona-frigorificos-con-miras-a-importar-carne-bovina-boliviana\\\/\"]}]},{\"@type\":\"ImageObject\",\"inLanguage\":\"es\",\"@id\":\"https:\\\/\\\/www.eldiario.net\\\/portal\\\/2024\\\/12\\\/12\\\/comision-de-egipto-inspecciona-frigorificos-con-miras-a-importar-carne-bovina-boliviana\\\/#primaryimage\",\"url\":\"https:\\\/\\\/www.eldiario.net\\\/portal\\\/wp-content\\\/uploads\\\/2024\\\/12\\\/CARNE-FOTO.jpg\",\"contentUrl\":\"https:\\\/\\\/www.eldiario.net\\\/portal\\\/wp-content\\\/uploads\\\/2024\\\/12\\\/CARNE-FOTO.jpg\",\"width\":1200,\"height\":650,\"caption\":\"Carne en los centros comerciales. Foto abi\"},{\"@type\":\"BreadcrumbList\",\"@id\":\"https:\\\/\\\/www.eldiario.net\\\/portal\\\/2024\\\/12\\\/12\\\/comision-de-egipto-inspecciona-frigorificos-con-miras-a-importar-carne-bovina-boliviana\\\/#breadcrumb\",\"itemListElement\":[{\"@type\":\"ListItem\",\"position\":1,\"name\":\"Portada\",\"item\":\"https:\\\/\\\/www.eldiario.net\\\/portal\\\/\"},{\"@type\":\"ListItem\",\"position\":2,\"name\":\"Comisi\u00f3n de Egipto inspecciona frigor\u00edficos con miras a importar carne bovina boliviana\"}]},{\"@type\":\"WebSite\",\"@id\":\"https:\\\/\\\/www.eldiario.net\\\/portal\\\/#website\",\"url\":\"https:\\\/\\\/www.eldiario.net\\\/portal\\\/\",\"name\":\"El Diario - Decano de la prensa nacional\",\"description\":\"El Diario - Decano de la prensa nacional\",\"publisher\":{\"@id\":\"https:\\\/\\\/www.eldiario.net\\\/portal\\\/#organization\"},\"potentialAction\":[{\"@type\":\"SearchAction\",\"target\":{\"@type\":\"EntryPoint\",\"urlTemplate\":\"https:\\\/\\\/www.eldiario.net\\\/portal\\\/?s={search_term_string}\"},\"query-input\":{\"@type\":\"PropertyValueSpecification\",\"valueRequired\":true,\"valueName\":\"search_term_string\"}}],\"inLanguage\":\"es\"},{\"@type\":\"Organization\",\"@id\":\"https:\\\/\\\/www.eldiario.net\\\/portal\\\/#organization\",\"name\":\"El Diario - Decano de la prensa nacional\",\"url\":\"https:\\\/\\\/www.eldiario.net\\\/portal\\\/\",\"logo\":{\"@type\":\"ImageObject\",\"inLanguage\":\"es\",\"@id\":\"https:\\\/\\\/www.eldiario.net\\\/portal\\\/#\\\/schema\\\/logo\\\/image\\\/\",\"url\":\"https:\\\/\\\/www.eldiario.net\\\/portal\\\/wp-content\\\/uploads\\\/2023\\\/07\\\/logo_ED.jpg\",\"contentUrl\":\"https:\\\/\\\/www.eldiario.net\\\/portal\\\/wp-content\\\/uploads\\\/2023\\\/07\\\/logo_ED.jpg\",\"width\":272,\"height\":52,\"caption\":\"El Diario - Decano de la prensa nacional\"},\"image\":{\"@id\":\"https:\\\/\\\/www.eldiario.net\\\/portal\\\/#\\\/schema\\\/logo\\\/image\\\/\"},\"sameAs\":[\"https:\\\/\\\/www.facebook.com\\\/eldiario.bolivia\\\/\",\"https:\\\/\\\/x.com\\\/eldiario_net\"]},{\"@type\":\"Person\",\"@id\":\"https:\\\/\\\/www.eldiario.net\\\/portal\\\/#\\\/schema\\\/person\\\/f46445640444750d7d753ccd04ae01b7\",\"name\":\"Jeanette\",\"image\":{\"@type\":\"ImageObject\",\"inLanguage\":\"es\",\"@id\":\"https:\\\/\\\/secure.gravatar.com\\\/avatar\\\/3ea2118a5f7dad2b7138b1187a6b7ee55f160b9968b66013c3a3ef39dd7e5798?s=96&d=mm&r=g\",\"url\":\"https:\\\/\\\/secure.gravatar.com\\\/avatar\\\/3ea2118a5f7dad2b7138b1187a6b7ee55f160b9968b66013c3a3ef39dd7e5798?s=96&d=mm&r=g\",\"contentUrl\":\"https:\\\/\\\/secure.gravatar.com\\\/avatar\\\/3ea2118a5f7dad2b7138b1187a6b7ee55f160b9968b66013c3a3ef39dd7e5798?s=96&d=mm&r=g\",\"caption\":\"Jeanette\"},\"sameAs\":[\"https:\\\/\\\/www.eldiario.net\\\/portal\"],\"url\":\"https:\\\/\\\/www.eldiario.net\\\/portal\\\/author\\\/jeanette\\\/\"}]}<\/script>\n<!-- \/ Yoast SEO plugin. -->","yoast_head_json":{"title":"Comisi\u00f3n de Egipto inspecciona frigor\u00edficos con miras a importar carne bovina boliviana - El Diario - Bolivia","robots":{"index":"index","follow":"follow","max-snippet":"max-snippet:-1","max-image-preview":"max-image-preview:large","max-video-preview":"max-video-preview:-1"},"canonical":"https:\/\/www.eldiario.net\/portal\/2024\/12\/12\/comision-de-egipto-inspecciona-frigorificos-con-miras-a-importar-carne-bovina-boliviana\/","og_locale":"es_ES","og_type":"article","og_title":"Comisi\u00f3n de Egipto inspecciona frigor\u00edficos con miras a importar carne bovina boliviana - El Diario - Bolivia","og_description":"Junto con el Servicio Nacional de Sanidad Agropecuaria e Inocuidad Alimentaria (Senasag), funcionarios del gobierno de Egipto inspeccionaron frigor\u00edficos en el departamento de Santa Cruz, con miras a importar este producto, inform\u00f3 el Ministerio de Desarrollo Rural y Tierras. \u201cSe est\u00e1 haciendo una inspecci\u00f3n a los frigor\u00edficos que se tienen en el departamento de Santa [&hellip;]","og_url":"https:\/\/www.eldiario.net\/portal\/2024\/12\/12\/comision-de-egipto-inspecciona-frigorificos-con-miras-a-importar-carne-bovina-boliviana\/","og_site_name":"El Diario - Bolivia","article_publisher":"https:\/\/www.facebook.com\/eldiario.bolivia\/","article_published_time":"2024-12-12T09:50:03+00:00","og_image":[{"width":1200,"height":650,"url":"https:\/\/www.eldiario.net\/portal\/wp-content\/uploads\/2024\/12\/CARNE-FOTO.jpg","type":"image\/jpeg"}],"author":"Jeanette","twitter_card":"summary_large_image","twitter_creator":"@eldiario_net","twitter_site":"@eldiario_net","twitter_misc":{"Escrito por":"Jeanette","Tiempo de lectura":"2 minutos"},"schema":{"@context":"https:\/\/schema.org","@graph":[{"@type":"Article","@id":"https:\/\/www.eldiario.net\/portal\/2024\/12\/12\/comision-de-egipto-inspecciona-frigorificos-con-miras-a-importar-carne-bovina-boliviana\/#article","isPartOf":{"@id":"https:\/\/www.eldiario.net\/portal\/2024\/12\/12\/comision-de-egipto-inspecciona-frigorificos-con-miras-a-importar-carne-bovina-boliviana\/"},"author":{"name":"Jeanette","@id":"https:\/\/www.eldiario.net\/portal\/#\/schema\/person\/f46445640444750d7d753ccd04ae01b7"},"headline":"Comisi\u00f3n de Egipto inspecciona frigor\u00edficos con miras a importar carne bovina boliviana","datePublished":"2024-12-12T09:50:03+00:00","mainEntityOfPage":{"@id":"https:\/\/www.eldiario.net\/portal\/2024\/12\/12\/comision-de-egipto-inspecciona-frigorificos-con-miras-a-importar-carne-bovina-boliviana\/"},"wordCount":284,"publisher":{"@id":"https:\/\/www.eldiario.net\/portal\/#organization"},"image":{"@id":"https:\/\/www.eldiario.net\/portal\/2024\/12\/12\/comision-de-egipto-inspecciona-frigorificos-con-miras-a-importar-carne-bovina-boliviana\/#primaryimage"},"thumbnailUrl":"https:\/\/www.eldiario.net\/portal\/wp-content\/uploads\/2024\/12\/CARNE-FOTO.jpg","articleSection":["Econom\u00eda"],"inLanguage":"es"},{"@type":"WebPage","@id":"https:\/\/www.eldiario.net\/portal\/2024\/12\/12\/comision-de-egipto-inspecciona-frigorificos-con-miras-a-importar-carne-bovina-boliviana\/","url":"https:\/\/www.eldiario.net\/portal\/2024\/12\/12\/comision-de-egipto-inspecciona-frigorificos-con-miras-a-importar-carne-bovina-boliviana\/","name":"Comisi\u00f3n de Egipto inspecciona frigor\u00edficos con miras a importar carne bovina boliviana - El Diario - Bolivia","isPartOf":{"@id":"https:\/\/www.eldiario.net\/portal\/#website"},"primaryImageOfPage":{"@id":"https:\/\/www.eldiario.net\/portal\/2024\/12\/12\/comision-de-egipto-inspecciona-frigorificos-con-miras-a-importar-carne-bovina-boliviana\/#primaryimage"},"image":{"@id":"https:\/\/www.eldiario.net\/portal\/2024\/12\/12\/comision-de-egipto-inspecciona-frigorificos-con-miras-a-importar-carne-bovina-boliviana\/#primaryimage"},"thumbnailUrl":"https:\/\/www.eldiario.net\/portal\/wp-content\/uploads\/2024\/12\/CARNE-FOTO.jpg","datePublished":"2024-12-12T09:50:03+00:00","breadcrumb":{"@id":"https:\/\/www.eldiario.net\/portal\/2024\/12\/12\/comision-de-egipto-inspecciona-frigorificos-con-miras-a-importar-carne-bovina-boliviana\/#breadcrumb"},"inLanguage":"es","potentialAction":[{"@type":"ReadAction","target":["https:\/\/www.eldiario.net\/portal\/2024\/12\/12\/comision-de-egipto-inspecciona-frigorificos-con-miras-a-importar-carne-bovina-boliviana\/"]}]},{"@type":"ImageObject","inLanguage":"es","@id":"https:\/\/www.eldiario.net\/portal\/2024\/12\/12\/comision-de-egipto-inspecciona-frigorificos-con-miras-a-importar-carne-bovina-boliviana\/#primaryimage","url":"https:\/\/www.eldiario.net\/portal\/wp-content\/uploads\/2024\/12\/CARNE-FOTO.jpg","contentUrl":"https:\/\/www.eldiario.net\/portal\/wp-content\/uploads\/2024\/12\/CARNE-FOTO.jpg","width":1200,"height":650,"caption":"Carne en los centros comerciales. Foto abi"},{"@type":"BreadcrumbList","@id":"https:\/\/www.eldiario.net\/portal\/2024\/12\/12\/comision-de-egipto-inspecciona-frigorificos-con-miras-a-importar-carne-bovina-boliviana\/#breadcrumb","itemListElement":[{"@type":"ListItem","position":1,"name":"Portada","item":"https:\/\/www.eldiario.net\/portal\/"},{"@type":"ListItem","position":2,"name":"Comisi\u00f3n de Egipto inspecciona frigor\u00edficos con miras a importar carne bovina boliviana"}]},{"@type":"WebSite","@id":"https:\/\/www.eldiario.net\/portal\/#website","url":"https:\/\/www.eldiario.net\/portal\/","name":"El Diario - Decano de la prensa nacional","description":"El Diario - Decano de la prensa nacional","publisher":{"@id":"https:\/\/www.eldiario.net\/portal\/#organization"},"potentialAction":[{"@type":"SearchAction","target":{"@type":"EntryPoint","urlTemplate":"https:\/\/www.eldiario.net\/portal\/?s={search_term_string}"},"query-input":{"@type":"PropertyValueSpecification","valueRequired":true,"valueName":"search_term_string"}}],"inLanguage":"es"},{"@type":"Organization","@id":"https:\/\/www.eldiario.net\/portal\/#organization","name":"El Diario - Decano de la prensa nacional","url":"https:\/\/www.eldiario.net\/portal\/","logo":{"@type":"ImageObject","inLanguage":"es","@id":"https:\/\/www.eldiario.net\/portal\/#\/schema\/logo\/image\/","url":"https:\/\/www.eldiario.net\/portal\/wp-content\/uploads\/2023\/07\/logo_ED.jpg","contentUrl":"https:\/\/www.eldiario.net\/portal\/wp-content\/uploads\/2023\/07\/logo_ED.jpg","width":272,"height":52,"caption":"El Diario - Decano de la prensa nacional"},"image":{"@id":"https:\/\/www.eldiario.net\/portal\/#\/schema\/logo\/image\/"},"sameAs":["https:\/\/www.facebook.com\/eldiario.bolivia\/","https:\/\/x.com\/eldiario_net"]},{"@type":"Person","@id":"https:\/\/www.eldiario.net\/portal\/#\/schema\/person\/f46445640444750d7d753ccd04ae01b7","name":"Jeanette","image":{"@type":"ImageObject","inLanguage":"es","@id":"https:\/\/secure.gravatar.com\/avatar\/3ea2118a5f7dad2b7138b1187a6b7ee55f160b9968b66013c3a3ef39dd7e5798?s=96&d=mm&r=g","url":"https:\/\/secure.gravatar.com\/avatar\/3ea2118a5f7dad2b7138b1187a6b7ee55f160b9968b66013c3a3ef39dd7e5798?s=96&d=mm&r=g","contentUrl":"https:\/\/secure.gravatar.com\/avatar\/3ea2118a5f7dad2b7138b1187a6b7ee55f160b9968b66013c3a3ef39dd7e5798?s=96&d=mm&r=g","caption":"Jeanette"},"sameAs":["https:\/\/www.eldiario.net\/portal"],"url":"https:\/\/www.eldiario.net\/portal\/author\/jeanette\/"}]}},"_links":{"self":[{"href":"https:\/\/www.eldiario.net\/portal\/wp-json\/wp\/v2\/posts\/267430","targetHints":{"allow":["GET"]}}],"collection":[{"href":"https:\/\/www.eldiario.net\/portal\/wp-json\/wp\/v2\/posts"}],"about":[{"href":"https:\/\/www.eldiario.net\/portal\/wp-json\/wp\/v2\/types\/post"}],"author":[{"embeddable":true,"href":"https:\/\/www.eldiario.net\/portal\/wp-json\/wp\/v2\/users\/1"}],"replies":[{"embeddable":true,"href":"https:\/\/www.eldiario.net\/portal\/wp-json\/wp\/v2\/comments?post=267430"}],"version-history":[{"count":1,"href":"https:\/\/www.eldiario.net\/portal\/wp-json\/wp\/v2\/posts\/267430\/revisions"}],"predecessor-version":[{"id":267432,"href":"https:\/\/www.eldiario.net\/portal\/wp-json\/wp\/v2\/posts\/267430\/revisions\/267432"}],"wp:featuredmedia":[{"embeddable":true,"href":"https:\/\/www.eldiario.net\/portal\/wp-json\/wp\/v2\/media\/267431"}],"wp:attachment":[{"href":"https:\/\/www.eldiario.net\/portal\/wp-json\/wp\/v2\/media?parent=267430"}],"wp:term":[{"taxonomy":"category","embeddable":true,"href":"https:\/\/www.eldiario.net\/portal\/wp-json\/wp\/v2\/categories?post=267430"},{"taxonomy":"post_tag","embeddable":true,"href":"https:\/\/www.eldiario.net\/portal\/wp-json\/wp\/v2\/tags?post=267430"}],"curies":[{"name":"wp","href":"https:\/\/api.w.org\/{rel}","templated":true}]}}