{"id":267427,"date":"2024-12-12T05:49:25","date_gmt":"2024-12-12T09:49:25","guid":{"rendered":"https:\/\/www.eldiario.net\/portal\/?p=267427"},"modified":"2024-12-12T05:49:25","modified_gmt":"2024-12-12T09:49:25","slug":"bolivia-entre-los-paises-con-trabajadores-mal-pagados","status":"publish","type":"post","link":"https:\/\/www.eldiario.net\/portal\/2024\/12\/12\/bolivia-entre-los-paises-con-trabajadores-mal-pagados\/","title":{"rendered":"Bolivia entre los pa\u00edses con  trabajadores \u201cmal pagados\u201d"},"content":{"rendered":"<p>Bolivia en tercer lugar en Sudam\u00e9rica con los trabajadores mal pagados y en quinto lugar a nivel de Latinoam\u00e9rica, de acuerdo al \u00faltimo dato de la Organizaci\u00f3n Internacional de Trabajo (OIT) que se encuentra en su Informe Mundial sobre Salarios 2024-25: \u00bfEst\u00e1 disminuyendo la desigualdad salarial a nivel mundial?<\/p>\n<p>El informe es bastante detallado y completo, y analizado las tendencias salariales a nivel mundial y en cada una de las regiones, donde determin\u00f3 las variaciones en la desigualdad salarial y el crecimiento real de los salarios. Se observa los principales retos y desaf\u00edos que confrontan los trabajadores en el mundo y en cada regi\u00f3n, denotando las diferencias de ingresos entre pa\u00edses y al interior de los mismos, se\u00f1ala el presidente del Colegio Departamental de Economistas de Tarija, Fernando Romero.<\/p>\n<p>Analiz\u00f3 y evalu\u00f3 varios aspectos laborales y el ingreso de los trabajadores en sus diferentes facetas, y resalto lo que denominan \u201ctrabajadores mal pagados\u201d. Esto se refiere a los asalariados o no, que ganan menos del 50% del salario medio por hora estimado entre los asalariados de su pa\u00eds, o en otras palabras aquellos trabajadores cuyos ingresos son limitados o no les alcanzan para cubrir sus necesidades b\u00e1sicas, puntualiz\u00f3.<\/p>\n<p>En base a la informaci\u00f3n y datos proporcionados por este informe se hizo un breve ranking de los pa\u00edses de Latinoam\u00e9rica con m\u00e1s \u201ctrabajadores mal pagados\u201d. El primer lugar lo ocupa Guatemala (51,4%), en segundo lugar, Per\u00fa (25,1%) y en el tercer puesto se ubica Argentina (21,1%). Y los pa\u00edses que tienen menos \u201ctrabajadores mal pagados\u201d serian Brasil (10,8%), seguido de M\u00e9xico (10,8%) y luego vendr\u00eda Costa Rica (13%).<\/p>\n<p>Bolivia ocupa el 3er lugar a nivel Sudam\u00e9rica y el 4to en Latinoam\u00e9rica con m\u00e1s \u201ctrabajadores mal pagados\u201d, seg\u00fan el estudio de la OIT. Es decir, de cada 100 trabajadores aproximadamente 21 perciben un ingreso menor al 50% del salario b\u00e1sico nacional, que actualmente es de 2.500 bolivianos, detalla Romero.<\/p>\n<p>En cambio, s\u00f3lo el 8,8% de los \u201ctrabajadores asalariados\u201d son considerados como mal pagados, sin embargo, en los \u201ctrabajadores no asalariados\u201d el 29,7% son los que tienen serias dificultades para cubrir sus necesidades b\u00e1sicas.<\/p>\n<p>\u201cEs l\u00f3gico y tiene sentido, que exista mayor desigualdad salarial o m\u00e1s \u201ctrabajadores mal pagados\u201d en pa\u00edses con renta nacional baja o PIB per c\u00e1pita m\u00e1s reducidos. Esto va de la mano de la informalidad, pues cuando es m\u00e1s grande, existe m\u00e1s precariedad en los ingresos de los trabajadores y, por ende, un empleo de muy baja calidad. Bolivia, re\u00fane todas estas condiciones y por eso tiene estos indicadores, los cuales pueden empeorar dada la actual coyuntura econ\u00f3mica y pol\u00edtica en el pa\u00eds, que pone en riesgo los pocos empleos formales, con una tendencia clara a que aumente la informalidad laboral, donde si suma una recesi\u00f3n econ\u00f3mica combinada con una mayor inflaci\u00f3n, no solo habr\u00e1 m\u00e1s trabajadores mal pagados sino trabajadores m\u00e1s pobres\u201d, advierte.<\/p>\n<p>&nbsp;<\/p>\n","protected":false},"excerpt":{"rendered":"<p>Bolivia en tercer lugar en Sudam\u00e9rica con los trabajadores mal pagados y en quinto lugar a nivel de Latinoam\u00e9rica, de acuerdo al \u00faltimo dato de la Organizaci\u00f3n Internacional de Trabajo (OIT) que se encuentra en su Informe Mundial sobre Salarios 2024-25: \u00bfEst\u00e1 disminuyendo la desigualdad salarial a nivel mundial? El informe es bastante detallado y [&hellip;]<\/p>\n","protected":false},"author":1,"featured_media":267428,"comment_status":"closed","ping_status":"open","sticky":false,"template":"","format":"standard","meta":{"_acf_changed":false,"footnotes":""},"categories":[7],"tags":[],"class_list":["post-267427","post","type-post","status-publish","format-standard","has-post-thumbnail","category-economia"],"acf":{"antetitulo":""},"yoast_head":"<!-- This site is optimized with the Yoast SEO plugin v28.4 - https:\/\/yoast.com\/product\/yoast-seo-wordpress\/ -->\n<title>Bolivia entre los pa\u00edses con trabajadores \u201cmal pagados\u201d - El Diario - Bolivia<\/title>\n<meta name=\"robots\" content=\"index, follow, max-snippet:-1, max-image-preview:large, max-video-preview:-1\" \/>\n<link rel=\"canonical\" href=\"https:\/\/www.eldiario.net\/portal\/2024\/12\/12\/bolivia-entre-los-paises-con-trabajadores-mal-pagados\/\" \/>\n<meta property=\"og:locale\" content=\"es_ES\" \/>\n<meta property=\"og:type\" content=\"article\" \/>\n<meta property=\"og:title\" content=\"Bolivia entre los pa\u00edses con trabajadores \u201cmal pagados\u201d - El Diario - Bolivia\" \/>\n<meta property=\"og:description\" content=\"Bolivia en tercer lugar en Sudam\u00e9rica con los trabajadores mal pagados y en quinto lugar a nivel de Latinoam\u00e9rica, de acuerdo al \u00faltimo dato de la Organizaci\u00f3n Internacional de Trabajo (OIT) que se encuentra en su Informe Mundial sobre Salarios 2024-25: \u00bfEst\u00e1 disminuyendo la desigualdad salarial a nivel mundial? El informe es bastante detallado y [&hellip;]\" \/>\n<meta property=\"og:url\" content=\"https:\/\/www.eldiario.net\/portal\/2024\/12\/12\/bolivia-entre-los-paises-con-trabajadores-mal-pagados\/\" \/>\n<meta property=\"og:site_name\" content=\"El Diario - Bolivia\" \/>\n<meta property=\"article:publisher\" content=\"https:\/\/www.facebook.com\/eldiario.bolivia\/\" \/>\n<meta property=\"article:published_time\" content=\"2024-12-12T09:49:25+00:00\" \/>\n<meta property=\"og:image\" content=\"https:\/\/www.eldiario.net\/portal\/wp-content\/uploads\/2024\/12\/MAL-FOTO.jpg\" \/>\n\t<meta property=\"og:image:width\" content=\"800\" \/>\n\t<meta property=\"og:image:height\" content=\"450\" \/>\n\t<meta property=\"og:image:type\" content=\"image\/jpeg\" \/>\n<meta name=\"author\" content=\"Jeanette\" \/>\n<meta name=\"twitter:card\" content=\"summary_large_image\" \/>\n<meta name=\"twitter:creator\" content=\"@eldiario_net\" \/>\n<meta name=\"twitter:site\" content=\"@eldiario_net\" \/>\n<meta name=\"twitter:label1\" content=\"Escrito por\" \/>\n\t<meta name=\"twitter:data1\" content=\"Jeanette\" \/>\n\t<meta name=\"twitter:label2\" content=\"Tiempo de lectura\" \/>\n\t<meta name=\"twitter:data2\" content=\"3 minutos\" \/>\n<script type=\"application\/ld+json\" class=\"yoast-schema-graph\">{\"@context\":\"https:\\\/\\\/schema.org\",\"@graph\":[{\"@type\":\"Article\",\"@id\":\"https:\\\/\\\/www.eldiario.net\\\/portal\\\/2024\\\/12\\\/12\\\/bolivia-entre-los-paises-con-trabajadores-mal-pagados\\\/#article\",\"isPartOf\":{\"@id\":\"https:\\\/\\\/www.eldiario.net\\\/portal\\\/2024\\\/12\\\/12\\\/bolivia-entre-los-paises-con-trabajadores-mal-pagados\\\/\"},\"author\":{\"name\":\"Jeanette\",\"@id\":\"https:\\\/\\\/www.eldiario.net\\\/portal\\\/#\\\/schema\\\/person\\\/f46445640444750d7d753ccd04ae01b7\"},\"headline\":\"Bolivia entre los pa\u00edses con trabajadores \u201cmal pagados\u201d\",\"datePublished\":\"2024-12-12T09:49:25+00:00\",\"mainEntityOfPage\":{\"@id\":\"https:\\\/\\\/www.eldiario.net\\\/portal\\\/2024\\\/12\\\/12\\\/bolivia-entre-los-paises-con-trabajadores-mal-pagados\\\/\"},\"wordCount\":511,\"publisher\":{\"@id\":\"https:\\\/\\\/www.eldiario.net\\\/portal\\\/#organization\"},\"image\":{\"@id\":\"https:\\\/\\\/www.eldiario.net\\\/portal\\\/2024\\\/12\\\/12\\\/bolivia-entre-los-paises-con-trabajadores-mal-pagados\\\/#primaryimage\"},\"thumbnailUrl\":\"https:\\\/\\\/www.eldiario.net\\\/portal\\\/wp-content\\\/uploads\\\/2024\\\/12\\\/MAL-FOTO.jpg\",\"articleSection\":[\"Econom\u00eda\"],\"inLanguage\":\"es\"},{\"@type\":\"WebPage\",\"@id\":\"https:\\\/\\\/www.eldiario.net\\\/portal\\\/2024\\\/12\\\/12\\\/bolivia-entre-los-paises-con-trabajadores-mal-pagados\\\/\",\"url\":\"https:\\\/\\\/www.eldiario.net\\\/portal\\\/2024\\\/12\\\/12\\\/bolivia-entre-los-paises-con-trabajadores-mal-pagados\\\/\",\"name\":\"Bolivia entre los pa\u00edses con trabajadores \u201cmal pagados\u201d - El Diario - Bolivia\",\"isPartOf\":{\"@id\":\"https:\\\/\\\/www.eldiario.net\\\/portal\\\/#website\"},\"primaryImageOfPage\":{\"@id\":\"https:\\\/\\\/www.eldiario.net\\\/portal\\\/2024\\\/12\\\/12\\\/bolivia-entre-los-paises-con-trabajadores-mal-pagados\\\/#primaryimage\"},\"image\":{\"@id\":\"https:\\\/\\\/www.eldiario.net\\\/portal\\\/2024\\\/12\\\/12\\\/bolivia-entre-los-paises-con-trabajadores-mal-pagados\\\/#primaryimage\"},\"thumbnailUrl\":\"https:\\\/\\\/www.eldiario.net\\\/portal\\\/wp-content\\\/uploads\\\/2024\\\/12\\\/MAL-FOTO.jpg\",\"datePublished\":\"2024-12-12T09:49:25+00:00\",\"breadcrumb\":{\"@id\":\"https:\\\/\\\/www.eldiario.net\\\/portal\\\/2024\\\/12\\\/12\\\/bolivia-entre-los-paises-con-trabajadores-mal-pagados\\\/#breadcrumb\"},\"inLanguage\":\"es\",\"potentialAction\":[{\"@type\":\"ReadAction\",\"target\":[\"https:\\\/\\\/www.eldiario.net\\\/portal\\\/2024\\\/12\\\/12\\\/bolivia-entre-los-paises-con-trabajadores-mal-pagados\\\/\"]}]},{\"@type\":\"ImageObject\",\"inLanguage\":\"es\",\"@id\":\"https:\\\/\\\/www.eldiario.net\\\/portal\\\/2024\\\/12\\\/12\\\/bolivia-entre-los-paises-con-trabajadores-mal-pagados\\\/#primaryimage\",\"url\":\"https:\\\/\\\/www.eldiario.net\\\/portal\\\/wp-content\\\/uploads\\\/2024\\\/12\\\/MAL-FOTO.jpg\",\"contentUrl\":\"https:\\\/\\\/www.eldiario.net\\\/portal\\\/wp-content\\\/uploads\\\/2024\\\/12\\\/MAL-FOTO.jpg\",\"width\":800,\"height\":450},{\"@type\":\"BreadcrumbList\",\"@id\":\"https:\\\/\\\/www.eldiario.net\\\/portal\\\/2024\\\/12\\\/12\\\/bolivia-entre-los-paises-con-trabajadores-mal-pagados\\\/#breadcrumb\",\"itemListElement\":[{\"@type\":\"ListItem\",\"position\":1,\"name\":\"Portada\",\"item\":\"https:\\\/\\\/www.eldiario.net\\\/portal\\\/\"},{\"@type\":\"ListItem\",\"position\":2,\"name\":\"Bolivia entre los pa\u00edses con trabajadores \u201cmal pagados\u201d\"}]},{\"@type\":\"WebSite\",\"@id\":\"https:\\\/\\\/www.eldiario.net\\\/portal\\\/#website\",\"url\":\"https:\\\/\\\/www.eldiario.net\\\/portal\\\/\",\"name\":\"El Diario - Decano de la prensa nacional\",\"description\":\"El Diario - Decano de la prensa nacional\",\"publisher\":{\"@id\":\"https:\\\/\\\/www.eldiario.net\\\/portal\\\/#organization\"},\"potentialAction\":[{\"@type\":\"SearchAction\",\"target\":{\"@type\":\"EntryPoint\",\"urlTemplate\":\"https:\\\/\\\/www.eldiario.net\\\/portal\\\/?s={search_term_string}\"},\"query-input\":{\"@type\":\"PropertyValueSpecification\",\"valueRequired\":true,\"valueName\":\"search_term_string\"}}],\"inLanguage\":\"es\"},{\"@type\":\"Organization\",\"@id\":\"https:\\\/\\\/www.eldiario.net\\\/portal\\\/#organization\",\"name\":\"El Diario - Decano de la prensa nacional\",\"url\":\"https:\\\/\\\/www.eldiario.net\\\/portal\\\/\",\"logo\":{\"@type\":\"ImageObject\",\"inLanguage\":\"es\",\"@id\":\"https:\\\/\\\/www.eldiario.net\\\/portal\\\/#\\\/schema\\\/logo\\\/image\\\/\",\"url\":\"https:\\\/\\\/www.eldiario.net\\\/portal\\\/wp-content\\\/uploads\\\/2023\\\/07\\\/logo_ED.jpg\",\"contentUrl\":\"https:\\\/\\\/www.eldiario.net\\\/portal\\\/wp-content\\\/uploads\\\/2023\\\/07\\\/logo_ED.jpg\",\"width\":272,\"height\":52,\"caption\":\"El Diario - Decano de la prensa nacional\"},\"image\":{\"@id\":\"https:\\\/\\\/www.eldiario.net\\\/portal\\\/#\\\/schema\\\/logo\\\/image\\\/\"},\"sameAs\":[\"https:\\\/\\\/www.facebook.com\\\/eldiario.bolivia\\\/\",\"https:\\\/\\\/x.com\\\/eldiario_net\"]},{\"@type\":\"Person\",\"@id\":\"https:\\\/\\\/www.eldiario.net\\\/portal\\\/#\\\/schema\\\/person\\\/f46445640444750d7d753ccd04ae01b7\",\"name\":\"Jeanette\",\"image\":{\"@type\":\"ImageObject\",\"inLanguage\":\"es\",\"@id\":\"https:\\\/\\\/secure.gravatar.com\\\/avatar\\\/3ea2118a5f7dad2b7138b1187a6b7ee55f160b9968b66013c3a3ef39dd7e5798?s=96&d=mm&r=g\",\"url\":\"https:\\\/\\\/secure.gravatar.com\\\/avatar\\\/3ea2118a5f7dad2b7138b1187a6b7ee55f160b9968b66013c3a3ef39dd7e5798?s=96&d=mm&r=g\",\"contentUrl\":\"https:\\\/\\\/secure.gravatar.com\\\/avatar\\\/3ea2118a5f7dad2b7138b1187a6b7ee55f160b9968b66013c3a3ef39dd7e5798?s=96&d=mm&r=g\",\"caption\":\"Jeanette\"},\"sameAs\":[\"https:\\\/\\\/www.eldiario.net\\\/portal\"],\"url\":\"https:\\\/\\\/www.eldiario.net\\\/portal\\\/author\\\/jeanette\\\/\"}]}<\/script>\n<!-- \/ Yoast SEO plugin. -->","yoast_head_json":{"title":"Bolivia entre los pa\u00edses con trabajadores \u201cmal pagados\u201d - El Diario - Bolivia","robots":{"index":"index","follow":"follow","max-snippet":"max-snippet:-1","max-image-preview":"max-image-preview:large","max-video-preview":"max-video-preview:-1"},"canonical":"https:\/\/www.eldiario.net\/portal\/2024\/12\/12\/bolivia-entre-los-paises-con-trabajadores-mal-pagados\/","og_locale":"es_ES","og_type":"article","og_title":"Bolivia entre los pa\u00edses con trabajadores \u201cmal pagados\u201d - El Diario - Bolivia","og_description":"Bolivia en tercer lugar en Sudam\u00e9rica con los trabajadores mal pagados y en quinto lugar a nivel de Latinoam\u00e9rica, de acuerdo al \u00faltimo dato de la Organizaci\u00f3n Internacional de Trabajo (OIT) que se encuentra en su Informe Mundial sobre Salarios 2024-25: \u00bfEst\u00e1 disminuyendo la desigualdad salarial a nivel mundial? El informe es bastante detallado y [&hellip;]","og_url":"https:\/\/www.eldiario.net\/portal\/2024\/12\/12\/bolivia-entre-los-paises-con-trabajadores-mal-pagados\/","og_site_name":"El Diario - Bolivia","article_publisher":"https:\/\/www.facebook.com\/eldiario.bolivia\/","article_published_time":"2024-12-12T09:49:25+00:00","og_image":[{"width":800,"height":450,"url":"https:\/\/www.eldiario.net\/portal\/wp-content\/uploads\/2024\/12\/MAL-FOTO.jpg","type":"image\/jpeg"}],"author":"Jeanette","twitter_card":"summary_large_image","twitter_creator":"@eldiario_net","twitter_site":"@eldiario_net","twitter_misc":{"Escrito por":"Jeanette","Tiempo de lectura":"3 minutos"},"schema":{"@context":"https:\/\/schema.org","@graph":[{"@type":"Article","@id":"https:\/\/www.eldiario.net\/portal\/2024\/12\/12\/bolivia-entre-los-paises-con-trabajadores-mal-pagados\/#article","isPartOf":{"@id":"https:\/\/www.eldiario.net\/portal\/2024\/12\/12\/bolivia-entre-los-paises-con-trabajadores-mal-pagados\/"},"author":{"name":"Jeanette","@id":"https:\/\/www.eldiario.net\/portal\/#\/schema\/person\/f46445640444750d7d753ccd04ae01b7"},"headline":"Bolivia entre los pa\u00edses con trabajadores \u201cmal pagados\u201d","datePublished":"2024-12-12T09:49:25+00:00","mainEntityOfPage":{"@id":"https:\/\/www.eldiario.net\/portal\/2024\/12\/12\/bolivia-entre-los-paises-con-trabajadores-mal-pagados\/"},"wordCount":511,"publisher":{"@id":"https:\/\/www.eldiario.net\/portal\/#organization"},"image":{"@id":"https:\/\/www.eldiario.net\/portal\/2024\/12\/12\/bolivia-entre-los-paises-con-trabajadores-mal-pagados\/#primaryimage"},"thumbnailUrl":"https:\/\/www.eldiario.net\/portal\/wp-content\/uploads\/2024\/12\/MAL-FOTO.jpg","articleSection":["Econom\u00eda"],"inLanguage":"es"},{"@type":"WebPage","@id":"https:\/\/www.eldiario.net\/portal\/2024\/12\/12\/bolivia-entre-los-paises-con-trabajadores-mal-pagados\/","url":"https:\/\/www.eldiario.net\/portal\/2024\/12\/12\/bolivia-entre-los-paises-con-trabajadores-mal-pagados\/","name":"Bolivia entre los pa\u00edses con trabajadores \u201cmal pagados\u201d - El Diario - Bolivia","isPartOf":{"@id":"https:\/\/www.eldiario.net\/portal\/#website"},"primaryImageOfPage":{"@id":"https:\/\/www.eldiario.net\/portal\/2024\/12\/12\/bolivia-entre-los-paises-con-trabajadores-mal-pagados\/#primaryimage"},"image":{"@id":"https:\/\/www.eldiario.net\/portal\/2024\/12\/12\/bolivia-entre-los-paises-con-trabajadores-mal-pagados\/#primaryimage"},"thumbnailUrl":"https:\/\/www.eldiario.net\/portal\/wp-content\/uploads\/2024\/12\/MAL-FOTO.jpg","datePublished":"2024-12-12T09:49:25+00:00","breadcrumb":{"@id":"https:\/\/www.eldiario.net\/portal\/2024\/12\/12\/bolivia-entre-los-paises-con-trabajadores-mal-pagados\/#breadcrumb"},"inLanguage":"es","potentialAction":[{"@type":"ReadAction","target":["https:\/\/www.eldiario.net\/portal\/2024\/12\/12\/bolivia-entre-los-paises-con-trabajadores-mal-pagados\/"]}]},{"@type":"ImageObject","inLanguage":"es","@id":"https:\/\/www.eldiario.net\/portal\/2024\/12\/12\/bolivia-entre-los-paises-con-trabajadores-mal-pagados\/#primaryimage","url":"https:\/\/www.eldiario.net\/portal\/wp-content\/uploads\/2024\/12\/MAL-FOTO.jpg","contentUrl":"https:\/\/www.eldiario.net\/portal\/wp-content\/uploads\/2024\/12\/MAL-FOTO.jpg","width":800,"height":450},{"@type":"BreadcrumbList","@id":"https:\/\/www.eldiario.net\/portal\/2024\/12\/12\/bolivia-entre-los-paises-con-trabajadores-mal-pagados\/#breadcrumb","itemListElement":[{"@type":"ListItem","position":1,"name":"Portada","item":"https:\/\/www.eldiario.net\/portal\/"},{"@type":"ListItem","position":2,"name":"Bolivia entre los pa\u00edses con trabajadores \u201cmal pagados\u201d"}]},{"@type":"WebSite","@id":"https:\/\/www.eldiario.net\/portal\/#website","url":"https:\/\/www.eldiario.net\/portal\/","name":"El Diario - Decano de la prensa nacional","description":"El Diario - Decano de la prensa nacional","publisher":{"@id":"https:\/\/www.eldiario.net\/portal\/#organization"},"potentialAction":[{"@type":"SearchAction","target":{"@type":"EntryPoint","urlTemplate":"https:\/\/www.eldiario.net\/portal\/?s={search_term_string}"},"query-input":{"@type":"PropertyValueSpecification","valueRequired":true,"valueName":"search_term_string"}}],"inLanguage":"es"},{"@type":"Organization","@id":"https:\/\/www.eldiario.net\/portal\/#organization","name":"El Diario - Decano de la prensa nacional","url":"https:\/\/www.eldiario.net\/portal\/","logo":{"@type":"ImageObject","inLanguage":"es","@id":"https:\/\/www.eldiario.net\/portal\/#\/schema\/logo\/image\/","url":"https:\/\/www.eldiario.net\/portal\/wp-content\/uploads\/2023\/07\/logo_ED.jpg","contentUrl":"https:\/\/www.eldiario.net\/portal\/wp-content\/uploads\/2023\/07\/logo_ED.jpg","width":272,"height":52,"caption":"El Diario - Decano de la prensa nacional"},"image":{"@id":"https:\/\/www.eldiario.net\/portal\/#\/schema\/logo\/image\/"},"sameAs":["https:\/\/www.facebook.com\/eldiario.bolivia\/","https:\/\/x.com\/eldiario_net"]},{"@type":"Person","@id":"https:\/\/www.eldiario.net\/portal\/#\/schema\/person\/f46445640444750d7d753ccd04ae01b7","name":"Jeanette","image":{"@type":"ImageObject","inLanguage":"es","@id":"https:\/\/secure.gravatar.com\/avatar\/3ea2118a5f7dad2b7138b1187a6b7ee55f160b9968b66013c3a3ef39dd7e5798?s=96&d=mm&r=g","url":"https:\/\/secure.gravatar.com\/avatar\/3ea2118a5f7dad2b7138b1187a6b7ee55f160b9968b66013c3a3ef39dd7e5798?s=96&d=mm&r=g","contentUrl":"https:\/\/secure.gravatar.com\/avatar\/3ea2118a5f7dad2b7138b1187a6b7ee55f160b9968b66013c3a3ef39dd7e5798?s=96&d=mm&r=g","caption":"Jeanette"},"sameAs":["https:\/\/www.eldiario.net\/portal"],"url":"https:\/\/www.eldiario.net\/portal\/author\/jeanette\/"}]}},"_links":{"self":[{"href":"https:\/\/www.eldiario.net\/portal\/wp-json\/wp\/v2\/posts\/267427","targetHints":{"allow":["GET"]}}],"collection":[{"href":"https:\/\/www.eldiario.net\/portal\/wp-json\/wp\/v2\/posts"}],"about":[{"href":"https:\/\/www.eldiario.net\/portal\/wp-json\/wp\/v2\/types\/post"}],"author":[{"embeddable":true,"href":"https:\/\/www.eldiario.net\/portal\/wp-json\/wp\/v2\/users\/1"}],"replies":[{"embeddable":true,"href":"https:\/\/www.eldiario.net\/portal\/wp-json\/wp\/v2\/comments?post=267427"}],"version-history":[{"count":1,"href":"https:\/\/www.eldiario.net\/portal\/wp-json\/wp\/v2\/posts\/267427\/revisions"}],"predecessor-version":[{"id":267429,"href":"https:\/\/www.eldiario.net\/portal\/wp-json\/wp\/v2\/posts\/267427\/revisions\/267429"}],"wp:featuredmedia":[{"embeddable":true,"href":"https:\/\/www.eldiario.net\/portal\/wp-json\/wp\/v2\/media\/267428"}],"wp:attachment":[{"href":"https:\/\/www.eldiario.net\/portal\/wp-json\/wp\/v2\/media?parent=267427"}],"wp:term":[{"taxonomy":"category","embeddable":true,"href":"https:\/\/www.eldiario.net\/portal\/wp-json\/wp\/v2\/categories?post=267427"},{"taxonomy":"post_tag","embeddable":true,"href":"https:\/\/www.eldiario.net\/portal\/wp-json\/wp\/v2\/tags?post=267427"}],"curies":[{"name":"wp","href":"https:\/\/api.w.org\/{rel}","templated":true}]}}