{"id":267424,"date":"2024-12-12T05:48:56","date_gmt":"2024-12-12T09:48:56","guid":{"rendered":"https:\/\/www.eldiario.net\/portal\/?p=267424"},"modified":"2024-12-12T05:48:56","modified_gmt":"2024-12-12T09:48:56","slug":"concluye-con-exito-decimo-programa-de-liderazgo-emprendimiento-e-innovacion-2024","status":"publish","type":"post","link":"https:\/\/www.eldiario.net\/portal\/2024\/12\/12\/concluye-con-exito-decimo-programa-de-liderazgo-emprendimiento-e-innovacion-2024\/","title":{"rendered":"Concluye con \u00e9xito d\u00e9cimo Programa de  Liderazgo, Emprendimiento e Innovaci\u00f3n 2024"},"content":{"rendered":"<p>La Fundaci\u00f3n Emprender Futuro realiz\u00f3 la clausura de la d\u00e9cima versi\u00f3n del Programa de Liderazgo, Emprendimiento e Innovaci\u00f3n (PLEI) 2024, un espacio que durante 12 semanas transform\u00f3 a empresarios y emprendedores bolivianos en l\u00edderes equipados para globalizar e innovar en sus negocios.<\/p>\n<p>\u201cPLEI es m\u00e1s que una capacitaci\u00f3n, es un espacio de crecimiento y transformaci\u00f3n empresarial, personal y profesional. Este programa les ofrece a los emprendedores herramientas pr\u00e1cticas para so\u00f1ar en grande y hacer realidad sus objetivos,\u201d destac\u00f3 Allison Silva, directora ejecutiva de la Fundaci\u00f3n Emprender Futuro.<\/p>\n<p>Este a\u00f1o, los participantes, seleccionados de un total de m\u00e1s de 350 postulaciones, desarrollaron estrategias de internacionalizaci\u00f3n y redes empresariales mientras fortalec\u00edan sus capacidades clave para enfrentar los desaf\u00edos del mercado global.<\/p>\n<p>El programa cerr\u00f3 con una ronda de presentaciones ejecutivas de sus emprendimientos ante un jurado experto en el desarrollo empresarial. Al finalizar se brind\u00f3 reconocimientos a las tres mejores presentaciones: Ana Paola Gonz\u00e1les de 7FamiliasDairy , Mar\u00eda Jos\u00e9 Erquicia de La Maison Deco y Gladys Chambi que lidera la empresa Innovaci\u00f3n y Tecnolog\u00eda de M\u00e1quinas (ITM).<\/p>\n<p>&nbsp;<\/p>\n<p>PLEI, reconocido como un programa de formaci\u00f3n empresarial de alto impacto, reafirma su misi\u00f3n de impulsar la innovaci\u00f3n, la tecnolog\u00eda y el liderazgo estrat\u00e9gico en Bolivia.<\/p>\n<p>\u201cEste programa me ha ayudado de muchas maneras desde la forma que tengo que manejar mis finanzas, el marketing y mi planificaci\u00f3n estrat\u00e9gica\u201d expres\u00f3 Gladys Chambi, gerente de la empresa Innovaci\u00f3n y Tecnolog\u00eda de M\u00e1quinas (ITM), cuya presentaci\u00f3n de su negocio fue una de las m\u00e1s destacadas.<\/p>\n<p>Asimismo, Diego Casas l\u00edder de Cielo Mall, unos de los centros comerciales m\u00e1s importantes de la ciudad de El Alto, destac\u00f3: \u201cPLEI me ha servido demasiado, estoy muy agradecido con todos los mentores puedo decir que tengo las armas para liderar mi directorio, la empresa y muchas m\u00e1s, el siguiente paso es el mundo\u201d.<\/p>\n<p>De esa manera los participantes graduados destacaron el aporte del programa PLEI al desarrollo de sus emprendimientos.<\/p>\n<p>Desde su creaci\u00f3n, el Programa de Liderazgo, Emprendimiento e Innovaci\u00f3n (PLEI) ha beneficiado a m\u00e1s de 400 empresarios de distintas regiones de Bolivia, gracias a sus alianzas estrat\u00e9gicas con instituciones como la C\u00e1mara Nacional de Industrias, C\u00e1mara Nacional Comercio (CNC), DHL y el Global Competitiveness Leadership Program de la Universidad de Georgetown.<\/p>\n<p>Con la clausura de esta d\u00e9cima edici\u00f3n, PLEI 2024 contin\u00faa construyendo un legado de impacto que contin\u00faa inspirando a los emprendedores bolivianos a conquistar nuevas fronteras, transformando sus sue\u00f1os en realidades empresariales sostenibles y de alto rendimiento.<\/p>\n","protected":false},"excerpt":{"rendered":"<p>La Fundaci\u00f3n Emprender Futuro realiz\u00f3 la clausura de la d\u00e9cima versi\u00f3n del Programa de Liderazgo, Emprendimiento e Innovaci\u00f3n (PLEI) 2024, un espacio que durante 12 semanas transform\u00f3 a empresarios y emprendedores bolivianos en l\u00edderes equipados para globalizar e innovar en sus negocios. \u201cPLEI es m\u00e1s que una capacitaci\u00f3n, es un espacio de crecimiento y transformaci\u00f3n [&hellip;]<\/p>\n","protected":false},"author":1,"featured_media":267425,"comment_status":"closed","ping_status":"open","sticky":false,"template":"","format":"standard","meta":{"_acf_changed":false,"footnotes":""},"categories":[7],"tags":[],"class_list":["post-267424","post","type-post","status-publish","format-standard","has-post-thumbnail","category-economia"],"acf":{"antetitulo":"Empresarios y emprendedores bolivianos"},"yoast_head":"<!-- This site is optimized with the Yoast SEO plugin v28.4 - https:\/\/yoast.com\/product\/yoast-seo-wordpress\/ -->\n<title>Concluye con \u00e9xito d\u00e9cimo Programa de Liderazgo, Emprendimiento e Innovaci\u00f3n 2024 - El Diario - Bolivia<\/title>\n<meta name=\"robots\" content=\"index, follow, max-snippet:-1, max-image-preview:large, max-video-preview:-1\" \/>\n<link rel=\"canonical\" href=\"https:\/\/www.eldiario.net\/portal\/2024\/12\/12\/concluye-con-exito-decimo-programa-de-liderazgo-emprendimiento-e-innovacion-2024\/\" \/>\n<meta property=\"og:locale\" content=\"es_ES\" \/>\n<meta property=\"og:type\" content=\"article\" \/>\n<meta property=\"og:title\" content=\"Concluye con \u00e9xito d\u00e9cimo Programa de Liderazgo, Emprendimiento e Innovaci\u00f3n 2024 - El Diario - Bolivia\" \/>\n<meta property=\"og:description\" content=\"La Fundaci\u00f3n Emprender Futuro realiz\u00f3 la clausura de la d\u00e9cima versi\u00f3n del Programa de Liderazgo, Emprendimiento e Innovaci\u00f3n (PLEI) 2024, un espacio que durante 12 semanas transform\u00f3 a empresarios y emprendedores bolivianos en l\u00edderes equipados para globalizar e innovar en sus negocios. \u201cPLEI es m\u00e1s que una capacitaci\u00f3n, es un espacio de crecimiento y transformaci\u00f3n [&hellip;]\" \/>\n<meta property=\"og:url\" content=\"https:\/\/www.eldiario.net\/portal\/2024\/12\/12\/concluye-con-exito-decimo-programa-de-liderazgo-emprendimiento-e-innovacion-2024\/\" \/>\n<meta property=\"og:site_name\" content=\"El Diario - Bolivia\" \/>\n<meta property=\"article:publisher\" content=\"https:\/\/www.facebook.com\/eldiario.bolivia\/\" \/>\n<meta property=\"article:published_time\" content=\"2024-12-12T09:48:56+00:00\" \/>\n<meta property=\"og:image\" content=\"https:\/\/www.eldiario.net\/portal\/wp-content\/uploads\/2024\/12\/PLEI-FOTO.jpg\" \/>\n\t<meta property=\"og:image:width\" content=\"1080\" \/>\n\t<meta property=\"og:image:height\" content=\"750\" \/>\n\t<meta property=\"og:image:type\" content=\"image\/jpeg\" \/>\n<meta name=\"author\" content=\"Jeanette\" \/>\n<meta name=\"twitter:card\" content=\"summary_large_image\" \/>\n<meta name=\"twitter:creator\" content=\"@eldiario_net\" \/>\n<meta name=\"twitter:site\" content=\"@eldiario_net\" \/>\n<meta name=\"twitter:label1\" content=\"Escrito por\" \/>\n\t<meta name=\"twitter:data1\" content=\"Jeanette\" \/>\n\t<meta name=\"twitter:label2\" content=\"Tiempo de lectura\" \/>\n\t<meta name=\"twitter:data2\" content=\"3 minutos\" \/>\n<script type=\"application\/ld+json\" class=\"yoast-schema-graph\">{\"@context\":\"https:\\\/\\\/schema.org\",\"@graph\":[{\"@type\":\"Article\",\"@id\":\"https:\\\/\\\/www.eldiario.net\\\/portal\\\/2024\\\/12\\\/12\\\/concluye-con-exito-decimo-programa-de-liderazgo-emprendimiento-e-innovacion-2024\\\/#article\",\"isPartOf\":{\"@id\":\"https:\\\/\\\/www.eldiario.net\\\/portal\\\/2024\\\/12\\\/12\\\/concluye-con-exito-decimo-programa-de-liderazgo-emprendimiento-e-innovacion-2024\\\/\"},\"author\":{\"name\":\"Jeanette\",\"@id\":\"https:\\\/\\\/www.eldiario.net\\\/portal\\\/#\\\/schema\\\/person\\\/f46445640444750d7d753ccd04ae01b7\"},\"headline\":\"Concluye con \u00e9xito d\u00e9cimo Programa de Liderazgo, Emprendimiento e Innovaci\u00f3n 2024\",\"datePublished\":\"2024-12-12T09:48:56+00:00\",\"mainEntityOfPage\":{\"@id\":\"https:\\\/\\\/www.eldiario.net\\\/portal\\\/2024\\\/12\\\/12\\\/concluye-con-exito-decimo-programa-de-liderazgo-emprendimiento-e-innovacion-2024\\\/\"},\"wordCount\":462,\"publisher\":{\"@id\":\"https:\\\/\\\/www.eldiario.net\\\/portal\\\/#organization\"},\"image\":{\"@id\":\"https:\\\/\\\/www.eldiario.net\\\/portal\\\/2024\\\/12\\\/12\\\/concluye-con-exito-decimo-programa-de-liderazgo-emprendimiento-e-innovacion-2024\\\/#primaryimage\"},\"thumbnailUrl\":\"https:\\\/\\\/www.eldiario.net\\\/portal\\\/wp-content\\\/uploads\\\/2024\\\/12\\\/PLEI-FOTO.jpg\",\"articleSection\":[\"Econom\u00eda\"],\"inLanguage\":\"es\"},{\"@type\":\"WebPage\",\"@id\":\"https:\\\/\\\/www.eldiario.net\\\/portal\\\/2024\\\/12\\\/12\\\/concluye-con-exito-decimo-programa-de-liderazgo-emprendimiento-e-innovacion-2024\\\/\",\"url\":\"https:\\\/\\\/www.eldiario.net\\\/portal\\\/2024\\\/12\\\/12\\\/concluye-con-exito-decimo-programa-de-liderazgo-emprendimiento-e-innovacion-2024\\\/\",\"name\":\"Concluye con \u00e9xito d\u00e9cimo Programa de Liderazgo, Emprendimiento e Innovaci\u00f3n 2024 - El Diario - Bolivia\",\"isPartOf\":{\"@id\":\"https:\\\/\\\/www.eldiario.net\\\/portal\\\/#website\"},\"primaryImageOfPage\":{\"@id\":\"https:\\\/\\\/www.eldiario.net\\\/portal\\\/2024\\\/12\\\/12\\\/concluye-con-exito-decimo-programa-de-liderazgo-emprendimiento-e-innovacion-2024\\\/#primaryimage\"},\"image\":{\"@id\":\"https:\\\/\\\/www.eldiario.net\\\/portal\\\/2024\\\/12\\\/12\\\/concluye-con-exito-decimo-programa-de-liderazgo-emprendimiento-e-innovacion-2024\\\/#primaryimage\"},\"thumbnailUrl\":\"https:\\\/\\\/www.eldiario.net\\\/portal\\\/wp-content\\\/uploads\\\/2024\\\/12\\\/PLEI-FOTO.jpg\",\"datePublished\":\"2024-12-12T09:48:56+00:00\",\"breadcrumb\":{\"@id\":\"https:\\\/\\\/www.eldiario.net\\\/portal\\\/2024\\\/12\\\/12\\\/concluye-con-exito-decimo-programa-de-liderazgo-emprendimiento-e-innovacion-2024\\\/#breadcrumb\"},\"inLanguage\":\"es\",\"potentialAction\":[{\"@type\":\"ReadAction\",\"target\":[\"https:\\\/\\\/www.eldiario.net\\\/portal\\\/2024\\\/12\\\/12\\\/concluye-con-exito-decimo-programa-de-liderazgo-emprendimiento-e-innovacion-2024\\\/\"]}]},{\"@type\":\"ImageObject\",\"inLanguage\":\"es\",\"@id\":\"https:\\\/\\\/www.eldiario.net\\\/portal\\\/2024\\\/12\\\/12\\\/concluye-con-exito-decimo-programa-de-liderazgo-emprendimiento-e-innovacion-2024\\\/#primaryimage\",\"url\":\"https:\\\/\\\/www.eldiario.net\\\/portal\\\/wp-content\\\/uploads\\\/2024\\\/12\\\/PLEI-FOTO.jpg\",\"contentUrl\":\"https:\\\/\\\/www.eldiario.net\\\/portal\\\/wp-content\\\/uploads\\\/2024\\\/12\\\/PLEI-FOTO.jpg\",\"width\":1080,\"height\":750,\"caption\":\"PARTICIPANTES EN EL PLEI 2024. FOTO: FUNDACI\u00d3N EMPRENDER FUTURO\"},{\"@type\":\"BreadcrumbList\",\"@id\":\"https:\\\/\\\/www.eldiario.net\\\/portal\\\/2024\\\/12\\\/12\\\/concluye-con-exito-decimo-programa-de-liderazgo-emprendimiento-e-innovacion-2024\\\/#breadcrumb\",\"itemListElement\":[{\"@type\":\"ListItem\",\"position\":1,\"name\":\"Portada\",\"item\":\"https:\\\/\\\/www.eldiario.net\\\/portal\\\/\"},{\"@type\":\"ListItem\",\"position\":2,\"name\":\"Concluye con \u00e9xito d\u00e9cimo Programa de Liderazgo, Emprendimiento e Innovaci\u00f3n 2024\"}]},{\"@type\":\"WebSite\",\"@id\":\"https:\\\/\\\/www.eldiario.net\\\/portal\\\/#website\",\"url\":\"https:\\\/\\\/www.eldiario.net\\\/portal\\\/\",\"name\":\"El Diario - Decano de la prensa nacional\",\"description\":\"El Diario - Decano de la prensa nacional\",\"publisher\":{\"@id\":\"https:\\\/\\\/www.eldiario.net\\\/portal\\\/#organization\"},\"potentialAction\":[{\"@type\":\"SearchAction\",\"target\":{\"@type\":\"EntryPoint\",\"urlTemplate\":\"https:\\\/\\\/www.eldiario.net\\\/portal\\\/?s={search_term_string}\"},\"query-input\":{\"@type\":\"PropertyValueSpecification\",\"valueRequired\":true,\"valueName\":\"search_term_string\"}}],\"inLanguage\":\"es\"},{\"@type\":\"Organization\",\"@id\":\"https:\\\/\\\/www.eldiario.net\\\/portal\\\/#organization\",\"name\":\"El Diario - Decano de la prensa nacional\",\"url\":\"https:\\\/\\\/www.eldiario.net\\\/portal\\\/\",\"logo\":{\"@type\":\"ImageObject\",\"inLanguage\":\"es\",\"@id\":\"https:\\\/\\\/www.eldiario.net\\\/portal\\\/#\\\/schema\\\/logo\\\/image\\\/\",\"url\":\"https:\\\/\\\/www.eldiario.net\\\/portal\\\/wp-content\\\/uploads\\\/2023\\\/07\\\/logo_ED.jpg\",\"contentUrl\":\"https:\\\/\\\/www.eldiario.net\\\/portal\\\/wp-content\\\/uploads\\\/2023\\\/07\\\/logo_ED.jpg\",\"width\":272,\"height\":52,\"caption\":\"El Diario - Decano de la prensa nacional\"},\"image\":{\"@id\":\"https:\\\/\\\/www.eldiario.net\\\/portal\\\/#\\\/schema\\\/logo\\\/image\\\/\"},\"sameAs\":[\"https:\\\/\\\/www.facebook.com\\\/eldiario.bolivia\\\/\",\"https:\\\/\\\/x.com\\\/eldiario_net\"]},{\"@type\":\"Person\",\"@id\":\"https:\\\/\\\/www.eldiario.net\\\/portal\\\/#\\\/schema\\\/person\\\/f46445640444750d7d753ccd04ae01b7\",\"name\":\"Jeanette\",\"image\":{\"@type\":\"ImageObject\",\"inLanguage\":\"es\",\"@id\":\"https:\\\/\\\/secure.gravatar.com\\\/avatar\\\/3ea2118a5f7dad2b7138b1187a6b7ee55f160b9968b66013c3a3ef39dd7e5798?s=96&d=mm&r=g\",\"url\":\"https:\\\/\\\/secure.gravatar.com\\\/avatar\\\/3ea2118a5f7dad2b7138b1187a6b7ee55f160b9968b66013c3a3ef39dd7e5798?s=96&d=mm&r=g\",\"contentUrl\":\"https:\\\/\\\/secure.gravatar.com\\\/avatar\\\/3ea2118a5f7dad2b7138b1187a6b7ee55f160b9968b66013c3a3ef39dd7e5798?s=96&d=mm&r=g\",\"caption\":\"Jeanette\"},\"sameAs\":[\"https:\\\/\\\/www.eldiario.net\\\/portal\"],\"url\":\"https:\\\/\\\/www.eldiario.net\\\/portal\\\/author\\\/jeanette\\\/\"}]}<\/script>\n<!-- \/ Yoast SEO plugin. -->","yoast_head_json":{"title":"Concluye con \u00e9xito d\u00e9cimo Programa de Liderazgo, Emprendimiento e Innovaci\u00f3n 2024 - El Diario - Bolivia","robots":{"index":"index","follow":"follow","max-snippet":"max-snippet:-1","max-image-preview":"max-image-preview:large","max-video-preview":"max-video-preview:-1"},"canonical":"https:\/\/www.eldiario.net\/portal\/2024\/12\/12\/concluye-con-exito-decimo-programa-de-liderazgo-emprendimiento-e-innovacion-2024\/","og_locale":"es_ES","og_type":"article","og_title":"Concluye con \u00e9xito d\u00e9cimo Programa de Liderazgo, Emprendimiento e Innovaci\u00f3n 2024 - El Diario - Bolivia","og_description":"La Fundaci\u00f3n Emprender Futuro realiz\u00f3 la clausura de la d\u00e9cima versi\u00f3n del Programa de Liderazgo, Emprendimiento e Innovaci\u00f3n (PLEI) 2024, un espacio que durante 12 semanas transform\u00f3 a empresarios y emprendedores bolivianos en l\u00edderes equipados para globalizar e innovar en sus negocios. \u201cPLEI es m\u00e1s que una capacitaci\u00f3n, es un espacio de crecimiento y transformaci\u00f3n [&hellip;]","og_url":"https:\/\/www.eldiario.net\/portal\/2024\/12\/12\/concluye-con-exito-decimo-programa-de-liderazgo-emprendimiento-e-innovacion-2024\/","og_site_name":"El Diario - Bolivia","article_publisher":"https:\/\/www.facebook.com\/eldiario.bolivia\/","article_published_time":"2024-12-12T09:48:56+00:00","og_image":[{"width":1080,"height":750,"url":"https:\/\/www.eldiario.net\/portal\/wp-content\/uploads\/2024\/12\/PLEI-FOTO.jpg","type":"image\/jpeg"}],"author":"Jeanette","twitter_card":"summary_large_image","twitter_creator":"@eldiario_net","twitter_site":"@eldiario_net","twitter_misc":{"Escrito por":"Jeanette","Tiempo de lectura":"3 minutos"},"schema":{"@context":"https:\/\/schema.org","@graph":[{"@type":"Article","@id":"https:\/\/www.eldiario.net\/portal\/2024\/12\/12\/concluye-con-exito-decimo-programa-de-liderazgo-emprendimiento-e-innovacion-2024\/#article","isPartOf":{"@id":"https:\/\/www.eldiario.net\/portal\/2024\/12\/12\/concluye-con-exito-decimo-programa-de-liderazgo-emprendimiento-e-innovacion-2024\/"},"author":{"name":"Jeanette","@id":"https:\/\/www.eldiario.net\/portal\/#\/schema\/person\/f46445640444750d7d753ccd04ae01b7"},"headline":"Concluye con \u00e9xito d\u00e9cimo Programa de Liderazgo, Emprendimiento e Innovaci\u00f3n 2024","datePublished":"2024-12-12T09:48:56+00:00","mainEntityOfPage":{"@id":"https:\/\/www.eldiario.net\/portal\/2024\/12\/12\/concluye-con-exito-decimo-programa-de-liderazgo-emprendimiento-e-innovacion-2024\/"},"wordCount":462,"publisher":{"@id":"https:\/\/www.eldiario.net\/portal\/#organization"},"image":{"@id":"https:\/\/www.eldiario.net\/portal\/2024\/12\/12\/concluye-con-exito-decimo-programa-de-liderazgo-emprendimiento-e-innovacion-2024\/#primaryimage"},"thumbnailUrl":"https:\/\/www.eldiario.net\/portal\/wp-content\/uploads\/2024\/12\/PLEI-FOTO.jpg","articleSection":["Econom\u00eda"],"inLanguage":"es"},{"@type":"WebPage","@id":"https:\/\/www.eldiario.net\/portal\/2024\/12\/12\/concluye-con-exito-decimo-programa-de-liderazgo-emprendimiento-e-innovacion-2024\/","url":"https:\/\/www.eldiario.net\/portal\/2024\/12\/12\/concluye-con-exito-decimo-programa-de-liderazgo-emprendimiento-e-innovacion-2024\/","name":"Concluye con \u00e9xito d\u00e9cimo Programa de Liderazgo, Emprendimiento e Innovaci\u00f3n 2024 - El Diario - Bolivia","isPartOf":{"@id":"https:\/\/www.eldiario.net\/portal\/#website"},"primaryImageOfPage":{"@id":"https:\/\/www.eldiario.net\/portal\/2024\/12\/12\/concluye-con-exito-decimo-programa-de-liderazgo-emprendimiento-e-innovacion-2024\/#primaryimage"},"image":{"@id":"https:\/\/www.eldiario.net\/portal\/2024\/12\/12\/concluye-con-exito-decimo-programa-de-liderazgo-emprendimiento-e-innovacion-2024\/#primaryimage"},"thumbnailUrl":"https:\/\/www.eldiario.net\/portal\/wp-content\/uploads\/2024\/12\/PLEI-FOTO.jpg","datePublished":"2024-12-12T09:48:56+00:00","breadcrumb":{"@id":"https:\/\/www.eldiario.net\/portal\/2024\/12\/12\/concluye-con-exito-decimo-programa-de-liderazgo-emprendimiento-e-innovacion-2024\/#breadcrumb"},"inLanguage":"es","potentialAction":[{"@type":"ReadAction","target":["https:\/\/www.eldiario.net\/portal\/2024\/12\/12\/concluye-con-exito-decimo-programa-de-liderazgo-emprendimiento-e-innovacion-2024\/"]}]},{"@type":"ImageObject","inLanguage":"es","@id":"https:\/\/www.eldiario.net\/portal\/2024\/12\/12\/concluye-con-exito-decimo-programa-de-liderazgo-emprendimiento-e-innovacion-2024\/#primaryimage","url":"https:\/\/www.eldiario.net\/portal\/wp-content\/uploads\/2024\/12\/PLEI-FOTO.jpg","contentUrl":"https:\/\/www.eldiario.net\/portal\/wp-content\/uploads\/2024\/12\/PLEI-FOTO.jpg","width":1080,"height":750,"caption":"PARTICIPANTES EN EL PLEI 2024. FOTO: FUNDACI\u00d3N EMPRENDER FUTURO"},{"@type":"BreadcrumbList","@id":"https:\/\/www.eldiario.net\/portal\/2024\/12\/12\/concluye-con-exito-decimo-programa-de-liderazgo-emprendimiento-e-innovacion-2024\/#breadcrumb","itemListElement":[{"@type":"ListItem","position":1,"name":"Portada","item":"https:\/\/www.eldiario.net\/portal\/"},{"@type":"ListItem","position":2,"name":"Concluye con \u00e9xito d\u00e9cimo Programa de Liderazgo, Emprendimiento e Innovaci\u00f3n 2024"}]},{"@type":"WebSite","@id":"https:\/\/www.eldiario.net\/portal\/#website","url":"https:\/\/www.eldiario.net\/portal\/","name":"El Diario - Decano de la prensa nacional","description":"El Diario - Decano de la prensa nacional","publisher":{"@id":"https:\/\/www.eldiario.net\/portal\/#organization"},"potentialAction":[{"@type":"SearchAction","target":{"@type":"EntryPoint","urlTemplate":"https:\/\/www.eldiario.net\/portal\/?s={search_term_string}"},"query-input":{"@type":"PropertyValueSpecification","valueRequired":true,"valueName":"search_term_string"}}],"inLanguage":"es"},{"@type":"Organization","@id":"https:\/\/www.eldiario.net\/portal\/#organization","name":"El Diario - Decano de la prensa nacional","url":"https:\/\/www.eldiario.net\/portal\/","logo":{"@type":"ImageObject","inLanguage":"es","@id":"https:\/\/www.eldiario.net\/portal\/#\/schema\/logo\/image\/","url":"https:\/\/www.eldiario.net\/portal\/wp-content\/uploads\/2023\/07\/logo_ED.jpg","contentUrl":"https:\/\/www.eldiario.net\/portal\/wp-content\/uploads\/2023\/07\/logo_ED.jpg","width":272,"height":52,"caption":"El Diario - Decano de la prensa nacional"},"image":{"@id":"https:\/\/www.eldiario.net\/portal\/#\/schema\/logo\/image\/"},"sameAs":["https:\/\/www.facebook.com\/eldiario.bolivia\/","https:\/\/x.com\/eldiario_net"]},{"@type":"Person","@id":"https:\/\/www.eldiario.net\/portal\/#\/schema\/person\/f46445640444750d7d753ccd04ae01b7","name":"Jeanette","image":{"@type":"ImageObject","inLanguage":"es","@id":"https:\/\/secure.gravatar.com\/avatar\/3ea2118a5f7dad2b7138b1187a6b7ee55f160b9968b66013c3a3ef39dd7e5798?s=96&d=mm&r=g","url":"https:\/\/secure.gravatar.com\/avatar\/3ea2118a5f7dad2b7138b1187a6b7ee55f160b9968b66013c3a3ef39dd7e5798?s=96&d=mm&r=g","contentUrl":"https:\/\/secure.gravatar.com\/avatar\/3ea2118a5f7dad2b7138b1187a6b7ee55f160b9968b66013c3a3ef39dd7e5798?s=96&d=mm&r=g","caption":"Jeanette"},"sameAs":["https:\/\/www.eldiario.net\/portal"],"url":"https:\/\/www.eldiario.net\/portal\/author\/jeanette\/"}]}},"_links":{"self":[{"href":"https:\/\/www.eldiario.net\/portal\/wp-json\/wp\/v2\/posts\/267424","targetHints":{"allow":["GET"]}}],"collection":[{"href":"https:\/\/www.eldiario.net\/portal\/wp-json\/wp\/v2\/posts"}],"about":[{"href":"https:\/\/www.eldiario.net\/portal\/wp-json\/wp\/v2\/types\/post"}],"author":[{"embeddable":true,"href":"https:\/\/www.eldiario.net\/portal\/wp-json\/wp\/v2\/users\/1"}],"replies":[{"embeddable":true,"href":"https:\/\/www.eldiario.net\/portal\/wp-json\/wp\/v2\/comments?post=267424"}],"version-history":[{"count":1,"href":"https:\/\/www.eldiario.net\/portal\/wp-json\/wp\/v2\/posts\/267424\/revisions"}],"predecessor-version":[{"id":267426,"href":"https:\/\/www.eldiario.net\/portal\/wp-json\/wp\/v2\/posts\/267424\/revisions\/267426"}],"wp:featuredmedia":[{"embeddable":true,"href":"https:\/\/www.eldiario.net\/portal\/wp-json\/wp\/v2\/media\/267425"}],"wp:attachment":[{"href":"https:\/\/www.eldiario.net\/portal\/wp-json\/wp\/v2\/media?parent=267424"}],"wp:term":[{"taxonomy":"category","embeddable":true,"href":"https:\/\/www.eldiario.net\/portal\/wp-json\/wp\/v2\/categories?post=267424"},{"taxonomy":"post_tag","embeddable":true,"href":"https:\/\/www.eldiario.net\/portal\/wp-json\/wp\/v2\/tags?post=267424"}],"curies":[{"name":"wp","href":"https:\/\/api.w.org\/{rel}","templated":true}]}}