{"id":267421,"date":"2024-12-12T05:47:50","date_gmt":"2024-12-12T09:47:50","guid":{"rendered":"https:\/\/www.eldiario.net\/portal\/?p=267421"},"modified":"2024-12-12T05:47:50","modified_gmt":"2024-12-12T09:47:50","slug":"ingenios-arroceros-finalizan-paro-anuncian-dialogo-con-el-gobierno","status":"publish","type":"post","link":"https:\/\/www.eldiario.net\/portal\/2024\/12\/12\/ingenios-arroceros-finalizan-paro-anuncian-dialogo-con-el-gobierno\/","title":{"rendered":"Ingenios arroceros finalizan paro,  anuncian di\u00e1logo con el Gobierno"},"content":{"rendered":"<p>Los ingenios arroceros de Montero, en el departamento de Santa Cruz, finalizaron un paro de actividades con tres demandas al Gobierno: exigen seguridad jur\u00eddica, respeto a la propiedad privada y el cese de los procesos legales en su contra. Asimismo, confirmaron su participaci\u00f3n en la mesa de di\u00e1logo convocada para este jueves en la ciudad de La Paz.<\/p>\n<p>\u201cNo permitiremos ning\u00fan atropello a nuestro sector, ni m\u00e1s abusos o violaciones a nuestros derechos. Ya estamos bastante golpeados por la crisis que afecta a todo el pueblo boliviano. Nos declaramos en emergencia y prestos a defendernos si vuelven a cometer semejante acto\u201d, afirm\u00f3 Jimmy Prado, presidente de Ingenor, al concluir la movilizaci\u00f3n.\u00a0 Adem\u00e1s, asegur\u00f3 que asistir\u00e1n a la reuni\u00f3n que convoc\u00f3 el Gobierno a la ciudad de La Paz prevista para este jueves, a las 17:00 horas.<\/p>\n<p>El sector arrocero present\u00f3 tres demandas principales:<\/p>\n<ol>\n<li>Garantizar seguridad jur\u00eddica y respeto a la propiedad privada.<\/li>\n<li>Levantar los procesos legales iniciados contra los ingenios arroceros del Parque Industrial.<\/li>\n<li>Convocar a un di\u00e1logo nacional para resolver la problem\u00e1tica de la producci\u00f3n de arroz junto con productores e ingenios.<\/li>\n<\/ol>\n<p>Durante el paro, los ingenios aclararon su compromiso con el abastecimiento de arroz para la poblaci\u00f3n, desmintiendo acusaciones de agio y especulaci\u00f3n. \u201cLos ingenios arroceros no estamos especulando y mucho menos cometiendo agio. Si almacenamos arroz en nuestros galpones, es para el abastecimiento de la poblaci\u00f3n en general\u201d, explic\u00f3 Prado.<\/p>\n<p>El dirigente tambi\u00e9n subray\u00f3 que las instalaciones de los ingenios funcionan como puntos de venta directos, ya que carecen de la log\u00edstica necesaria para distribuir el producto a mercados y consumidores finales. \u201cLos quintales de arroz est\u00e1n a la vista del p\u00fablico en general\u201d, se\u00f1al\u00f3.<\/p>\n<p>Adem\u00e1s, Prado expres\u00f3 su rechazo a la disposici\u00f3n adicional s\u00e9ptima del proyecto de ley del Presupuesto General del Estado 2025, calific\u00e1ndola como un atentado contra la propiedad privada y el aparato productivo del pa\u00eds. \u201cRechazamos enf\u00e1ticamente la disposici\u00f3n adicional s\u00e9ptima del proyecto de ley porque es una carta blanca para atropellar, destruir el aparato productivo del pa\u00eds y la propiedad privada. Es un atentado contra la libertad y paz de nuestro pueblo\u201d, afirm\u00f3.<\/p>\n<p>El sector cerr\u00f3 filas exigiendo un cambio en las pol\u00edticas gubernamentales hacia los productores y reiterando su disposici\u00f3n al di\u00e1logo, pero advirtiendo que no tolerar\u00e1n m\u00e1s atropellos. \u201cLa propiedad privada se respeta. Esperamos que el Gobierno se ponga la mano al pecho y busque las mejores soluciones\u201d, concluy\u00f3 Prado. (Br\u00fajula Digital)<\/p>\n","protected":false},"excerpt":{"rendered":"<p>Los ingenios arroceros de Montero, en el departamento de Santa Cruz, finalizaron un paro de actividades con tres demandas al Gobierno: exigen seguridad jur\u00eddica, respeto a la propiedad privada y el cese de los procesos legales en su contra. Asimismo, confirmaron su participaci\u00f3n en la mesa de di\u00e1logo convocada para este jueves en la ciudad [&hellip;]<\/p>\n","protected":false},"author":1,"featured_media":267422,"comment_status":"closed","ping_status":"open","sticky":false,"template":"","format":"standard","meta":{"_acf_changed":false,"footnotes":""},"categories":[7],"tags":[],"class_list":["post-267421","post","type-post","status-publish","format-standard","has-post-thumbnail","category-economia"],"acf":{"antetitulo":""},"yoast_head":"<!-- This site is optimized with the Yoast SEO plugin v28.4 - https:\/\/yoast.com\/product\/yoast-seo-wordpress\/ -->\n<title>Ingenios arroceros finalizan paro, anuncian di\u00e1logo con el Gobierno - El Diario - Bolivia<\/title>\n<meta name=\"robots\" content=\"index, follow, max-snippet:-1, max-image-preview:large, max-video-preview:-1\" \/>\n<link rel=\"canonical\" href=\"https:\/\/www.eldiario.net\/portal\/2024\/12\/12\/ingenios-arroceros-finalizan-paro-anuncian-dialogo-con-el-gobierno\/\" \/>\n<meta property=\"og:locale\" content=\"es_ES\" \/>\n<meta property=\"og:type\" content=\"article\" \/>\n<meta property=\"og:title\" content=\"Ingenios arroceros finalizan paro, anuncian di\u00e1logo con el Gobierno - El Diario - Bolivia\" \/>\n<meta property=\"og:description\" content=\"Los ingenios arroceros de Montero, en el departamento de Santa Cruz, finalizaron un paro de actividades con tres demandas al Gobierno: exigen seguridad jur\u00eddica, respeto a la propiedad privada y el cese de los procesos legales en su contra. Asimismo, confirmaron su participaci\u00f3n en la mesa de di\u00e1logo convocada para este jueves en la ciudad [&hellip;]\" \/>\n<meta property=\"og:url\" content=\"https:\/\/www.eldiario.net\/portal\/2024\/12\/12\/ingenios-arroceros-finalizan-paro-anuncian-dialogo-con-el-gobierno\/\" \/>\n<meta property=\"og:site_name\" content=\"El Diario - Bolivia\" \/>\n<meta property=\"article:publisher\" content=\"https:\/\/www.facebook.com\/eldiario.bolivia\/\" \/>\n<meta property=\"article:published_time\" content=\"2024-12-12T09:47:50+00:00\" \/>\n<meta property=\"og:image\" content=\"https:\/\/www.eldiario.net\/portal\/wp-content\/uploads\/2024\/12\/ROPAS-FOTO.jpg\" \/>\n\t<meta property=\"og:image:width\" content=\"720\" \/>\n\t<meta property=\"og:image:height\" content=\"400\" \/>\n\t<meta property=\"og:image:type\" content=\"image\/jpeg\" \/>\n<meta name=\"author\" content=\"Jeanette\" \/>\n<meta name=\"twitter:card\" content=\"summary_large_image\" \/>\n<meta name=\"twitter:creator\" content=\"@eldiario_net\" \/>\n<meta name=\"twitter:site\" content=\"@eldiario_net\" \/>\n<meta name=\"twitter:label1\" content=\"Escrito por\" \/>\n\t<meta name=\"twitter:data1\" content=\"Jeanette\" \/>\n\t<meta name=\"twitter:label2\" content=\"Tiempo de lectura\" \/>\n\t<meta name=\"twitter:data2\" content=\"3 minutos\" \/>\n<script type=\"application\/ld+json\" class=\"yoast-schema-graph\">{\"@context\":\"https:\\\/\\\/schema.org\",\"@graph\":[{\"@type\":\"Article\",\"@id\":\"https:\\\/\\\/www.eldiario.net\\\/portal\\\/2024\\\/12\\\/12\\\/ingenios-arroceros-finalizan-paro-anuncian-dialogo-con-el-gobierno\\\/#article\",\"isPartOf\":{\"@id\":\"https:\\\/\\\/www.eldiario.net\\\/portal\\\/2024\\\/12\\\/12\\\/ingenios-arroceros-finalizan-paro-anuncian-dialogo-con-el-gobierno\\\/\"},\"author\":{\"name\":\"Jeanette\",\"@id\":\"https:\\\/\\\/www.eldiario.net\\\/portal\\\/#\\\/schema\\\/person\\\/f46445640444750d7d753ccd04ae01b7\"},\"headline\":\"Ingenios arroceros finalizan paro, anuncian di\u00e1logo con el Gobierno\",\"datePublished\":\"2024-12-12T09:47:50+00:00\",\"mainEntityOfPage\":{\"@id\":\"https:\\\/\\\/www.eldiario.net\\\/portal\\\/2024\\\/12\\\/12\\\/ingenios-arroceros-finalizan-paro-anuncian-dialogo-con-el-gobierno\\\/\"},\"wordCount\":446,\"publisher\":{\"@id\":\"https:\\\/\\\/www.eldiario.net\\\/portal\\\/#organization\"},\"image\":{\"@id\":\"https:\\\/\\\/www.eldiario.net\\\/portal\\\/2024\\\/12\\\/12\\\/ingenios-arroceros-finalizan-paro-anuncian-dialogo-con-el-gobierno\\\/#primaryimage\"},\"thumbnailUrl\":\"https:\\\/\\\/www.eldiario.net\\\/portal\\\/wp-content\\\/uploads\\\/2024\\\/12\\\/ROPAS-FOTO.jpg\",\"articleSection\":[\"Econom\u00eda\"],\"inLanguage\":\"es\"},{\"@type\":\"WebPage\",\"@id\":\"https:\\\/\\\/www.eldiario.net\\\/portal\\\/2024\\\/12\\\/12\\\/ingenios-arroceros-finalizan-paro-anuncian-dialogo-con-el-gobierno\\\/\",\"url\":\"https:\\\/\\\/www.eldiario.net\\\/portal\\\/2024\\\/12\\\/12\\\/ingenios-arroceros-finalizan-paro-anuncian-dialogo-con-el-gobierno\\\/\",\"name\":\"Ingenios arroceros finalizan paro, anuncian di\u00e1logo con el Gobierno - El Diario - Bolivia\",\"isPartOf\":{\"@id\":\"https:\\\/\\\/www.eldiario.net\\\/portal\\\/#website\"},\"primaryImageOfPage\":{\"@id\":\"https:\\\/\\\/www.eldiario.net\\\/portal\\\/2024\\\/12\\\/12\\\/ingenios-arroceros-finalizan-paro-anuncian-dialogo-con-el-gobierno\\\/#primaryimage\"},\"image\":{\"@id\":\"https:\\\/\\\/www.eldiario.net\\\/portal\\\/2024\\\/12\\\/12\\\/ingenios-arroceros-finalizan-paro-anuncian-dialogo-con-el-gobierno\\\/#primaryimage\"},\"thumbnailUrl\":\"https:\\\/\\\/www.eldiario.net\\\/portal\\\/wp-content\\\/uploads\\\/2024\\\/12\\\/ROPAS-FOTO.jpg\",\"datePublished\":\"2024-12-12T09:47:50+00:00\",\"breadcrumb\":{\"@id\":\"https:\\\/\\\/www.eldiario.net\\\/portal\\\/2024\\\/12\\\/12\\\/ingenios-arroceros-finalizan-paro-anuncian-dialogo-con-el-gobierno\\\/#breadcrumb\"},\"inLanguage\":\"es\",\"potentialAction\":[{\"@type\":\"ReadAction\",\"target\":[\"https:\\\/\\\/www.eldiario.net\\\/portal\\\/2024\\\/12\\\/12\\\/ingenios-arroceros-finalizan-paro-anuncian-dialogo-con-el-gobierno\\\/\"]}]},{\"@type\":\"ImageObject\",\"inLanguage\":\"es\",\"@id\":\"https:\\\/\\\/www.eldiario.net\\\/portal\\\/2024\\\/12\\\/12\\\/ingenios-arroceros-finalizan-paro-anuncian-dialogo-con-el-gobierno\\\/#primaryimage\",\"url\":\"https:\\\/\\\/www.eldiario.net\\\/portal\\\/wp-content\\\/uploads\\\/2024\\\/12\\\/ROPAS-FOTO.jpg\",\"contentUrl\":\"https:\\\/\\\/www.eldiario.net\\\/portal\\\/wp-content\\\/uploads\\\/2024\\\/12\\\/ROPAS-FOTO.jpg\",\"width\":720,\"height\":400,\"caption\":\"Movilizaci\u00f3n a los ingenios arroceros en Santa Cruz. Foto: Montero Noticias\"},{\"@type\":\"BreadcrumbList\",\"@id\":\"https:\\\/\\\/www.eldiario.net\\\/portal\\\/2024\\\/12\\\/12\\\/ingenios-arroceros-finalizan-paro-anuncian-dialogo-con-el-gobierno\\\/#breadcrumb\",\"itemListElement\":[{\"@type\":\"ListItem\",\"position\":1,\"name\":\"Portada\",\"item\":\"https:\\\/\\\/www.eldiario.net\\\/portal\\\/\"},{\"@type\":\"ListItem\",\"position\":2,\"name\":\"Ingenios arroceros finalizan paro, anuncian di\u00e1logo con el Gobierno\"}]},{\"@type\":\"WebSite\",\"@id\":\"https:\\\/\\\/www.eldiario.net\\\/portal\\\/#website\",\"url\":\"https:\\\/\\\/www.eldiario.net\\\/portal\\\/\",\"name\":\"El Diario - Decano de la prensa nacional\",\"description\":\"El Diario - Decano de la prensa nacional\",\"publisher\":{\"@id\":\"https:\\\/\\\/www.eldiario.net\\\/portal\\\/#organization\"},\"potentialAction\":[{\"@type\":\"SearchAction\",\"target\":{\"@type\":\"EntryPoint\",\"urlTemplate\":\"https:\\\/\\\/www.eldiario.net\\\/portal\\\/?s={search_term_string}\"},\"query-input\":{\"@type\":\"PropertyValueSpecification\",\"valueRequired\":true,\"valueName\":\"search_term_string\"}}],\"inLanguage\":\"es\"},{\"@type\":\"Organization\",\"@id\":\"https:\\\/\\\/www.eldiario.net\\\/portal\\\/#organization\",\"name\":\"El Diario - Decano de la prensa nacional\",\"url\":\"https:\\\/\\\/www.eldiario.net\\\/portal\\\/\",\"logo\":{\"@type\":\"ImageObject\",\"inLanguage\":\"es\",\"@id\":\"https:\\\/\\\/www.eldiario.net\\\/portal\\\/#\\\/schema\\\/logo\\\/image\\\/\",\"url\":\"https:\\\/\\\/www.eldiario.net\\\/portal\\\/wp-content\\\/uploads\\\/2023\\\/07\\\/logo_ED.jpg\",\"contentUrl\":\"https:\\\/\\\/www.eldiario.net\\\/portal\\\/wp-content\\\/uploads\\\/2023\\\/07\\\/logo_ED.jpg\",\"width\":272,\"height\":52,\"caption\":\"El Diario - Decano de la prensa nacional\"},\"image\":{\"@id\":\"https:\\\/\\\/www.eldiario.net\\\/portal\\\/#\\\/schema\\\/logo\\\/image\\\/\"},\"sameAs\":[\"https:\\\/\\\/www.facebook.com\\\/eldiario.bolivia\\\/\",\"https:\\\/\\\/x.com\\\/eldiario_net\"]},{\"@type\":\"Person\",\"@id\":\"https:\\\/\\\/www.eldiario.net\\\/portal\\\/#\\\/schema\\\/person\\\/f46445640444750d7d753ccd04ae01b7\",\"name\":\"Jeanette\",\"image\":{\"@type\":\"ImageObject\",\"inLanguage\":\"es\",\"@id\":\"https:\\\/\\\/secure.gravatar.com\\\/avatar\\\/3ea2118a5f7dad2b7138b1187a6b7ee55f160b9968b66013c3a3ef39dd7e5798?s=96&d=mm&r=g\",\"url\":\"https:\\\/\\\/secure.gravatar.com\\\/avatar\\\/3ea2118a5f7dad2b7138b1187a6b7ee55f160b9968b66013c3a3ef39dd7e5798?s=96&d=mm&r=g\",\"contentUrl\":\"https:\\\/\\\/secure.gravatar.com\\\/avatar\\\/3ea2118a5f7dad2b7138b1187a6b7ee55f160b9968b66013c3a3ef39dd7e5798?s=96&d=mm&r=g\",\"caption\":\"Jeanette\"},\"sameAs\":[\"https:\\\/\\\/www.eldiario.net\\\/portal\"],\"url\":\"https:\\\/\\\/www.eldiario.net\\\/portal\\\/author\\\/jeanette\\\/\"}]}<\/script>\n<!-- \/ Yoast SEO plugin. -->","yoast_head_json":{"title":"Ingenios arroceros finalizan paro, anuncian di\u00e1logo con el Gobierno - El Diario - Bolivia","robots":{"index":"index","follow":"follow","max-snippet":"max-snippet:-1","max-image-preview":"max-image-preview:large","max-video-preview":"max-video-preview:-1"},"canonical":"https:\/\/www.eldiario.net\/portal\/2024\/12\/12\/ingenios-arroceros-finalizan-paro-anuncian-dialogo-con-el-gobierno\/","og_locale":"es_ES","og_type":"article","og_title":"Ingenios arroceros finalizan paro, anuncian di\u00e1logo con el Gobierno - El Diario - Bolivia","og_description":"Los ingenios arroceros de Montero, en el departamento de Santa Cruz, finalizaron un paro de actividades con tres demandas al Gobierno: exigen seguridad jur\u00eddica, respeto a la propiedad privada y el cese de los procesos legales en su contra. Asimismo, confirmaron su participaci\u00f3n en la mesa de di\u00e1logo convocada para este jueves en la ciudad [&hellip;]","og_url":"https:\/\/www.eldiario.net\/portal\/2024\/12\/12\/ingenios-arroceros-finalizan-paro-anuncian-dialogo-con-el-gobierno\/","og_site_name":"El Diario - Bolivia","article_publisher":"https:\/\/www.facebook.com\/eldiario.bolivia\/","article_published_time":"2024-12-12T09:47:50+00:00","og_image":[{"width":720,"height":400,"url":"https:\/\/www.eldiario.net\/portal\/wp-content\/uploads\/2024\/12\/ROPAS-FOTO.jpg","type":"image\/jpeg"}],"author":"Jeanette","twitter_card":"summary_large_image","twitter_creator":"@eldiario_net","twitter_site":"@eldiario_net","twitter_misc":{"Escrito por":"Jeanette","Tiempo de lectura":"3 minutos"},"schema":{"@context":"https:\/\/schema.org","@graph":[{"@type":"Article","@id":"https:\/\/www.eldiario.net\/portal\/2024\/12\/12\/ingenios-arroceros-finalizan-paro-anuncian-dialogo-con-el-gobierno\/#article","isPartOf":{"@id":"https:\/\/www.eldiario.net\/portal\/2024\/12\/12\/ingenios-arroceros-finalizan-paro-anuncian-dialogo-con-el-gobierno\/"},"author":{"name":"Jeanette","@id":"https:\/\/www.eldiario.net\/portal\/#\/schema\/person\/f46445640444750d7d753ccd04ae01b7"},"headline":"Ingenios arroceros finalizan paro, anuncian di\u00e1logo con el Gobierno","datePublished":"2024-12-12T09:47:50+00:00","mainEntityOfPage":{"@id":"https:\/\/www.eldiario.net\/portal\/2024\/12\/12\/ingenios-arroceros-finalizan-paro-anuncian-dialogo-con-el-gobierno\/"},"wordCount":446,"publisher":{"@id":"https:\/\/www.eldiario.net\/portal\/#organization"},"image":{"@id":"https:\/\/www.eldiario.net\/portal\/2024\/12\/12\/ingenios-arroceros-finalizan-paro-anuncian-dialogo-con-el-gobierno\/#primaryimage"},"thumbnailUrl":"https:\/\/www.eldiario.net\/portal\/wp-content\/uploads\/2024\/12\/ROPAS-FOTO.jpg","articleSection":["Econom\u00eda"],"inLanguage":"es"},{"@type":"WebPage","@id":"https:\/\/www.eldiario.net\/portal\/2024\/12\/12\/ingenios-arroceros-finalizan-paro-anuncian-dialogo-con-el-gobierno\/","url":"https:\/\/www.eldiario.net\/portal\/2024\/12\/12\/ingenios-arroceros-finalizan-paro-anuncian-dialogo-con-el-gobierno\/","name":"Ingenios arroceros finalizan paro, anuncian di\u00e1logo con el Gobierno - El Diario - Bolivia","isPartOf":{"@id":"https:\/\/www.eldiario.net\/portal\/#website"},"primaryImageOfPage":{"@id":"https:\/\/www.eldiario.net\/portal\/2024\/12\/12\/ingenios-arroceros-finalizan-paro-anuncian-dialogo-con-el-gobierno\/#primaryimage"},"image":{"@id":"https:\/\/www.eldiario.net\/portal\/2024\/12\/12\/ingenios-arroceros-finalizan-paro-anuncian-dialogo-con-el-gobierno\/#primaryimage"},"thumbnailUrl":"https:\/\/www.eldiario.net\/portal\/wp-content\/uploads\/2024\/12\/ROPAS-FOTO.jpg","datePublished":"2024-12-12T09:47:50+00:00","breadcrumb":{"@id":"https:\/\/www.eldiario.net\/portal\/2024\/12\/12\/ingenios-arroceros-finalizan-paro-anuncian-dialogo-con-el-gobierno\/#breadcrumb"},"inLanguage":"es","potentialAction":[{"@type":"ReadAction","target":["https:\/\/www.eldiario.net\/portal\/2024\/12\/12\/ingenios-arroceros-finalizan-paro-anuncian-dialogo-con-el-gobierno\/"]}]},{"@type":"ImageObject","inLanguage":"es","@id":"https:\/\/www.eldiario.net\/portal\/2024\/12\/12\/ingenios-arroceros-finalizan-paro-anuncian-dialogo-con-el-gobierno\/#primaryimage","url":"https:\/\/www.eldiario.net\/portal\/wp-content\/uploads\/2024\/12\/ROPAS-FOTO.jpg","contentUrl":"https:\/\/www.eldiario.net\/portal\/wp-content\/uploads\/2024\/12\/ROPAS-FOTO.jpg","width":720,"height":400,"caption":"Movilizaci\u00f3n a los ingenios arroceros en Santa Cruz. Foto: Montero Noticias"},{"@type":"BreadcrumbList","@id":"https:\/\/www.eldiario.net\/portal\/2024\/12\/12\/ingenios-arroceros-finalizan-paro-anuncian-dialogo-con-el-gobierno\/#breadcrumb","itemListElement":[{"@type":"ListItem","position":1,"name":"Portada","item":"https:\/\/www.eldiario.net\/portal\/"},{"@type":"ListItem","position":2,"name":"Ingenios arroceros finalizan paro, anuncian di\u00e1logo con el Gobierno"}]},{"@type":"WebSite","@id":"https:\/\/www.eldiario.net\/portal\/#website","url":"https:\/\/www.eldiario.net\/portal\/","name":"El Diario - Decano de la prensa nacional","description":"El Diario - Decano de la prensa nacional","publisher":{"@id":"https:\/\/www.eldiario.net\/portal\/#organization"},"potentialAction":[{"@type":"SearchAction","target":{"@type":"EntryPoint","urlTemplate":"https:\/\/www.eldiario.net\/portal\/?s={search_term_string}"},"query-input":{"@type":"PropertyValueSpecification","valueRequired":true,"valueName":"search_term_string"}}],"inLanguage":"es"},{"@type":"Organization","@id":"https:\/\/www.eldiario.net\/portal\/#organization","name":"El Diario - Decano de la prensa nacional","url":"https:\/\/www.eldiario.net\/portal\/","logo":{"@type":"ImageObject","inLanguage":"es","@id":"https:\/\/www.eldiario.net\/portal\/#\/schema\/logo\/image\/","url":"https:\/\/www.eldiario.net\/portal\/wp-content\/uploads\/2023\/07\/logo_ED.jpg","contentUrl":"https:\/\/www.eldiario.net\/portal\/wp-content\/uploads\/2023\/07\/logo_ED.jpg","width":272,"height":52,"caption":"El Diario - Decano de la prensa nacional"},"image":{"@id":"https:\/\/www.eldiario.net\/portal\/#\/schema\/logo\/image\/"},"sameAs":["https:\/\/www.facebook.com\/eldiario.bolivia\/","https:\/\/x.com\/eldiario_net"]},{"@type":"Person","@id":"https:\/\/www.eldiario.net\/portal\/#\/schema\/person\/f46445640444750d7d753ccd04ae01b7","name":"Jeanette","image":{"@type":"ImageObject","inLanguage":"es","@id":"https:\/\/secure.gravatar.com\/avatar\/3ea2118a5f7dad2b7138b1187a6b7ee55f160b9968b66013c3a3ef39dd7e5798?s=96&d=mm&r=g","url":"https:\/\/secure.gravatar.com\/avatar\/3ea2118a5f7dad2b7138b1187a6b7ee55f160b9968b66013c3a3ef39dd7e5798?s=96&d=mm&r=g","contentUrl":"https:\/\/secure.gravatar.com\/avatar\/3ea2118a5f7dad2b7138b1187a6b7ee55f160b9968b66013c3a3ef39dd7e5798?s=96&d=mm&r=g","caption":"Jeanette"},"sameAs":["https:\/\/www.eldiario.net\/portal"],"url":"https:\/\/www.eldiario.net\/portal\/author\/jeanette\/"}]}},"_links":{"self":[{"href":"https:\/\/www.eldiario.net\/portal\/wp-json\/wp\/v2\/posts\/267421","targetHints":{"allow":["GET"]}}],"collection":[{"href":"https:\/\/www.eldiario.net\/portal\/wp-json\/wp\/v2\/posts"}],"about":[{"href":"https:\/\/www.eldiario.net\/portal\/wp-json\/wp\/v2\/types\/post"}],"author":[{"embeddable":true,"href":"https:\/\/www.eldiario.net\/portal\/wp-json\/wp\/v2\/users\/1"}],"replies":[{"embeddable":true,"href":"https:\/\/www.eldiario.net\/portal\/wp-json\/wp\/v2\/comments?post=267421"}],"version-history":[{"count":1,"href":"https:\/\/www.eldiario.net\/portal\/wp-json\/wp\/v2\/posts\/267421\/revisions"}],"predecessor-version":[{"id":267423,"href":"https:\/\/www.eldiario.net\/portal\/wp-json\/wp\/v2\/posts\/267421\/revisions\/267423"}],"wp:featuredmedia":[{"embeddable":true,"href":"https:\/\/www.eldiario.net\/portal\/wp-json\/wp\/v2\/media\/267422"}],"wp:attachment":[{"href":"https:\/\/www.eldiario.net\/portal\/wp-json\/wp\/v2\/media?parent=267421"}],"wp:term":[{"taxonomy":"category","embeddable":true,"href":"https:\/\/www.eldiario.net\/portal\/wp-json\/wp\/v2\/categories?post=267421"},{"taxonomy":"post_tag","embeddable":true,"href":"https:\/\/www.eldiario.net\/portal\/wp-json\/wp\/v2\/tags?post=267421"}],"curies":[{"name":"wp","href":"https:\/\/api.w.org\/{rel}","templated":true}]}}