{"id":267415,"date":"2024-12-12T05:46:20","date_gmt":"2024-12-12T09:46:20","guid":{"rendered":"https:\/\/www.eldiario.net\/portal\/?p=267415"},"modified":"2024-12-12T05:46:20","modified_gmt":"2024-12-12T09:46:20","slug":"caida-de-plataformas-meta-causan-ola-de-memes-en-peru-y-el-mundo","status":"publish","type":"post","link":"https:\/\/www.eldiario.net\/portal\/2024\/12\/12\/caida-de-plataformas-meta-causan-ola-de-memes-en-peru-y-el-mundo\/","title":{"rendered":"Ca\u00edda de plataformas Meta causan ola de memes en Per\u00fa y el mundo"},"content":{"rendered":"<p>La tarde de ayer, millones de usuarios en todo el mundo quedaron sorprendidos tras la inesperada ca\u00edda de WhatsApp, Instagram y Facebook, las plataformas m\u00e1s populares pertenecientes a Meta, la empresa fundada por Mark Zuckerberg. La interrupci\u00f3n en el servicio comenz\u00f3 alrededor de la 1:00 p.m. (hora peruana) y fue reportada por los propios usuarios en redes sociales como X (antes Twitter), donde r\u00e1pidamente se convirti\u00f3 en tendencia.<\/p>\n<p>Seg\u00fan el portal Downdetector, especializado en registrar problemas de funcionamiento de diversas aplicaciones, la ca\u00edda afect\u00f3 principalmente a las funciones de env\u00edo de mensajes, carga de im\u00e1genes y actualizaci\u00f3n de noticias. A pesar de la magnitud del problema, hasta el momento Meta no emiti\u00f3 un comunicado oficial sobre las causas de la falla, aunque se presume que sus equipos ya se encuentran trabajando en la soluci\u00f3n.<\/p>\n<p>Como suele suceder en este tipo de situaciones, los usuarios recurrieron a X para expresar su frustraci\u00f3n, reportar lo sucedido y, sobre todo, compartir memes ingeniosos sobre la ca\u00edda global de las plataformas. \u201c\u00bfCay\u00f3 WhatsApp o me bloquearon?\u201d, \u201cSiempre Twitter salv\u00e1ndonos cuando todo lo dem\u00e1s se cae\u201d y \u201cMark Zuckerberg apag\u00f3 el router otra vez\u201d fueron algunos de los comentarios m\u00e1s frecuentes que circularon.<\/p>\n<p>Entre los memes m\u00e1s destacados se encuentran referencias cl\u00e1sicas como la famosa ca\u00edda de Edgar, utilizada para ilustrar el colapso de las plataformas de Meta, as\u00ed como sugerencias humor\u00edsticas de \u201cvolver al extinto MSN Messenger\u201d o recurrir a celulares antiguos con mensajes tipo SMS. Otros usuarios compartieron im\u00e1genes nost\u00e1lgicas de tel\u00e9fonos Nokia indestructibles o escenas de pel\u00edculas donde los personajes quedan incomunicados, reflejando con humor la situaci\u00f3n actual.<\/p>\n<p>La ca\u00edda de las plataformas de Meta se convirti\u00f3 en un fen\u00f3meno recurrente que genera tanto frustraci\u00f3n como entretenimiento. Los memes, una vez m\u00e1s, se convirtieron en la v\u00eda de escape de los usuarios, quienes transformaron un problema global en una oportunidad para re\u00edr y compartir ingeniosas ocurrencias en X, la \u00fanica red social que qued\u00f3 en pie.<\/p>\n<p>Por ahora, se espera que Meta restablezca el servicio pronto y aclare las causas de la interrupci\u00f3n, que, como siempre, dej\u00f3 al mundo digital \u201cen pausa\u201d.<\/p>\n<p>&nbsp;<\/p>\n<p>\u00bfQUI\u00c9N ES DUE\u00d1O DE META?<\/p>\n<p>Mark Zuckerberg es el creador, presidente y CEO de Meta, compa\u00f1\u00eda que inici\u00f3 en 2004 bajo el nombre de Facebook. Desde entonces, lider\u00f3 la expansi\u00f3n de la compa\u00f1\u00eda, transform\u00e1ndola en un gigante tecnol\u00f3gico que engloba plataformas como WhatsApp, Instagram y Facebook Messenger, utilizadas diariamente por miles de millones de personas en todo el mundo. En 2021, la empresa cambi\u00f3 su nombre a Meta, reflejando su apuesta por el desarrollo del metaverso, un espacio digital interactivo que busca revolucionar la forma en que las personas se conectan y comunican.<\/p>\n","protected":false},"excerpt":{"rendered":"<p>La tarde de ayer, millones de usuarios en todo el mundo quedaron sorprendidos tras la inesperada ca\u00edda de WhatsApp, Instagram y Facebook, las plataformas m\u00e1s populares pertenecientes a Meta, la empresa fundada por Mark Zuckerberg. La interrupci\u00f3n en el servicio comenz\u00f3 alrededor de la 1:00 p.m. (hora peruana) y fue reportada por los propios usuarios [&hellip;]<\/p>\n","protected":false},"author":1,"featured_media":267416,"comment_status":"closed","ping_status":"open","sticky":false,"template":"","format":"standard","meta":{"_acf_changed":false,"footnotes":""},"categories":[3],"tags":[],"class_list":["post-267415","post","type-post","status-publish","format-standard","has-post-thumbnail","category-internacional"],"acf":{"antetitulo":""},"yoast_head":"<!-- This site is optimized with the Yoast SEO plugin v28.4 - https:\/\/yoast.com\/product\/yoast-seo-wordpress\/ -->\n<title>Ca\u00edda de plataformas Meta causan ola de memes en Per\u00fa y el mundo - El Diario - Bolivia<\/title>\n<meta name=\"robots\" content=\"index, follow, max-snippet:-1, max-image-preview:large, max-video-preview:-1\" \/>\n<link rel=\"canonical\" href=\"https:\/\/www.eldiario.net\/portal\/2024\/12\/12\/caida-de-plataformas-meta-causan-ola-de-memes-en-peru-y-el-mundo\/\" \/>\n<meta property=\"og:locale\" content=\"es_ES\" \/>\n<meta property=\"og:type\" content=\"article\" \/>\n<meta property=\"og:title\" content=\"Ca\u00edda de plataformas Meta causan ola de memes en Per\u00fa y el mundo - El Diario - Bolivia\" \/>\n<meta property=\"og:description\" content=\"La tarde de ayer, millones de usuarios en todo el mundo quedaron sorprendidos tras la inesperada ca\u00edda de WhatsApp, Instagram y Facebook, las plataformas m\u00e1s populares pertenecientes a Meta, la empresa fundada por Mark Zuckerberg. La interrupci\u00f3n en el servicio comenz\u00f3 alrededor de la 1:00 p.m. (hora peruana) y fue reportada por los propios usuarios [&hellip;]\" \/>\n<meta property=\"og:url\" content=\"https:\/\/www.eldiario.net\/portal\/2024\/12\/12\/caida-de-plataformas-meta-causan-ola-de-memes-en-peru-y-el-mundo\/\" \/>\n<meta property=\"og:site_name\" content=\"El Diario - Bolivia\" \/>\n<meta property=\"article:publisher\" content=\"https:\/\/www.facebook.com\/eldiario.bolivia\/\" \/>\n<meta property=\"article:published_time\" content=\"2024-12-12T09:46:20+00:00\" \/>\n<meta property=\"og:image\" content=\"https:\/\/www.eldiario.net\/portal\/wp-content\/uploads\/2024\/12\/META-FOTO.jpg\" \/>\n\t<meta property=\"og:image:width\" content=\"1068\" \/>\n\t<meta property=\"og:image:height\" content=\"601\" \/>\n\t<meta property=\"og:image:type\" content=\"image\/jpeg\" \/>\n<meta name=\"author\" content=\"Jeanette\" \/>\n<meta name=\"twitter:card\" content=\"summary_large_image\" \/>\n<meta name=\"twitter:creator\" content=\"@eldiario_net\" \/>\n<meta name=\"twitter:site\" content=\"@eldiario_net\" \/>\n<meta name=\"twitter:label1\" content=\"Escrito por\" \/>\n\t<meta name=\"twitter:data1\" content=\"Jeanette\" \/>\n\t<meta name=\"twitter:label2\" content=\"Tiempo de lectura\" \/>\n\t<meta name=\"twitter:data2\" content=\"3 minutos\" \/>\n<script type=\"application\/ld+json\" class=\"yoast-schema-graph\">{\"@context\":\"https:\\\/\\\/schema.org\",\"@graph\":[{\"@type\":\"Article\",\"@id\":\"https:\\\/\\\/www.eldiario.net\\\/portal\\\/2024\\\/12\\\/12\\\/caida-de-plataformas-meta-causan-ola-de-memes-en-peru-y-el-mundo\\\/#article\",\"isPartOf\":{\"@id\":\"https:\\\/\\\/www.eldiario.net\\\/portal\\\/2024\\\/12\\\/12\\\/caida-de-plataformas-meta-causan-ola-de-memes-en-peru-y-el-mundo\\\/\"},\"author\":{\"name\":\"Jeanette\",\"@id\":\"https:\\\/\\\/www.eldiario.net\\\/portal\\\/#\\\/schema\\\/person\\\/f46445640444750d7d753ccd04ae01b7\"},\"headline\":\"Ca\u00edda de plataformas Meta causan ola de memes en Per\u00fa y el mundo\",\"datePublished\":\"2024-12-12T09:46:20+00:00\",\"mainEntityOfPage\":{\"@id\":\"https:\\\/\\\/www.eldiario.net\\\/portal\\\/2024\\\/12\\\/12\\\/caida-de-plataformas-meta-causan-ola-de-memes-en-peru-y-el-mundo\\\/\"},\"wordCount\":494,\"publisher\":{\"@id\":\"https:\\\/\\\/www.eldiario.net\\\/portal\\\/#organization\"},\"image\":{\"@id\":\"https:\\\/\\\/www.eldiario.net\\\/portal\\\/2024\\\/12\\\/12\\\/caida-de-plataformas-meta-causan-ola-de-memes-en-peru-y-el-mundo\\\/#primaryimage\"},\"thumbnailUrl\":\"https:\\\/\\\/www.eldiario.net\\\/portal\\\/wp-content\\\/uploads\\\/2024\\\/12\\\/META-FOTO.jpg\",\"articleSection\":[\"Internacional\"],\"inLanguage\":\"es\"},{\"@type\":\"WebPage\",\"@id\":\"https:\\\/\\\/www.eldiario.net\\\/portal\\\/2024\\\/12\\\/12\\\/caida-de-plataformas-meta-causan-ola-de-memes-en-peru-y-el-mundo\\\/\",\"url\":\"https:\\\/\\\/www.eldiario.net\\\/portal\\\/2024\\\/12\\\/12\\\/caida-de-plataformas-meta-causan-ola-de-memes-en-peru-y-el-mundo\\\/\",\"name\":\"Ca\u00edda de plataformas Meta causan ola de memes en Per\u00fa y el mundo - El Diario - Bolivia\",\"isPartOf\":{\"@id\":\"https:\\\/\\\/www.eldiario.net\\\/portal\\\/#website\"},\"primaryImageOfPage\":{\"@id\":\"https:\\\/\\\/www.eldiario.net\\\/portal\\\/2024\\\/12\\\/12\\\/caida-de-plataformas-meta-causan-ola-de-memes-en-peru-y-el-mundo\\\/#primaryimage\"},\"image\":{\"@id\":\"https:\\\/\\\/www.eldiario.net\\\/portal\\\/2024\\\/12\\\/12\\\/caida-de-plataformas-meta-causan-ola-de-memes-en-peru-y-el-mundo\\\/#primaryimage\"},\"thumbnailUrl\":\"https:\\\/\\\/www.eldiario.net\\\/portal\\\/wp-content\\\/uploads\\\/2024\\\/12\\\/META-FOTO.jpg\",\"datePublished\":\"2024-12-12T09:46:20+00:00\",\"breadcrumb\":{\"@id\":\"https:\\\/\\\/www.eldiario.net\\\/portal\\\/2024\\\/12\\\/12\\\/caida-de-plataformas-meta-causan-ola-de-memes-en-peru-y-el-mundo\\\/#breadcrumb\"},\"inLanguage\":\"es\",\"potentialAction\":[{\"@type\":\"ReadAction\",\"target\":[\"https:\\\/\\\/www.eldiario.net\\\/portal\\\/2024\\\/12\\\/12\\\/caida-de-plataformas-meta-causan-ola-de-memes-en-peru-y-el-mundo\\\/\"]}]},{\"@type\":\"ImageObject\",\"inLanguage\":\"es\",\"@id\":\"https:\\\/\\\/www.eldiario.net\\\/portal\\\/2024\\\/12\\\/12\\\/caida-de-plataformas-meta-causan-ola-de-memes-en-peru-y-el-mundo\\\/#primaryimage\",\"url\":\"https:\\\/\\\/www.eldiario.net\\\/portal\\\/wp-content\\\/uploads\\\/2024\\\/12\\\/META-FOTO.jpg\",\"contentUrl\":\"https:\\\/\\\/www.eldiario.net\\\/portal\\\/wp-content\\\/uploads\\\/2024\\\/12\\\/META-FOTO.jpg\",\"width\":1068,\"height\":601,\"caption\":\"Las plataformas de Whatsapp, Instagram y Facebook se cayeron y miles de usuarios quedaron sin el servicio. CREDITO: Impacto Venezuela\"},{\"@type\":\"BreadcrumbList\",\"@id\":\"https:\\\/\\\/www.eldiario.net\\\/portal\\\/2024\\\/12\\\/12\\\/caida-de-plataformas-meta-causan-ola-de-memes-en-peru-y-el-mundo\\\/#breadcrumb\",\"itemListElement\":[{\"@type\":\"ListItem\",\"position\":1,\"name\":\"Portada\",\"item\":\"https:\\\/\\\/www.eldiario.net\\\/portal\\\/\"},{\"@type\":\"ListItem\",\"position\":2,\"name\":\"Ca\u00edda de plataformas Meta causan ola de memes en Per\u00fa y el mundo\"}]},{\"@type\":\"WebSite\",\"@id\":\"https:\\\/\\\/www.eldiario.net\\\/portal\\\/#website\",\"url\":\"https:\\\/\\\/www.eldiario.net\\\/portal\\\/\",\"name\":\"El Diario - Decano de la prensa nacional\",\"description\":\"El Diario - Decano de la prensa nacional\",\"publisher\":{\"@id\":\"https:\\\/\\\/www.eldiario.net\\\/portal\\\/#organization\"},\"potentialAction\":[{\"@type\":\"SearchAction\",\"target\":{\"@type\":\"EntryPoint\",\"urlTemplate\":\"https:\\\/\\\/www.eldiario.net\\\/portal\\\/?s={search_term_string}\"},\"query-input\":{\"@type\":\"PropertyValueSpecification\",\"valueRequired\":true,\"valueName\":\"search_term_string\"}}],\"inLanguage\":\"es\"},{\"@type\":\"Organization\",\"@id\":\"https:\\\/\\\/www.eldiario.net\\\/portal\\\/#organization\",\"name\":\"El Diario - Decano de la prensa nacional\",\"url\":\"https:\\\/\\\/www.eldiario.net\\\/portal\\\/\",\"logo\":{\"@type\":\"ImageObject\",\"inLanguage\":\"es\",\"@id\":\"https:\\\/\\\/www.eldiario.net\\\/portal\\\/#\\\/schema\\\/logo\\\/image\\\/\",\"url\":\"https:\\\/\\\/www.eldiario.net\\\/portal\\\/wp-content\\\/uploads\\\/2023\\\/07\\\/logo_ED.jpg\",\"contentUrl\":\"https:\\\/\\\/www.eldiario.net\\\/portal\\\/wp-content\\\/uploads\\\/2023\\\/07\\\/logo_ED.jpg\",\"width\":272,\"height\":52,\"caption\":\"El Diario - Decano de la prensa nacional\"},\"image\":{\"@id\":\"https:\\\/\\\/www.eldiario.net\\\/portal\\\/#\\\/schema\\\/logo\\\/image\\\/\"},\"sameAs\":[\"https:\\\/\\\/www.facebook.com\\\/eldiario.bolivia\\\/\",\"https:\\\/\\\/x.com\\\/eldiario_net\"]},{\"@type\":\"Person\",\"@id\":\"https:\\\/\\\/www.eldiario.net\\\/portal\\\/#\\\/schema\\\/person\\\/f46445640444750d7d753ccd04ae01b7\",\"name\":\"Jeanette\",\"image\":{\"@type\":\"ImageObject\",\"inLanguage\":\"es\",\"@id\":\"https:\\\/\\\/secure.gravatar.com\\\/avatar\\\/3ea2118a5f7dad2b7138b1187a6b7ee55f160b9968b66013c3a3ef39dd7e5798?s=96&d=mm&r=g\",\"url\":\"https:\\\/\\\/secure.gravatar.com\\\/avatar\\\/3ea2118a5f7dad2b7138b1187a6b7ee55f160b9968b66013c3a3ef39dd7e5798?s=96&d=mm&r=g\",\"contentUrl\":\"https:\\\/\\\/secure.gravatar.com\\\/avatar\\\/3ea2118a5f7dad2b7138b1187a6b7ee55f160b9968b66013c3a3ef39dd7e5798?s=96&d=mm&r=g\",\"caption\":\"Jeanette\"},\"sameAs\":[\"https:\\\/\\\/www.eldiario.net\\\/portal\"],\"url\":\"https:\\\/\\\/www.eldiario.net\\\/portal\\\/author\\\/jeanette\\\/\"}]}<\/script>\n<!-- \/ Yoast SEO plugin. -->","yoast_head_json":{"title":"Ca\u00edda de plataformas Meta causan ola de memes en Per\u00fa y el mundo - El Diario - Bolivia","robots":{"index":"index","follow":"follow","max-snippet":"max-snippet:-1","max-image-preview":"max-image-preview:large","max-video-preview":"max-video-preview:-1"},"canonical":"https:\/\/www.eldiario.net\/portal\/2024\/12\/12\/caida-de-plataformas-meta-causan-ola-de-memes-en-peru-y-el-mundo\/","og_locale":"es_ES","og_type":"article","og_title":"Ca\u00edda de plataformas Meta causan ola de memes en Per\u00fa y el mundo - El Diario - Bolivia","og_description":"La tarde de ayer, millones de usuarios en todo el mundo quedaron sorprendidos tras la inesperada ca\u00edda de WhatsApp, Instagram y Facebook, las plataformas m\u00e1s populares pertenecientes a Meta, la empresa fundada por Mark Zuckerberg. La interrupci\u00f3n en el servicio comenz\u00f3 alrededor de la 1:00 p.m. (hora peruana) y fue reportada por los propios usuarios [&hellip;]","og_url":"https:\/\/www.eldiario.net\/portal\/2024\/12\/12\/caida-de-plataformas-meta-causan-ola-de-memes-en-peru-y-el-mundo\/","og_site_name":"El Diario - Bolivia","article_publisher":"https:\/\/www.facebook.com\/eldiario.bolivia\/","article_published_time":"2024-12-12T09:46:20+00:00","og_image":[{"width":1068,"height":601,"url":"https:\/\/www.eldiario.net\/portal\/wp-content\/uploads\/2024\/12\/META-FOTO.jpg","type":"image\/jpeg"}],"author":"Jeanette","twitter_card":"summary_large_image","twitter_creator":"@eldiario_net","twitter_site":"@eldiario_net","twitter_misc":{"Escrito por":"Jeanette","Tiempo de lectura":"3 minutos"},"schema":{"@context":"https:\/\/schema.org","@graph":[{"@type":"Article","@id":"https:\/\/www.eldiario.net\/portal\/2024\/12\/12\/caida-de-plataformas-meta-causan-ola-de-memes-en-peru-y-el-mundo\/#article","isPartOf":{"@id":"https:\/\/www.eldiario.net\/portal\/2024\/12\/12\/caida-de-plataformas-meta-causan-ola-de-memes-en-peru-y-el-mundo\/"},"author":{"name":"Jeanette","@id":"https:\/\/www.eldiario.net\/portal\/#\/schema\/person\/f46445640444750d7d753ccd04ae01b7"},"headline":"Ca\u00edda de plataformas Meta causan ola de memes en Per\u00fa y el mundo","datePublished":"2024-12-12T09:46:20+00:00","mainEntityOfPage":{"@id":"https:\/\/www.eldiario.net\/portal\/2024\/12\/12\/caida-de-plataformas-meta-causan-ola-de-memes-en-peru-y-el-mundo\/"},"wordCount":494,"publisher":{"@id":"https:\/\/www.eldiario.net\/portal\/#organization"},"image":{"@id":"https:\/\/www.eldiario.net\/portal\/2024\/12\/12\/caida-de-plataformas-meta-causan-ola-de-memes-en-peru-y-el-mundo\/#primaryimage"},"thumbnailUrl":"https:\/\/www.eldiario.net\/portal\/wp-content\/uploads\/2024\/12\/META-FOTO.jpg","articleSection":["Internacional"],"inLanguage":"es"},{"@type":"WebPage","@id":"https:\/\/www.eldiario.net\/portal\/2024\/12\/12\/caida-de-plataformas-meta-causan-ola-de-memes-en-peru-y-el-mundo\/","url":"https:\/\/www.eldiario.net\/portal\/2024\/12\/12\/caida-de-plataformas-meta-causan-ola-de-memes-en-peru-y-el-mundo\/","name":"Ca\u00edda de plataformas Meta causan ola de memes en Per\u00fa y el mundo - El Diario - Bolivia","isPartOf":{"@id":"https:\/\/www.eldiario.net\/portal\/#website"},"primaryImageOfPage":{"@id":"https:\/\/www.eldiario.net\/portal\/2024\/12\/12\/caida-de-plataformas-meta-causan-ola-de-memes-en-peru-y-el-mundo\/#primaryimage"},"image":{"@id":"https:\/\/www.eldiario.net\/portal\/2024\/12\/12\/caida-de-plataformas-meta-causan-ola-de-memes-en-peru-y-el-mundo\/#primaryimage"},"thumbnailUrl":"https:\/\/www.eldiario.net\/portal\/wp-content\/uploads\/2024\/12\/META-FOTO.jpg","datePublished":"2024-12-12T09:46:20+00:00","breadcrumb":{"@id":"https:\/\/www.eldiario.net\/portal\/2024\/12\/12\/caida-de-plataformas-meta-causan-ola-de-memes-en-peru-y-el-mundo\/#breadcrumb"},"inLanguage":"es","potentialAction":[{"@type":"ReadAction","target":["https:\/\/www.eldiario.net\/portal\/2024\/12\/12\/caida-de-plataformas-meta-causan-ola-de-memes-en-peru-y-el-mundo\/"]}]},{"@type":"ImageObject","inLanguage":"es","@id":"https:\/\/www.eldiario.net\/portal\/2024\/12\/12\/caida-de-plataformas-meta-causan-ola-de-memes-en-peru-y-el-mundo\/#primaryimage","url":"https:\/\/www.eldiario.net\/portal\/wp-content\/uploads\/2024\/12\/META-FOTO.jpg","contentUrl":"https:\/\/www.eldiario.net\/portal\/wp-content\/uploads\/2024\/12\/META-FOTO.jpg","width":1068,"height":601,"caption":"Las plataformas de Whatsapp, Instagram y Facebook se cayeron y miles de usuarios quedaron sin el servicio. CREDITO: Impacto Venezuela"},{"@type":"BreadcrumbList","@id":"https:\/\/www.eldiario.net\/portal\/2024\/12\/12\/caida-de-plataformas-meta-causan-ola-de-memes-en-peru-y-el-mundo\/#breadcrumb","itemListElement":[{"@type":"ListItem","position":1,"name":"Portada","item":"https:\/\/www.eldiario.net\/portal\/"},{"@type":"ListItem","position":2,"name":"Ca\u00edda de plataformas Meta causan ola de memes en Per\u00fa y el mundo"}]},{"@type":"WebSite","@id":"https:\/\/www.eldiario.net\/portal\/#website","url":"https:\/\/www.eldiario.net\/portal\/","name":"El Diario - Decano de la prensa nacional","description":"El Diario - Decano de la prensa nacional","publisher":{"@id":"https:\/\/www.eldiario.net\/portal\/#organization"},"potentialAction":[{"@type":"SearchAction","target":{"@type":"EntryPoint","urlTemplate":"https:\/\/www.eldiario.net\/portal\/?s={search_term_string}"},"query-input":{"@type":"PropertyValueSpecification","valueRequired":true,"valueName":"search_term_string"}}],"inLanguage":"es"},{"@type":"Organization","@id":"https:\/\/www.eldiario.net\/portal\/#organization","name":"El Diario - Decano de la prensa nacional","url":"https:\/\/www.eldiario.net\/portal\/","logo":{"@type":"ImageObject","inLanguage":"es","@id":"https:\/\/www.eldiario.net\/portal\/#\/schema\/logo\/image\/","url":"https:\/\/www.eldiario.net\/portal\/wp-content\/uploads\/2023\/07\/logo_ED.jpg","contentUrl":"https:\/\/www.eldiario.net\/portal\/wp-content\/uploads\/2023\/07\/logo_ED.jpg","width":272,"height":52,"caption":"El Diario - Decano de la prensa nacional"},"image":{"@id":"https:\/\/www.eldiario.net\/portal\/#\/schema\/logo\/image\/"},"sameAs":["https:\/\/www.facebook.com\/eldiario.bolivia\/","https:\/\/x.com\/eldiario_net"]},{"@type":"Person","@id":"https:\/\/www.eldiario.net\/portal\/#\/schema\/person\/f46445640444750d7d753ccd04ae01b7","name":"Jeanette","image":{"@type":"ImageObject","inLanguage":"es","@id":"https:\/\/secure.gravatar.com\/avatar\/3ea2118a5f7dad2b7138b1187a6b7ee55f160b9968b66013c3a3ef39dd7e5798?s=96&d=mm&r=g","url":"https:\/\/secure.gravatar.com\/avatar\/3ea2118a5f7dad2b7138b1187a6b7ee55f160b9968b66013c3a3ef39dd7e5798?s=96&d=mm&r=g","contentUrl":"https:\/\/secure.gravatar.com\/avatar\/3ea2118a5f7dad2b7138b1187a6b7ee55f160b9968b66013c3a3ef39dd7e5798?s=96&d=mm&r=g","caption":"Jeanette"},"sameAs":["https:\/\/www.eldiario.net\/portal"],"url":"https:\/\/www.eldiario.net\/portal\/author\/jeanette\/"}]}},"_links":{"self":[{"href":"https:\/\/www.eldiario.net\/portal\/wp-json\/wp\/v2\/posts\/267415","targetHints":{"allow":["GET"]}}],"collection":[{"href":"https:\/\/www.eldiario.net\/portal\/wp-json\/wp\/v2\/posts"}],"about":[{"href":"https:\/\/www.eldiario.net\/portal\/wp-json\/wp\/v2\/types\/post"}],"author":[{"embeddable":true,"href":"https:\/\/www.eldiario.net\/portal\/wp-json\/wp\/v2\/users\/1"}],"replies":[{"embeddable":true,"href":"https:\/\/www.eldiario.net\/portal\/wp-json\/wp\/v2\/comments?post=267415"}],"version-history":[{"count":1,"href":"https:\/\/www.eldiario.net\/portal\/wp-json\/wp\/v2\/posts\/267415\/revisions"}],"predecessor-version":[{"id":267417,"href":"https:\/\/www.eldiario.net\/portal\/wp-json\/wp\/v2\/posts\/267415\/revisions\/267417"}],"wp:featuredmedia":[{"embeddable":true,"href":"https:\/\/www.eldiario.net\/portal\/wp-json\/wp\/v2\/media\/267416"}],"wp:attachment":[{"href":"https:\/\/www.eldiario.net\/portal\/wp-json\/wp\/v2\/media?parent=267415"}],"wp:term":[{"taxonomy":"category","embeddable":true,"href":"https:\/\/www.eldiario.net\/portal\/wp-json\/wp\/v2\/categories?post=267415"},{"taxonomy":"post_tag","embeddable":true,"href":"https:\/\/www.eldiario.net\/portal\/wp-json\/wp\/v2\/tags?post=267415"}],"curies":[{"name":"wp","href":"https:\/\/api.w.org\/{rel}","templated":true}]}}