{"id":26741,"date":"2021-08-30T05:51:06","date_gmt":"2021-08-30T09:51:06","guid":{"rendered":"https:\/\/www.eldiario.net\/portal\/?p=26741"},"modified":"2021-08-30T05:51:06","modified_gmt":"2021-08-30T09:51:06","slug":"tormenta-nora-causa-destrozos-en-mexico","status":"publish","type":"post","link":"https:\/\/www.eldiario.net\/portal\/2021\/08\/30\/tormenta-nora-causa-destrozos-en-mexico\/","title":{"rendered":"Tormenta Nora causa  destrozos en M\u00e9xico"},"content":{"rendered":"<p>Puerto Vallarta (M\u00e9xico).- Nora se degrad\u00f3 ayer a tormenta tropical tras azotar como hurac\u00e1n la costa oeste de M\u00e9xico, en aguas del oc\u00e9ano Pac\u00edfico, con lluvias torrenciales y r\u00e1fagas de vientos que provocaron da\u00f1os en varios estados, incluyendo algunos puertos tur\u00edsticos.<br \/>\nEl centro de Nora toc\u00f3 tierra el pasado s\u00e1bado como hurac\u00e1n de categor\u00eda 1 en la escala de Saffir-Simpson en las inmediaciones del municipio Tomatl\u00e1n, en el estado Jalisco, y desde entonces ha continuado su movimiento bordeando la l\u00ednea costera.<br \/>\nEn esos estados, donde fueron habilitados refugios y se realizaron evacuaciones preventivas en decenas de comunidades, se localizan populares centros vacacionales como Puerto Vallarta, Manzanillo y Acapulco.<br \/>\nUn edificio result\u00f3 colapsado por las inundaciones en c\u00e9ntricas calles de Puerto Vallarta tras desbordarse un r\u00edo que tambi\u00e9n rompi\u00f3 un puente, situaci\u00f3n que caus\u00f3 da\u00f1os a decenas de casas y comercios de la zona, dijo un testigo de Reuters.<br \/>\nMedios locales dijeron que un menor de edad que habitaba en el edificio colapsado se encontraba desaparecido. Autoridades no hab\u00edan informado de fallecimientos o lesionados.<br \/>\n\u00abEste hurac\u00e1n est\u00e1 dejando mucha lluvia, mucha agua\u00bb, dijo en una entrevista televisiva C\u00e9sar Guzm\u00e1n, director de Protecci\u00f3n Civil del estado Nayarit, vecino a Jalisco.<br \/>\nSeg\u00fan el Centro Nacional de Huracanes de Estados Unidos, Nora se ubicaba las 1800 GMT a 135 kil\u00f3metros (km) al noroeste de Mazatl\u00e1n, en el estado Sinaloa, soplando vientos m\u00e1ximos sostenidos de 110 kil\u00f3metros por hora (km\/h) mientras se mov\u00eda hacia el noroeste a 20 km\/h. (Reuters)<\/p>\n","protected":false},"excerpt":{"rendered":"<p>Puerto Vallarta (M\u00e9xico).- Nora se degrad\u00f3 ayer a tormenta tropical tras azotar como hurac\u00e1n la costa oeste de M\u00e9xico, en aguas del oc\u00e9ano Pac\u00edfico, con lluvias torrenciales y r\u00e1fagas de vientos que provocaron da\u00f1os en varios estados, incluyendo algunos puertos tur\u00edsticos. El centro de Nora toc\u00f3 tierra el pasado s\u00e1bado como hurac\u00e1n de categor\u00eda 1 [&hellip;]<\/p>\n","protected":false},"author":1,"featured_media":26742,"comment_status":"closed","ping_status":"closed","sticky":false,"template":"","format":"standard","meta":{"_acf_changed":false,"footnotes":""},"categories":[3],"tags":[],"class_list":["post-26741","post","type-post","status-publish","format-standard","has-post-thumbnail","category-internacional"],"acf":{"antetitulo":""},"yoast_head":"<!-- This site is optimized with the Yoast SEO plugin v28.4 - https:\/\/yoast.com\/product\/yoast-seo-wordpress\/ -->\n<title>Tormenta Nora causa destrozos en M\u00e9xico - El Diario - Bolivia<\/title>\n<meta name=\"robots\" content=\"index, follow, max-snippet:-1, max-image-preview:large, max-video-preview:-1\" \/>\n<link rel=\"canonical\" href=\"https:\/\/www.eldiario.net\/portal\/2021\/08\/30\/tormenta-nora-causa-destrozos-en-mexico\/\" \/>\n<meta property=\"og:locale\" content=\"es_ES\" \/>\n<meta property=\"og:type\" content=\"article\" \/>\n<meta property=\"og:title\" content=\"Tormenta Nora causa destrozos en M\u00e9xico - El Diario - Bolivia\" \/>\n<meta property=\"og:description\" content=\"Puerto Vallarta (M\u00e9xico).- Nora se degrad\u00f3 ayer a tormenta tropical tras azotar como hurac\u00e1n la costa oeste de M\u00e9xico, en aguas del oc\u00e9ano Pac\u00edfico, con lluvias torrenciales y r\u00e1fagas de vientos que provocaron da\u00f1os en varios estados, incluyendo algunos puertos tur\u00edsticos. El centro de Nora toc\u00f3 tierra el pasado s\u00e1bado como hurac\u00e1n de categor\u00eda 1 [&hellip;]\" \/>\n<meta property=\"og:url\" content=\"https:\/\/www.eldiario.net\/portal\/2021\/08\/30\/tormenta-nora-causa-destrozos-en-mexico\/\" \/>\n<meta property=\"og:site_name\" content=\"El Diario - Bolivia\" \/>\n<meta property=\"article:publisher\" content=\"https:\/\/www.facebook.com\/eldiario.bolivia\/\" \/>\n<meta property=\"article:published_time\" content=\"2021-08-30T09:51:06+00:00\" \/>\n<meta name=\"author\" content=\"Jeanette\" \/>\n<meta name=\"twitter:card\" content=\"summary_large_image\" \/>\n<meta name=\"twitter:creator\" content=\"@eldiario_net\" \/>\n<meta name=\"twitter:site\" content=\"@eldiario_net\" \/>\n<meta name=\"twitter:label1\" content=\"Escrito por\" \/>\n\t<meta name=\"twitter:data1\" content=\"Jeanette\" \/>\n\t<meta name=\"twitter:label2\" content=\"Tiempo de lectura\" \/>\n\t<meta name=\"twitter:data2\" content=\"2 minutos\" \/>\n<script type=\"application\/ld+json\" class=\"yoast-schema-graph\">{\"@context\":\"https:\\\/\\\/schema.org\",\"@graph\":[{\"@type\":\"Article\",\"@id\":\"https:\\\/\\\/www.eldiario.net\\\/portal\\\/2021\\\/08\\\/30\\\/tormenta-nora-causa-destrozos-en-mexico\\\/#article\",\"isPartOf\":{\"@id\":\"https:\\\/\\\/www.eldiario.net\\\/portal\\\/2021\\\/08\\\/30\\\/tormenta-nora-causa-destrozos-en-mexico\\\/\"},\"author\":{\"name\":\"Jeanette\",\"@id\":\"https:\\\/\\\/www.eldiario.net\\\/portal\\\/#\\\/schema\\\/person\\\/2c57cf2b7a7ae032e449e4c9b1019eac\"},\"headline\":\"Tormenta Nora causa destrozos en M\u00e9xico\",\"datePublished\":\"2021-08-30T09:51:06+00:00\",\"mainEntityOfPage\":{\"@id\":\"https:\\\/\\\/www.eldiario.net\\\/portal\\\/2021\\\/08\\\/30\\\/tormenta-nora-causa-destrozos-en-mexico\\\/\"},\"wordCount\":279,\"publisher\":{\"@id\":\"https:\\\/\\\/www.eldiario.net\\\/portal\\\/#organization\"},\"image\":{\"@id\":\"https:\\\/\\\/www.eldiario.net\\\/portal\\\/2021\\\/08\\\/30\\\/tormenta-nora-causa-destrozos-en-mexico\\\/#primaryimage\"},\"thumbnailUrl\":\"\",\"articleSection\":[\"Internacional\"],\"inLanguage\":\"es\"},{\"@type\":\"WebPage\",\"@id\":\"https:\\\/\\\/www.eldiario.net\\\/portal\\\/2021\\\/08\\\/30\\\/tormenta-nora-causa-destrozos-en-mexico\\\/\",\"url\":\"https:\\\/\\\/www.eldiario.net\\\/portal\\\/2021\\\/08\\\/30\\\/tormenta-nora-causa-destrozos-en-mexico\\\/\",\"name\":\"Tormenta Nora causa destrozos en M\u00e9xico - El Diario - Bolivia\",\"isPartOf\":{\"@id\":\"https:\\\/\\\/www.eldiario.net\\\/portal\\\/#website\"},\"primaryImageOfPage\":{\"@id\":\"https:\\\/\\\/www.eldiario.net\\\/portal\\\/2021\\\/08\\\/30\\\/tormenta-nora-causa-destrozos-en-mexico\\\/#primaryimage\"},\"image\":{\"@id\":\"https:\\\/\\\/www.eldiario.net\\\/portal\\\/2021\\\/08\\\/30\\\/tormenta-nora-causa-destrozos-en-mexico\\\/#primaryimage\"},\"thumbnailUrl\":\"\",\"datePublished\":\"2021-08-30T09:51:06+00:00\",\"breadcrumb\":{\"@id\":\"https:\\\/\\\/www.eldiario.net\\\/portal\\\/2021\\\/08\\\/30\\\/tormenta-nora-causa-destrozos-en-mexico\\\/#breadcrumb\"},\"inLanguage\":\"es\",\"potentialAction\":[{\"@type\":\"ReadAction\",\"target\":[\"https:\\\/\\\/www.eldiario.net\\\/portal\\\/2021\\\/08\\\/30\\\/tormenta-nora-causa-destrozos-en-mexico\\\/\"]}]},{\"@type\":\"ImageObject\",\"inLanguage\":\"es\",\"@id\":\"https:\\\/\\\/www.eldiario.net\\\/portal\\\/2021\\\/08\\\/30\\\/tormenta-nora-causa-destrozos-en-mexico\\\/#primaryimage\",\"url\":\"\",\"contentUrl\":\"\"},{\"@type\":\"BreadcrumbList\",\"@id\":\"https:\\\/\\\/www.eldiario.net\\\/portal\\\/2021\\\/08\\\/30\\\/tormenta-nora-causa-destrozos-en-mexico\\\/#breadcrumb\",\"itemListElement\":[{\"@type\":\"ListItem\",\"position\":1,\"name\":\"Portada\",\"item\":\"https:\\\/\\\/www.eldiario.net\\\/portal\\\/\"},{\"@type\":\"ListItem\",\"position\":2,\"name\":\"Tormenta Nora causa destrozos en M\u00e9xico\"}]},{\"@type\":\"WebSite\",\"@id\":\"https:\\\/\\\/www.eldiario.net\\\/portal\\\/#website\",\"url\":\"https:\\\/\\\/www.eldiario.net\\\/portal\\\/\",\"name\":\"El Diario - Decano de la prensa nacional\",\"description\":\"El Diario - Decano de la prensa nacional\",\"publisher\":{\"@id\":\"https:\\\/\\\/www.eldiario.net\\\/portal\\\/#organization\"},\"potentialAction\":[{\"@type\":\"SearchAction\",\"target\":{\"@type\":\"EntryPoint\",\"urlTemplate\":\"https:\\\/\\\/www.eldiario.net\\\/portal\\\/?s={search_term_string}\"},\"query-input\":{\"@type\":\"PropertyValueSpecification\",\"valueRequired\":true,\"valueName\":\"search_term_string\"}}],\"inLanguage\":\"es\"},{\"@type\":\"Organization\",\"@id\":\"https:\\\/\\\/www.eldiario.net\\\/portal\\\/#organization\",\"name\":\"El Diario - Decano de la prensa nacional\",\"url\":\"https:\\\/\\\/www.eldiario.net\\\/portal\\\/\",\"logo\":{\"@type\":\"ImageObject\",\"inLanguage\":\"es\",\"@id\":\"https:\\\/\\\/www.eldiario.net\\\/portal\\\/#\\\/schema\\\/logo\\\/image\\\/\",\"url\":\"https:\\\/\\\/www.eldiario.net\\\/portal\\\/wp-content\\\/uploads\\\/2023\\\/07\\\/logo_ED.jpg\",\"contentUrl\":\"https:\\\/\\\/www.eldiario.net\\\/portal\\\/wp-content\\\/uploads\\\/2023\\\/07\\\/logo_ED.jpg\",\"width\":272,\"height\":52,\"caption\":\"El Diario - Decano de la prensa nacional\"},\"image\":{\"@id\":\"https:\\\/\\\/www.eldiario.net\\\/portal\\\/#\\\/schema\\\/logo\\\/image\\\/\"},\"sameAs\":[\"https:\\\/\\\/www.facebook.com\\\/eldiario.bolivia\\\/\",\"https:\\\/\\\/x.com\\\/eldiario_net\"]},{\"@type\":\"Person\",\"@id\":\"https:\\\/\\\/www.eldiario.net\\\/portal\\\/#\\\/schema\\\/person\\\/2c57cf2b7a7ae032e449e4c9b1019eac\",\"name\":\"Jeanette\",\"image\":{\"@type\":\"ImageObject\",\"inLanguage\":\"es\",\"@id\":\"https:\\\/\\\/secure.gravatar.com\\\/avatar\\\/3ea2118a5f7dad2b7138b1187a6b7ee55f160b9968b66013c3a3ef39dd7e5798?s=96&d=mm&r=g\",\"url\":\"https:\\\/\\\/secure.gravatar.com\\\/avatar\\\/3ea2118a5f7dad2b7138b1187a6b7ee55f160b9968b66013c3a3ef39dd7e5798?s=96&d=mm&r=g\",\"contentUrl\":\"https:\\\/\\\/secure.gravatar.com\\\/avatar\\\/3ea2118a5f7dad2b7138b1187a6b7ee55f160b9968b66013c3a3ef39dd7e5798?s=96&d=mm&r=g\",\"caption\":\"Jeanette\"},\"sameAs\":[\"https:\\\/\\\/www.eldiario.net\\\/portal\"],\"url\":\"https:\\\/\\\/www.eldiario.net\\\/portal\\\/author\\\/jeanette\\\/\"}]}<\/script>\n<!-- \/ Yoast SEO plugin. -->","yoast_head_json":{"title":"Tormenta Nora causa destrozos en M\u00e9xico - El Diario - Bolivia","robots":{"index":"index","follow":"follow","max-snippet":"max-snippet:-1","max-image-preview":"max-image-preview:large","max-video-preview":"max-video-preview:-1"},"canonical":"https:\/\/www.eldiario.net\/portal\/2021\/08\/30\/tormenta-nora-causa-destrozos-en-mexico\/","og_locale":"es_ES","og_type":"article","og_title":"Tormenta Nora causa destrozos en M\u00e9xico - El Diario - Bolivia","og_description":"Puerto Vallarta (M\u00e9xico).- Nora se degrad\u00f3 ayer a tormenta tropical tras azotar como hurac\u00e1n la costa oeste de M\u00e9xico, en aguas del oc\u00e9ano Pac\u00edfico, con lluvias torrenciales y r\u00e1fagas de vientos que provocaron da\u00f1os en varios estados, incluyendo algunos puertos tur\u00edsticos. El centro de Nora toc\u00f3 tierra el pasado s\u00e1bado como hurac\u00e1n de categor\u00eda 1 [&hellip;]","og_url":"https:\/\/www.eldiario.net\/portal\/2021\/08\/30\/tormenta-nora-causa-destrozos-en-mexico\/","og_site_name":"El Diario - Bolivia","article_publisher":"https:\/\/www.facebook.com\/eldiario.bolivia\/","article_published_time":"2021-08-30T09:51:06+00:00","author":"Jeanette","twitter_card":"summary_large_image","twitter_creator":"@eldiario_net","twitter_site":"@eldiario_net","twitter_misc":{"Escrito por":"Jeanette","Tiempo de lectura":"2 minutos"},"schema":{"@context":"https:\/\/schema.org","@graph":[{"@type":"Article","@id":"https:\/\/www.eldiario.net\/portal\/2021\/08\/30\/tormenta-nora-causa-destrozos-en-mexico\/#article","isPartOf":{"@id":"https:\/\/www.eldiario.net\/portal\/2021\/08\/30\/tormenta-nora-causa-destrozos-en-mexico\/"},"author":{"name":"Jeanette","@id":"https:\/\/www.eldiario.net\/portal\/#\/schema\/person\/2c57cf2b7a7ae032e449e4c9b1019eac"},"headline":"Tormenta Nora causa destrozos en M\u00e9xico","datePublished":"2021-08-30T09:51:06+00:00","mainEntityOfPage":{"@id":"https:\/\/www.eldiario.net\/portal\/2021\/08\/30\/tormenta-nora-causa-destrozos-en-mexico\/"},"wordCount":279,"publisher":{"@id":"https:\/\/www.eldiario.net\/portal\/#organization"},"image":{"@id":"https:\/\/www.eldiario.net\/portal\/2021\/08\/30\/tormenta-nora-causa-destrozos-en-mexico\/#primaryimage"},"thumbnailUrl":"","articleSection":["Internacional"],"inLanguage":"es"},{"@type":"WebPage","@id":"https:\/\/www.eldiario.net\/portal\/2021\/08\/30\/tormenta-nora-causa-destrozos-en-mexico\/","url":"https:\/\/www.eldiario.net\/portal\/2021\/08\/30\/tormenta-nora-causa-destrozos-en-mexico\/","name":"Tormenta Nora causa destrozos en M\u00e9xico - El Diario - Bolivia","isPartOf":{"@id":"https:\/\/www.eldiario.net\/portal\/#website"},"primaryImageOfPage":{"@id":"https:\/\/www.eldiario.net\/portal\/2021\/08\/30\/tormenta-nora-causa-destrozos-en-mexico\/#primaryimage"},"image":{"@id":"https:\/\/www.eldiario.net\/portal\/2021\/08\/30\/tormenta-nora-causa-destrozos-en-mexico\/#primaryimage"},"thumbnailUrl":"","datePublished":"2021-08-30T09:51:06+00:00","breadcrumb":{"@id":"https:\/\/www.eldiario.net\/portal\/2021\/08\/30\/tormenta-nora-causa-destrozos-en-mexico\/#breadcrumb"},"inLanguage":"es","potentialAction":[{"@type":"ReadAction","target":["https:\/\/www.eldiario.net\/portal\/2021\/08\/30\/tormenta-nora-causa-destrozos-en-mexico\/"]}]},{"@type":"ImageObject","inLanguage":"es","@id":"https:\/\/www.eldiario.net\/portal\/2021\/08\/30\/tormenta-nora-causa-destrozos-en-mexico\/#primaryimage","url":"","contentUrl":""},{"@type":"BreadcrumbList","@id":"https:\/\/www.eldiario.net\/portal\/2021\/08\/30\/tormenta-nora-causa-destrozos-en-mexico\/#breadcrumb","itemListElement":[{"@type":"ListItem","position":1,"name":"Portada","item":"https:\/\/www.eldiario.net\/portal\/"},{"@type":"ListItem","position":2,"name":"Tormenta Nora causa destrozos en M\u00e9xico"}]},{"@type":"WebSite","@id":"https:\/\/www.eldiario.net\/portal\/#website","url":"https:\/\/www.eldiario.net\/portal\/","name":"El Diario - Decano de la prensa nacional","description":"El Diario - Decano de la prensa nacional","publisher":{"@id":"https:\/\/www.eldiario.net\/portal\/#organization"},"potentialAction":[{"@type":"SearchAction","target":{"@type":"EntryPoint","urlTemplate":"https:\/\/www.eldiario.net\/portal\/?s={search_term_string}"},"query-input":{"@type":"PropertyValueSpecification","valueRequired":true,"valueName":"search_term_string"}}],"inLanguage":"es"},{"@type":"Organization","@id":"https:\/\/www.eldiario.net\/portal\/#organization","name":"El Diario - Decano de la prensa nacional","url":"https:\/\/www.eldiario.net\/portal\/","logo":{"@type":"ImageObject","inLanguage":"es","@id":"https:\/\/www.eldiario.net\/portal\/#\/schema\/logo\/image\/","url":"https:\/\/www.eldiario.net\/portal\/wp-content\/uploads\/2023\/07\/logo_ED.jpg","contentUrl":"https:\/\/www.eldiario.net\/portal\/wp-content\/uploads\/2023\/07\/logo_ED.jpg","width":272,"height":52,"caption":"El Diario - Decano de la prensa nacional"},"image":{"@id":"https:\/\/www.eldiario.net\/portal\/#\/schema\/logo\/image\/"},"sameAs":["https:\/\/www.facebook.com\/eldiario.bolivia\/","https:\/\/x.com\/eldiario_net"]},{"@type":"Person","@id":"https:\/\/www.eldiario.net\/portal\/#\/schema\/person\/2c57cf2b7a7ae032e449e4c9b1019eac","name":"Jeanette","image":{"@type":"ImageObject","inLanguage":"es","@id":"https:\/\/secure.gravatar.com\/avatar\/3ea2118a5f7dad2b7138b1187a6b7ee55f160b9968b66013c3a3ef39dd7e5798?s=96&d=mm&r=g","url":"https:\/\/secure.gravatar.com\/avatar\/3ea2118a5f7dad2b7138b1187a6b7ee55f160b9968b66013c3a3ef39dd7e5798?s=96&d=mm&r=g","contentUrl":"https:\/\/secure.gravatar.com\/avatar\/3ea2118a5f7dad2b7138b1187a6b7ee55f160b9968b66013c3a3ef39dd7e5798?s=96&d=mm&r=g","caption":"Jeanette"},"sameAs":["https:\/\/www.eldiario.net\/portal"],"url":"https:\/\/www.eldiario.net\/portal\/author\/jeanette\/"}]}},"_links":{"self":[{"href":"https:\/\/www.eldiario.net\/portal\/wp-json\/wp\/v2\/posts\/26741","targetHints":{"allow":["GET"]}}],"collection":[{"href":"https:\/\/www.eldiario.net\/portal\/wp-json\/wp\/v2\/posts"}],"about":[{"href":"https:\/\/www.eldiario.net\/portal\/wp-json\/wp\/v2\/types\/post"}],"author":[{"embeddable":true,"href":"https:\/\/www.eldiario.net\/portal\/wp-json\/wp\/v2\/users\/1"}],"replies":[{"embeddable":true,"href":"https:\/\/www.eldiario.net\/portal\/wp-json\/wp\/v2\/comments?post=26741"}],"version-history":[{"count":0,"href":"https:\/\/www.eldiario.net\/portal\/wp-json\/wp\/v2\/posts\/26741\/revisions"}],"wp:attachment":[{"href":"https:\/\/www.eldiario.net\/portal\/wp-json\/wp\/v2\/media?parent=26741"}],"wp:term":[{"taxonomy":"category","embeddable":true,"href":"https:\/\/www.eldiario.net\/portal\/wp-json\/wp\/v2\/categories?post=26741"},{"taxonomy":"post_tag","embeddable":true,"href":"https:\/\/www.eldiario.net\/portal\/wp-json\/wp\/v2\/tags?post=26741"}],"curies":[{"name":"wp","href":"https:\/\/api.w.org\/{rel}","templated":true}]}}