{"id":267409,"date":"2024-12-12T05:45:10","date_gmt":"2024-12-12T09:45:10","guid":{"rendered":"https:\/\/www.eldiario.net\/portal\/?p=267409"},"modified":"2024-12-12T05:45:10","modified_gmt":"2024-12-12T09:45:10","slug":"paises-de-la-oea-exigen-salvoconductos-para-asilados-en-embajada-de-argentina","status":"publish","type":"post","link":"https:\/\/www.eldiario.net\/portal\/2024\/12\/12\/paises-de-la-oea-exigen-salvoconductos-para-asilados-en-embajada-de-argentina\/","title":{"rendered":"Pa\u00edses de la OEA exigen salvoconductos para asilados en Embajada de Argentina"},"content":{"rendered":"<p>Un total de 14 pa\u00edses de la Organizaci\u00f3n de Estados Americanos (OEA) exigieron al Gobierno de Venezuela que emita de forma \u00abinmediata\u00bb salvoconductos para los seis opositores que se encuentran en calidad de asilados en la Embajada argentina en Caracas.<\/p>\n<p>Argentina, Canad\u00e1, Chile, Costa Rica, El Salvador, Estados Unidos, Guatemala, Hait\u00ed, Panam\u00e1, Per\u00fa, Rep\u00fablica Dominicana, Suriname, Uruguay y Paraguay reafirmaron su \u00abcompromiso con la protecci\u00f3n de los Derechos Humanos, la garant\u00eda de la inviolabilidad de las misiones diplom\u00e1ticas\u00bb, as\u00ed como \u00abel pleno respeto al derecho de asilo diplom\u00e1tico\u00bb.<\/p>\n<p>En la declaraci\u00f3n, le\u00edda por el representante de Uruguay ante la OEA, Ra\u00fal Florent\u00edn, durante una sesi\u00f3n extraordinaria del Consejo Permanente, recordaron que las fuerzas de seguridad venezolanas llevaron a cabo \u00abactos de hostigamiento\u00bb contra la legaci\u00f3n diplom\u00e1tica, actualmente bajo protecci\u00f3n de Brasil, \u00abmediante la presencia intimidatoria de personal armado\u00bb.<\/p>\n<p>Los pa\u00edses recordaron que se produjeron cortes de energ\u00eda el\u00e9ctrica y agua corriente, as\u00ed como una interrupci\u00f3n en el ingreso de alimentos y agua, algo que \u00abrepresenta una situaci\u00f3n de peligro para su vida e integridad personal\u00bb.<\/p>\n<p>En este sentido, afirmaron que estas acciones \u00abde hostigamiento y asedio constituyen una flagrante violaci\u00f3n del Derecho Internacional, en particular a los art\u00edculos 22 y 25 de la Convenci\u00f3n de Viena\u00bb que obligan a tomar medidas para proteger a las embajadas diplom\u00e1ticas.<\/p>\n<p>De la misma forma, los pa\u00edses recordaron que la Convenci\u00f3n sobre Asilo Diplom\u00e1tico de 1954 \u00abimpone al Gobierno venezolano la obligaci\u00f3n de otorgar\u00bb la seguridad suficiente para que los asilados puedan abandonar el pa\u00eds \u00absin que peligre su vida, su libertad o integridad\u00bb.<\/p>\n<p>\u00abLos Estados miembros insistieron en el respeto de los Derechos Humanos y las libertades individuales y solicitaron a las autoridades de la Rep\u00fablica Bolivariana de Venezuela que protejan las instalaciones diplom\u00e1ticas y al personal residente en territorio venezolano\u00bb, sostuvo, recordando as\u00ed la resoluci\u00f3n adoptada en agosto sobre Venezuela.<\/p>\n<p>Los seis venezolanos que se encuentran en la Embajada de Argentina en Caracas son estrechos colaboradores de la l\u00edder opositora, Mar\u00eda Corina Machado. Se trata de Magalli Meda, Claudia Macero, Omar Gonz\u00e1lez Moreno, Pedro Urruchurtu, Fernando Villalobos y Pedro Mart\u00ednez Motolla, quienes entraron en la sede diplom\u00e1tica el 20 de marzo tras emitirse una orden de captura en su contra.<\/p>\n<p>Desde entonces, las autoridades venezolanas vigilan la sede diplom\u00e1tica. La ruptura de relaciones entre Caracas y Buenos Aires llev\u00f3 a la intervenci\u00f3n de Brasil, que se hizo cargo de la representaci\u00f3n argentina en Venezuela.(EP)<\/p>\n","protected":false},"excerpt":{"rendered":"<p>Un total de 14 pa\u00edses de la Organizaci\u00f3n de Estados Americanos (OEA) exigieron al Gobierno de Venezuela que emita de forma \u00abinmediata\u00bb salvoconductos para los seis opositores que se encuentran en calidad de asilados en la Embajada argentina en Caracas. Argentina, Canad\u00e1, Chile, Costa Rica, El Salvador, Estados Unidos, Guatemala, Hait\u00ed, Panam\u00e1, Per\u00fa, Rep\u00fablica Dominicana, [&hellip;]<\/p>\n","protected":false},"author":1,"featured_media":267410,"comment_status":"closed","ping_status":"open","sticky":false,"template":"","format":"standard","meta":{"_acf_changed":false,"footnotes":""},"categories":[3],"tags":[],"class_list":["post-267409","post","type-post","status-publish","format-standard","has-post-thumbnail","category-internacional"],"acf":{"antetitulo":"Venezuela"},"yoast_head":"<!-- This site is optimized with the Yoast SEO plugin v28.4 - https:\/\/yoast.com\/product\/yoast-seo-wordpress\/ -->\n<title>Pa\u00edses de la OEA exigen salvoconductos para asilados en Embajada de Argentina - El Diario - Bolivia<\/title>\n<meta name=\"robots\" content=\"index, follow, max-snippet:-1, max-image-preview:large, max-video-preview:-1\" \/>\n<link rel=\"canonical\" href=\"https:\/\/www.eldiario.net\/portal\/2024\/12\/12\/paises-de-la-oea-exigen-salvoconductos-para-asilados-en-embajada-de-argentina\/\" \/>\n<meta property=\"og:locale\" content=\"es_ES\" \/>\n<meta property=\"og:type\" content=\"article\" \/>\n<meta property=\"og:title\" content=\"Pa\u00edses de la OEA exigen salvoconductos para asilados en Embajada de Argentina - El Diario - Bolivia\" \/>\n<meta property=\"og:description\" content=\"Un total de 14 pa\u00edses de la Organizaci\u00f3n de Estados Americanos (OEA) exigieron al Gobierno de Venezuela que emita de forma \u00abinmediata\u00bb salvoconductos para los seis opositores que se encuentran en calidad de asilados en la Embajada argentina en Caracas. Argentina, Canad\u00e1, Chile, Costa Rica, El Salvador, Estados Unidos, Guatemala, Hait\u00ed, Panam\u00e1, Per\u00fa, Rep\u00fablica Dominicana, [&hellip;]\" \/>\n<meta property=\"og:url\" content=\"https:\/\/www.eldiario.net\/portal\/2024\/12\/12\/paises-de-la-oea-exigen-salvoconductos-para-asilados-en-embajada-de-argentina\/\" \/>\n<meta property=\"og:site_name\" content=\"El Diario - Bolivia\" \/>\n<meta property=\"article:publisher\" content=\"https:\/\/www.facebook.com\/eldiario.bolivia\/\" \/>\n<meta property=\"article:published_time\" content=\"2024-12-12T09:45:10+00:00\" \/>\n<meta property=\"og:image\" content=\"https:\/\/www.eldiario.net\/portal\/wp-content\/uploads\/2024\/12\/OEA-FOTO.jpg\" \/>\n\t<meta property=\"og:image:width\" content=\"950\" \/>\n\t<meta property=\"og:image:height\" content=\"468\" \/>\n\t<meta property=\"og:image:type\" content=\"image\/jpeg\" \/>\n<meta name=\"author\" content=\"Jeanette\" \/>\n<meta name=\"twitter:card\" content=\"summary_large_image\" \/>\n<meta name=\"twitter:creator\" content=\"@eldiario_net\" \/>\n<meta name=\"twitter:site\" content=\"@eldiario_net\" \/>\n<meta name=\"twitter:label1\" content=\"Escrito por\" \/>\n\t<meta name=\"twitter:data1\" content=\"Jeanette\" \/>\n\t<meta name=\"twitter:label2\" content=\"Tiempo de lectura\" \/>\n\t<meta name=\"twitter:data2\" content=\"3 minutos\" \/>\n<script type=\"application\/ld+json\" class=\"yoast-schema-graph\">{\"@context\":\"https:\\\/\\\/schema.org\",\"@graph\":[{\"@type\":\"Article\",\"@id\":\"https:\\\/\\\/www.eldiario.net\\\/portal\\\/2024\\\/12\\\/12\\\/paises-de-la-oea-exigen-salvoconductos-para-asilados-en-embajada-de-argentina\\\/#article\",\"isPartOf\":{\"@id\":\"https:\\\/\\\/www.eldiario.net\\\/portal\\\/2024\\\/12\\\/12\\\/paises-de-la-oea-exigen-salvoconductos-para-asilados-en-embajada-de-argentina\\\/\"},\"author\":{\"name\":\"Jeanette\",\"@id\":\"https:\\\/\\\/www.eldiario.net\\\/portal\\\/#\\\/schema\\\/person\\\/f46445640444750d7d753ccd04ae01b7\"},\"headline\":\"Pa\u00edses de la OEA exigen salvoconductos para asilados en Embajada de Argentina\",\"datePublished\":\"2024-12-12T09:45:10+00:00\",\"mainEntityOfPage\":{\"@id\":\"https:\\\/\\\/www.eldiario.net\\\/portal\\\/2024\\\/12\\\/12\\\/paises-de-la-oea-exigen-salvoconductos-para-asilados-en-embajada-de-argentina\\\/\"},\"wordCount\":451,\"publisher\":{\"@id\":\"https:\\\/\\\/www.eldiario.net\\\/portal\\\/#organization\"},\"image\":{\"@id\":\"https:\\\/\\\/www.eldiario.net\\\/portal\\\/2024\\\/12\\\/12\\\/paises-de-la-oea-exigen-salvoconductos-para-asilados-en-embajada-de-argentina\\\/#primaryimage\"},\"thumbnailUrl\":\"https:\\\/\\\/www.eldiario.net\\\/portal\\\/wp-content\\\/uploads\\\/2024\\\/12\\\/OEA-FOTO.jpg\",\"articleSection\":[\"Internacional\"],\"inLanguage\":\"es\"},{\"@type\":\"WebPage\",\"@id\":\"https:\\\/\\\/www.eldiario.net\\\/portal\\\/2024\\\/12\\\/12\\\/paises-de-la-oea-exigen-salvoconductos-para-asilados-en-embajada-de-argentina\\\/\",\"url\":\"https:\\\/\\\/www.eldiario.net\\\/portal\\\/2024\\\/12\\\/12\\\/paises-de-la-oea-exigen-salvoconductos-para-asilados-en-embajada-de-argentina\\\/\",\"name\":\"Pa\u00edses de la OEA exigen salvoconductos para asilados en Embajada de Argentina - El Diario - Bolivia\",\"isPartOf\":{\"@id\":\"https:\\\/\\\/www.eldiario.net\\\/portal\\\/#website\"},\"primaryImageOfPage\":{\"@id\":\"https:\\\/\\\/www.eldiario.net\\\/portal\\\/2024\\\/12\\\/12\\\/paises-de-la-oea-exigen-salvoconductos-para-asilados-en-embajada-de-argentina\\\/#primaryimage\"},\"image\":{\"@id\":\"https:\\\/\\\/www.eldiario.net\\\/portal\\\/2024\\\/12\\\/12\\\/paises-de-la-oea-exigen-salvoconductos-para-asilados-en-embajada-de-argentina\\\/#primaryimage\"},\"thumbnailUrl\":\"https:\\\/\\\/www.eldiario.net\\\/portal\\\/wp-content\\\/uploads\\\/2024\\\/12\\\/OEA-FOTO.jpg\",\"datePublished\":\"2024-12-12T09:45:10+00:00\",\"breadcrumb\":{\"@id\":\"https:\\\/\\\/www.eldiario.net\\\/portal\\\/2024\\\/12\\\/12\\\/paises-de-la-oea-exigen-salvoconductos-para-asilados-en-embajada-de-argentina\\\/#breadcrumb\"},\"inLanguage\":\"es\",\"potentialAction\":[{\"@type\":\"ReadAction\",\"target\":[\"https:\\\/\\\/www.eldiario.net\\\/portal\\\/2024\\\/12\\\/12\\\/paises-de-la-oea-exigen-salvoconductos-para-asilados-en-embajada-de-argentina\\\/\"]}]},{\"@type\":\"ImageObject\",\"inLanguage\":\"es\",\"@id\":\"https:\\\/\\\/www.eldiario.net\\\/portal\\\/2024\\\/12\\\/12\\\/paises-de-la-oea-exigen-salvoconductos-para-asilados-en-embajada-de-argentina\\\/#primaryimage\",\"url\":\"https:\\\/\\\/www.eldiario.net\\\/portal\\\/wp-content\\\/uploads\\\/2024\\\/12\\\/OEA-FOTO.jpg\",\"contentUrl\":\"https:\\\/\\\/www.eldiario.net\\\/portal\\\/wp-content\\\/uploads\\\/2024\\\/12\\\/OEA-FOTO.jpg\",\"width\":950,\"height\":468,\"caption\":\"Miembros de la OEA piden a Maduro agilizar salvoconductos para venezolanos asilados en Embajada de Argentina en Caracas. CREDITO: PanAm Post\"},{\"@type\":\"BreadcrumbList\",\"@id\":\"https:\\\/\\\/www.eldiario.net\\\/portal\\\/2024\\\/12\\\/12\\\/paises-de-la-oea-exigen-salvoconductos-para-asilados-en-embajada-de-argentina\\\/#breadcrumb\",\"itemListElement\":[{\"@type\":\"ListItem\",\"position\":1,\"name\":\"Portada\",\"item\":\"https:\\\/\\\/www.eldiario.net\\\/portal\\\/\"},{\"@type\":\"ListItem\",\"position\":2,\"name\":\"Pa\u00edses de la OEA exigen salvoconductos para asilados en Embajada de Argentina\"}]},{\"@type\":\"WebSite\",\"@id\":\"https:\\\/\\\/www.eldiario.net\\\/portal\\\/#website\",\"url\":\"https:\\\/\\\/www.eldiario.net\\\/portal\\\/\",\"name\":\"El Diario - Decano de la prensa nacional\",\"description\":\"El Diario - Decano de la prensa nacional\",\"publisher\":{\"@id\":\"https:\\\/\\\/www.eldiario.net\\\/portal\\\/#organization\"},\"potentialAction\":[{\"@type\":\"SearchAction\",\"target\":{\"@type\":\"EntryPoint\",\"urlTemplate\":\"https:\\\/\\\/www.eldiario.net\\\/portal\\\/?s={search_term_string}\"},\"query-input\":{\"@type\":\"PropertyValueSpecification\",\"valueRequired\":true,\"valueName\":\"search_term_string\"}}],\"inLanguage\":\"es\"},{\"@type\":\"Organization\",\"@id\":\"https:\\\/\\\/www.eldiario.net\\\/portal\\\/#organization\",\"name\":\"El Diario - Decano de la prensa nacional\",\"url\":\"https:\\\/\\\/www.eldiario.net\\\/portal\\\/\",\"logo\":{\"@type\":\"ImageObject\",\"inLanguage\":\"es\",\"@id\":\"https:\\\/\\\/www.eldiario.net\\\/portal\\\/#\\\/schema\\\/logo\\\/image\\\/\",\"url\":\"https:\\\/\\\/www.eldiario.net\\\/portal\\\/wp-content\\\/uploads\\\/2023\\\/07\\\/logo_ED.jpg\",\"contentUrl\":\"https:\\\/\\\/www.eldiario.net\\\/portal\\\/wp-content\\\/uploads\\\/2023\\\/07\\\/logo_ED.jpg\",\"width\":272,\"height\":52,\"caption\":\"El Diario - Decano de la prensa nacional\"},\"image\":{\"@id\":\"https:\\\/\\\/www.eldiario.net\\\/portal\\\/#\\\/schema\\\/logo\\\/image\\\/\"},\"sameAs\":[\"https:\\\/\\\/www.facebook.com\\\/eldiario.bolivia\\\/\",\"https:\\\/\\\/x.com\\\/eldiario_net\"]},{\"@type\":\"Person\",\"@id\":\"https:\\\/\\\/www.eldiario.net\\\/portal\\\/#\\\/schema\\\/person\\\/f46445640444750d7d753ccd04ae01b7\",\"name\":\"Jeanette\",\"image\":{\"@type\":\"ImageObject\",\"inLanguage\":\"es\",\"@id\":\"https:\\\/\\\/secure.gravatar.com\\\/avatar\\\/3ea2118a5f7dad2b7138b1187a6b7ee55f160b9968b66013c3a3ef39dd7e5798?s=96&d=mm&r=g\",\"url\":\"https:\\\/\\\/secure.gravatar.com\\\/avatar\\\/3ea2118a5f7dad2b7138b1187a6b7ee55f160b9968b66013c3a3ef39dd7e5798?s=96&d=mm&r=g\",\"contentUrl\":\"https:\\\/\\\/secure.gravatar.com\\\/avatar\\\/3ea2118a5f7dad2b7138b1187a6b7ee55f160b9968b66013c3a3ef39dd7e5798?s=96&d=mm&r=g\",\"caption\":\"Jeanette\"},\"sameAs\":[\"https:\\\/\\\/www.eldiario.net\\\/portal\"],\"url\":\"https:\\\/\\\/www.eldiario.net\\\/portal\\\/author\\\/jeanette\\\/\"}]}<\/script>\n<!-- \/ Yoast SEO plugin. -->","yoast_head_json":{"title":"Pa\u00edses de la OEA exigen salvoconductos para asilados en Embajada de Argentina - El Diario - Bolivia","robots":{"index":"index","follow":"follow","max-snippet":"max-snippet:-1","max-image-preview":"max-image-preview:large","max-video-preview":"max-video-preview:-1"},"canonical":"https:\/\/www.eldiario.net\/portal\/2024\/12\/12\/paises-de-la-oea-exigen-salvoconductos-para-asilados-en-embajada-de-argentina\/","og_locale":"es_ES","og_type":"article","og_title":"Pa\u00edses de la OEA exigen salvoconductos para asilados en Embajada de Argentina - El Diario - Bolivia","og_description":"Un total de 14 pa\u00edses de la Organizaci\u00f3n de Estados Americanos (OEA) exigieron al Gobierno de Venezuela que emita de forma \u00abinmediata\u00bb salvoconductos para los seis opositores que se encuentran en calidad de asilados en la Embajada argentina en Caracas. Argentina, Canad\u00e1, Chile, Costa Rica, El Salvador, Estados Unidos, Guatemala, Hait\u00ed, Panam\u00e1, Per\u00fa, Rep\u00fablica Dominicana, [&hellip;]","og_url":"https:\/\/www.eldiario.net\/portal\/2024\/12\/12\/paises-de-la-oea-exigen-salvoconductos-para-asilados-en-embajada-de-argentina\/","og_site_name":"El Diario - Bolivia","article_publisher":"https:\/\/www.facebook.com\/eldiario.bolivia\/","article_published_time":"2024-12-12T09:45:10+00:00","og_image":[{"width":950,"height":468,"url":"https:\/\/www.eldiario.net\/portal\/wp-content\/uploads\/2024\/12\/OEA-FOTO.jpg","type":"image\/jpeg"}],"author":"Jeanette","twitter_card":"summary_large_image","twitter_creator":"@eldiario_net","twitter_site":"@eldiario_net","twitter_misc":{"Escrito por":"Jeanette","Tiempo de lectura":"3 minutos"},"schema":{"@context":"https:\/\/schema.org","@graph":[{"@type":"Article","@id":"https:\/\/www.eldiario.net\/portal\/2024\/12\/12\/paises-de-la-oea-exigen-salvoconductos-para-asilados-en-embajada-de-argentina\/#article","isPartOf":{"@id":"https:\/\/www.eldiario.net\/portal\/2024\/12\/12\/paises-de-la-oea-exigen-salvoconductos-para-asilados-en-embajada-de-argentina\/"},"author":{"name":"Jeanette","@id":"https:\/\/www.eldiario.net\/portal\/#\/schema\/person\/f46445640444750d7d753ccd04ae01b7"},"headline":"Pa\u00edses de la OEA exigen salvoconductos para asilados en Embajada de Argentina","datePublished":"2024-12-12T09:45:10+00:00","mainEntityOfPage":{"@id":"https:\/\/www.eldiario.net\/portal\/2024\/12\/12\/paises-de-la-oea-exigen-salvoconductos-para-asilados-en-embajada-de-argentina\/"},"wordCount":451,"publisher":{"@id":"https:\/\/www.eldiario.net\/portal\/#organization"},"image":{"@id":"https:\/\/www.eldiario.net\/portal\/2024\/12\/12\/paises-de-la-oea-exigen-salvoconductos-para-asilados-en-embajada-de-argentina\/#primaryimage"},"thumbnailUrl":"https:\/\/www.eldiario.net\/portal\/wp-content\/uploads\/2024\/12\/OEA-FOTO.jpg","articleSection":["Internacional"],"inLanguage":"es"},{"@type":"WebPage","@id":"https:\/\/www.eldiario.net\/portal\/2024\/12\/12\/paises-de-la-oea-exigen-salvoconductos-para-asilados-en-embajada-de-argentina\/","url":"https:\/\/www.eldiario.net\/portal\/2024\/12\/12\/paises-de-la-oea-exigen-salvoconductos-para-asilados-en-embajada-de-argentina\/","name":"Pa\u00edses de la OEA exigen salvoconductos para asilados en Embajada de Argentina - El Diario - Bolivia","isPartOf":{"@id":"https:\/\/www.eldiario.net\/portal\/#website"},"primaryImageOfPage":{"@id":"https:\/\/www.eldiario.net\/portal\/2024\/12\/12\/paises-de-la-oea-exigen-salvoconductos-para-asilados-en-embajada-de-argentina\/#primaryimage"},"image":{"@id":"https:\/\/www.eldiario.net\/portal\/2024\/12\/12\/paises-de-la-oea-exigen-salvoconductos-para-asilados-en-embajada-de-argentina\/#primaryimage"},"thumbnailUrl":"https:\/\/www.eldiario.net\/portal\/wp-content\/uploads\/2024\/12\/OEA-FOTO.jpg","datePublished":"2024-12-12T09:45:10+00:00","breadcrumb":{"@id":"https:\/\/www.eldiario.net\/portal\/2024\/12\/12\/paises-de-la-oea-exigen-salvoconductos-para-asilados-en-embajada-de-argentina\/#breadcrumb"},"inLanguage":"es","potentialAction":[{"@type":"ReadAction","target":["https:\/\/www.eldiario.net\/portal\/2024\/12\/12\/paises-de-la-oea-exigen-salvoconductos-para-asilados-en-embajada-de-argentina\/"]}]},{"@type":"ImageObject","inLanguage":"es","@id":"https:\/\/www.eldiario.net\/portal\/2024\/12\/12\/paises-de-la-oea-exigen-salvoconductos-para-asilados-en-embajada-de-argentina\/#primaryimage","url":"https:\/\/www.eldiario.net\/portal\/wp-content\/uploads\/2024\/12\/OEA-FOTO.jpg","contentUrl":"https:\/\/www.eldiario.net\/portal\/wp-content\/uploads\/2024\/12\/OEA-FOTO.jpg","width":950,"height":468,"caption":"Miembros de la OEA piden a Maduro agilizar salvoconductos para venezolanos asilados en Embajada de Argentina en Caracas. CREDITO: PanAm Post"},{"@type":"BreadcrumbList","@id":"https:\/\/www.eldiario.net\/portal\/2024\/12\/12\/paises-de-la-oea-exigen-salvoconductos-para-asilados-en-embajada-de-argentina\/#breadcrumb","itemListElement":[{"@type":"ListItem","position":1,"name":"Portada","item":"https:\/\/www.eldiario.net\/portal\/"},{"@type":"ListItem","position":2,"name":"Pa\u00edses de la OEA exigen salvoconductos para asilados en Embajada de Argentina"}]},{"@type":"WebSite","@id":"https:\/\/www.eldiario.net\/portal\/#website","url":"https:\/\/www.eldiario.net\/portal\/","name":"El Diario - Decano de la prensa nacional","description":"El Diario - Decano de la prensa nacional","publisher":{"@id":"https:\/\/www.eldiario.net\/portal\/#organization"},"potentialAction":[{"@type":"SearchAction","target":{"@type":"EntryPoint","urlTemplate":"https:\/\/www.eldiario.net\/portal\/?s={search_term_string}"},"query-input":{"@type":"PropertyValueSpecification","valueRequired":true,"valueName":"search_term_string"}}],"inLanguage":"es"},{"@type":"Organization","@id":"https:\/\/www.eldiario.net\/portal\/#organization","name":"El Diario - Decano de la prensa nacional","url":"https:\/\/www.eldiario.net\/portal\/","logo":{"@type":"ImageObject","inLanguage":"es","@id":"https:\/\/www.eldiario.net\/portal\/#\/schema\/logo\/image\/","url":"https:\/\/www.eldiario.net\/portal\/wp-content\/uploads\/2023\/07\/logo_ED.jpg","contentUrl":"https:\/\/www.eldiario.net\/portal\/wp-content\/uploads\/2023\/07\/logo_ED.jpg","width":272,"height":52,"caption":"El Diario - Decano de la prensa nacional"},"image":{"@id":"https:\/\/www.eldiario.net\/portal\/#\/schema\/logo\/image\/"},"sameAs":["https:\/\/www.facebook.com\/eldiario.bolivia\/","https:\/\/x.com\/eldiario_net"]},{"@type":"Person","@id":"https:\/\/www.eldiario.net\/portal\/#\/schema\/person\/f46445640444750d7d753ccd04ae01b7","name":"Jeanette","image":{"@type":"ImageObject","inLanguage":"es","@id":"https:\/\/secure.gravatar.com\/avatar\/3ea2118a5f7dad2b7138b1187a6b7ee55f160b9968b66013c3a3ef39dd7e5798?s=96&d=mm&r=g","url":"https:\/\/secure.gravatar.com\/avatar\/3ea2118a5f7dad2b7138b1187a6b7ee55f160b9968b66013c3a3ef39dd7e5798?s=96&d=mm&r=g","contentUrl":"https:\/\/secure.gravatar.com\/avatar\/3ea2118a5f7dad2b7138b1187a6b7ee55f160b9968b66013c3a3ef39dd7e5798?s=96&d=mm&r=g","caption":"Jeanette"},"sameAs":["https:\/\/www.eldiario.net\/portal"],"url":"https:\/\/www.eldiario.net\/portal\/author\/jeanette\/"}]}},"_links":{"self":[{"href":"https:\/\/www.eldiario.net\/portal\/wp-json\/wp\/v2\/posts\/267409","targetHints":{"allow":["GET"]}}],"collection":[{"href":"https:\/\/www.eldiario.net\/portal\/wp-json\/wp\/v2\/posts"}],"about":[{"href":"https:\/\/www.eldiario.net\/portal\/wp-json\/wp\/v2\/types\/post"}],"author":[{"embeddable":true,"href":"https:\/\/www.eldiario.net\/portal\/wp-json\/wp\/v2\/users\/1"}],"replies":[{"embeddable":true,"href":"https:\/\/www.eldiario.net\/portal\/wp-json\/wp\/v2\/comments?post=267409"}],"version-history":[{"count":1,"href":"https:\/\/www.eldiario.net\/portal\/wp-json\/wp\/v2\/posts\/267409\/revisions"}],"predecessor-version":[{"id":267411,"href":"https:\/\/www.eldiario.net\/portal\/wp-json\/wp\/v2\/posts\/267409\/revisions\/267411"}],"wp:featuredmedia":[{"embeddable":true,"href":"https:\/\/www.eldiario.net\/portal\/wp-json\/wp\/v2\/media\/267410"}],"wp:attachment":[{"href":"https:\/\/www.eldiario.net\/portal\/wp-json\/wp\/v2\/media?parent=267409"}],"wp:term":[{"taxonomy":"category","embeddable":true,"href":"https:\/\/www.eldiario.net\/portal\/wp-json\/wp\/v2\/categories?post=267409"},{"taxonomy":"post_tag","embeddable":true,"href":"https:\/\/www.eldiario.net\/portal\/wp-json\/wp\/v2\/tags?post=267409"}],"curies":[{"name":"wp","href":"https:\/\/api.w.org\/{rel}","templated":true}]}}