{"id":267406,"date":"2024-12-12T05:44:39","date_gmt":"2024-12-12T09:44:39","guid":{"rendered":"https:\/\/www.eldiario.net\/portal\/?p=267406"},"modified":"2024-12-12T05:44:39","modified_gmt":"2024-12-12T09:44:39","slug":"violencia-de-pandillas-causa-terror-y-crisis-humanitaria","status":"publish","type":"post","link":"https:\/\/www.eldiario.net\/portal\/2024\/12\/12\/violencia-de-pandillas-causa-terror-y-crisis-humanitaria\/","title":{"rendered":"Violencia de pandillas causa terror y crisis humanitaria"},"content":{"rendered":"<p>La situaci\u00f3n de Hait\u00ed contin\u00faa deterior\u00e1ndose a un ritmo alarmante. La violencia de las pandillas alcanz\u00f3 niveles insostenibles, poniendo en peligro no solo la vida de los civiles, sino tambi\u00e9n la capacidad de los medios de comunicaci\u00f3n para informar sobre los horrores que se viven en el pa\u00eds.<\/p>\n<p>En un tr\u00e1gico suceso ocurrido entre el 9 de diciembre, una banda armada asesin\u00f3 al menos a 184 personas en el barrio de Wharf J\u00e9r\u00e9mie, en la zona de Cit\u00e9 Soleil, una de las m\u00e1s afectadas por la violencia.<\/p>\n<p>La prensa internacional se encuentra bloqueada, incapaz de ingresar al pa\u00eds y ofrecer una cobertura adecuada de la crisis humanitaria que afecta a m\u00e1s de 4,5 millones de haitianos.<\/p>\n<p>La violencia en Hait\u00ed escal\u00f3 r\u00e1pidamente desde el asesinato del presidente, Jovenel Mo\u00efse en 2021, sumiendo al pa\u00eds en una espiral de caos, inseguridad y pobreza extrema.<\/p>\n<p>En este contexto, las bandas armadas tomaron el control de gran parte del territorio, incluyendo barrios como Cit\u00e9 Soleil, donde las familias viven bajo el constante temor de ser v\u00edctimas de asesinatos, secuestros y otras formas de violencia brutal.<\/p>\n<p>El ataque del 9 de diciembre, que dej\u00f3 al menos 184 muertos, incluidos 127 hombres y mujeres de la tercera edad, fue uno de los m\u00e1s sangrientos de los \u00faltimos meses, poniendo de manifiesto la incapacidad del gobierno de Hait\u00ed para controlar la situaci\u00f3n.<\/p>\n<p>&nbsp;<\/p>\n<p>PRENSA NO INGRESA EN HAIT\u00cd<\/p>\n<p>Mientras las bandas armadas contin\u00faan su reinado de terror, los periodistas haitianos y extranjeros enfrentan un peligro cada vez mayor.<\/p>\n<p>La prensa, esencial para documentar la crisis y movilizar la acci\u00f3n internacional, se ve ahora bloqueada por la violencia y las amenazas de las pandillas.<\/p>\n<p>Desde 2021, los periodistas en Hait\u00ed fueron v\u00edctimas de ataques, secuestros y asesinatos con total impunidad, lo que llev\u00f3 a muchos a exiliarse en busca de seguridad.<\/p>\n<p>La falta de cobertura informativa sobre la situaci\u00f3n en Hait\u00ed agrava a\u00fan m\u00e1s la crisis humanitaria y dificulta la intervenci\u00f3n internacional.<\/p>\n<p>Los pocos medios locales que siguen operando se enfrentan a la autocensura, ya que las bandas armadas controlan muchas \u00e1reas del pa\u00eds, incluido el acceso a los medios de comunicaci\u00f3n.<\/p>\n<p>La radio es el medio m\u00e1s com\u00fan, pero muchos de los canales privados operan bajo una gran presi\u00f3n, temerosos de represalias si abordan temas delicados.<\/p>\n<p>La violencia dirigida hacia los periodistas, junto con la falta de recursos econ\u00f3micos y apoyo institucional, convirti\u00f3 a Hait\u00ed en uno de los pa\u00edses m\u00e1s peligrosos para ejercer el periodismo en la regi\u00f3n.<\/p>\n<p>&nbsp;<\/p>\n<p>AUTORIDADES HAITIANAS<\/p>\n<p>La comunidad internacional expres\u00f3 su indignaci\u00f3n ante la creciente violencia en Hait\u00ed. El Secretario General de la ONU conden\u00f3 en\u00e9rgicamente la masacre e inst\u00f3 a las autoridades haitianas a realizar una investigaci\u00f3n exhaustiva para llevar a los responsables ante la justicia.<\/p>\n<p>Adem\u00e1s, ha hecho un llamado urgente a los Estados miembros de la ONU para que proporcionen apoyo financiero y log\u00edstico a la Misi\u00f3n Multinacional de Apoyo a la Seguridad, que tiene como objetivo ayudar a la Polic\u00eda Nacional de Hait\u00ed en la lucha contra las bandas armadas.(El Caribe)<\/p>\n<p>&nbsp;<\/p>\n","protected":false},"excerpt":{"rendered":"<p>La situaci\u00f3n de Hait\u00ed contin\u00faa deterior\u00e1ndose a un ritmo alarmante. La violencia de las pandillas alcanz\u00f3 niveles insostenibles, poniendo en peligro no solo la vida de los civiles, sino tambi\u00e9n la capacidad de los medios de comunicaci\u00f3n para informar sobre los horrores que se viven en el pa\u00eds. En un tr\u00e1gico suceso ocurrido entre el [&hellip;]<\/p>\n","protected":false},"author":1,"featured_media":267407,"comment_status":"closed","ping_status":"open","sticky":false,"template":"","format":"standard","meta":{"_acf_changed":false,"footnotes":""},"categories":[3],"tags":[],"class_list":["post-267406","post","type-post","status-publish","format-standard","has-post-thumbnail","category-internacional"],"acf":{"antetitulo":"Periodistas no ingresan a Hait\u00ed"},"yoast_head":"<!-- This site is optimized with the Yoast SEO plugin v28.4 - https:\/\/yoast.com\/product\/yoast-seo-wordpress\/ -->\n<title>Violencia de pandillas causa terror y crisis humanitaria - El Diario - Bolivia<\/title>\n<meta name=\"robots\" content=\"index, follow, max-snippet:-1, max-image-preview:large, max-video-preview:-1\" \/>\n<link rel=\"canonical\" href=\"https:\/\/www.eldiario.net\/portal\/2024\/12\/12\/violencia-de-pandillas-causa-terror-y-crisis-humanitaria\/\" \/>\n<meta property=\"og:locale\" content=\"es_ES\" \/>\n<meta property=\"og:type\" content=\"article\" \/>\n<meta property=\"og:title\" content=\"Violencia de pandillas causa terror y crisis humanitaria - El Diario - Bolivia\" \/>\n<meta property=\"og:description\" content=\"La situaci\u00f3n de Hait\u00ed contin\u00faa deterior\u00e1ndose a un ritmo alarmante. La violencia de las pandillas alcanz\u00f3 niveles insostenibles, poniendo en peligro no solo la vida de los civiles, sino tambi\u00e9n la capacidad de los medios de comunicaci\u00f3n para informar sobre los horrores que se viven en el pa\u00eds. En un tr\u00e1gico suceso ocurrido entre el [&hellip;]\" \/>\n<meta property=\"og:url\" content=\"https:\/\/www.eldiario.net\/portal\/2024\/12\/12\/violencia-de-pandillas-causa-terror-y-crisis-humanitaria\/\" \/>\n<meta property=\"og:site_name\" content=\"El Diario - Bolivia\" \/>\n<meta property=\"article:publisher\" content=\"https:\/\/www.facebook.com\/eldiario.bolivia\/\" \/>\n<meta property=\"article:published_time\" content=\"2024-12-12T09:44:39+00:00\" \/>\n<meta property=\"og:image\" content=\"https:\/\/www.eldiario.net\/portal\/wp-content\/uploads\/2024\/12\/PANDILLA-FOTO.jpg\" \/>\n\t<meta property=\"og:image:width\" content=\"1280\" \/>\n\t<meta property=\"og:image:height\" content=\"853\" \/>\n\t<meta property=\"og:image:type\" content=\"image\/jpeg\" \/>\n<meta name=\"author\" content=\"Jeanette\" \/>\n<meta name=\"twitter:card\" content=\"summary_large_image\" \/>\n<meta name=\"twitter:creator\" content=\"@eldiario_net\" \/>\n<meta name=\"twitter:site\" content=\"@eldiario_net\" \/>\n<meta name=\"twitter:label1\" content=\"Escrito por\" \/>\n\t<meta name=\"twitter:data1\" content=\"Jeanette\" \/>\n\t<meta name=\"twitter:label2\" content=\"Tiempo de lectura\" \/>\n\t<meta name=\"twitter:data2\" content=\"3 minutos\" \/>\n<script type=\"application\/ld+json\" class=\"yoast-schema-graph\">{\"@context\":\"https:\\\/\\\/schema.org\",\"@graph\":[{\"@type\":\"Article\",\"@id\":\"https:\\\/\\\/www.eldiario.net\\\/portal\\\/2024\\\/12\\\/12\\\/violencia-de-pandillas-causa-terror-y-crisis-humanitaria\\\/#article\",\"isPartOf\":{\"@id\":\"https:\\\/\\\/www.eldiario.net\\\/portal\\\/2024\\\/12\\\/12\\\/violencia-de-pandillas-causa-terror-y-crisis-humanitaria\\\/\"},\"author\":{\"name\":\"Jeanette\",\"@id\":\"https:\\\/\\\/www.eldiario.net\\\/portal\\\/#\\\/schema\\\/person\\\/f46445640444750d7d753ccd04ae01b7\"},\"headline\":\"Violencia de pandillas causa terror y crisis humanitaria\",\"datePublished\":\"2024-12-12T09:44:39+00:00\",\"mainEntityOfPage\":{\"@id\":\"https:\\\/\\\/www.eldiario.net\\\/portal\\\/2024\\\/12\\\/12\\\/violencia-de-pandillas-causa-terror-y-crisis-humanitaria\\\/\"},\"wordCount\":548,\"publisher\":{\"@id\":\"https:\\\/\\\/www.eldiario.net\\\/portal\\\/#organization\"},\"image\":{\"@id\":\"https:\\\/\\\/www.eldiario.net\\\/portal\\\/2024\\\/12\\\/12\\\/violencia-de-pandillas-causa-terror-y-crisis-humanitaria\\\/#primaryimage\"},\"thumbnailUrl\":\"https:\\\/\\\/www.eldiario.net\\\/portal\\\/wp-content\\\/uploads\\\/2024\\\/12\\\/PANDILLA-FOTO.jpg\",\"articleSection\":[\"Internacional\"],\"inLanguage\":\"es\"},{\"@type\":\"WebPage\",\"@id\":\"https:\\\/\\\/www.eldiario.net\\\/portal\\\/2024\\\/12\\\/12\\\/violencia-de-pandillas-causa-terror-y-crisis-humanitaria\\\/\",\"url\":\"https:\\\/\\\/www.eldiario.net\\\/portal\\\/2024\\\/12\\\/12\\\/violencia-de-pandillas-causa-terror-y-crisis-humanitaria\\\/\",\"name\":\"Violencia de pandillas causa terror y crisis humanitaria - El Diario - Bolivia\",\"isPartOf\":{\"@id\":\"https:\\\/\\\/www.eldiario.net\\\/portal\\\/#website\"},\"primaryImageOfPage\":{\"@id\":\"https:\\\/\\\/www.eldiario.net\\\/portal\\\/2024\\\/12\\\/12\\\/violencia-de-pandillas-causa-terror-y-crisis-humanitaria\\\/#primaryimage\"},\"image\":{\"@id\":\"https:\\\/\\\/www.eldiario.net\\\/portal\\\/2024\\\/12\\\/12\\\/violencia-de-pandillas-causa-terror-y-crisis-humanitaria\\\/#primaryimage\"},\"thumbnailUrl\":\"https:\\\/\\\/www.eldiario.net\\\/portal\\\/wp-content\\\/uploads\\\/2024\\\/12\\\/PANDILLA-FOTO.jpg\",\"datePublished\":\"2024-12-12T09:44:39+00:00\",\"breadcrumb\":{\"@id\":\"https:\\\/\\\/www.eldiario.net\\\/portal\\\/2024\\\/12\\\/12\\\/violencia-de-pandillas-causa-terror-y-crisis-humanitaria\\\/#breadcrumb\"},\"inLanguage\":\"es\",\"potentialAction\":[{\"@type\":\"ReadAction\",\"target\":[\"https:\\\/\\\/www.eldiario.net\\\/portal\\\/2024\\\/12\\\/12\\\/violencia-de-pandillas-causa-terror-y-crisis-humanitaria\\\/\"]}]},{\"@type\":\"ImageObject\",\"inLanguage\":\"es\",\"@id\":\"https:\\\/\\\/www.eldiario.net\\\/portal\\\/2024\\\/12\\\/12\\\/violencia-de-pandillas-causa-terror-y-crisis-humanitaria\\\/#primaryimage\",\"url\":\"https:\\\/\\\/www.eldiario.net\\\/portal\\\/wp-content\\\/uploads\\\/2024\\\/12\\\/PANDILLA-FOTO.jpg\",\"contentUrl\":\"https:\\\/\\\/www.eldiario.net\\\/portal\\\/wp-content\\\/uploads\\\/2024\\\/12\\\/PANDILLA-FOTO.jpg\",\"width\":1280,\"height\":853,\"caption\":\"Imagen referencial CREDITO: El Caribe\"},{\"@type\":\"BreadcrumbList\",\"@id\":\"https:\\\/\\\/www.eldiario.net\\\/portal\\\/2024\\\/12\\\/12\\\/violencia-de-pandillas-causa-terror-y-crisis-humanitaria\\\/#breadcrumb\",\"itemListElement\":[{\"@type\":\"ListItem\",\"position\":1,\"name\":\"Portada\",\"item\":\"https:\\\/\\\/www.eldiario.net\\\/portal\\\/\"},{\"@type\":\"ListItem\",\"position\":2,\"name\":\"Violencia de pandillas causa terror y crisis humanitaria\"}]},{\"@type\":\"WebSite\",\"@id\":\"https:\\\/\\\/www.eldiario.net\\\/portal\\\/#website\",\"url\":\"https:\\\/\\\/www.eldiario.net\\\/portal\\\/\",\"name\":\"El Diario - Decano de la prensa nacional\",\"description\":\"El Diario - Decano de la prensa nacional\",\"publisher\":{\"@id\":\"https:\\\/\\\/www.eldiario.net\\\/portal\\\/#organization\"},\"potentialAction\":[{\"@type\":\"SearchAction\",\"target\":{\"@type\":\"EntryPoint\",\"urlTemplate\":\"https:\\\/\\\/www.eldiario.net\\\/portal\\\/?s={search_term_string}\"},\"query-input\":{\"@type\":\"PropertyValueSpecification\",\"valueRequired\":true,\"valueName\":\"search_term_string\"}}],\"inLanguage\":\"es\"},{\"@type\":\"Organization\",\"@id\":\"https:\\\/\\\/www.eldiario.net\\\/portal\\\/#organization\",\"name\":\"El Diario - Decano de la prensa nacional\",\"url\":\"https:\\\/\\\/www.eldiario.net\\\/portal\\\/\",\"logo\":{\"@type\":\"ImageObject\",\"inLanguage\":\"es\",\"@id\":\"https:\\\/\\\/www.eldiario.net\\\/portal\\\/#\\\/schema\\\/logo\\\/image\\\/\",\"url\":\"https:\\\/\\\/www.eldiario.net\\\/portal\\\/wp-content\\\/uploads\\\/2023\\\/07\\\/logo_ED.jpg\",\"contentUrl\":\"https:\\\/\\\/www.eldiario.net\\\/portal\\\/wp-content\\\/uploads\\\/2023\\\/07\\\/logo_ED.jpg\",\"width\":272,\"height\":52,\"caption\":\"El Diario - Decano de la prensa nacional\"},\"image\":{\"@id\":\"https:\\\/\\\/www.eldiario.net\\\/portal\\\/#\\\/schema\\\/logo\\\/image\\\/\"},\"sameAs\":[\"https:\\\/\\\/www.facebook.com\\\/eldiario.bolivia\\\/\",\"https:\\\/\\\/x.com\\\/eldiario_net\"]},{\"@type\":\"Person\",\"@id\":\"https:\\\/\\\/www.eldiario.net\\\/portal\\\/#\\\/schema\\\/person\\\/f46445640444750d7d753ccd04ae01b7\",\"name\":\"Jeanette\",\"image\":{\"@type\":\"ImageObject\",\"inLanguage\":\"es\",\"@id\":\"https:\\\/\\\/secure.gravatar.com\\\/avatar\\\/3ea2118a5f7dad2b7138b1187a6b7ee55f160b9968b66013c3a3ef39dd7e5798?s=96&d=mm&r=g\",\"url\":\"https:\\\/\\\/secure.gravatar.com\\\/avatar\\\/3ea2118a5f7dad2b7138b1187a6b7ee55f160b9968b66013c3a3ef39dd7e5798?s=96&d=mm&r=g\",\"contentUrl\":\"https:\\\/\\\/secure.gravatar.com\\\/avatar\\\/3ea2118a5f7dad2b7138b1187a6b7ee55f160b9968b66013c3a3ef39dd7e5798?s=96&d=mm&r=g\",\"caption\":\"Jeanette\"},\"sameAs\":[\"https:\\\/\\\/www.eldiario.net\\\/portal\"],\"url\":\"https:\\\/\\\/www.eldiario.net\\\/portal\\\/author\\\/jeanette\\\/\"}]}<\/script>\n<!-- \/ Yoast SEO plugin. -->","yoast_head_json":{"title":"Violencia de pandillas causa terror y crisis humanitaria - El Diario - Bolivia","robots":{"index":"index","follow":"follow","max-snippet":"max-snippet:-1","max-image-preview":"max-image-preview:large","max-video-preview":"max-video-preview:-1"},"canonical":"https:\/\/www.eldiario.net\/portal\/2024\/12\/12\/violencia-de-pandillas-causa-terror-y-crisis-humanitaria\/","og_locale":"es_ES","og_type":"article","og_title":"Violencia de pandillas causa terror y crisis humanitaria - El Diario - Bolivia","og_description":"La situaci\u00f3n de Hait\u00ed contin\u00faa deterior\u00e1ndose a un ritmo alarmante. La violencia de las pandillas alcanz\u00f3 niveles insostenibles, poniendo en peligro no solo la vida de los civiles, sino tambi\u00e9n la capacidad de los medios de comunicaci\u00f3n para informar sobre los horrores que se viven en el pa\u00eds. En un tr\u00e1gico suceso ocurrido entre el [&hellip;]","og_url":"https:\/\/www.eldiario.net\/portal\/2024\/12\/12\/violencia-de-pandillas-causa-terror-y-crisis-humanitaria\/","og_site_name":"El Diario - Bolivia","article_publisher":"https:\/\/www.facebook.com\/eldiario.bolivia\/","article_published_time":"2024-12-12T09:44:39+00:00","og_image":[{"width":1280,"height":853,"url":"https:\/\/www.eldiario.net\/portal\/wp-content\/uploads\/2024\/12\/PANDILLA-FOTO.jpg","type":"image\/jpeg"}],"author":"Jeanette","twitter_card":"summary_large_image","twitter_creator":"@eldiario_net","twitter_site":"@eldiario_net","twitter_misc":{"Escrito por":"Jeanette","Tiempo de lectura":"3 minutos"},"schema":{"@context":"https:\/\/schema.org","@graph":[{"@type":"Article","@id":"https:\/\/www.eldiario.net\/portal\/2024\/12\/12\/violencia-de-pandillas-causa-terror-y-crisis-humanitaria\/#article","isPartOf":{"@id":"https:\/\/www.eldiario.net\/portal\/2024\/12\/12\/violencia-de-pandillas-causa-terror-y-crisis-humanitaria\/"},"author":{"name":"Jeanette","@id":"https:\/\/www.eldiario.net\/portal\/#\/schema\/person\/f46445640444750d7d753ccd04ae01b7"},"headline":"Violencia de pandillas causa terror y crisis humanitaria","datePublished":"2024-12-12T09:44:39+00:00","mainEntityOfPage":{"@id":"https:\/\/www.eldiario.net\/portal\/2024\/12\/12\/violencia-de-pandillas-causa-terror-y-crisis-humanitaria\/"},"wordCount":548,"publisher":{"@id":"https:\/\/www.eldiario.net\/portal\/#organization"},"image":{"@id":"https:\/\/www.eldiario.net\/portal\/2024\/12\/12\/violencia-de-pandillas-causa-terror-y-crisis-humanitaria\/#primaryimage"},"thumbnailUrl":"https:\/\/www.eldiario.net\/portal\/wp-content\/uploads\/2024\/12\/PANDILLA-FOTO.jpg","articleSection":["Internacional"],"inLanguage":"es"},{"@type":"WebPage","@id":"https:\/\/www.eldiario.net\/portal\/2024\/12\/12\/violencia-de-pandillas-causa-terror-y-crisis-humanitaria\/","url":"https:\/\/www.eldiario.net\/portal\/2024\/12\/12\/violencia-de-pandillas-causa-terror-y-crisis-humanitaria\/","name":"Violencia de pandillas causa terror y crisis humanitaria - El Diario - Bolivia","isPartOf":{"@id":"https:\/\/www.eldiario.net\/portal\/#website"},"primaryImageOfPage":{"@id":"https:\/\/www.eldiario.net\/portal\/2024\/12\/12\/violencia-de-pandillas-causa-terror-y-crisis-humanitaria\/#primaryimage"},"image":{"@id":"https:\/\/www.eldiario.net\/portal\/2024\/12\/12\/violencia-de-pandillas-causa-terror-y-crisis-humanitaria\/#primaryimage"},"thumbnailUrl":"https:\/\/www.eldiario.net\/portal\/wp-content\/uploads\/2024\/12\/PANDILLA-FOTO.jpg","datePublished":"2024-12-12T09:44:39+00:00","breadcrumb":{"@id":"https:\/\/www.eldiario.net\/portal\/2024\/12\/12\/violencia-de-pandillas-causa-terror-y-crisis-humanitaria\/#breadcrumb"},"inLanguage":"es","potentialAction":[{"@type":"ReadAction","target":["https:\/\/www.eldiario.net\/portal\/2024\/12\/12\/violencia-de-pandillas-causa-terror-y-crisis-humanitaria\/"]}]},{"@type":"ImageObject","inLanguage":"es","@id":"https:\/\/www.eldiario.net\/portal\/2024\/12\/12\/violencia-de-pandillas-causa-terror-y-crisis-humanitaria\/#primaryimage","url":"https:\/\/www.eldiario.net\/portal\/wp-content\/uploads\/2024\/12\/PANDILLA-FOTO.jpg","contentUrl":"https:\/\/www.eldiario.net\/portal\/wp-content\/uploads\/2024\/12\/PANDILLA-FOTO.jpg","width":1280,"height":853,"caption":"Imagen referencial CREDITO: El Caribe"},{"@type":"BreadcrumbList","@id":"https:\/\/www.eldiario.net\/portal\/2024\/12\/12\/violencia-de-pandillas-causa-terror-y-crisis-humanitaria\/#breadcrumb","itemListElement":[{"@type":"ListItem","position":1,"name":"Portada","item":"https:\/\/www.eldiario.net\/portal\/"},{"@type":"ListItem","position":2,"name":"Violencia de pandillas causa terror y crisis humanitaria"}]},{"@type":"WebSite","@id":"https:\/\/www.eldiario.net\/portal\/#website","url":"https:\/\/www.eldiario.net\/portal\/","name":"El Diario - Decano de la prensa nacional","description":"El Diario - Decano de la prensa nacional","publisher":{"@id":"https:\/\/www.eldiario.net\/portal\/#organization"},"potentialAction":[{"@type":"SearchAction","target":{"@type":"EntryPoint","urlTemplate":"https:\/\/www.eldiario.net\/portal\/?s={search_term_string}"},"query-input":{"@type":"PropertyValueSpecification","valueRequired":true,"valueName":"search_term_string"}}],"inLanguage":"es"},{"@type":"Organization","@id":"https:\/\/www.eldiario.net\/portal\/#organization","name":"El Diario - Decano de la prensa nacional","url":"https:\/\/www.eldiario.net\/portal\/","logo":{"@type":"ImageObject","inLanguage":"es","@id":"https:\/\/www.eldiario.net\/portal\/#\/schema\/logo\/image\/","url":"https:\/\/www.eldiario.net\/portal\/wp-content\/uploads\/2023\/07\/logo_ED.jpg","contentUrl":"https:\/\/www.eldiario.net\/portal\/wp-content\/uploads\/2023\/07\/logo_ED.jpg","width":272,"height":52,"caption":"El Diario - Decano de la prensa nacional"},"image":{"@id":"https:\/\/www.eldiario.net\/portal\/#\/schema\/logo\/image\/"},"sameAs":["https:\/\/www.facebook.com\/eldiario.bolivia\/","https:\/\/x.com\/eldiario_net"]},{"@type":"Person","@id":"https:\/\/www.eldiario.net\/portal\/#\/schema\/person\/f46445640444750d7d753ccd04ae01b7","name":"Jeanette","image":{"@type":"ImageObject","inLanguage":"es","@id":"https:\/\/secure.gravatar.com\/avatar\/3ea2118a5f7dad2b7138b1187a6b7ee55f160b9968b66013c3a3ef39dd7e5798?s=96&d=mm&r=g","url":"https:\/\/secure.gravatar.com\/avatar\/3ea2118a5f7dad2b7138b1187a6b7ee55f160b9968b66013c3a3ef39dd7e5798?s=96&d=mm&r=g","contentUrl":"https:\/\/secure.gravatar.com\/avatar\/3ea2118a5f7dad2b7138b1187a6b7ee55f160b9968b66013c3a3ef39dd7e5798?s=96&d=mm&r=g","caption":"Jeanette"},"sameAs":["https:\/\/www.eldiario.net\/portal"],"url":"https:\/\/www.eldiario.net\/portal\/author\/jeanette\/"}]}},"_links":{"self":[{"href":"https:\/\/www.eldiario.net\/portal\/wp-json\/wp\/v2\/posts\/267406","targetHints":{"allow":["GET"]}}],"collection":[{"href":"https:\/\/www.eldiario.net\/portal\/wp-json\/wp\/v2\/posts"}],"about":[{"href":"https:\/\/www.eldiario.net\/portal\/wp-json\/wp\/v2\/types\/post"}],"author":[{"embeddable":true,"href":"https:\/\/www.eldiario.net\/portal\/wp-json\/wp\/v2\/users\/1"}],"replies":[{"embeddable":true,"href":"https:\/\/www.eldiario.net\/portal\/wp-json\/wp\/v2\/comments?post=267406"}],"version-history":[{"count":1,"href":"https:\/\/www.eldiario.net\/portal\/wp-json\/wp\/v2\/posts\/267406\/revisions"}],"predecessor-version":[{"id":267408,"href":"https:\/\/www.eldiario.net\/portal\/wp-json\/wp\/v2\/posts\/267406\/revisions\/267408"}],"wp:featuredmedia":[{"embeddable":true,"href":"https:\/\/www.eldiario.net\/portal\/wp-json\/wp\/v2\/media\/267407"}],"wp:attachment":[{"href":"https:\/\/www.eldiario.net\/portal\/wp-json\/wp\/v2\/media?parent=267406"}],"wp:term":[{"taxonomy":"category","embeddable":true,"href":"https:\/\/www.eldiario.net\/portal\/wp-json\/wp\/v2\/categories?post=267406"},{"taxonomy":"post_tag","embeddable":true,"href":"https:\/\/www.eldiario.net\/portal\/wp-json\/wp\/v2\/tags?post=267406"}],"curies":[{"name":"wp","href":"https:\/\/api.w.org\/{rel}","templated":true}]}}