{"id":267403,"date":"2024-12-12T05:44:02","date_gmt":"2024-12-12T09:44:02","guid":{"rendered":"https:\/\/www.eldiario.net\/portal\/?p=267403"},"modified":"2024-12-12T05:44:02","modified_gmt":"2024-12-12T09:44:02","slug":"ue-pacta-reparto-de-pesca-2025-con-medidas-en-mediterraneo","status":"publish","type":"post","link":"https:\/\/www.eldiario.net\/portal\/2024\/12\/12\/ue-pacta-reparto-de-pesca-2025-con-medidas-en-mediterraneo\/","title":{"rendered":"UE pacta reparto de pesca 2025 con medidas en Mediterr\u00e1neo"},"content":{"rendered":"<p>Los ministros de Pesca de la Uni\u00f3n Europea alcanzaron un acuerdo por unanimidad ayer sobre el reparto de las cuotas pesqueras en aguas comunitarias para 2025 que incluye medidas para amortiguar el recorte al arrastre en el Mediterr\u00e1neo frente la propuesta de la Comisi\u00f3n Europea que quer\u00eda reducir en un 79% los d\u00edas de pesca, hasta una media de 27 d\u00edas de trabajo.<\/p>\n<p>Las negociaciones se saldaron con un acuerdo para el reparto de la pesca en el Atl\u00e1ntico y el mar del Norte y para las posibilidades de pesca en el mar Negro y el Mediterr\u00e1neo, que centr\u00f3 los esfuerzos negociadores de los ministros para garantizar la supervivencia de la flota de arrastre que faena en la zona.<\/p>\n<p>Lo que complic\u00f3 el debate fue esa reducci\u00f3n del esfuerzo pesquero en el Mediterr\u00e1neo, que seg\u00fan denunciaba el sector era una \u00absentencia de muerte\u00bb para los arrastreros, que en los \u00faltimos cinco a\u00f1os ya soportaron un recorte de la actividad del 40%, lo que limit\u00f3 sus d\u00edas de trabajo a unos 130 al a\u00f1o.<\/p>\n<p>\u00abLas negociaciones fueron largas y complejas sobre el Mediterr\u00e1neo Occidental\u00bb, reconoci\u00f3 el nuevo comisario de Pesca de la UE, Costas Kadis, en rueda de prensa al t\u00e9rmino de la reuni\u00f3n, en la que explic\u00f3 que se acord\u00f3 \u00abun mecanismo de compensaci\u00f3n ampliado que aliviar\u00e1 el impacto socioecon\u00f3mico de la reducci\u00f3n del esfuerzo\u00bb para el arrastre.<\/p>\n<p>Recurrir al mecanismo de compensaci\u00f3n amortiguar\u00e1, en parte, el recorte al arrastre que pide Bruselas, ya que permite recuperar d\u00edas de actividad si se cumplen ciertas medidas medioambientales, a elegir entre 12, como puertas voladoras, la imposici\u00f3n de vedas o el cierre temporal de algunas zonas para proteger a las especies demersales cuya recuperaci\u00f3n preocupa a la Comisi\u00f3n: los alevines de merluza y la gamba roja.<\/p>\n<p>\u00abSi se aplican estas medidas, los pescadores podr\u00e1n pescar casi los mismos d\u00edas\u00bb, defendi\u00f3 el comisario, que se\u00f1al\u00f3 a los medios que el ministro de Agricultura, Pesca y Alimentaci\u00f3n, Luis Planas, se fue \u00absatisfecho\u00bb.<\/p>\n<p>\u00abEstas medidas son acumulativas y permitir\u00e1n aumentar considerablemente el n\u00famero de d\u00edas de pesca\u00bb, agreg\u00f3 el pol\u00edtico chipriota, que ofreci\u00f3 tambi\u00e9n la financiaci\u00f3n del Fondo de Pesca de la UE para ayudar a la flota a alcanzar estos objetivos.<\/p>\n<p>El comisario destac\u00f3 que para \u00e9l era importante lograr un acuerdo \u00abequilibrado y responsable\u00bb, por lo que hizo \u00abtodo lo posible\u00bb y recurri\u00f3 a \u00abtodas las flexibilidades que permit\u00eda el marco jur\u00eddico\u00bb para garantizar el equilibrio entre las consideraciones sociales, econ\u00f3micas y medioambientales.(EP)<\/p>\n","protected":false},"excerpt":{"rendered":"<p>Los ministros de Pesca de la Uni\u00f3n Europea alcanzaron un acuerdo por unanimidad ayer sobre el reparto de las cuotas pesqueras en aguas comunitarias para 2025 que incluye medidas para amortiguar el recorte al arrastre en el Mediterr\u00e1neo frente la propuesta de la Comisi\u00f3n Europea que quer\u00eda reducir en un 79% los d\u00edas de pesca, [&hellip;]<\/p>\n","protected":false},"author":1,"featured_media":267404,"comment_status":"closed","ping_status":"open","sticky":false,"template":"","format":"standard","meta":{"_acf_changed":false,"footnotes":""},"categories":[3],"tags":[],"class_list":["post-267403","post","type-post","status-publish","format-standard","has-post-thumbnail","category-internacional"],"acf":{"antetitulo":"Bruselas"},"yoast_head":"<!-- This site is optimized with the Yoast SEO plugin v28.4 - https:\/\/yoast.com\/product\/yoast-seo-wordpress\/ -->\n<title>UE pacta reparto de pesca 2025 con medidas en Mediterr\u00e1neo - El Diario - Bolivia<\/title>\n<meta name=\"robots\" content=\"index, follow, max-snippet:-1, max-image-preview:large, max-video-preview:-1\" \/>\n<link rel=\"canonical\" href=\"https:\/\/www.eldiario.net\/portal\/2024\/12\/12\/ue-pacta-reparto-de-pesca-2025-con-medidas-en-mediterraneo\/\" \/>\n<meta property=\"og:locale\" content=\"es_ES\" \/>\n<meta property=\"og:type\" content=\"article\" \/>\n<meta property=\"og:title\" content=\"UE pacta reparto de pesca 2025 con medidas en Mediterr\u00e1neo - El Diario - Bolivia\" \/>\n<meta property=\"og:description\" content=\"Los ministros de Pesca de la Uni\u00f3n Europea alcanzaron un acuerdo por unanimidad ayer sobre el reparto de las cuotas pesqueras en aguas comunitarias para 2025 que incluye medidas para amortiguar el recorte al arrastre en el Mediterr\u00e1neo frente la propuesta de la Comisi\u00f3n Europea que quer\u00eda reducir en un 79% los d\u00edas de pesca, [&hellip;]\" \/>\n<meta property=\"og:url\" content=\"https:\/\/www.eldiario.net\/portal\/2024\/12\/12\/ue-pacta-reparto-de-pesca-2025-con-medidas-en-mediterraneo\/\" \/>\n<meta property=\"og:site_name\" content=\"El Diario - Bolivia\" \/>\n<meta property=\"article:publisher\" content=\"https:\/\/www.facebook.com\/eldiario.bolivia\/\" \/>\n<meta property=\"article:published_time\" content=\"2024-12-12T09:44:02+00:00\" \/>\n<meta property=\"og:image\" content=\"https:\/\/www.eldiario.net\/portal\/wp-content\/uploads\/2024\/12\/PESCADO-FOTO.jpg\" \/>\n\t<meta property=\"og:image:width\" content=\"1200\" \/>\n\t<meta property=\"og:image:height\" content=\"800\" \/>\n\t<meta property=\"og:image:type\" content=\"image\/jpeg\" \/>\n<meta name=\"author\" content=\"Jeanette\" \/>\n<meta name=\"twitter:card\" content=\"summary_large_image\" \/>\n<meta name=\"twitter:creator\" content=\"@eldiario_net\" \/>\n<meta name=\"twitter:site\" content=\"@eldiario_net\" \/>\n<meta name=\"twitter:label1\" content=\"Escrito por\" \/>\n\t<meta name=\"twitter:data1\" content=\"Jeanette\" \/>\n\t<meta name=\"twitter:label2\" content=\"Tiempo de lectura\" \/>\n\t<meta name=\"twitter:data2\" content=\"3 minutos\" \/>\n<script type=\"application\/ld+json\" class=\"yoast-schema-graph\">{\"@context\":\"https:\\\/\\\/schema.org\",\"@graph\":[{\"@type\":\"Article\",\"@id\":\"https:\\\/\\\/www.eldiario.net\\\/portal\\\/2024\\\/12\\\/12\\\/ue-pacta-reparto-de-pesca-2025-con-medidas-en-mediterraneo\\\/#article\",\"isPartOf\":{\"@id\":\"https:\\\/\\\/www.eldiario.net\\\/portal\\\/2024\\\/12\\\/12\\\/ue-pacta-reparto-de-pesca-2025-con-medidas-en-mediterraneo\\\/\"},\"author\":{\"name\":\"Jeanette\",\"@id\":\"https:\\\/\\\/www.eldiario.net\\\/portal\\\/#\\\/schema\\\/person\\\/f46445640444750d7d753ccd04ae01b7\"},\"headline\":\"UE pacta reparto de pesca 2025 con medidas en Mediterr\u00e1neo\",\"datePublished\":\"2024-12-12T09:44:02+00:00\",\"mainEntityOfPage\":{\"@id\":\"https:\\\/\\\/www.eldiario.net\\\/portal\\\/2024\\\/12\\\/12\\\/ue-pacta-reparto-de-pesca-2025-con-medidas-en-mediterraneo\\\/\"},\"wordCount\":453,\"publisher\":{\"@id\":\"https:\\\/\\\/www.eldiario.net\\\/portal\\\/#organization\"},\"image\":{\"@id\":\"https:\\\/\\\/www.eldiario.net\\\/portal\\\/2024\\\/12\\\/12\\\/ue-pacta-reparto-de-pesca-2025-con-medidas-en-mediterraneo\\\/#primaryimage\"},\"thumbnailUrl\":\"https:\\\/\\\/www.eldiario.net\\\/portal\\\/wp-content\\\/uploads\\\/2024\\\/12\\\/PESCADO-FOTO.jpg\",\"articleSection\":[\"Internacional\"],\"inLanguage\":\"es\"},{\"@type\":\"WebPage\",\"@id\":\"https:\\\/\\\/www.eldiario.net\\\/portal\\\/2024\\\/12\\\/12\\\/ue-pacta-reparto-de-pesca-2025-con-medidas-en-mediterraneo\\\/\",\"url\":\"https:\\\/\\\/www.eldiario.net\\\/portal\\\/2024\\\/12\\\/12\\\/ue-pacta-reparto-de-pesca-2025-con-medidas-en-mediterraneo\\\/\",\"name\":\"UE pacta reparto de pesca 2025 con medidas en Mediterr\u00e1neo - El Diario - Bolivia\",\"isPartOf\":{\"@id\":\"https:\\\/\\\/www.eldiario.net\\\/portal\\\/#website\"},\"primaryImageOfPage\":{\"@id\":\"https:\\\/\\\/www.eldiario.net\\\/portal\\\/2024\\\/12\\\/12\\\/ue-pacta-reparto-de-pesca-2025-con-medidas-en-mediterraneo\\\/#primaryimage\"},\"image\":{\"@id\":\"https:\\\/\\\/www.eldiario.net\\\/portal\\\/2024\\\/12\\\/12\\\/ue-pacta-reparto-de-pesca-2025-con-medidas-en-mediterraneo\\\/#primaryimage\"},\"thumbnailUrl\":\"https:\\\/\\\/www.eldiario.net\\\/portal\\\/wp-content\\\/uploads\\\/2024\\\/12\\\/PESCADO-FOTO.jpg\",\"datePublished\":\"2024-12-12T09:44:02+00:00\",\"breadcrumb\":{\"@id\":\"https:\\\/\\\/www.eldiario.net\\\/portal\\\/2024\\\/12\\\/12\\\/ue-pacta-reparto-de-pesca-2025-con-medidas-en-mediterraneo\\\/#breadcrumb\"},\"inLanguage\":\"es\",\"potentialAction\":[{\"@type\":\"ReadAction\",\"target\":[\"https:\\\/\\\/www.eldiario.net\\\/portal\\\/2024\\\/12\\\/12\\\/ue-pacta-reparto-de-pesca-2025-con-medidas-en-mediterraneo\\\/\"]}]},{\"@type\":\"ImageObject\",\"inLanguage\":\"es\",\"@id\":\"https:\\\/\\\/www.eldiario.net\\\/portal\\\/2024\\\/12\\\/12\\\/ue-pacta-reparto-de-pesca-2025-con-medidas-en-mediterraneo\\\/#primaryimage\",\"url\":\"https:\\\/\\\/www.eldiario.net\\\/portal\\\/wp-content\\\/uploads\\\/2024\\\/12\\\/PESCADO-FOTO.jpg\",\"contentUrl\":\"https:\\\/\\\/www.eldiario.net\\\/portal\\\/wp-content\\\/uploads\\\/2024\\\/12\\\/PESCADO-FOTO.jpg\",\"width\":1200,\"height\":800,\"caption\":\"La junta aumenta en medio mill\u00f3n de euros m\u00e1s las ayudas para la Pesca de Arrastre del Mediterr\u00e1neo. CREDITO: Europa Press\"},{\"@type\":\"BreadcrumbList\",\"@id\":\"https:\\\/\\\/www.eldiario.net\\\/portal\\\/2024\\\/12\\\/12\\\/ue-pacta-reparto-de-pesca-2025-con-medidas-en-mediterraneo\\\/#breadcrumb\",\"itemListElement\":[{\"@type\":\"ListItem\",\"position\":1,\"name\":\"Portada\",\"item\":\"https:\\\/\\\/www.eldiario.net\\\/portal\\\/\"},{\"@type\":\"ListItem\",\"position\":2,\"name\":\"UE pacta reparto de pesca 2025 con medidas en Mediterr\u00e1neo\"}]},{\"@type\":\"WebSite\",\"@id\":\"https:\\\/\\\/www.eldiario.net\\\/portal\\\/#website\",\"url\":\"https:\\\/\\\/www.eldiario.net\\\/portal\\\/\",\"name\":\"El Diario - Decano de la prensa nacional\",\"description\":\"El Diario - Decano de la prensa nacional\",\"publisher\":{\"@id\":\"https:\\\/\\\/www.eldiario.net\\\/portal\\\/#organization\"},\"potentialAction\":[{\"@type\":\"SearchAction\",\"target\":{\"@type\":\"EntryPoint\",\"urlTemplate\":\"https:\\\/\\\/www.eldiario.net\\\/portal\\\/?s={search_term_string}\"},\"query-input\":{\"@type\":\"PropertyValueSpecification\",\"valueRequired\":true,\"valueName\":\"search_term_string\"}}],\"inLanguage\":\"es\"},{\"@type\":\"Organization\",\"@id\":\"https:\\\/\\\/www.eldiario.net\\\/portal\\\/#organization\",\"name\":\"El Diario - Decano de la prensa nacional\",\"url\":\"https:\\\/\\\/www.eldiario.net\\\/portal\\\/\",\"logo\":{\"@type\":\"ImageObject\",\"inLanguage\":\"es\",\"@id\":\"https:\\\/\\\/www.eldiario.net\\\/portal\\\/#\\\/schema\\\/logo\\\/image\\\/\",\"url\":\"https:\\\/\\\/www.eldiario.net\\\/portal\\\/wp-content\\\/uploads\\\/2023\\\/07\\\/logo_ED.jpg\",\"contentUrl\":\"https:\\\/\\\/www.eldiario.net\\\/portal\\\/wp-content\\\/uploads\\\/2023\\\/07\\\/logo_ED.jpg\",\"width\":272,\"height\":52,\"caption\":\"El Diario - Decano de la prensa nacional\"},\"image\":{\"@id\":\"https:\\\/\\\/www.eldiario.net\\\/portal\\\/#\\\/schema\\\/logo\\\/image\\\/\"},\"sameAs\":[\"https:\\\/\\\/www.facebook.com\\\/eldiario.bolivia\\\/\",\"https:\\\/\\\/x.com\\\/eldiario_net\"]},{\"@type\":\"Person\",\"@id\":\"https:\\\/\\\/www.eldiario.net\\\/portal\\\/#\\\/schema\\\/person\\\/f46445640444750d7d753ccd04ae01b7\",\"name\":\"Jeanette\",\"image\":{\"@type\":\"ImageObject\",\"inLanguage\":\"es\",\"@id\":\"https:\\\/\\\/secure.gravatar.com\\\/avatar\\\/3ea2118a5f7dad2b7138b1187a6b7ee55f160b9968b66013c3a3ef39dd7e5798?s=96&d=mm&r=g\",\"url\":\"https:\\\/\\\/secure.gravatar.com\\\/avatar\\\/3ea2118a5f7dad2b7138b1187a6b7ee55f160b9968b66013c3a3ef39dd7e5798?s=96&d=mm&r=g\",\"contentUrl\":\"https:\\\/\\\/secure.gravatar.com\\\/avatar\\\/3ea2118a5f7dad2b7138b1187a6b7ee55f160b9968b66013c3a3ef39dd7e5798?s=96&d=mm&r=g\",\"caption\":\"Jeanette\"},\"sameAs\":[\"https:\\\/\\\/www.eldiario.net\\\/portal\"],\"url\":\"https:\\\/\\\/www.eldiario.net\\\/portal\\\/author\\\/jeanette\\\/\"}]}<\/script>\n<!-- \/ Yoast SEO plugin. -->","yoast_head_json":{"title":"UE pacta reparto de pesca 2025 con medidas en Mediterr\u00e1neo - El Diario - Bolivia","robots":{"index":"index","follow":"follow","max-snippet":"max-snippet:-1","max-image-preview":"max-image-preview:large","max-video-preview":"max-video-preview:-1"},"canonical":"https:\/\/www.eldiario.net\/portal\/2024\/12\/12\/ue-pacta-reparto-de-pesca-2025-con-medidas-en-mediterraneo\/","og_locale":"es_ES","og_type":"article","og_title":"UE pacta reparto de pesca 2025 con medidas en Mediterr\u00e1neo - El Diario - Bolivia","og_description":"Los ministros de Pesca de la Uni\u00f3n Europea alcanzaron un acuerdo por unanimidad ayer sobre el reparto de las cuotas pesqueras en aguas comunitarias para 2025 que incluye medidas para amortiguar el recorte al arrastre en el Mediterr\u00e1neo frente la propuesta de la Comisi\u00f3n Europea que quer\u00eda reducir en un 79% los d\u00edas de pesca, [&hellip;]","og_url":"https:\/\/www.eldiario.net\/portal\/2024\/12\/12\/ue-pacta-reparto-de-pesca-2025-con-medidas-en-mediterraneo\/","og_site_name":"El Diario - Bolivia","article_publisher":"https:\/\/www.facebook.com\/eldiario.bolivia\/","article_published_time":"2024-12-12T09:44:02+00:00","og_image":[{"width":1200,"height":800,"url":"https:\/\/www.eldiario.net\/portal\/wp-content\/uploads\/2024\/12\/PESCADO-FOTO.jpg","type":"image\/jpeg"}],"author":"Jeanette","twitter_card":"summary_large_image","twitter_creator":"@eldiario_net","twitter_site":"@eldiario_net","twitter_misc":{"Escrito por":"Jeanette","Tiempo de lectura":"3 minutos"},"schema":{"@context":"https:\/\/schema.org","@graph":[{"@type":"Article","@id":"https:\/\/www.eldiario.net\/portal\/2024\/12\/12\/ue-pacta-reparto-de-pesca-2025-con-medidas-en-mediterraneo\/#article","isPartOf":{"@id":"https:\/\/www.eldiario.net\/portal\/2024\/12\/12\/ue-pacta-reparto-de-pesca-2025-con-medidas-en-mediterraneo\/"},"author":{"name":"Jeanette","@id":"https:\/\/www.eldiario.net\/portal\/#\/schema\/person\/f46445640444750d7d753ccd04ae01b7"},"headline":"UE pacta reparto de pesca 2025 con medidas en Mediterr\u00e1neo","datePublished":"2024-12-12T09:44:02+00:00","mainEntityOfPage":{"@id":"https:\/\/www.eldiario.net\/portal\/2024\/12\/12\/ue-pacta-reparto-de-pesca-2025-con-medidas-en-mediterraneo\/"},"wordCount":453,"publisher":{"@id":"https:\/\/www.eldiario.net\/portal\/#organization"},"image":{"@id":"https:\/\/www.eldiario.net\/portal\/2024\/12\/12\/ue-pacta-reparto-de-pesca-2025-con-medidas-en-mediterraneo\/#primaryimage"},"thumbnailUrl":"https:\/\/www.eldiario.net\/portal\/wp-content\/uploads\/2024\/12\/PESCADO-FOTO.jpg","articleSection":["Internacional"],"inLanguage":"es"},{"@type":"WebPage","@id":"https:\/\/www.eldiario.net\/portal\/2024\/12\/12\/ue-pacta-reparto-de-pesca-2025-con-medidas-en-mediterraneo\/","url":"https:\/\/www.eldiario.net\/portal\/2024\/12\/12\/ue-pacta-reparto-de-pesca-2025-con-medidas-en-mediterraneo\/","name":"UE pacta reparto de pesca 2025 con medidas en Mediterr\u00e1neo - El Diario - Bolivia","isPartOf":{"@id":"https:\/\/www.eldiario.net\/portal\/#website"},"primaryImageOfPage":{"@id":"https:\/\/www.eldiario.net\/portal\/2024\/12\/12\/ue-pacta-reparto-de-pesca-2025-con-medidas-en-mediterraneo\/#primaryimage"},"image":{"@id":"https:\/\/www.eldiario.net\/portal\/2024\/12\/12\/ue-pacta-reparto-de-pesca-2025-con-medidas-en-mediterraneo\/#primaryimage"},"thumbnailUrl":"https:\/\/www.eldiario.net\/portal\/wp-content\/uploads\/2024\/12\/PESCADO-FOTO.jpg","datePublished":"2024-12-12T09:44:02+00:00","breadcrumb":{"@id":"https:\/\/www.eldiario.net\/portal\/2024\/12\/12\/ue-pacta-reparto-de-pesca-2025-con-medidas-en-mediterraneo\/#breadcrumb"},"inLanguage":"es","potentialAction":[{"@type":"ReadAction","target":["https:\/\/www.eldiario.net\/portal\/2024\/12\/12\/ue-pacta-reparto-de-pesca-2025-con-medidas-en-mediterraneo\/"]}]},{"@type":"ImageObject","inLanguage":"es","@id":"https:\/\/www.eldiario.net\/portal\/2024\/12\/12\/ue-pacta-reparto-de-pesca-2025-con-medidas-en-mediterraneo\/#primaryimage","url":"https:\/\/www.eldiario.net\/portal\/wp-content\/uploads\/2024\/12\/PESCADO-FOTO.jpg","contentUrl":"https:\/\/www.eldiario.net\/portal\/wp-content\/uploads\/2024\/12\/PESCADO-FOTO.jpg","width":1200,"height":800,"caption":"La junta aumenta en medio mill\u00f3n de euros m\u00e1s las ayudas para la Pesca de Arrastre del Mediterr\u00e1neo. CREDITO: Europa Press"},{"@type":"BreadcrumbList","@id":"https:\/\/www.eldiario.net\/portal\/2024\/12\/12\/ue-pacta-reparto-de-pesca-2025-con-medidas-en-mediterraneo\/#breadcrumb","itemListElement":[{"@type":"ListItem","position":1,"name":"Portada","item":"https:\/\/www.eldiario.net\/portal\/"},{"@type":"ListItem","position":2,"name":"UE pacta reparto de pesca 2025 con medidas en Mediterr\u00e1neo"}]},{"@type":"WebSite","@id":"https:\/\/www.eldiario.net\/portal\/#website","url":"https:\/\/www.eldiario.net\/portal\/","name":"El Diario - Decano de la prensa nacional","description":"El Diario - Decano de la prensa nacional","publisher":{"@id":"https:\/\/www.eldiario.net\/portal\/#organization"},"potentialAction":[{"@type":"SearchAction","target":{"@type":"EntryPoint","urlTemplate":"https:\/\/www.eldiario.net\/portal\/?s={search_term_string}"},"query-input":{"@type":"PropertyValueSpecification","valueRequired":true,"valueName":"search_term_string"}}],"inLanguage":"es"},{"@type":"Organization","@id":"https:\/\/www.eldiario.net\/portal\/#organization","name":"El Diario - Decano de la prensa nacional","url":"https:\/\/www.eldiario.net\/portal\/","logo":{"@type":"ImageObject","inLanguage":"es","@id":"https:\/\/www.eldiario.net\/portal\/#\/schema\/logo\/image\/","url":"https:\/\/www.eldiario.net\/portal\/wp-content\/uploads\/2023\/07\/logo_ED.jpg","contentUrl":"https:\/\/www.eldiario.net\/portal\/wp-content\/uploads\/2023\/07\/logo_ED.jpg","width":272,"height":52,"caption":"El Diario - Decano de la prensa nacional"},"image":{"@id":"https:\/\/www.eldiario.net\/portal\/#\/schema\/logo\/image\/"},"sameAs":["https:\/\/www.facebook.com\/eldiario.bolivia\/","https:\/\/x.com\/eldiario_net"]},{"@type":"Person","@id":"https:\/\/www.eldiario.net\/portal\/#\/schema\/person\/f46445640444750d7d753ccd04ae01b7","name":"Jeanette","image":{"@type":"ImageObject","inLanguage":"es","@id":"https:\/\/secure.gravatar.com\/avatar\/3ea2118a5f7dad2b7138b1187a6b7ee55f160b9968b66013c3a3ef39dd7e5798?s=96&d=mm&r=g","url":"https:\/\/secure.gravatar.com\/avatar\/3ea2118a5f7dad2b7138b1187a6b7ee55f160b9968b66013c3a3ef39dd7e5798?s=96&d=mm&r=g","contentUrl":"https:\/\/secure.gravatar.com\/avatar\/3ea2118a5f7dad2b7138b1187a6b7ee55f160b9968b66013c3a3ef39dd7e5798?s=96&d=mm&r=g","caption":"Jeanette"},"sameAs":["https:\/\/www.eldiario.net\/portal"],"url":"https:\/\/www.eldiario.net\/portal\/author\/jeanette\/"}]}},"_links":{"self":[{"href":"https:\/\/www.eldiario.net\/portal\/wp-json\/wp\/v2\/posts\/267403","targetHints":{"allow":["GET"]}}],"collection":[{"href":"https:\/\/www.eldiario.net\/portal\/wp-json\/wp\/v2\/posts"}],"about":[{"href":"https:\/\/www.eldiario.net\/portal\/wp-json\/wp\/v2\/types\/post"}],"author":[{"embeddable":true,"href":"https:\/\/www.eldiario.net\/portal\/wp-json\/wp\/v2\/users\/1"}],"replies":[{"embeddable":true,"href":"https:\/\/www.eldiario.net\/portal\/wp-json\/wp\/v2\/comments?post=267403"}],"version-history":[{"count":1,"href":"https:\/\/www.eldiario.net\/portal\/wp-json\/wp\/v2\/posts\/267403\/revisions"}],"predecessor-version":[{"id":267405,"href":"https:\/\/www.eldiario.net\/portal\/wp-json\/wp\/v2\/posts\/267403\/revisions\/267405"}],"wp:featuredmedia":[{"embeddable":true,"href":"https:\/\/www.eldiario.net\/portal\/wp-json\/wp\/v2\/media\/267404"}],"wp:attachment":[{"href":"https:\/\/www.eldiario.net\/portal\/wp-json\/wp\/v2\/media?parent=267403"}],"wp:term":[{"taxonomy":"category","embeddable":true,"href":"https:\/\/www.eldiario.net\/portal\/wp-json\/wp\/v2\/categories?post=267403"},{"taxonomy":"post_tag","embeddable":true,"href":"https:\/\/www.eldiario.net\/portal\/wp-json\/wp\/v2\/tags?post=267403"}],"curies":[{"name":"wp","href":"https:\/\/api.w.org\/{rel}","templated":true}]}}