{"id":267400,"date":"2024-12-12T05:43:23","date_gmt":"2024-12-12T09:43:23","guid":{"rendered":"https:\/\/www.eldiario.net\/portal\/?p=267400"},"modified":"2024-12-12T05:43:23","modified_gmt":"2024-12-12T09:43:23","slug":"asesinato-de-joven-marca-inicio-de-guerra-civil-en-siria-en-2011","status":"publish","type":"post","link":"https:\/\/www.eldiario.net\/portal\/2024\/12\/12\/asesinato-de-joven-marca-inicio-de-guerra-civil-en-siria-en-2011\/","title":{"rendered":"Asesinato de joven marca inicio de guerra civil en Siria en 2011"},"content":{"rendered":"<p>Si el impulso para derrocar a Bashar al-Assad se origin\u00f3 en alg\u00fan lugar, naci\u00f3 en Deraa, una peque\u00f1a ciudad de Siria cerca de la frontera con Jordania.<\/p>\n<p>Aqu\u00ed, el 21 de mayo de 2011, el cuerpo torturado y mutilado de Hamza al-Khatib, de 13 a\u00f1os, fue entregado a su familia semanas despu\u00e9s de su arresto en una manifestaci\u00f3n contra el gobierno.<\/p>\n<p>Su muerte, y la tortura de otros adolescentes locales por escribir grafitis contra Al Assad, provocaron protestas generalizadas y una dura represi\u00f3n por parte de las fuerzas gubernamentales.<\/p>\n<p>Si alguien en Deraa deber\u00eda estar celebrando la ca\u00edda del r\u00e9gimen de Asad, es la familia Khatib.<\/p>\n<p>Pero cuando llegamos, nadie en la casa est\u00e1 festejando.<\/p>\n<p>Acaban de enviarles capturas de pantalla de documentos encontrados en la famosa prisi\u00f3n de Saydnaya que confirman que el hermano mayor de Hamza, Omar, tambi\u00e9n arrestado por la polic\u00eda en 2019, muri\u00f3 bajo custodia.<\/p>\n<p>La madre de los ni\u00f1os, Samira, temblando de dolor, me dice que hab\u00eda estado esperando que Omar saliera de la prisi\u00f3n.<\/p>\n<p>\u00abPensaba que tal vez saldr\u00eda hoy o ma\u00f1ana, y hoy recib\u00ed la noticia\u00bb.<\/p>\n<p>Su sobrino, Hossam al-Khatib, se\u00f1al\u00f3 que los documentos hab\u00edan sido publicados en las redes sociales por personas que recorr\u00edan Saydnaya en busca de informaci\u00f3n sobre sus familiares. Encontraron el archivo de Omar y lo compartieron en l\u00ednea, sabiendo que era el hermano de Hamza.<\/p>\n<p>&nbsp;<\/p>\n<p>\u00abQUE DIOS SE VENGUE DE \u00c9L\u00bb<\/p>\n<p>Samira, vestida de negro, a\u00fan de luto por la muerte de su marido hace menos de tres meses, pide que el expresidente Bashar al-Assad viva en persona lo que ella vivi\u00f3.<\/p>\n<p>\u00abEspero que pague el precio. Y que Dios se vengue de \u00e9l y de sus hijos\u00bb.<\/p>\n<p>La ca\u00edda de Assad destap\u00f3 d\u00e9cadas de represi\u00f3n en Siria, y gran parte de Deraa sali\u00f3 a las calles el domingo, mareada de libertad, mientras los combatientes rebeldes tomaban la capital, Damasco, y el exmandatario se daba a la hu\u00edda.<\/p>\n<p>Im\u00e1genes tomadas con tel\u00e9fonos m\u00f3viles muestran multitudes de hombres corriendo alrededor de la plaza central de Deraa en una ca\u00f3tica manifestaci\u00f3n de alegr\u00eda, gritando y disparando armas al aire.<\/p>\n<p>Esta zona fue un basti\u00f3n clave de la oposici\u00f3n durante el r\u00e9gimen de Asad: las duras batallas se reflejan en las escuelas y las casas, y las aldeas est\u00e1n corro\u00eddas por los disparos de los tanques y las ametralladoras.<\/p>\n<p>La oposici\u00f3n en esta parte meridional de Siria no pertenece a la alianza liderada por el grupo militante islamista Hayat Tahrir al-Sham (HTS), que avanz\u00f3 desde el norte y tom\u00f3 la capital la semana pasada, pero ambas convergieron en la capital el domingo.<\/p>\n<p>El Ej\u00e9rcito Libre de Siria (FSA) comenz\u00f3 a luchar aqu\u00ed en 2011, cuando las duras medidas represivas del gobierno tras la muerte de Hamza convencieron a algunos oficiales en activo del ej\u00e9rcito de Asad a desertar y formar una fuerza rebelde.<\/p>\n<p>&nbsp;<\/p>\n<p>DE LA POES\u00cdA A LA GUERRA<\/p>\n<p>Uno de esos oficiales rebeldes fue Ahmed al-Awda, un poeta que estudi\u00f3 Literatura Inglesa en la universidad antes de convertirse en oficial del ej\u00e9rcito y luego en l\u00edder rebelde, ahora a cargo de la milicia de la provincia de Deraa.<\/p>\n<p>\u00abNo te puedes imaginar lo felices que estamos\u00bb, me se\u00f1al\u00f3 en la cercana ciudad de Busra. \u00abHemos estado llorando durante d\u00edas. No te puedes imaginar lo que sentimos. Todos aqu\u00ed en Siria perdieron a familiares. Todos estaban sufriendo\u00bb.<\/p>\n<p>Awda a\u00f1adi\u00f3 que fue uno de los primeros en entrar en Damasco el domingo, junto con HTS. Lo primero que hizo, agreg\u00f3, fue ir a las embajadas y edificios gubernamentales, para proteger a la gente dentro.<\/p>\n<p>\u00abLlevamos a muchos de los civiles del gobierno al hotel Four Seasons y pusimos una fuerza muy grande all\u00ed para protegerlos\u00bb, sostuvo.<\/p>\n<p>\u00abSabes que ser\u00e1 un momento de locura, as\u00ed que hice lo mejor que pude para proteger a todos all\u00ed, incluso a los del gobierno. No quiero castigarlos, son sirios\u00bb.<\/p>\n<p>Pero sostiene que no perdonar\u00e1 a Assad tan f\u00e1cilmente.<\/p>\n<p>\u00abHar\u00e9 todo lo posible para llevarlo a juicio, para que reciba su castigo, porque no olvidaremos lo que le hizo al pueblo sirio y c\u00f3mo destruy\u00f3 Siria\u00bb.<\/p>\n<p>La partida de Assad otorg\u00f3 una fr\u00e1gil unidad a Siria y sus diversas fuerzas de oposici\u00f3n. Pero ya no tienen un enemigo com\u00fan, y con potencias extranjeras todav\u00eda involucradas aqu\u00ed, sus diferencias podr\u00edan verse tensas.<\/p>\n<p>Existe la preocupaci\u00f3n de que Siria pueda seguir el camino de Irak y Libia, y dividirse en caos.<\/p>\n<p>\u00abVimos lo que sucedi\u00f3 en Irak y lo rechazamos\u00bb, concluy\u00f3 Awda.<\/p>\n<p>&nbsp;<\/p>\n<p>AMENAZA LATENTE<\/p>\n<p>Las fuerzas de Assad no fueron las \u00fanicas contra las que Awda luch\u00f3 aqu\u00ed en los \u00faltimos a\u00f1os. Las c\u00e9lulas del grupo Estado Isl\u00e1mico (EI), que todav\u00eda se encuentran dispersas por el este del pa\u00eds, tambi\u00e9n eran una amenaza.<\/p>\n<p>Awda recuerda que luch\u00f3 contra ellos y mat\u00f3 a un alto dirigente del EI, Abu Ibrahim al-Qurayshi, hace dos a\u00f1os.<\/p>\n<p>Ahora que los poderosos partidarios de Asad, Ir\u00e1n y Rusia, ya no act\u00faan como freno del EI, muchos aqu\u00ed est\u00e1n preocupados por un resurgimiento.<\/p>\n<p>Awda est\u00e1 convencido de que esto no suceder\u00e1. \u00abNo\u00bb, insisti\u00f3. \u00abLos expuls\u00e9. No expulsamos a Asad s\u00f3lo para vivir bajo el EI\u00bb.<\/p>\n<p>Ahora quiere elecciones libres, creyendo que el pueblo sirio nunca volver\u00e1 a elegir a nadie que se convierta en dictador.<\/p>\n<p>En el cementerio de Deraa, la placa sobre la tumba de Hamza est\u00e1 hecha pedazos: rota por un proyectil de un tanque del gobierno durante los combates con las fuerzas rebeldes aqu\u00ed, sostuvo la familia.<\/p>\n<p>\u00abSiguieron golpe\u00e1ndolo incluso cuando estaba muerto\u00bb, coment\u00f3 un primo.<\/p>\n<p>Los vecinos observaron en silencio c\u00f3mo la bandera de la oposici\u00f3n siria era atada alrededor de la l\u00e1pida de Hamza.<\/p>\n<p>Detr\u00e1s de ellas, las tumbas cuentan la historia de 13 a\u00f1os de lucha: un ataque a\u00e9reo, una batalla, una familia entera asesinada en su casa.<\/p>\n<p>La guerra con Asad termin\u00f3, pero la paz en Siria a\u00fan no se logra.(BBC)<\/p>\n","protected":false},"excerpt":{"rendered":"<p>Si el impulso para derrocar a Bashar al-Assad se origin\u00f3 en alg\u00fan lugar, naci\u00f3 en Deraa, una peque\u00f1a ciudad de Siria cerca de la frontera con Jordania. Aqu\u00ed, el 21 de mayo de 2011, el cuerpo torturado y mutilado de Hamza al-Khatib, de 13 a\u00f1os, fue entregado a su familia semanas despu\u00e9s de su arresto [&hellip;]<\/p>\n","protected":false},"author":1,"featured_media":267401,"comment_status":"closed","ping_status":"open","sticky":false,"template":"","format":"standard","meta":{"_acf_changed":false,"footnotes":""},"categories":[3],"tags":[],"class_list":["post-267400","post","type-post","status-publish","format-standard","has-post-thumbnail","category-internacional"],"acf":{"antetitulo":""},"yoast_head":"<!-- This site is optimized with the Yoast SEO plugin v28.4 - https:\/\/yoast.com\/product\/yoast-seo-wordpress\/ -->\n<title>Asesinato de joven marca inicio de guerra civil en Siria en 2011 - El Diario - Bolivia<\/title>\n<meta name=\"robots\" content=\"index, follow, max-snippet:-1, max-image-preview:large, max-video-preview:-1\" \/>\n<link rel=\"canonical\" href=\"https:\/\/www.eldiario.net\/portal\/2024\/12\/12\/asesinato-de-joven-marca-inicio-de-guerra-civil-en-siria-en-2011\/\" \/>\n<meta property=\"og:locale\" content=\"es_ES\" \/>\n<meta property=\"og:type\" content=\"article\" \/>\n<meta property=\"og:title\" content=\"Asesinato de joven marca inicio de guerra civil en Siria en 2011 - El Diario - Bolivia\" \/>\n<meta property=\"og:description\" content=\"Si el impulso para derrocar a Bashar al-Assad se origin\u00f3 en alg\u00fan lugar, naci\u00f3 en Deraa, una peque\u00f1a ciudad de Siria cerca de la frontera con Jordania. Aqu\u00ed, el 21 de mayo de 2011, el cuerpo torturado y mutilado de Hamza al-Khatib, de 13 a\u00f1os, fue entregado a su familia semanas despu\u00e9s de su arresto [&hellip;]\" \/>\n<meta property=\"og:url\" content=\"https:\/\/www.eldiario.net\/portal\/2024\/12\/12\/asesinato-de-joven-marca-inicio-de-guerra-civil-en-siria-en-2011\/\" \/>\n<meta property=\"og:site_name\" content=\"El Diario - Bolivia\" \/>\n<meta property=\"article:publisher\" content=\"https:\/\/www.facebook.com\/eldiario.bolivia\/\" \/>\n<meta property=\"article:published_time\" content=\"2024-12-12T09:43:23+00:00\" \/>\n<meta property=\"og:image\" content=\"https:\/\/www.eldiario.net\/portal\/wp-content\/uploads\/2024\/12\/SIRIA-FOTO.jpg\" \/>\n\t<meta property=\"og:image:width\" content=\"800\" \/>\n\t<meta property=\"og:image:height\" content=\"449\" \/>\n\t<meta property=\"og:image:type\" content=\"image\/jpeg\" \/>\n<meta name=\"author\" content=\"Jeanette\" \/>\n<meta name=\"twitter:card\" content=\"summary_large_image\" \/>\n<meta name=\"twitter:creator\" content=\"@eldiario_net\" \/>\n<meta name=\"twitter:site\" content=\"@eldiario_net\" \/>\n<meta name=\"twitter:label1\" content=\"Escrito por\" \/>\n\t<meta name=\"twitter:data1\" content=\"Jeanette\" \/>\n\t<meta name=\"twitter:label2\" content=\"Tiempo de lectura\" \/>\n\t<meta name=\"twitter:data2\" content=\"5 minutos\" \/>\n<script type=\"application\/ld+json\" class=\"yoast-schema-graph\">{\"@context\":\"https:\\\/\\\/schema.org\",\"@graph\":[{\"@type\":\"Article\",\"@id\":\"https:\\\/\\\/www.eldiario.net\\\/portal\\\/2024\\\/12\\\/12\\\/asesinato-de-joven-marca-inicio-de-guerra-civil-en-siria-en-2011\\\/#article\",\"isPartOf\":{\"@id\":\"https:\\\/\\\/www.eldiario.net\\\/portal\\\/2024\\\/12\\\/12\\\/asesinato-de-joven-marca-inicio-de-guerra-civil-en-siria-en-2011\\\/\"},\"author\":{\"name\":\"Jeanette\",\"@id\":\"https:\\\/\\\/www.eldiario.net\\\/portal\\\/#\\\/schema\\\/person\\\/f46445640444750d7d753ccd04ae01b7\"},\"headline\":\"Asesinato de joven marca inicio de guerra civil en Siria en 2011\",\"datePublished\":\"2024-12-12T09:43:23+00:00\",\"mainEntityOfPage\":{\"@id\":\"https:\\\/\\\/www.eldiario.net\\\/portal\\\/2024\\\/12\\\/12\\\/asesinato-de-joven-marca-inicio-de-guerra-civil-en-siria-en-2011\\\/\"},\"wordCount\":1056,\"publisher\":{\"@id\":\"https:\\\/\\\/www.eldiario.net\\\/portal\\\/#organization\"},\"image\":{\"@id\":\"https:\\\/\\\/www.eldiario.net\\\/portal\\\/2024\\\/12\\\/12\\\/asesinato-de-joven-marca-inicio-de-guerra-civil-en-siria-en-2011\\\/#primaryimage\"},\"thumbnailUrl\":\"https:\\\/\\\/www.eldiario.net\\\/portal\\\/wp-content\\\/uploads\\\/2024\\\/12\\\/SIRIA-FOTO.jpg\",\"articleSection\":[\"Internacional\"],\"inLanguage\":\"es\"},{\"@type\":\"WebPage\",\"@id\":\"https:\\\/\\\/www.eldiario.net\\\/portal\\\/2024\\\/12\\\/12\\\/asesinato-de-joven-marca-inicio-de-guerra-civil-en-siria-en-2011\\\/\",\"url\":\"https:\\\/\\\/www.eldiario.net\\\/portal\\\/2024\\\/12\\\/12\\\/asesinato-de-joven-marca-inicio-de-guerra-civil-en-siria-en-2011\\\/\",\"name\":\"Asesinato de joven marca inicio de guerra civil en Siria en 2011 - El Diario - Bolivia\",\"isPartOf\":{\"@id\":\"https:\\\/\\\/www.eldiario.net\\\/portal\\\/#website\"},\"primaryImageOfPage\":{\"@id\":\"https:\\\/\\\/www.eldiario.net\\\/portal\\\/2024\\\/12\\\/12\\\/asesinato-de-joven-marca-inicio-de-guerra-civil-en-siria-en-2011\\\/#primaryimage\"},\"image\":{\"@id\":\"https:\\\/\\\/www.eldiario.net\\\/portal\\\/2024\\\/12\\\/12\\\/asesinato-de-joven-marca-inicio-de-guerra-civil-en-siria-en-2011\\\/#primaryimage\"},\"thumbnailUrl\":\"https:\\\/\\\/www.eldiario.net\\\/portal\\\/wp-content\\\/uploads\\\/2024\\\/12\\\/SIRIA-FOTO.jpg\",\"datePublished\":\"2024-12-12T09:43:23+00:00\",\"breadcrumb\":{\"@id\":\"https:\\\/\\\/www.eldiario.net\\\/portal\\\/2024\\\/12\\\/12\\\/asesinato-de-joven-marca-inicio-de-guerra-civil-en-siria-en-2011\\\/#breadcrumb\"},\"inLanguage\":\"es\",\"potentialAction\":[{\"@type\":\"ReadAction\",\"target\":[\"https:\\\/\\\/www.eldiario.net\\\/portal\\\/2024\\\/12\\\/12\\\/asesinato-de-joven-marca-inicio-de-guerra-civil-en-siria-en-2011\\\/\"]}]},{\"@type\":\"ImageObject\",\"inLanguage\":\"es\",\"@id\":\"https:\\\/\\\/www.eldiario.net\\\/portal\\\/2024\\\/12\\\/12\\\/asesinato-de-joven-marca-inicio-de-guerra-civil-en-siria-en-2011\\\/#primaryimage\",\"url\":\"https:\\\/\\\/www.eldiario.net\\\/portal\\\/wp-content\\\/uploads\\\/2024\\\/12\\\/SIRIA-FOTO.jpg\",\"contentUrl\":\"https:\\\/\\\/www.eldiario.net\\\/portal\\\/wp-content\\\/uploads\\\/2024\\\/12\\\/SIRIA-FOTO.jpg\",\"width\":800,\"height\":449,\"caption\":\"El dolor de Samira se vi\u00f3 agravado por los documentos que confirman la muerte de su otro hijo, Omar. CREDITO: BBC\"},{\"@type\":\"BreadcrumbList\",\"@id\":\"https:\\\/\\\/www.eldiario.net\\\/portal\\\/2024\\\/12\\\/12\\\/asesinato-de-joven-marca-inicio-de-guerra-civil-en-siria-en-2011\\\/#breadcrumb\",\"itemListElement\":[{\"@type\":\"ListItem\",\"position\":1,\"name\":\"Portada\",\"item\":\"https:\\\/\\\/www.eldiario.net\\\/portal\\\/\"},{\"@type\":\"ListItem\",\"position\":2,\"name\":\"Asesinato de joven marca inicio de guerra civil en Siria en 2011\"}]},{\"@type\":\"WebSite\",\"@id\":\"https:\\\/\\\/www.eldiario.net\\\/portal\\\/#website\",\"url\":\"https:\\\/\\\/www.eldiario.net\\\/portal\\\/\",\"name\":\"El Diario - Decano de la prensa nacional\",\"description\":\"El Diario - Decano de la prensa nacional\",\"publisher\":{\"@id\":\"https:\\\/\\\/www.eldiario.net\\\/portal\\\/#organization\"},\"potentialAction\":[{\"@type\":\"SearchAction\",\"target\":{\"@type\":\"EntryPoint\",\"urlTemplate\":\"https:\\\/\\\/www.eldiario.net\\\/portal\\\/?s={search_term_string}\"},\"query-input\":{\"@type\":\"PropertyValueSpecification\",\"valueRequired\":true,\"valueName\":\"search_term_string\"}}],\"inLanguage\":\"es\"},{\"@type\":\"Organization\",\"@id\":\"https:\\\/\\\/www.eldiario.net\\\/portal\\\/#organization\",\"name\":\"El Diario - Decano de la prensa nacional\",\"url\":\"https:\\\/\\\/www.eldiario.net\\\/portal\\\/\",\"logo\":{\"@type\":\"ImageObject\",\"inLanguage\":\"es\",\"@id\":\"https:\\\/\\\/www.eldiario.net\\\/portal\\\/#\\\/schema\\\/logo\\\/image\\\/\",\"url\":\"https:\\\/\\\/www.eldiario.net\\\/portal\\\/wp-content\\\/uploads\\\/2023\\\/07\\\/logo_ED.jpg\",\"contentUrl\":\"https:\\\/\\\/www.eldiario.net\\\/portal\\\/wp-content\\\/uploads\\\/2023\\\/07\\\/logo_ED.jpg\",\"width\":272,\"height\":52,\"caption\":\"El Diario - Decano de la prensa nacional\"},\"image\":{\"@id\":\"https:\\\/\\\/www.eldiario.net\\\/portal\\\/#\\\/schema\\\/logo\\\/image\\\/\"},\"sameAs\":[\"https:\\\/\\\/www.facebook.com\\\/eldiario.bolivia\\\/\",\"https:\\\/\\\/x.com\\\/eldiario_net\"]},{\"@type\":\"Person\",\"@id\":\"https:\\\/\\\/www.eldiario.net\\\/portal\\\/#\\\/schema\\\/person\\\/f46445640444750d7d753ccd04ae01b7\",\"name\":\"Jeanette\",\"image\":{\"@type\":\"ImageObject\",\"inLanguage\":\"es\",\"@id\":\"https:\\\/\\\/secure.gravatar.com\\\/avatar\\\/3ea2118a5f7dad2b7138b1187a6b7ee55f160b9968b66013c3a3ef39dd7e5798?s=96&d=mm&r=g\",\"url\":\"https:\\\/\\\/secure.gravatar.com\\\/avatar\\\/3ea2118a5f7dad2b7138b1187a6b7ee55f160b9968b66013c3a3ef39dd7e5798?s=96&d=mm&r=g\",\"contentUrl\":\"https:\\\/\\\/secure.gravatar.com\\\/avatar\\\/3ea2118a5f7dad2b7138b1187a6b7ee55f160b9968b66013c3a3ef39dd7e5798?s=96&d=mm&r=g\",\"caption\":\"Jeanette\"},\"sameAs\":[\"https:\\\/\\\/www.eldiario.net\\\/portal\"],\"url\":\"https:\\\/\\\/www.eldiario.net\\\/portal\\\/author\\\/jeanette\\\/\"}]}<\/script>\n<!-- \/ Yoast SEO plugin. -->","yoast_head_json":{"title":"Asesinato de joven marca inicio de guerra civil en Siria en 2011 - El Diario - Bolivia","robots":{"index":"index","follow":"follow","max-snippet":"max-snippet:-1","max-image-preview":"max-image-preview:large","max-video-preview":"max-video-preview:-1"},"canonical":"https:\/\/www.eldiario.net\/portal\/2024\/12\/12\/asesinato-de-joven-marca-inicio-de-guerra-civil-en-siria-en-2011\/","og_locale":"es_ES","og_type":"article","og_title":"Asesinato de joven marca inicio de guerra civil en Siria en 2011 - El Diario - Bolivia","og_description":"Si el impulso para derrocar a Bashar al-Assad se origin\u00f3 en alg\u00fan lugar, naci\u00f3 en Deraa, una peque\u00f1a ciudad de Siria cerca de la frontera con Jordania. Aqu\u00ed, el 21 de mayo de 2011, el cuerpo torturado y mutilado de Hamza al-Khatib, de 13 a\u00f1os, fue entregado a su familia semanas despu\u00e9s de su arresto [&hellip;]","og_url":"https:\/\/www.eldiario.net\/portal\/2024\/12\/12\/asesinato-de-joven-marca-inicio-de-guerra-civil-en-siria-en-2011\/","og_site_name":"El Diario - Bolivia","article_publisher":"https:\/\/www.facebook.com\/eldiario.bolivia\/","article_published_time":"2024-12-12T09:43:23+00:00","og_image":[{"width":800,"height":449,"url":"https:\/\/www.eldiario.net\/portal\/wp-content\/uploads\/2024\/12\/SIRIA-FOTO.jpg","type":"image\/jpeg"}],"author":"Jeanette","twitter_card":"summary_large_image","twitter_creator":"@eldiario_net","twitter_site":"@eldiario_net","twitter_misc":{"Escrito por":"Jeanette","Tiempo de lectura":"5 minutos"},"schema":{"@context":"https:\/\/schema.org","@graph":[{"@type":"Article","@id":"https:\/\/www.eldiario.net\/portal\/2024\/12\/12\/asesinato-de-joven-marca-inicio-de-guerra-civil-en-siria-en-2011\/#article","isPartOf":{"@id":"https:\/\/www.eldiario.net\/portal\/2024\/12\/12\/asesinato-de-joven-marca-inicio-de-guerra-civil-en-siria-en-2011\/"},"author":{"name":"Jeanette","@id":"https:\/\/www.eldiario.net\/portal\/#\/schema\/person\/f46445640444750d7d753ccd04ae01b7"},"headline":"Asesinato de joven marca inicio de guerra civil en Siria en 2011","datePublished":"2024-12-12T09:43:23+00:00","mainEntityOfPage":{"@id":"https:\/\/www.eldiario.net\/portal\/2024\/12\/12\/asesinato-de-joven-marca-inicio-de-guerra-civil-en-siria-en-2011\/"},"wordCount":1056,"publisher":{"@id":"https:\/\/www.eldiario.net\/portal\/#organization"},"image":{"@id":"https:\/\/www.eldiario.net\/portal\/2024\/12\/12\/asesinato-de-joven-marca-inicio-de-guerra-civil-en-siria-en-2011\/#primaryimage"},"thumbnailUrl":"https:\/\/www.eldiario.net\/portal\/wp-content\/uploads\/2024\/12\/SIRIA-FOTO.jpg","articleSection":["Internacional"],"inLanguage":"es"},{"@type":"WebPage","@id":"https:\/\/www.eldiario.net\/portal\/2024\/12\/12\/asesinato-de-joven-marca-inicio-de-guerra-civil-en-siria-en-2011\/","url":"https:\/\/www.eldiario.net\/portal\/2024\/12\/12\/asesinato-de-joven-marca-inicio-de-guerra-civil-en-siria-en-2011\/","name":"Asesinato de joven marca inicio de guerra civil en Siria en 2011 - El Diario - Bolivia","isPartOf":{"@id":"https:\/\/www.eldiario.net\/portal\/#website"},"primaryImageOfPage":{"@id":"https:\/\/www.eldiario.net\/portal\/2024\/12\/12\/asesinato-de-joven-marca-inicio-de-guerra-civil-en-siria-en-2011\/#primaryimage"},"image":{"@id":"https:\/\/www.eldiario.net\/portal\/2024\/12\/12\/asesinato-de-joven-marca-inicio-de-guerra-civil-en-siria-en-2011\/#primaryimage"},"thumbnailUrl":"https:\/\/www.eldiario.net\/portal\/wp-content\/uploads\/2024\/12\/SIRIA-FOTO.jpg","datePublished":"2024-12-12T09:43:23+00:00","breadcrumb":{"@id":"https:\/\/www.eldiario.net\/portal\/2024\/12\/12\/asesinato-de-joven-marca-inicio-de-guerra-civil-en-siria-en-2011\/#breadcrumb"},"inLanguage":"es","potentialAction":[{"@type":"ReadAction","target":["https:\/\/www.eldiario.net\/portal\/2024\/12\/12\/asesinato-de-joven-marca-inicio-de-guerra-civil-en-siria-en-2011\/"]}]},{"@type":"ImageObject","inLanguage":"es","@id":"https:\/\/www.eldiario.net\/portal\/2024\/12\/12\/asesinato-de-joven-marca-inicio-de-guerra-civil-en-siria-en-2011\/#primaryimage","url":"https:\/\/www.eldiario.net\/portal\/wp-content\/uploads\/2024\/12\/SIRIA-FOTO.jpg","contentUrl":"https:\/\/www.eldiario.net\/portal\/wp-content\/uploads\/2024\/12\/SIRIA-FOTO.jpg","width":800,"height":449,"caption":"El dolor de Samira se vi\u00f3 agravado por los documentos que confirman la muerte de su otro hijo, Omar. CREDITO: BBC"},{"@type":"BreadcrumbList","@id":"https:\/\/www.eldiario.net\/portal\/2024\/12\/12\/asesinato-de-joven-marca-inicio-de-guerra-civil-en-siria-en-2011\/#breadcrumb","itemListElement":[{"@type":"ListItem","position":1,"name":"Portada","item":"https:\/\/www.eldiario.net\/portal\/"},{"@type":"ListItem","position":2,"name":"Asesinato de joven marca inicio de guerra civil en Siria en 2011"}]},{"@type":"WebSite","@id":"https:\/\/www.eldiario.net\/portal\/#website","url":"https:\/\/www.eldiario.net\/portal\/","name":"El Diario - Decano de la prensa nacional","description":"El Diario - Decano de la prensa nacional","publisher":{"@id":"https:\/\/www.eldiario.net\/portal\/#organization"},"potentialAction":[{"@type":"SearchAction","target":{"@type":"EntryPoint","urlTemplate":"https:\/\/www.eldiario.net\/portal\/?s={search_term_string}"},"query-input":{"@type":"PropertyValueSpecification","valueRequired":true,"valueName":"search_term_string"}}],"inLanguage":"es"},{"@type":"Organization","@id":"https:\/\/www.eldiario.net\/portal\/#organization","name":"El Diario - Decano de la prensa nacional","url":"https:\/\/www.eldiario.net\/portal\/","logo":{"@type":"ImageObject","inLanguage":"es","@id":"https:\/\/www.eldiario.net\/portal\/#\/schema\/logo\/image\/","url":"https:\/\/www.eldiario.net\/portal\/wp-content\/uploads\/2023\/07\/logo_ED.jpg","contentUrl":"https:\/\/www.eldiario.net\/portal\/wp-content\/uploads\/2023\/07\/logo_ED.jpg","width":272,"height":52,"caption":"El Diario - Decano de la prensa nacional"},"image":{"@id":"https:\/\/www.eldiario.net\/portal\/#\/schema\/logo\/image\/"},"sameAs":["https:\/\/www.facebook.com\/eldiario.bolivia\/","https:\/\/x.com\/eldiario_net"]},{"@type":"Person","@id":"https:\/\/www.eldiario.net\/portal\/#\/schema\/person\/f46445640444750d7d753ccd04ae01b7","name":"Jeanette","image":{"@type":"ImageObject","inLanguage":"es","@id":"https:\/\/secure.gravatar.com\/avatar\/3ea2118a5f7dad2b7138b1187a6b7ee55f160b9968b66013c3a3ef39dd7e5798?s=96&d=mm&r=g","url":"https:\/\/secure.gravatar.com\/avatar\/3ea2118a5f7dad2b7138b1187a6b7ee55f160b9968b66013c3a3ef39dd7e5798?s=96&d=mm&r=g","contentUrl":"https:\/\/secure.gravatar.com\/avatar\/3ea2118a5f7dad2b7138b1187a6b7ee55f160b9968b66013c3a3ef39dd7e5798?s=96&d=mm&r=g","caption":"Jeanette"},"sameAs":["https:\/\/www.eldiario.net\/portal"],"url":"https:\/\/www.eldiario.net\/portal\/author\/jeanette\/"}]}},"_links":{"self":[{"href":"https:\/\/www.eldiario.net\/portal\/wp-json\/wp\/v2\/posts\/267400","targetHints":{"allow":["GET"]}}],"collection":[{"href":"https:\/\/www.eldiario.net\/portal\/wp-json\/wp\/v2\/posts"}],"about":[{"href":"https:\/\/www.eldiario.net\/portal\/wp-json\/wp\/v2\/types\/post"}],"author":[{"embeddable":true,"href":"https:\/\/www.eldiario.net\/portal\/wp-json\/wp\/v2\/users\/1"}],"replies":[{"embeddable":true,"href":"https:\/\/www.eldiario.net\/portal\/wp-json\/wp\/v2\/comments?post=267400"}],"version-history":[{"count":1,"href":"https:\/\/www.eldiario.net\/portal\/wp-json\/wp\/v2\/posts\/267400\/revisions"}],"predecessor-version":[{"id":267402,"href":"https:\/\/www.eldiario.net\/portal\/wp-json\/wp\/v2\/posts\/267400\/revisions\/267402"}],"wp:featuredmedia":[{"embeddable":true,"href":"https:\/\/www.eldiario.net\/portal\/wp-json\/wp\/v2\/media\/267401"}],"wp:attachment":[{"href":"https:\/\/www.eldiario.net\/portal\/wp-json\/wp\/v2\/media?parent=267400"}],"wp:term":[{"taxonomy":"category","embeddable":true,"href":"https:\/\/www.eldiario.net\/portal\/wp-json\/wp\/v2\/categories?post=267400"},{"taxonomy":"post_tag","embeddable":true,"href":"https:\/\/www.eldiario.net\/portal\/wp-json\/wp\/v2\/tags?post=267400"}],"curies":[{"name":"wp","href":"https:\/\/api.w.org\/{rel}","templated":true}]}}