{"id":267397,"date":"2024-12-12T05:42:51","date_gmt":"2024-12-12T09:42:51","guid":{"rendered":"https:\/\/www.eldiario.net\/portal\/?p=267397"},"modified":"2024-12-12T05:42:51","modified_gmt":"2024-12-12T09:42:51","slug":"onu-alerta-por-incremento-de-trata-de-menores-en-el-mundo","status":"publish","type":"post","link":"https:\/\/www.eldiario.net\/portal\/2024\/12\/12\/onu-alerta-por-incremento-de-trata-de-menores-en-el-mundo\/","title":{"rendered":"ONU alerta por incremento de trata de menores en el mundo"},"content":{"rendered":"<p>La Organizaci\u00f3n de las Naciones Unidas alert\u00f3 ayer del creciente delito de la trata de menores, favorecido por su vulnerabilidad y el desplazamiento forzoso que desatan los conflictos armados y el cambio clim\u00e1tico.<\/p>\n<p>\u00abParticularmente alarmante es la creciente detecci\u00f3n de la trata de menores\u00bb, destaca el Informe Global sobre Trata de Personas de 2024, tras recordar que este delito, una forma moderna de esclavitud, afecta a todos los pa\u00edses del planeta.<\/p>\n<p>El documento, elaborado por la Oficina de Naciones Unidas contra la Droga y el Delito (Onudd), abarca 153 Estados y analiza los casos de m\u00e1s de 200.000 v\u00edctimas detectadas entre 2020 y 2023.<\/p>\n<p>El n\u00famero de los casos infantiles aument\u00f3 un 31% respecto al nivel previo a la pandemia, siendo m\u00e1s pronunciado, del 38%, el de las ni\u00f1as.<\/p>\n<p>Con respecto al total de casos registrados, el porcentaje de v\u00edctimas menores de edad subi\u00f3 del 34 al 38% (22% ni\u00f1as, 16% varones) entre 2019 y 2022.<\/p>\n<p>Junto a estos aumentos est\u00e1n surgiendo \u00abpatrones de explotaci\u00f3n distintos para ni\u00f1os y ni\u00f1as\u00bb, pues ellas se ven predominantemente, en un 60 %, sometidas a la explotaci\u00f3n sexual, mientras que los varones son con frecuencia reclutados para el trabajo forzoso, la mendicidad o la delincuencia forzada, entre otros fines.<\/p>\n<p>Frente a ediciones anteriores del informe, en las que las v\u00edctimas infantiles se hab\u00edan registrado principalmente en pa\u00edses de bajos ingresos, los datos m\u00e1s recientes revelan que est\u00e1n aumentando en las naciones ricas.<\/p>\n<p>\u00abEsto es particularmente alarmante en el caso de las ni\u00f1as traficadas para su explotaci\u00f3n sexual\u00bb, se\u00f1al\u00f3 la Onudd, al tiempo que vincula este fen\u00f3meno a los tambi\u00e9n crecientes movimientos migratorios.<\/p>\n<p>&nbsp;<\/p>\n<p>FINALIZAR TRABAJO INFANTIL<\/p>\n<p>\u00abDespu\u00e9s de la pandemia, se registraron m\u00e1s ni\u00f1os no acompa\u00f1ados en las fronteras de Europa y Am\u00e9rica del Norte, y en las mismas regiones se detectan m\u00e1s ni\u00f1os como v\u00edctimas de trata\u00bb, agreg\u00f3.<\/p>\n<p>\u00abA medida que se establece cada vez m\u00e1s el v\u00ednculo entre el trabajo infantil y las pr\u00e1cticas nocivas, como el matrimonio forzoso y precoz, que conducen a la trata de ni\u00f1os, la comunidad internacional deber\u00eda revitalizar las campa\u00f1as para poner fin al trabajo infantil en todas sus formas\u00bb, sostuvo la Onudd.<\/p>\n<p>Considera asimismo que las autoridades nacionales deben mejorar la prevenci\u00f3n de la trata de menores, especialmente de ni\u00f1as, garantizando investigaciones \u00abcentradas en las v\u00edctimas y que tengan en cuenta el trauma, as\u00ed como programas de protecci\u00f3n y asistencia\u00bb.<\/p>\n<p>Adem\u00e1s, para reducir el riesgo de la explotaci\u00f3n de ni\u00f1os migrantes, es necesario \u00abmejorar los servicios y mecanismos de recepci\u00f3n\u00bb y proporcionarles \u00abasistencia inmediata\u00bb cuando llegan a los pa\u00edses de destino.<\/p>\n<p>La trata es un delito que consiste en captar, retener y explotar a una persona, que suele estar en una situaci\u00f3n vulnerable, y adem\u00e1s de ser muy lucrativo, tiene un alto grado de impunidad.<\/p>\n<p>Si bien la forma m\u00e1s conocida es la explotaci\u00f3n sexual, otras v\u00edctimas sufren condiciones de esclavitud en tareas dom\u00e9sticas, la agricultura o, incluso, son obligadas a practicar la mendicidad infantil o vendidas para matrimonios forzosos.<\/p>\n<p>Aunque la Onudd no ofrece estimaciones sobre v\u00edctimas totales, la Organizaci\u00f3n Internacional del Trabajo (OIT) calcula que casi 28 millones de personas sufren esta esclavitud que mueve m\u00e1s de 235.000 millones de d\u00f3lares anuales.(Dw)<\/p>\n<p>&nbsp;<\/p>\n","protected":false},"excerpt":{"rendered":"<p>La Organizaci\u00f3n de las Naciones Unidas alert\u00f3 ayer del creciente delito de la trata de menores, favorecido por su vulnerabilidad y el desplazamiento forzoso que desatan los conflictos armados y el cambio clim\u00e1tico. \u00abParticularmente alarmante es la creciente detecci\u00f3n de la trata de menores\u00bb, destaca el Informe Global sobre Trata de Personas de 2024, tras [&hellip;]<\/p>\n","protected":false},"author":1,"featured_media":267398,"comment_status":"closed","ping_status":"open","sticky":false,"template":"","format":"standard","meta":{"_acf_changed":false,"footnotes":""},"categories":[3],"tags":[],"class_list":["post-267397","post","type-post","status-publish","format-standard","has-post-thumbnail","category-internacional"],"acf":{"antetitulo":""},"yoast_head":"<!-- This site is optimized with the Yoast SEO plugin v28.4 - https:\/\/yoast.com\/product\/yoast-seo-wordpress\/ -->\n<title>ONU alerta por incremento de trata de menores en el mundo - El Diario - Bolivia<\/title>\n<meta name=\"robots\" content=\"index, follow, max-snippet:-1, max-image-preview:large, max-video-preview:-1\" \/>\n<link rel=\"canonical\" href=\"https:\/\/www.eldiario.net\/portal\/2024\/12\/12\/onu-alerta-por-incremento-de-trata-de-menores-en-el-mundo\/\" \/>\n<meta property=\"og:locale\" content=\"es_ES\" \/>\n<meta property=\"og:type\" content=\"article\" \/>\n<meta property=\"og:title\" content=\"ONU alerta por incremento de trata de menores en el mundo - El Diario - Bolivia\" \/>\n<meta property=\"og:description\" content=\"La Organizaci\u00f3n de las Naciones Unidas alert\u00f3 ayer del creciente delito de la trata de menores, favorecido por su vulnerabilidad y el desplazamiento forzoso que desatan los conflictos armados y el cambio clim\u00e1tico. \u00abParticularmente alarmante es la creciente detecci\u00f3n de la trata de menores\u00bb, destaca el Informe Global sobre Trata de Personas de 2024, tras [&hellip;]\" \/>\n<meta property=\"og:url\" content=\"https:\/\/www.eldiario.net\/portal\/2024\/12\/12\/onu-alerta-por-incremento-de-trata-de-menores-en-el-mundo\/\" \/>\n<meta property=\"og:site_name\" content=\"El Diario - Bolivia\" \/>\n<meta property=\"article:publisher\" content=\"https:\/\/www.facebook.com\/eldiario.bolivia\/\" \/>\n<meta property=\"article:published_time\" content=\"2024-12-12T09:42:51+00:00\" \/>\n<meta property=\"og:image\" content=\"https:\/\/www.eldiario.net\/portal\/wp-content\/uploads\/2024\/12\/TRATA-FOTO.jpg\" \/>\n\t<meta property=\"og:image:width\" content=\"1200\" \/>\n\t<meta property=\"og:image:height\" content=\"900\" \/>\n\t<meta property=\"og:image:type\" content=\"image\/jpeg\" \/>\n<meta name=\"author\" content=\"Jeanette\" \/>\n<meta name=\"twitter:card\" content=\"summary_large_image\" \/>\n<meta name=\"twitter:creator\" content=\"@eldiario_net\" \/>\n<meta name=\"twitter:site\" content=\"@eldiario_net\" \/>\n<meta name=\"twitter:label1\" content=\"Escrito por\" \/>\n\t<meta name=\"twitter:data1\" content=\"Jeanette\" \/>\n\t<meta name=\"twitter:label2\" content=\"Tiempo de lectura\" \/>\n\t<meta name=\"twitter:data2\" content=\"3 minutos\" \/>\n<script type=\"application\/ld+json\" class=\"yoast-schema-graph\">{\"@context\":\"https:\\\/\\\/schema.org\",\"@graph\":[{\"@type\":\"Article\",\"@id\":\"https:\\\/\\\/www.eldiario.net\\\/portal\\\/2024\\\/12\\\/12\\\/onu-alerta-por-incremento-de-trata-de-menores-en-el-mundo\\\/#article\",\"isPartOf\":{\"@id\":\"https:\\\/\\\/www.eldiario.net\\\/portal\\\/2024\\\/12\\\/12\\\/onu-alerta-por-incremento-de-trata-de-menores-en-el-mundo\\\/\"},\"author\":{\"name\":\"Jeanette\",\"@id\":\"https:\\\/\\\/www.eldiario.net\\\/portal\\\/#\\\/schema\\\/person\\\/f46445640444750d7d753ccd04ae01b7\"},\"headline\":\"ONU alerta por incremento de trata de menores en el mundo\",\"datePublished\":\"2024-12-12T09:42:51+00:00\",\"mainEntityOfPage\":{\"@id\":\"https:\\\/\\\/www.eldiario.net\\\/portal\\\/2024\\\/12\\\/12\\\/onu-alerta-por-incremento-de-trata-de-menores-en-el-mundo\\\/\"},\"wordCount\":583,\"publisher\":{\"@id\":\"https:\\\/\\\/www.eldiario.net\\\/portal\\\/#organization\"},\"image\":{\"@id\":\"https:\\\/\\\/www.eldiario.net\\\/portal\\\/2024\\\/12\\\/12\\\/onu-alerta-por-incremento-de-trata-de-menores-en-el-mundo\\\/#primaryimage\"},\"thumbnailUrl\":\"https:\\\/\\\/www.eldiario.net\\\/portal\\\/wp-content\\\/uploads\\\/2024\\\/12\\\/TRATA-FOTO.jpg\",\"articleSection\":[\"Internacional\"],\"inLanguage\":\"es\"},{\"@type\":\"WebPage\",\"@id\":\"https:\\\/\\\/www.eldiario.net\\\/portal\\\/2024\\\/12\\\/12\\\/onu-alerta-por-incremento-de-trata-de-menores-en-el-mundo\\\/\",\"url\":\"https:\\\/\\\/www.eldiario.net\\\/portal\\\/2024\\\/12\\\/12\\\/onu-alerta-por-incremento-de-trata-de-menores-en-el-mundo\\\/\",\"name\":\"ONU alerta por incremento de trata de menores en el mundo - El Diario - Bolivia\",\"isPartOf\":{\"@id\":\"https:\\\/\\\/www.eldiario.net\\\/portal\\\/#website\"},\"primaryImageOfPage\":{\"@id\":\"https:\\\/\\\/www.eldiario.net\\\/portal\\\/2024\\\/12\\\/12\\\/onu-alerta-por-incremento-de-trata-de-menores-en-el-mundo\\\/#primaryimage\"},\"image\":{\"@id\":\"https:\\\/\\\/www.eldiario.net\\\/portal\\\/2024\\\/12\\\/12\\\/onu-alerta-por-incremento-de-trata-de-menores-en-el-mundo\\\/#primaryimage\"},\"thumbnailUrl\":\"https:\\\/\\\/www.eldiario.net\\\/portal\\\/wp-content\\\/uploads\\\/2024\\\/12\\\/TRATA-FOTO.jpg\",\"datePublished\":\"2024-12-12T09:42:51+00:00\",\"breadcrumb\":{\"@id\":\"https:\\\/\\\/www.eldiario.net\\\/portal\\\/2024\\\/12\\\/12\\\/onu-alerta-por-incremento-de-trata-de-menores-en-el-mundo\\\/#breadcrumb\"},\"inLanguage\":\"es\",\"potentialAction\":[{\"@type\":\"ReadAction\",\"target\":[\"https:\\\/\\\/www.eldiario.net\\\/portal\\\/2024\\\/12\\\/12\\\/onu-alerta-por-incremento-de-trata-de-menores-en-el-mundo\\\/\"]}]},{\"@type\":\"ImageObject\",\"inLanguage\":\"es\",\"@id\":\"https:\\\/\\\/www.eldiario.net\\\/portal\\\/2024\\\/12\\\/12\\\/onu-alerta-por-incremento-de-trata-de-menores-en-el-mundo\\\/#primaryimage\",\"url\":\"https:\\\/\\\/www.eldiario.net\\\/portal\\\/wp-content\\\/uploads\\\/2024\\\/12\\\/TRATA-FOTO.jpg\",\"contentUrl\":\"https:\\\/\\\/www.eldiario.net\\\/portal\\\/wp-content\\\/uploads\\\/2024\\\/12\\\/TRATA-FOTO.jpg\",\"width\":1200,\"height\":900,\"caption\":\"El flagelo de la trata y tr\u00e1fico de menores para la explotaci\u00f3n sexual y laboral. CREDITO: Hispanos Press\"},{\"@type\":\"BreadcrumbList\",\"@id\":\"https:\\\/\\\/www.eldiario.net\\\/portal\\\/2024\\\/12\\\/12\\\/onu-alerta-por-incremento-de-trata-de-menores-en-el-mundo\\\/#breadcrumb\",\"itemListElement\":[{\"@type\":\"ListItem\",\"position\":1,\"name\":\"Portada\",\"item\":\"https:\\\/\\\/www.eldiario.net\\\/portal\\\/\"},{\"@type\":\"ListItem\",\"position\":2,\"name\":\"ONU alerta por incremento de trata de menores en el mundo\"}]},{\"@type\":\"WebSite\",\"@id\":\"https:\\\/\\\/www.eldiario.net\\\/portal\\\/#website\",\"url\":\"https:\\\/\\\/www.eldiario.net\\\/portal\\\/\",\"name\":\"El Diario - Decano de la prensa nacional\",\"description\":\"El Diario - Decano de la prensa nacional\",\"publisher\":{\"@id\":\"https:\\\/\\\/www.eldiario.net\\\/portal\\\/#organization\"},\"potentialAction\":[{\"@type\":\"SearchAction\",\"target\":{\"@type\":\"EntryPoint\",\"urlTemplate\":\"https:\\\/\\\/www.eldiario.net\\\/portal\\\/?s={search_term_string}\"},\"query-input\":{\"@type\":\"PropertyValueSpecification\",\"valueRequired\":true,\"valueName\":\"search_term_string\"}}],\"inLanguage\":\"es\"},{\"@type\":\"Organization\",\"@id\":\"https:\\\/\\\/www.eldiario.net\\\/portal\\\/#organization\",\"name\":\"El Diario - Decano de la prensa nacional\",\"url\":\"https:\\\/\\\/www.eldiario.net\\\/portal\\\/\",\"logo\":{\"@type\":\"ImageObject\",\"inLanguage\":\"es\",\"@id\":\"https:\\\/\\\/www.eldiario.net\\\/portal\\\/#\\\/schema\\\/logo\\\/image\\\/\",\"url\":\"https:\\\/\\\/www.eldiario.net\\\/portal\\\/wp-content\\\/uploads\\\/2023\\\/07\\\/logo_ED.jpg\",\"contentUrl\":\"https:\\\/\\\/www.eldiario.net\\\/portal\\\/wp-content\\\/uploads\\\/2023\\\/07\\\/logo_ED.jpg\",\"width\":272,\"height\":52,\"caption\":\"El Diario - Decano de la prensa nacional\"},\"image\":{\"@id\":\"https:\\\/\\\/www.eldiario.net\\\/portal\\\/#\\\/schema\\\/logo\\\/image\\\/\"},\"sameAs\":[\"https:\\\/\\\/www.facebook.com\\\/eldiario.bolivia\\\/\",\"https:\\\/\\\/x.com\\\/eldiario_net\"]},{\"@type\":\"Person\",\"@id\":\"https:\\\/\\\/www.eldiario.net\\\/portal\\\/#\\\/schema\\\/person\\\/f46445640444750d7d753ccd04ae01b7\",\"name\":\"Jeanette\",\"image\":{\"@type\":\"ImageObject\",\"inLanguage\":\"es\",\"@id\":\"https:\\\/\\\/secure.gravatar.com\\\/avatar\\\/3ea2118a5f7dad2b7138b1187a6b7ee55f160b9968b66013c3a3ef39dd7e5798?s=96&d=mm&r=g\",\"url\":\"https:\\\/\\\/secure.gravatar.com\\\/avatar\\\/3ea2118a5f7dad2b7138b1187a6b7ee55f160b9968b66013c3a3ef39dd7e5798?s=96&d=mm&r=g\",\"contentUrl\":\"https:\\\/\\\/secure.gravatar.com\\\/avatar\\\/3ea2118a5f7dad2b7138b1187a6b7ee55f160b9968b66013c3a3ef39dd7e5798?s=96&d=mm&r=g\",\"caption\":\"Jeanette\"},\"sameAs\":[\"https:\\\/\\\/www.eldiario.net\\\/portal\"],\"url\":\"https:\\\/\\\/www.eldiario.net\\\/portal\\\/author\\\/jeanette\\\/\"}]}<\/script>\n<!-- \/ Yoast SEO plugin. -->","yoast_head_json":{"title":"ONU alerta por incremento de trata de menores en el mundo - El Diario - Bolivia","robots":{"index":"index","follow":"follow","max-snippet":"max-snippet:-1","max-image-preview":"max-image-preview:large","max-video-preview":"max-video-preview:-1"},"canonical":"https:\/\/www.eldiario.net\/portal\/2024\/12\/12\/onu-alerta-por-incremento-de-trata-de-menores-en-el-mundo\/","og_locale":"es_ES","og_type":"article","og_title":"ONU alerta por incremento de trata de menores en el mundo - El Diario - Bolivia","og_description":"La Organizaci\u00f3n de las Naciones Unidas alert\u00f3 ayer del creciente delito de la trata de menores, favorecido por su vulnerabilidad y el desplazamiento forzoso que desatan los conflictos armados y el cambio clim\u00e1tico. \u00abParticularmente alarmante es la creciente detecci\u00f3n de la trata de menores\u00bb, destaca el Informe Global sobre Trata de Personas de 2024, tras [&hellip;]","og_url":"https:\/\/www.eldiario.net\/portal\/2024\/12\/12\/onu-alerta-por-incremento-de-trata-de-menores-en-el-mundo\/","og_site_name":"El Diario - Bolivia","article_publisher":"https:\/\/www.facebook.com\/eldiario.bolivia\/","article_published_time":"2024-12-12T09:42:51+00:00","og_image":[{"width":1200,"height":900,"url":"https:\/\/www.eldiario.net\/portal\/wp-content\/uploads\/2024\/12\/TRATA-FOTO.jpg","type":"image\/jpeg"}],"author":"Jeanette","twitter_card":"summary_large_image","twitter_creator":"@eldiario_net","twitter_site":"@eldiario_net","twitter_misc":{"Escrito por":"Jeanette","Tiempo de lectura":"3 minutos"},"schema":{"@context":"https:\/\/schema.org","@graph":[{"@type":"Article","@id":"https:\/\/www.eldiario.net\/portal\/2024\/12\/12\/onu-alerta-por-incremento-de-trata-de-menores-en-el-mundo\/#article","isPartOf":{"@id":"https:\/\/www.eldiario.net\/portal\/2024\/12\/12\/onu-alerta-por-incremento-de-trata-de-menores-en-el-mundo\/"},"author":{"name":"Jeanette","@id":"https:\/\/www.eldiario.net\/portal\/#\/schema\/person\/f46445640444750d7d753ccd04ae01b7"},"headline":"ONU alerta por incremento de trata de menores en el mundo","datePublished":"2024-12-12T09:42:51+00:00","mainEntityOfPage":{"@id":"https:\/\/www.eldiario.net\/portal\/2024\/12\/12\/onu-alerta-por-incremento-de-trata-de-menores-en-el-mundo\/"},"wordCount":583,"publisher":{"@id":"https:\/\/www.eldiario.net\/portal\/#organization"},"image":{"@id":"https:\/\/www.eldiario.net\/portal\/2024\/12\/12\/onu-alerta-por-incremento-de-trata-de-menores-en-el-mundo\/#primaryimage"},"thumbnailUrl":"https:\/\/www.eldiario.net\/portal\/wp-content\/uploads\/2024\/12\/TRATA-FOTO.jpg","articleSection":["Internacional"],"inLanguage":"es"},{"@type":"WebPage","@id":"https:\/\/www.eldiario.net\/portal\/2024\/12\/12\/onu-alerta-por-incremento-de-trata-de-menores-en-el-mundo\/","url":"https:\/\/www.eldiario.net\/portal\/2024\/12\/12\/onu-alerta-por-incremento-de-trata-de-menores-en-el-mundo\/","name":"ONU alerta por incremento de trata de menores en el mundo - El Diario - Bolivia","isPartOf":{"@id":"https:\/\/www.eldiario.net\/portal\/#website"},"primaryImageOfPage":{"@id":"https:\/\/www.eldiario.net\/portal\/2024\/12\/12\/onu-alerta-por-incremento-de-trata-de-menores-en-el-mundo\/#primaryimage"},"image":{"@id":"https:\/\/www.eldiario.net\/portal\/2024\/12\/12\/onu-alerta-por-incremento-de-trata-de-menores-en-el-mundo\/#primaryimage"},"thumbnailUrl":"https:\/\/www.eldiario.net\/portal\/wp-content\/uploads\/2024\/12\/TRATA-FOTO.jpg","datePublished":"2024-12-12T09:42:51+00:00","breadcrumb":{"@id":"https:\/\/www.eldiario.net\/portal\/2024\/12\/12\/onu-alerta-por-incremento-de-trata-de-menores-en-el-mundo\/#breadcrumb"},"inLanguage":"es","potentialAction":[{"@type":"ReadAction","target":["https:\/\/www.eldiario.net\/portal\/2024\/12\/12\/onu-alerta-por-incremento-de-trata-de-menores-en-el-mundo\/"]}]},{"@type":"ImageObject","inLanguage":"es","@id":"https:\/\/www.eldiario.net\/portal\/2024\/12\/12\/onu-alerta-por-incremento-de-trata-de-menores-en-el-mundo\/#primaryimage","url":"https:\/\/www.eldiario.net\/portal\/wp-content\/uploads\/2024\/12\/TRATA-FOTO.jpg","contentUrl":"https:\/\/www.eldiario.net\/portal\/wp-content\/uploads\/2024\/12\/TRATA-FOTO.jpg","width":1200,"height":900,"caption":"El flagelo de la trata y tr\u00e1fico de menores para la explotaci\u00f3n sexual y laboral. CREDITO: Hispanos Press"},{"@type":"BreadcrumbList","@id":"https:\/\/www.eldiario.net\/portal\/2024\/12\/12\/onu-alerta-por-incremento-de-trata-de-menores-en-el-mundo\/#breadcrumb","itemListElement":[{"@type":"ListItem","position":1,"name":"Portada","item":"https:\/\/www.eldiario.net\/portal\/"},{"@type":"ListItem","position":2,"name":"ONU alerta por incremento de trata de menores en el mundo"}]},{"@type":"WebSite","@id":"https:\/\/www.eldiario.net\/portal\/#website","url":"https:\/\/www.eldiario.net\/portal\/","name":"El Diario - Decano de la prensa nacional","description":"El Diario - Decano de la prensa nacional","publisher":{"@id":"https:\/\/www.eldiario.net\/portal\/#organization"},"potentialAction":[{"@type":"SearchAction","target":{"@type":"EntryPoint","urlTemplate":"https:\/\/www.eldiario.net\/portal\/?s={search_term_string}"},"query-input":{"@type":"PropertyValueSpecification","valueRequired":true,"valueName":"search_term_string"}}],"inLanguage":"es"},{"@type":"Organization","@id":"https:\/\/www.eldiario.net\/portal\/#organization","name":"El Diario - Decano de la prensa nacional","url":"https:\/\/www.eldiario.net\/portal\/","logo":{"@type":"ImageObject","inLanguage":"es","@id":"https:\/\/www.eldiario.net\/portal\/#\/schema\/logo\/image\/","url":"https:\/\/www.eldiario.net\/portal\/wp-content\/uploads\/2023\/07\/logo_ED.jpg","contentUrl":"https:\/\/www.eldiario.net\/portal\/wp-content\/uploads\/2023\/07\/logo_ED.jpg","width":272,"height":52,"caption":"El Diario - Decano de la prensa nacional"},"image":{"@id":"https:\/\/www.eldiario.net\/portal\/#\/schema\/logo\/image\/"},"sameAs":["https:\/\/www.facebook.com\/eldiario.bolivia\/","https:\/\/x.com\/eldiario_net"]},{"@type":"Person","@id":"https:\/\/www.eldiario.net\/portal\/#\/schema\/person\/f46445640444750d7d753ccd04ae01b7","name":"Jeanette","image":{"@type":"ImageObject","inLanguage":"es","@id":"https:\/\/secure.gravatar.com\/avatar\/3ea2118a5f7dad2b7138b1187a6b7ee55f160b9968b66013c3a3ef39dd7e5798?s=96&d=mm&r=g","url":"https:\/\/secure.gravatar.com\/avatar\/3ea2118a5f7dad2b7138b1187a6b7ee55f160b9968b66013c3a3ef39dd7e5798?s=96&d=mm&r=g","contentUrl":"https:\/\/secure.gravatar.com\/avatar\/3ea2118a5f7dad2b7138b1187a6b7ee55f160b9968b66013c3a3ef39dd7e5798?s=96&d=mm&r=g","caption":"Jeanette"},"sameAs":["https:\/\/www.eldiario.net\/portal"],"url":"https:\/\/www.eldiario.net\/portal\/author\/jeanette\/"}]}},"_links":{"self":[{"href":"https:\/\/www.eldiario.net\/portal\/wp-json\/wp\/v2\/posts\/267397","targetHints":{"allow":["GET"]}}],"collection":[{"href":"https:\/\/www.eldiario.net\/portal\/wp-json\/wp\/v2\/posts"}],"about":[{"href":"https:\/\/www.eldiario.net\/portal\/wp-json\/wp\/v2\/types\/post"}],"author":[{"embeddable":true,"href":"https:\/\/www.eldiario.net\/portal\/wp-json\/wp\/v2\/users\/1"}],"replies":[{"embeddable":true,"href":"https:\/\/www.eldiario.net\/portal\/wp-json\/wp\/v2\/comments?post=267397"}],"version-history":[{"count":1,"href":"https:\/\/www.eldiario.net\/portal\/wp-json\/wp\/v2\/posts\/267397\/revisions"}],"predecessor-version":[{"id":267399,"href":"https:\/\/www.eldiario.net\/portal\/wp-json\/wp\/v2\/posts\/267397\/revisions\/267399"}],"wp:featuredmedia":[{"embeddable":true,"href":"https:\/\/www.eldiario.net\/portal\/wp-json\/wp\/v2\/media\/267398"}],"wp:attachment":[{"href":"https:\/\/www.eldiario.net\/portal\/wp-json\/wp\/v2\/media?parent=267397"}],"wp:term":[{"taxonomy":"category","embeddable":true,"href":"https:\/\/www.eldiario.net\/portal\/wp-json\/wp\/v2\/categories?post=267397"},{"taxonomy":"post_tag","embeddable":true,"href":"https:\/\/www.eldiario.net\/portal\/wp-json\/wp\/v2\/tags?post=267397"}],"curies":[{"name":"wp","href":"https:\/\/api.w.org\/{rel}","templated":true}]}}