{"id":267388,"date":"2024-12-12T05:40:31","date_gmt":"2024-12-12T09:40:31","guid":{"rendered":"https:\/\/www.eldiario.net\/portal\/?p=267388"},"modified":"2024-12-12T05:40:31","modified_gmt":"2024-12-12T09:40:31","slug":"comerciantes-cierran-negocios-en-protesta-por-crisis-economica","status":"publish","type":"post","link":"https:\/\/www.eldiario.net\/portal\/2024\/12\/12\/comerciantes-cierran-negocios-en-protesta-por-crisis-economica\/","title":{"rendered":"Comerciantes cierran negocios en protesta por crisis econ\u00f3mica"},"content":{"rendered":"<p>Comerciantes de negocios que expenden abarrotes en la calle Antonio Gallardo de la zona Gran Poder, de La Paz, cerraron sus tiendas en protesta por el alza en los precios del aceite, arroz y otros alimentos de la canasta familiar. Exigen al Gobierno que garantice el abastecimiento en el mercado interno y cese los decomisos de sus mercanc\u00edas.<\/p>\n<p>La medida de protesta fue de 24 horas e impidi\u00f3 el paso de los veh\u00edculos por ese sector durante casi toda la jornada.<\/p>\n<p>El dirigente del sector Beltr\u00e1n Machicado, se\u00f1al\u00f3 que el paro de debe a los abusos en los controles que realizan funcionarios del Viceministerio de Defensa del Consumidor al decomisar productos \u00a0en los que invirtieron capital.<\/p>\n<p>\u201cEl paro de hoy d\u00eda (por ayer) se debe a que ayer (por el martes) hemos sufrido un atropello de parte del Viceministerio de Defensa del Consumidor en que a las tiendas nos est\u00e1n queriendo decomisar bajo el t\u00edtulo de agio, de especulaci\u00f3n, cuando estos productos tienen su gasto de compra, hemos invertido en la compra y no podemos perder lo que hemos invertido\u201d, sostuvo el dirigente.<\/p>\n<p>Asimismo, el dirigente cuestion\u00f3 la labor del viceministro del Defensa del Consumidor y apunt\u00f3 que los negocios permanecer\u00e1n cerrados durante el mi\u00e9rcoles. Adem\u00e1s, asegur\u00f3 que fueron invitados por las autoridades gubernamentales a una reuni\u00f3n programada para este jueves 12 de diciembre a las 9:00 horas, y analizar el abastecimiento de productos como el aceite y otros alimentos de primera necesidad as\u00ed como el alza de los mismos. Sin embargo, adelant\u00f3 que de no haber un acuerdo, los comerciantes radicalizar\u00edan sus medidas.<\/p>\n<p>\u201cAl 100 por ciento se han cerrado las tiendas, porque en esta zona somos comerciantes al detalle. Hoy es el principio, aunque el Ministerio nos invit\u00f3, ma\u00f1ana (por hoy) atenderemos normal al consumidor final, pero depende como determinemos en la reuni\u00f3n si esto no llega a un buen acuerdo, lamentablemente vamos a tener que parar con un paro indefinido\u201d, indic\u00f3 Machicado.<\/p>\n<p>De acuerdo con una de las comerciantes del sector, el pedido es que llegue aceite a las tiendas, para que ellos puedan comercializarlo, \u201cel Fino est\u00e1 dejando solamente dos cajas por semana y eso no nos abastece a nosotros. Estamos pidiendo de que haya m\u00e1s aceite en el mercado\u201d, indic\u00f3.<\/p>\n<p>Otro de los movilizados corrobor\u00f3 que \u201cla marca Fino\u00a0 llega con el precio normal, pero est\u00e1 \u00a0llegando en muy poca cantidad y no abastece para nuestros caseros, hacemos faltar y piensan que estamos acumulando, pero no es as\u00ed, sino que llega muy poco\u201d<\/p>\n<p>Las amas de casa tambi\u00e9n expresaron su descontento y molestia por la medida ya que \u201cnosotras necesitamos los productos para cocinar, pero no hay. Ahora, para colmo, han obligado a que Emapa se cierre, de \u00bfd\u00f3nde vamos a comprar?\u201d, apunt\u00f3 una mujer mientras esperaba en puertas de la empresa estatal.<\/p>\n<p>Sin embargo, algunos comerciantes aseguraron que es mentira, que incluso polic\u00edas estuvieron en el sector para resguardar pero que la sucursal cerr\u00f3 porque no tienen ni arroz, ni aceite y no venden. \u201cNo hemos obligado a que cierren a nadie, es una mentira que est\u00e1n utilizando para hacernos pelear\u201d, sostuvo un comerciante del lugar.<\/p>\n","protected":false},"excerpt":{"rendered":"<p>Comerciantes de negocios que expenden abarrotes en la calle Antonio Gallardo de la zona Gran Poder, de La Paz, cerraron sus tiendas en protesta por el alza en los precios del aceite, arroz y otros alimentos de la canasta familiar. Exigen al Gobierno que garantice el abastecimiento en el mercado interno y cese los decomisos [&hellip;]<\/p>\n","protected":false},"author":1,"featured_media":267389,"comment_status":"closed","ping_status":"open","sticky":false,"template":"","format":"standard","meta":{"_acf_changed":false,"footnotes":""},"categories":[12],"tags":[],"class_list":["post-267388","post","type-post","status-publish","format-standard","has-post-thumbnail","category-nacional"],"acf":{"antetitulo":""},"yoast_head":"<!-- This site is optimized with the Yoast SEO plugin v28.4 - https:\/\/yoast.com\/product\/yoast-seo-wordpress\/ -->\n<title>Comerciantes cierran negocios en protesta por crisis econ\u00f3mica - El Diario - Bolivia<\/title>\n<meta name=\"robots\" content=\"index, follow, max-snippet:-1, max-image-preview:large, max-video-preview:-1\" \/>\n<link rel=\"canonical\" href=\"https:\/\/www.eldiario.net\/portal\/2024\/12\/12\/comerciantes-cierran-negocios-en-protesta-por-crisis-economica\/\" \/>\n<meta property=\"og:locale\" content=\"es_ES\" \/>\n<meta property=\"og:type\" content=\"article\" \/>\n<meta property=\"og:title\" content=\"Comerciantes cierran negocios en protesta por crisis econ\u00f3mica - El Diario - Bolivia\" \/>\n<meta property=\"og:description\" content=\"Comerciantes de negocios que expenden abarrotes en la calle Antonio Gallardo de la zona Gran Poder, de La Paz, cerraron sus tiendas en protesta por el alza en los precios del aceite, arroz y otros alimentos de la canasta familiar. Exigen al Gobierno que garantice el abastecimiento en el mercado interno y cese los decomisos [&hellip;]\" \/>\n<meta property=\"og:url\" content=\"https:\/\/www.eldiario.net\/portal\/2024\/12\/12\/comerciantes-cierran-negocios-en-protesta-por-crisis-economica\/\" \/>\n<meta property=\"og:site_name\" content=\"El Diario - Bolivia\" \/>\n<meta property=\"article:publisher\" content=\"https:\/\/www.facebook.com\/eldiario.bolivia\/\" \/>\n<meta property=\"article:published_time\" content=\"2024-12-12T09:40:31+00:00\" \/>\n<meta property=\"og:image\" content=\"https:\/\/www.eldiario.net\/portal\/wp-content\/uploads\/2024\/12\/COMER-FOTO.jpeg\" \/>\n\t<meta property=\"og:image:width\" content=\"1600\" \/>\n\t<meta property=\"og:image:height\" content=\"1066\" \/>\n\t<meta property=\"og:image:type\" content=\"image\/jpeg\" \/>\n<meta name=\"author\" content=\"Jeanette\" \/>\n<meta name=\"twitter:card\" content=\"summary_large_image\" \/>\n<meta name=\"twitter:creator\" content=\"@eldiario_net\" \/>\n<meta name=\"twitter:site\" content=\"@eldiario_net\" \/>\n<meta name=\"twitter:label1\" content=\"Escrito por\" \/>\n\t<meta name=\"twitter:data1\" content=\"Jeanette\" \/>\n\t<meta name=\"twitter:label2\" content=\"Tiempo de lectura\" \/>\n\t<meta name=\"twitter:data2\" content=\"3 minutos\" \/>\n<script type=\"application\/ld+json\" class=\"yoast-schema-graph\">{\"@context\":\"https:\\\/\\\/schema.org\",\"@graph\":[{\"@type\":\"Article\",\"@id\":\"https:\\\/\\\/www.eldiario.net\\\/portal\\\/2024\\\/12\\\/12\\\/comerciantes-cierran-negocios-en-protesta-por-crisis-economica\\\/#article\",\"isPartOf\":{\"@id\":\"https:\\\/\\\/www.eldiario.net\\\/portal\\\/2024\\\/12\\\/12\\\/comerciantes-cierran-negocios-en-protesta-por-crisis-economica\\\/\"},\"author\":{\"name\":\"Jeanette\",\"@id\":\"https:\\\/\\\/www.eldiario.net\\\/portal\\\/#\\\/schema\\\/person\\\/f46445640444750d7d753ccd04ae01b7\"},\"headline\":\"Comerciantes cierran negocios en protesta por crisis econ\u00f3mica\",\"datePublished\":\"2024-12-12T09:40:31+00:00\",\"mainEntityOfPage\":{\"@id\":\"https:\\\/\\\/www.eldiario.net\\\/portal\\\/2024\\\/12\\\/12\\\/comerciantes-cierran-negocios-en-protesta-por-crisis-economica\\\/\"},\"wordCount\":547,\"publisher\":{\"@id\":\"https:\\\/\\\/www.eldiario.net\\\/portal\\\/#organization\"},\"image\":{\"@id\":\"https:\\\/\\\/www.eldiario.net\\\/portal\\\/2024\\\/12\\\/12\\\/comerciantes-cierran-negocios-en-protesta-por-crisis-economica\\\/#primaryimage\"},\"thumbnailUrl\":\"https:\\\/\\\/www.eldiario.net\\\/portal\\\/wp-content\\\/uploads\\\/2024\\\/12\\\/COMER-FOTO.jpeg\",\"articleSection\":[\"Nacional\"],\"inLanguage\":\"es\"},{\"@type\":\"WebPage\",\"@id\":\"https:\\\/\\\/www.eldiario.net\\\/portal\\\/2024\\\/12\\\/12\\\/comerciantes-cierran-negocios-en-protesta-por-crisis-economica\\\/\",\"url\":\"https:\\\/\\\/www.eldiario.net\\\/portal\\\/2024\\\/12\\\/12\\\/comerciantes-cierran-negocios-en-protesta-por-crisis-economica\\\/\",\"name\":\"Comerciantes cierran negocios en protesta por crisis econ\u00f3mica - El Diario - Bolivia\",\"isPartOf\":{\"@id\":\"https:\\\/\\\/www.eldiario.net\\\/portal\\\/#website\"},\"primaryImageOfPage\":{\"@id\":\"https:\\\/\\\/www.eldiario.net\\\/portal\\\/2024\\\/12\\\/12\\\/comerciantes-cierran-negocios-en-protesta-por-crisis-economica\\\/#primaryimage\"},\"image\":{\"@id\":\"https:\\\/\\\/www.eldiario.net\\\/portal\\\/2024\\\/12\\\/12\\\/comerciantes-cierran-negocios-en-protesta-por-crisis-economica\\\/#primaryimage\"},\"thumbnailUrl\":\"https:\\\/\\\/www.eldiario.net\\\/portal\\\/wp-content\\\/uploads\\\/2024\\\/12\\\/COMER-FOTO.jpeg\",\"datePublished\":\"2024-12-12T09:40:31+00:00\",\"breadcrumb\":{\"@id\":\"https:\\\/\\\/www.eldiario.net\\\/portal\\\/2024\\\/12\\\/12\\\/comerciantes-cierran-negocios-en-protesta-por-crisis-economica\\\/#breadcrumb\"},\"inLanguage\":\"es\",\"potentialAction\":[{\"@type\":\"ReadAction\",\"target\":[\"https:\\\/\\\/www.eldiario.net\\\/portal\\\/2024\\\/12\\\/12\\\/comerciantes-cierran-negocios-en-protesta-por-crisis-economica\\\/\"]}]},{\"@type\":\"ImageObject\",\"inLanguage\":\"es\",\"@id\":\"https:\\\/\\\/www.eldiario.net\\\/portal\\\/2024\\\/12\\\/12\\\/comerciantes-cierran-negocios-en-protesta-por-crisis-economica\\\/#primaryimage\",\"url\":\"https:\\\/\\\/www.eldiario.net\\\/portal\\\/wp-content\\\/uploads\\\/2024\\\/12\\\/COMER-FOTO.jpeg\",\"contentUrl\":\"https:\\\/\\\/www.eldiario.net\\\/portal\\\/wp-content\\\/uploads\\\/2024\\\/12\\\/COMER-FOTO.jpeg\",\"width\":1600,\"height\":1066,\"caption\":\"Las tiendas de la zona Gran Poder permanecieron cerradas durante el mi\u00e9rcoles. Cr\u00e9dito: APG\"},{\"@type\":\"BreadcrumbList\",\"@id\":\"https:\\\/\\\/www.eldiario.net\\\/portal\\\/2024\\\/12\\\/12\\\/comerciantes-cierran-negocios-en-protesta-por-crisis-economica\\\/#breadcrumb\",\"itemListElement\":[{\"@type\":\"ListItem\",\"position\":1,\"name\":\"Portada\",\"item\":\"https:\\\/\\\/www.eldiario.net\\\/portal\\\/\"},{\"@type\":\"ListItem\",\"position\":2,\"name\":\"Comerciantes cierran negocios en protesta por crisis econ\u00f3mica\"}]},{\"@type\":\"WebSite\",\"@id\":\"https:\\\/\\\/www.eldiario.net\\\/portal\\\/#website\",\"url\":\"https:\\\/\\\/www.eldiario.net\\\/portal\\\/\",\"name\":\"El Diario - Decano de la prensa nacional\",\"description\":\"El Diario - Decano de la prensa nacional\",\"publisher\":{\"@id\":\"https:\\\/\\\/www.eldiario.net\\\/portal\\\/#organization\"},\"potentialAction\":[{\"@type\":\"SearchAction\",\"target\":{\"@type\":\"EntryPoint\",\"urlTemplate\":\"https:\\\/\\\/www.eldiario.net\\\/portal\\\/?s={search_term_string}\"},\"query-input\":{\"@type\":\"PropertyValueSpecification\",\"valueRequired\":true,\"valueName\":\"search_term_string\"}}],\"inLanguage\":\"es\"},{\"@type\":\"Organization\",\"@id\":\"https:\\\/\\\/www.eldiario.net\\\/portal\\\/#organization\",\"name\":\"El Diario - Decano de la prensa nacional\",\"url\":\"https:\\\/\\\/www.eldiario.net\\\/portal\\\/\",\"logo\":{\"@type\":\"ImageObject\",\"inLanguage\":\"es\",\"@id\":\"https:\\\/\\\/www.eldiario.net\\\/portal\\\/#\\\/schema\\\/logo\\\/image\\\/\",\"url\":\"https:\\\/\\\/www.eldiario.net\\\/portal\\\/wp-content\\\/uploads\\\/2023\\\/07\\\/logo_ED.jpg\",\"contentUrl\":\"https:\\\/\\\/www.eldiario.net\\\/portal\\\/wp-content\\\/uploads\\\/2023\\\/07\\\/logo_ED.jpg\",\"width\":272,\"height\":52,\"caption\":\"El Diario - Decano de la prensa nacional\"},\"image\":{\"@id\":\"https:\\\/\\\/www.eldiario.net\\\/portal\\\/#\\\/schema\\\/logo\\\/image\\\/\"},\"sameAs\":[\"https:\\\/\\\/www.facebook.com\\\/eldiario.bolivia\\\/\",\"https:\\\/\\\/x.com\\\/eldiario_net\"]},{\"@type\":\"Person\",\"@id\":\"https:\\\/\\\/www.eldiario.net\\\/portal\\\/#\\\/schema\\\/person\\\/f46445640444750d7d753ccd04ae01b7\",\"name\":\"Jeanette\",\"image\":{\"@type\":\"ImageObject\",\"inLanguage\":\"es\",\"@id\":\"https:\\\/\\\/secure.gravatar.com\\\/avatar\\\/3ea2118a5f7dad2b7138b1187a6b7ee55f160b9968b66013c3a3ef39dd7e5798?s=96&d=mm&r=g\",\"url\":\"https:\\\/\\\/secure.gravatar.com\\\/avatar\\\/3ea2118a5f7dad2b7138b1187a6b7ee55f160b9968b66013c3a3ef39dd7e5798?s=96&d=mm&r=g\",\"contentUrl\":\"https:\\\/\\\/secure.gravatar.com\\\/avatar\\\/3ea2118a5f7dad2b7138b1187a6b7ee55f160b9968b66013c3a3ef39dd7e5798?s=96&d=mm&r=g\",\"caption\":\"Jeanette\"},\"sameAs\":[\"https:\\\/\\\/www.eldiario.net\\\/portal\"],\"url\":\"https:\\\/\\\/www.eldiario.net\\\/portal\\\/author\\\/jeanette\\\/\"}]}<\/script>\n<!-- \/ Yoast SEO plugin. -->","yoast_head_json":{"title":"Comerciantes cierran negocios en protesta por crisis econ\u00f3mica - El Diario - Bolivia","robots":{"index":"index","follow":"follow","max-snippet":"max-snippet:-1","max-image-preview":"max-image-preview:large","max-video-preview":"max-video-preview:-1"},"canonical":"https:\/\/www.eldiario.net\/portal\/2024\/12\/12\/comerciantes-cierran-negocios-en-protesta-por-crisis-economica\/","og_locale":"es_ES","og_type":"article","og_title":"Comerciantes cierran negocios en protesta por crisis econ\u00f3mica - El Diario - Bolivia","og_description":"Comerciantes de negocios que expenden abarrotes en la calle Antonio Gallardo de la zona Gran Poder, de La Paz, cerraron sus tiendas en protesta por el alza en los precios del aceite, arroz y otros alimentos de la canasta familiar. Exigen al Gobierno que garantice el abastecimiento en el mercado interno y cese los decomisos [&hellip;]","og_url":"https:\/\/www.eldiario.net\/portal\/2024\/12\/12\/comerciantes-cierran-negocios-en-protesta-por-crisis-economica\/","og_site_name":"El Diario - Bolivia","article_publisher":"https:\/\/www.facebook.com\/eldiario.bolivia\/","article_published_time":"2024-12-12T09:40:31+00:00","og_image":[{"width":1600,"height":1066,"url":"https:\/\/www.eldiario.net\/portal\/wp-content\/uploads\/2024\/12\/COMER-FOTO.jpeg","type":"image\/jpeg"}],"author":"Jeanette","twitter_card":"summary_large_image","twitter_creator":"@eldiario_net","twitter_site":"@eldiario_net","twitter_misc":{"Escrito por":"Jeanette","Tiempo de lectura":"3 minutos"},"schema":{"@context":"https:\/\/schema.org","@graph":[{"@type":"Article","@id":"https:\/\/www.eldiario.net\/portal\/2024\/12\/12\/comerciantes-cierran-negocios-en-protesta-por-crisis-economica\/#article","isPartOf":{"@id":"https:\/\/www.eldiario.net\/portal\/2024\/12\/12\/comerciantes-cierran-negocios-en-protesta-por-crisis-economica\/"},"author":{"name":"Jeanette","@id":"https:\/\/www.eldiario.net\/portal\/#\/schema\/person\/f46445640444750d7d753ccd04ae01b7"},"headline":"Comerciantes cierran negocios en protesta por crisis econ\u00f3mica","datePublished":"2024-12-12T09:40:31+00:00","mainEntityOfPage":{"@id":"https:\/\/www.eldiario.net\/portal\/2024\/12\/12\/comerciantes-cierran-negocios-en-protesta-por-crisis-economica\/"},"wordCount":547,"publisher":{"@id":"https:\/\/www.eldiario.net\/portal\/#organization"},"image":{"@id":"https:\/\/www.eldiario.net\/portal\/2024\/12\/12\/comerciantes-cierran-negocios-en-protesta-por-crisis-economica\/#primaryimage"},"thumbnailUrl":"https:\/\/www.eldiario.net\/portal\/wp-content\/uploads\/2024\/12\/COMER-FOTO.jpeg","articleSection":["Nacional"],"inLanguage":"es"},{"@type":"WebPage","@id":"https:\/\/www.eldiario.net\/portal\/2024\/12\/12\/comerciantes-cierran-negocios-en-protesta-por-crisis-economica\/","url":"https:\/\/www.eldiario.net\/portal\/2024\/12\/12\/comerciantes-cierran-negocios-en-protesta-por-crisis-economica\/","name":"Comerciantes cierran negocios en protesta por crisis econ\u00f3mica - El Diario - Bolivia","isPartOf":{"@id":"https:\/\/www.eldiario.net\/portal\/#website"},"primaryImageOfPage":{"@id":"https:\/\/www.eldiario.net\/portal\/2024\/12\/12\/comerciantes-cierran-negocios-en-protesta-por-crisis-economica\/#primaryimage"},"image":{"@id":"https:\/\/www.eldiario.net\/portal\/2024\/12\/12\/comerciantes-cierran-negocios-en-protesta-por-crisis-economica\/#primaryimage"},"thumbnailUrl":"https:\/\/www.eldiario.net\/portal\/wp-content\/uploads\/2024\/12\/COMER-FOTO.jpeg","datePublished":"2024-12-12T09:40:31+00:00","breadcrumb":{"@id":"https:\/\/www.eldiario.net\/portal\/2024\/12\/12\/comerciantes-cierran-negocios-en-protesta-por-crisis-economica\/#breadcrumb"},"inLanguage":"es","potentialAction":[{"@type":"ReadAction","target":["https:\/\/www.eldiario.net\/portal\/2024\/12\/12\/comerciantes-cierran-negocios-en-protesta-por-crisis-economica\/"]}]},{"@type":"ImageObject","inLanguage":"es","@id":"https:\/\/www.eldiario.net\/portal\/2024\/12\/12\/comerciantes-cierran-negocios-en-protesta-por-crisis-economica\/#primaryimage","url":"https:\/\/www.eldiario.net\/portal\/wp-content\/uploads\/2024\/12\/COMER-FOTO.jpeg","contentUrl":"https:\/\/www.eldiario.net\/portal\/wp-content\/uploads\/2024\/12\/COMER-FOTO.jpeg","width":1600,"height":1066,"caption":"Las tiendas de la zona Gran Poder permanecieron cerradas durante el mi\u00e9rcoles. Cr\u00e9dito: APG"},{"@type":"BreadcrumbList","@id":"https:\/\/www.eldiario.net\/portal\/2024\/12\/12\/comerciantes-cierran-negocios-en-protesta-por-crisis-economica\/#breadcrumb","itemListElement":[{"@type":"ListItem","position":1,"name":"Portada","item":"https:\/\/www.eldiario.net\/portal\/"},{"@type":"ListItem","position":2,"name":"Comerciantes cierran negocios en protesta por crisis econ\u00f3mica"}]},{"@type":"WebSite","@id":"https:\/\/www.eldiario.net\/portal\/#website","url":"https:\/\/www.eldiario.net\/portal\/","name":"El Diario - Decano de la prensa nacional","description":"El Diario - Decano de la prensa nacional","publisher":{"@id":"https:\/\/www.eldiario.net\/portal\/#organization"},"potentialAction":[{"@type":"SearchAction","target":{"@type":"EntryPoint","urlTemplate":"https:\/\/www.eldiario.net\/portal\/?s={search_term_string}"},"query-input":{"@type":"PropertyValueSpecification","valueRequired":true,"valueName":"search_term_string"}}],"inLanguage":"es"},{"@type":"Organization","@id":"https:\/\/www.eldiario.net\/portal\/#organization","name":"El Diario - Decano de la prensa nacional","url":"https:\/\/www.eldiario.net\/portal\/","logo":{"@type":"ImageObject","inLanguage":"es","@id":"https:\/\/www.eldiario.net\/portal\/#\/schema\/logo\/image\/","url":"https:\/\/www.eldiario.net\/portal\/wp-content\/uploads\/2023\/07\/logo_ED.jpg","contentUrl":"https:\/\/www.eldiario.net\/portal\/wp-content\/uploads\/2023\/07\/logo_ED.jpg","width":272,"height":52,"caption":"El Diario - Decano de la prensa nacional"},"image":{"@id":"https:\/\/www.eldiario.net\/portal\/#\/schema\/logo\/image\/"},"sameAs":["https:\/\/www.facebook.com\/eldiario.bolivia\/","https:\/\/x.com\/eldiario_net"]},{"@type":"Person","@id":"https:\/\/www.eldiario.net\/portal\/#\/schema\/person\/f46445640444750d7d753ccd04ae01b7","name":"Jeanette","image":{"@type":"ImageObject","inLanguage":"es","@id":"https:\/\/secure.gravatar.com\/avatar\/3ea2118a5f7dad2b7138b1187a6b7ee55f160b9968b66013c3a3ef39dd7e5798?s=96&d=mm&r=g","url":"https:\/\/secure.gravatar.com\/avatar\/3ea2118a5f7dad2b7138b1187a6b7ee55f160b9968b66013c3a3ef39dd7e5798?s=96&d=mm&r=g","contentUrl":"https:\/\/secure.gravatar.com\/avatar\/3ea2118a5f7dad2b7138b1187a6b7ee55f160b9968b66013c3a3ef39dd7e5798?s=96&d=mm&r=g","caption":"Jeanette"},"sameAs":["https:\/\/www.eldiario.net\/portal"],"url":"https:\/\/www.eldiario.net\/portal\/author\/jeanette\/"}]}},"_links":{"self":[{"href":"https:\/\/www.eldiario.net\/portal\/wp-json\/wp\/v2\/posts\/267388","targetHints":{"allow":["GET"]}}],"collection":[{"href":"https:\/\/www.eldiario.net\/portal\/wp-json\/wp\/v2\/posts"}],"about":[{"href":"https:\/\/www.eldiario.net\/portal\/wp-json\/wp\/v2\/types\/post"}],"author":[{"embeddable":true,"href":"https:\/\/www.eldiario.net\/portal\/wp-json\/wp\/v2\/users\/1"}],"replies":[{"embeddable":true,"href":"https:\/\/www.eldiario.net\/portal\/wp-json\/wp\/v2\/comments?post=267388"}],"version-history":[{"count":1,"href":"https:\/\/www.eldiario.net\/portal\/wp-json\/wp\/v2\/posts\/267388\/revisions"}],"predecessor-version":[{"id":267390,"href":"https:\/\/www.eldiario.net\/portal\/wp-json\/wp\/v2\/posts\/267388\/revisions\/267390"}],"wp:featuredmedia":[{"embeddable":true,"href":"https:\/\/www.eldiario.net\/portal\/wp-json\/wp\/v2\/media\/267389"}],"wp:attachment":[{"href":"https:\/\/www.eldiario.net\/portal\/wp-json\/wp\/v2\/media?parent=267388"}],"wp:term":[{"taxonomy":"category","embeddable":true,"href":"https:\/\/www.eldiario.net\/portal\/wp-json\/wp\/v2\/categories?post=267388"},{"taxonomy":"post_tag","embeddable":true,"href":"https:\/\/www.eldiario.net\/portal\/wp-json\/wp\/v2\/tags?post=267388"}],"curies":[{"name":"wp","href":"https:\/\/api.w.org\/{rel}","templated":true}]}}