{"id":267385,"date":"2024-12-12T05:40:01","date_gmt":"2024-12-12T09:40:01","guid":{"rendered":"https:\/\/www.eldiario.net\/portal\/?p=267385"},"modified":"2024-12-12T05:40:01","modified_gmt":"2024-12-12T09:40:01","slug":"realizan-taller-virtual-de-orientacion-vocacional-para-bachilleres-del-pais","status":"publish","type":"post","link":"https:\/\/www.eldiario.net\/portal\/2024\/12\/12\/realizan-taller-virtual-de-orientacion-vocacional-para-bachilleres-del-pais\/","title":{"rendered":"Realizan taller virtual de orientaci\u00f3n  vocacional para bachilleres del pa\u00eds"},"content":{"rendered":"<p>La docente de postgrado y mentora, Claudia Herbas y la Consultora de capacitaciones y comunicaci\u00f3n ACHcom realizar\u00e1n un taller virtual de orientaci\u00f3n vocacional dirigido a\u00a0 estudiantes de secundaria de Bolivia, con el objetivo de ayudarles a tomar decisiones informadas y acertadas sobre su futuro profesional. Este evento est\u00e1 dise\u00f1ado para brindarles las herramientas necesarias para elegir las carreras con mayor demanda y mejores perspectivas salariales en el mercado laboral global nacional e internacional.<\/p>\n<p>El taller, que se llevar\u00e1 a cabo este jueves 12 y viernes 13 de diciembre de 10:00 a 12:30 horas, mediante la plataforma virtual MEET, contar\u00e1 con la participaci\u00f3n de tutores y profesores expertos en distintas \u00e1reas del conocimiento desde Estados Unidos y Alemania, quienes guiar\u00e1n a los estudiantes a trav\u00e9s de un proceso de reflexi\u00f3n y an\u00e1lisis de sus intereses, habilidades y las tendencias del mercado laboral.<\/p>\n<p>A trav\u00e9s de sesiones interactivas, se explorar\u00e1n diversas opciones profesionales en sectores como tecnolog\u00eda, ciencias de la salud, ingenier\u00eda, energ\u00edas renovables, inteligencia artificial, y m\u00e1s.<\/p>\n<p>\u00bfPOR QU\u00c9 ES IMPORTANTE ESTE TALLER?<\/p>\n<p>La decisi\u00f3n sobre qu\u00e9 carrera estudiar es una de las m\u00e1s trascendentales para los j\u00f3venes, ya que influir\u00e1 en su futuro profesional y personal. En un contexto de r\u00e1pidos cambios tecnol\u00f3gicos y econ\u00f3micos, es crucial que los estudiantes elijan \u00e1reas de estudio que les brinden no solo estabilidad y remuneraci\u00f3n, sino tambi\u00e9n oportunidades de crecimiento y desarrollo.<\/p>\n<p>A trav\u00e9s de este taller virtual, los estudiantes podr\u00e1n: identificar sus fortalezas y \u00e1reas de inter\u00e9s; conocer las tendencias actuales y futuras del mercado laboral; explorar las carreras m\u00e1s solicitadas y mejor remuneradas a nivel global; recibir asesor\u00eda personalizada por parte de expertos en diferentes campos y resolver sus dudas sobre los procesos de acceso a universidades y formaci\u00f3n t\u00e9cnica.<\/p>\n<p>El taller tiene como objetivo principal ofrecer a los estudiantes de bachillerato una visi\u00f3n clara de las opciones profesionales disponibles, proporcion\u00e1ndoles las herramientas para elegir carreras que no solo sean de su inter\u00e9s, sino que tambi\u00e9n les aseguren un futuro con mayores oportunidades y estabilidad econ\u00f3mica.<\/p>\n<p>Adem\u00e1s, se busca \u201cabrir la mente de los adolescentes\u201d estudiantes para conocer el perfil del profesional del futuro como un ser humano \u00edntegro, \u00e9tico y con las mejores habilidades sociales, de liderazgo con inteligencia emocional capaz de resolver situaciones de conflictos con la mayor resiliencia e inteligencia estrat\u00e9gica en las organizaciones p\u00fablicas y privadas.<\/p>\n<p>Todos los inscritos recibir\u00e1n certificados digitales con valor curricular, adem\u00e1s se beneficiar\u00e1n de una clase extra de mentoring personalizada con la tutora y profesora, Claudia Herbas para guiar y afianzar mejor las dudas que ha tenido en las clases de manera que se le pueda guiar en la carrera m\u00e1s acertada para su vida universitaria.<\/p>\n","protected":false},"excerpt":{"rendered":"<p>La docente de postgrado y mentora, Claudia Herbas y la Consultora de capacitaciones y comunicaci\u00f3n ACHcom realizar\u00e1n un taller virtual de orientaci\u00f3n vocacional dirigido a\u00a0 estudiantes de secundaria de Bolivia, con el objetivo de ayudarles a tomar decisiones informadas y acertadas sobre su futuro profesional. Este evento est\u00e1 dise\u00f1ado para brindarles las herramientas necesarias para [&hellip;]<\/p>\n","protected":false},"author":1,"featured_media":267386,"comment_status":"closed","ping_status":"open","sticky":false,"template":"","format":"standard","meta":{"_acf_changed":false,"footnotes":""},"categories":[12],"tags":[],"class_list":["post-267385","post","type-post","status-publish","format-standard","has-post-thumbnail","category-nacional"],"acf":{"antetitulo":""},"yoast_head":"<!-- This site is optimized with the Yoast SEO plugin v28.4 - https:\/\/yoast.com\/product\/yoast-seo-wordpress\/ -->\n<title>Realizan taller virtual de orientaci\u00f3n vocacional para bachilleres del pa\u00eds - El Diario - Bolivia<\/title>\n<meta name=\"robots\" content=\"index, follow, max-snippet:-1, max-image-preview:large, max-video-preview:-1\" \/>\n<link rel=\"canonical\" href=\"https:\/\/www.eldiario.net\/portal\/2024\/12\/12\/realizan-taller-virtual-de-orientacion-vocacional-para-bachilleres-del-pais\/\" \/>\n<meta property=\"og:locale\" content=\"es_ES\" \/>\n<meta property=\"og:type\" content=\"article\" \/>\n<meta property=\"og:title\" content=\"Realizan taller virtual de orientaci\u00f3n vocacional para bachilleres del pa\u00eds - El Diario - Bolivia\" \/>\n<meta property=\"og:description\" content=\"La docente de postgrado y mentora, Claudia Herbas y la Consultora de capacitaciones y comunicaci\u00f3n ACHcom realizar\u00e1n un taller virtual de orientaci\u00f3n vocacional dirigido a\u00a0 estudiantes de secundaria de Bolivia, con el objetivo de ayudarles a tomar decisiones informadas y acertadas sobre su futuro profesional. Este evento est\u00e1 dise\u00f1ado para brindarles las herramientas necesarias para [&hellip;]\" \/>\n<meta property=\"og:url\" content=\"https:\/\/www.eldiario.net\/portal\/2024\/12\/12\/realizan-taller-virtual-de-orientacion-vocacional-para-bachilleres-del-pais\/\" \/>\n<meta property=\"og:site_name\" content=\"El Diario - Bolivia\" \/>\n<meta property=\"article:publisher\" content=\"https:\/\/www.facebook.com\/eldiario.bolivia\/\" \/>\n<meta property=\"article:published_time\" content=\"2024-12-12T09:40:01+00:00\" \/>\n<meta property=\"og:image\" content=\"https:\/\/www.eldiario.net\/portal\/wp-content\/uploads\/2024\/12\/ORI-FOTO.png\" \/>\n\t<meta property=\"og:image:width\" content=\"345\" \/>\n\t<meta property=\"og:image:height\" content=\"194\" \/>\n\t<meta property=\"og:image:type\" content=\"image\/png\" \/>\n<meta name=\"author\" content=\"Jeanette\" \/>\n<meta name=\"twitter:card\" content=\"summary_large_image\" \/>\n<meta name=\"twitter:creator\" content=\"@eldiario_net\" \/>\n<meta name=\"twitter:site\" content=\"@eldiario_net\" \/>\n<meta name=\"twitter:label1\" content=\"Escrito por\" \/>\n\t<meta name=\"twitter:data1\" content=\"Jeanette\" \/>\n\t<meta name=\"twitter:label2\" content=\"Tiempo de lectura\" \/>\n\t<meta name=\"twitter:data2\" content=\"3 minutos\" \/>\n<script type=\"application\/ld+json\" class=\"yoast-schema-graph\">{\"@context\":\"https:\\\/\\\/schema.org\",\"@graph\":[{\"@type\":\"Article\",\"@id\":\"https:\\\/\\\/www.eldiario.net\\\/portal\\\/2024\\\/12\\\/12\\\/realizan-taller-virtual-de-orientacion-vocacional-para-bachilleres-del-pais\\\/#article\",\"isPartOf\":{\"@id\":\"https:\\\/\\\/www.eldiario.net\\\/portal\\\/2024\\\/12\\\/12\\\/realizan-taller-virtual-de-orientacion-vocacional-para-bachilleres-del-pais\\\/\"},\"author\":{\"name\":\"Jeanette\",\"@id\":\"https:\\\/\\\/www.eldiario.net\\\/portal\\\/#\\\/schema\\\/person\\\/f46445640444750d7d753ccd04ae01b7\"},\"headline\":\"Realizan taller virtual de orientaci\u00f3n vocacional para bachilleres del pa\u00eds\",\"datePublished\":\"2024-12-12T09:40:01+00:00\",\"mainEntityOfPage\":{\"@id\":\"https:\\\/\\\/www.eldiario.net\\\/portal\\\/2024\\\/12\\\/12\\\/realizan-taller-virtual-de-orientacion-vocacional-para-bachilleres-del-pais\\\/\"},\"wordCount\":494,\"publisher\":{\"@id\":\"https:\\\/\\\/www.eldiario.net\\\/portal\\\/#organization\"},\"image\":{\"@id\":\"https:\\\/\\\/www.eldiario.net\\\/portal\\\/2024\\\/12\\\/12\\\/realizan-taller-virtual-de-orientacion-vocacional-para-bachilleres-del-pais\\\/#primaryimage\"},\"thumbnailUrl\":\"https:\\\/\\\/www.eldiario.net\\\/portal\\\/wp-content\\\/uploads\\\/2024\\\/12\\\/ORI-FOTO.png\",\"articleSection\":[\"Nacional\"],\"inLanguage\":\"es\"},{\"@type\":\"WebPage\",\"@id\":\"https:\\\/\\\/www.eldiario.net\\\/portal\\\/2024\\\/12\\\/12\\\/realizan-taller-virtual-de-orientacion-vocacional-para-bachilleres-del-pais\\\/\",\"url\":\"https:\\\/\\\/www.eldiario.net\\\/portal\\\/2024\\\/12\\\/12\\\/realizan-taller-virtual-de-orientacion-vocacional-para-bachilleres-del-pais\\\/\",\"name\":\"Realizan taller virtual de orientaci\u00f3n vocacional para bachilleres del pa\u00eds - El Diario - Bolivia\",\"isPartOf\":{\"@id\":\"https:\\\/\\\/www.eldiario.net\\\/portal\\\/#website\"},\"primaryImageOfPage\":{\"@id\":\"https:\\\/\\\/www.eldiario.net\\\/portal\\\/2024\\\/12\\\/12\\\/realizan-taller-virtual-de-orientacion-vocacional-para-bachilleres-del-pais\\\/#primaryimage\"},\"image\":{\"@id\":\"https:\\\/\\\/www.eldiario.net\\\/portal\\\/2024\\\/12\\\/12\\\/realizan-taller-virtual-de-orientacion-vocacional-para-bachilleres-del-pais\\\/#primaryimage\"},\"thumbnailUrl\":\"https:\\\/\\\/www.eldiario.net\\\/portal\\\/wp-content\\\/uploads\\\/2024\\\/12\\\/ORI-FOTO.png\",\"datePublished\":\"2024-12-12T09:40:01+00:00\",\"breadcrumb\":{\"@id\":\"https:\\\/\\\/www.eldiario.net\\\/portal\\\/2024\\\/12\\\/12\\\/realizan-taller-virtual-de-orientacion-vocacional-para-bachilleres-del-pais\\\/#breadcrumb\"},\"inLanguage\":\"es\",\"potentialAction\":[{\"@type\":\"ReadAction\",\"target\":[\"https:\\\/\\\/www.eldiario.net\\\/portal\\\/2024\\\/12\\\/12\\\/realizan-taller-virtual-de-orientacion-vocacional-para-bachilleres-del-pais\\\/\"]}]},{\"@type\":\"ImageObject\",\"inLanguage\":\"es\",\"@id\":\"https:\\\/\\\/www.eldiario.net\\\/portal\\\/2024\\\/12\\\/12\\\/realizan-taller-virtual-de-orientacion-vocacional-para-bachilleres-del-pais\\\/#primaryimage\",\"url\":\"https:\\\/\\\/www.eldiario.net\\\/portal\\\/wp-content\\\/uploads\\\/2024\\\/12\\\/ORI-FOTO.png\",\"contentUrl\":\"https:\\\/\\\/www.eldiario.net\\\/portal\\\/wp-content\\\/uploads\\\/2024\\\/12\\\/ORI-FOTO.png\",\"width\":345,\"height\":194,\"caption\":\"Ayudar\u00e1n a elegir la carrera m\u00e1s adecuada para el bachiller. Cr\u00e9dito: RRSS\"},{\"@type\":\"BreadcrumbList\",\"@id\":\"https:\\\/\\\/www.eldiario.net\\\/portal\\\/2024\\\/12\\\/12\\\/realizan-taller-virtual-de-orientacion-vocacional-para-bachilleres-del-pais\\\/#breadcrumb\",\"itemListElement\":[{\"@type\":\"ListItem\",\"position\":1,\"name\":\"Portada\",\"item\":\"https:\\\/\\\/www.eldiario.net\\\/portal\\\/\"},{\"@type\":\"ListItem\",\"position\":2,\"name\":\"Realizan taller virtual de orientaci\u00f3n vocacional para bachilleres del pa\u00eds\"}]},{\"@type\":\"WebSite\",\"@id\":\"https:\\\/\\\/www.eldiario.net\\\/portal\\\/#website\",\"url\":\"https:\\\/\\\/www.eldiario.net\\\/portal\\\/\",\"name\":\"El Diario - Decano de la prensa nacional\",\"description\":\"El Diario - Decano de la prensa nacional\",\"publisher\":{\"@id\":\"https:\\\/\\\/www.eldiario.net\\\/portal\\\/#organization\"},\"potentialAction\":[{\"@type\":\"SearchAction\",\"target\":{\"@type\":\"EntryPoint\",\"urlTemplate\":\"https:\\\/\\\/www.eldiario.net\\\/portal\\\/?s={search_term_string}\"},\"query-input\":{\"@type\":\"PropertyValueSpecification\",\"valueRequired\":true,\"valueName\":\"search_term_string\"}}],\"inLanguage\":\"es\"},{\"@type\":\"Organization\",\"@id\":\"https:\\\/\\\/www.eldiario.net\\\/portal\\\/#organization\",\"name\":\"El Diario - Decano de la prensa nacional\",\"url\":\"https:\\\/\\\/www.eldiario.net\\\/portal\\\/\",\"logo\":{\"@type\":\"ImageObject\",\"inLanguage\":\"es\",\"@id\":\"https:\\\/\\\/www.eldiario.net\\\/portal\\\/#\\\/schema\\\/logo\\\/image\\\/\",\"url\":\"https:\\\/\\\/www.eldiario.net\\\/portal\\\/wp-content\\\/uploads\\\/2023\\\/07\\\/logo_ED.jpg\",\"contentUrl\":\"https:\\\/\\\/www.eldiario.net\\\/portal\\\/wp-content\\\/uploads\\\/2023\\\/07\\\/logo_ED.jpg\",\"width\":272,\"height\":52,\"caption\":\"El Diario - Decano de la prensa nacional\"},\"image\":{\"@id\":\"https:\\\/\\\/www.eldiario.net\\\/portal\\\/#\\\/schema\\\/logo\\\/image\\\/\"},\"sameAs\":[\"https:\\\/\\\/www.facebook.com\\\/eldiario.bolivia\\\/\",\"https:\\\/\\\/x.com\\\/eldiario_net\"]},{\"@type\":\"Person\",\"@id\":\"https:\\\/\\\/www.eldiario.net\\\/portal\\\/#\\\/schema\\\/person\\\/f46445640444750d7d753ccd04ae01b7\",\"name\":\"Jeanette\",\"image\":{\"@type\":\"ImageObject\",\"inLanguage\":\"es\",\"@id\":\"https:\\\/\\\/secure.gravatar.com\\\/avatar\\\/3ea2118a5f7dad2b7138b1187a6b7ee55f160b9968b66013c3a3ef39dd7e5798?s=96&d=mm&r=g\",\"url\":\"https:\\\/\\\/secure.gravatar.com\\\/avatar\\\/3ea2118a5f7dad2b7138b1187a6b7ee55f160b9968b66013c3a3ef39dd7e5798?s=96&d=mm&r=g\",\"contentUrl\":\"https:\\\/\\\/secure.gravatar.com\\\/avatar\\\/3ea2118a5f7dad2b7138b1187a6b7ee55f160b9968b66013c3a3ef39dd7e5798?s=96&d=mm&r=g\",\"caption\":\"Jeanette\"},\"sameAs\":[\"https:\\\/\\\/www.eldiario.net\\\/portal\"],\"url\":\"https:\\\/\\\/www.eldiario.net\\\/portal\\\/author\\\/jeanette\\\/\"}]}<\/script>\n<!-- \/ Yoast SEO plugin. -->","yoast_head_json":{"title":"Realizan taller virtual de orientaci\u00f3n vocacional para bachilleres del pa\u00eds - El Diario - Bolivia","robots":{"index":"index","follow":"follow","max-snippet":"max-snippet:-1","max-image-preview":"max-image-preview:large","max-video-preview":"max-video-preview:-1"},"canonical":"https:\/\/www.eldiario.net\/portal\/2024\/12\/12\/realizan-taller-virtual-de-orientacion-vocacional-para-bachilleres-del-pais\/","og_locale":"es_ES","og_type":"article","og_title":"Realizan taller virtual de orientaci\u00f3n vocacional para bachilleres del pa\u00eds - El Diario - Bolivia","og_description":"La docente de postgrado y mentora, Claudia Herbas y la Consultora de capacitaciones y comunicaci\u00f3n ACHcom realizar\u00e1n un taller virtual de orientaci\u00f3n vocacional dirigido a\u00a0 estudiantes de secundaria de Bolivia, con el objetivo de ayudarles a tomar decisiones informadas y acertadas sobre su futuro profesional. Este evento est\u00e1 dise\u00f1ado para brindarles las herramientas necesarias para [&hellip;]","og_url":"https:\/\/www.eldiario.net\/portal\/2024\/12\/12\/realizan-taller-virtual-de-orientacion-vocacional-para-bachilleres-del-pais\/","og_site_name":"El Diario - Bolivia","article_publisher":"https:\/\/www.facebook.com\/eldiario.bolivia\/","article_published_time":"2024-12-12T09:40:01+00:00","og_image":[{"width":345,"height":194,"url":"https:\/\/www.eldiario.net\/portal\/wp-content\/uploads\/2024\/12\/ORI-FOTO.png","type":"image\/png"}],"author":"Jeanette","twitter_card":"summary_large_image","twitter_creator":"@eldiario_net","twitter_site":"@eldiario_net","twitter_misc":{"Escrito por":"Jeanette","Tiempo de lectura":"3 minutos"},"schema":{"@context":"https:\/\/schema.org","@graph":[{"@type":"Article","@id":"https:\/\/www.eldiario.net\/portal\/2024\/12\/12\/realizan-taller-virtual-de-orientacion-vocacional-para-bachilleres-del-pais\/#article","isPartOf":{"@id":"https:\/\/www.eldiario.net\/portal\/2024\/12\/12\/realizan-taller-virtual-de-orientacion-vocacional-para-bachilleres-del-pais\/"},"author":{"name":"Jeanette","@id":"https:\/\/www.eldiario.net\/portal\/#\/schema\/person\/f46445640444750d7d753ccd04ae01b7"},"headline":"Realizan taller virtual de orientaci\u00f3n vocacional para bachilleres del pa\u00eds","datePublished":"2024-12-12T09:40:01+00:00","mainEntityOfPage":{"@id":"https:\/\/www.eldiario.net\/portal\/2024\/12\/12\/realizan-taller-virtual-de-orientacion-vocacional-para-bachilleres-del-pais\/"},"wordCount":494,"publisher":{"@id":"https:\/\/www.eldiario.net\/portal\/#organization"},"image":{"@id":"https:\/\/www.eldiario.net\/portal\/2024\/12\/12\/realizan-taller-virtual-de-orientacion-vocacional-para-bachilleres-del-pais\/#primaryimage"},"thumbnailUrl":"https:\/\/www.eldiario.net\/portal\/wp-content\/uploads\/2024\/12\/ORI-FOTO.png","articleSection":["Nacional"],"inLanguage":"es"},{"@type":"WebPage","@id":"https:\/\/www.eldiario.net\/portal\/2024\/12\/12\/realizan-taller-virtual-de-orientacion-vocacional-para-bachilleres-del-pais\/","url":"https:\/\/www.eldiario.net\/portal\/2024\/12\/12\/realizan-taller-virtual-de-orientacion-vocacional-para-bachilleres-del-pais\/","name":"Realizan taller virtual de orientaci\u00f3n vocacional para bachilleres del pa\u00eds - El Diario - Bolivia","isPartOf":{"@id":"https:\/\/www.eldiario.net\/portal\/#website"},"primaryImageOfPage":{"@id":"https:\/\/www.eldiario.net\/portal\/2024\/12\/12\/realizan-taller-virtual-de-orientacion-vocacional-para-bachilleres-del-pais\/#primaryimage"},"image":{"@id":"https:\/\/www.eldiario.net\/portal\/2024\/12\/12\/realizan-taller-virtual-de-orientacion-vocacional-para-bachilleres-del-pais\/#primaryimage"},"thumbnailUrl":"https:\/\/www.eldiario.net\/portal\/wp-content\/uploads\/2024\/12\/ORI-FOTO.png","datePublished":"2024-12-12T09:40:01+00:00","breadcrumb":{"@id":"https:\/\/www.eldiario.net\/portal\/2024\/12\/12\/realizan-taller-virtual-de-orientacion-vocacional-para-bachilleres-del-pais\/#breadcrumb"},"inLanguage":"es","potentialAction":[{"@type":"ReadAction","target":["https:\/\/www.eldiario.net\/portal\/2024\/12\/12\/realizan-taller-virtual-de-orientacion-vocacional-para-bachilleres-del-pais\/"]}]},{"@type":"ImageObject","inLanguage":"es","@id":"https:\/\/www.eldiario.net\/portal\/2024\/12\/12\/realizan-taller-virtual-de-orientacion-vocacional-para-bachilleres-del-pais\/#primaryimage","url":"https:\/\/www.eldiario.net\/portal\/wp-content\/uploads\/2024\/12\/ORI-FOTO.png","contentUrl":"https:\/\/www.eldiario.net\/portal\/wp-content\/uploads\/2024\/12\/ORI-FOTO.png","width":345,"height":194,"caption":"Ayudar\u00e1n a elegir la carrera m\u00e1s adecuada para el bachiller. Cr\u00e9dito: RRSS"},{"@type":"BreadcrumbList","@id":"https:\/\/www.eldiario.net\/portal\/2024\/12\/12\/realizan-taller-virtual-de-orientacion-vocacional-para-bachilleres-del-pais\/#breadcrumb","itemListElement":[{"@type":"ListItem","position":1,"name":"Portada","item":"https:\/\/www.eldiario.net\/portal\/"},{"@type":"ListItem","position":2,"name":"Realizan taller virtual de orientaci\u00f3n vocacional para bachilleres del pa\u00eds"}]},{"@type":"WebSite","@id":"https:\/\/www.eldiario.net\/portal\/#website","url":"https:\/\/www.eldiario.net\/portal\/","name":"El Diario - Decano de la prensa nacional","description":"El Diario - Decano de la prensa nacional","publisher":{"@id":"https:\/\/www.eldiario.net\/portal\/#organization"},"potentialAction":[{"@type":"SearchAction","target":{"@type":"EntryPoint","urlTemplate":"https:\/\/www.eldiario.net\/portal\/?s={search_term_string}"},"query-input":{"@type":"PropertyValueSpecification","valueRequired":true,"valueName":"search_term_string"}}],"inLanguage":"es"},{"@type":"Organization","@id":"https:\/\/www.eldiario.net\/portal\/#organization","name":"El Diario - Decano de la prensa nacional","url":"https:\/\/www.eldiario.net\/portal\/","logo":{"@type":"ImageObject","inLanguage":"es","@id":"https:\/\/www.eldiario.net\/portal\/#\/schema\/logo\/image\/","url":"https:\/\/www.eldiario.net\/portal\/wp-content\/uploads\/2023\/07\/logo_ED.jpg","contentUrl":"https:\/\/www.eldiario.net\/portal\/wp-content\/uploads\/2023\/07\/logo_ED.jpg","width":272,"height":52,"caption":"El Diario - Decano de la prensa nacional"},"image":{"@id":"https:\/\/www.eldiario.net\/portal\/#\/schema\/logo\/image\/"},"sameAs":["https:\/\/www.facebook.com\/eldiario.bolivia\/","https:\/\/x.com\/eldiario_net"]},{"@type":"Person","@id":"https:\/\/www.eldiario.net\/portal\/#\/schema\/person\/f46445640444750d7d753ccd04ae01b7","name":"Jeanette","image":{"@type":"ImageObject","inLanguage":"es","@id":"https:\/\/secure.gravatar.com\/avatar\/3ea2118a5f7dad2b7138b1187a6b7ee55f160b9968b66013c3a3ef39dd7e5798?s=96&d=mm&r=g","url":"https:\/\/secure.gravatar.com\/avatar\/3ea2118a5f7dad2b7138b1187a6b7ee55f160b9968b66013c3a3ef39dd7e5798?s=96&d=mm&r=g","contentUrl":"https:\/\/secure.gravatar.com\/avatar\/3ea2118a5f7dad2b7138b1187a6b7ee55f160b9968b66013c3a3ef39dd7e5798?s=96&d=mm&r=g","caption":"Jeanette"},"sameAs":["https:\/\/www.eldiario.net\/portal"],"url":"https:\/\/www.eldiario.net\/portal\/author\/jeanette\/"}]}},"_links":{"self":[{"href":"https:\/\/www.eldiario.net\/portal\/wp-json\/wp\/v2\/posts\/267385","targetHints":{"allow":["GET"]}}],"collection":[{"href":"https:\/\/www.eldiario.net\/portal\/wp-json\/wp\/v2\/posts"}],"about":[{"href":"https:\/\/www.eldiario.net\/portal\/wp-json\/wp\/v2\/types\/post"}],"author":[{"embeddable":true,"href":"https:\/\/www.eldiario.net\/portal\/wp-json\/wp\/v2\/users\/1"}],"replies":[{"embeddable":true,"href":"https:\/\/www.eldiario.net\/portal\/wp-json\/wp\/v2\/comments?post=267385"}],"version-history":[{"count":1,"href":"https:\/\/www.eldiario.net\/portal\/wp-json\/wp\/v2\/posts\/267385\/revisions"}],"predecessor-version":[{"id":267387,"href":"https:\/\/www.eldiario.net\/portal\/wp-json\/wp\/v2\/posts\/267385\/revisions\/267387"}],"wp:featuredmedia":[{"embeddable":true,"href":"https:\/\/www.eldiario.net\/portal\/wp-json\/wp\/v2\/media\/267386"}],"wp:attachment":[{"href":"https:\/\/www.eldiario.net\/portal\/wp-json\/wp\/v2\/media?parent=267385"}],"wp:term":[{"taxonomy":"category","embeddable":true,"href":"https:\/\/www.eldiario.net\/portal\/wp-json\/wp\/v2\/categories?post=267385"},{"taxonomy":"post_tag","embeddable":true,"href":"https:\/\/www.eldiario.net\/portal\/wp-json\/wp\/v2\/tags?post=267385"}],"curies":[{"name":"wp","href":"https:\/\/api.w.org\/{rel}","templated":true}]}}