{"id":26738,"date":"2021-08-30T05:49:36","date_gmt":"2021-08-30T09:49:36","guid":{"rendered":"https:\/\/www.eldiario.net\/portal\/?p=26738"},"modified":"2021-08-30T05:49:36","modified_gmt":"2021-08-30T09:49:36","slug":"colombia-denuncia-violacion-fronteriza-por-parte-de-venezuela","status":"publish","type":"post","link":"https:\/\/www.eldiario.net\/portal\/2021\/08\/30\/colombia-denuncia-violacion-fronteriza-por-parte-de-venezuela\/","title":{"rendered":"Colombia denuncia violaci\u00f3n  fronteriza por parte de Venezuela"},"content":{"rendered":"<p>Bogot\u00e1.- Colombia denunci\u00f3 ayer una violaci\u00f3n fronteriza por parte de militares venezolanos que abordaron una embarcaci\u00f3n que permanec\u00eda en su ribera frente a un r\u00edo lim\u00edtrofe, en una acci\u00f3n calificada por el presidente Iv\u00e1n Duque como una provocaci\u00f3n por parte del gobierno de Nicol\u00e1s Maduro.<br \/>\nLos hechos se registraron el pasado 24 de agosto sobre el R\u00edo Negro, que delimita el departamento de Guain\u00eda en Colombia con el estado de Amazonas, Venezuela.<br \/>\n\u00abDos militares venezolanos armados ocuparon de manera arbitraria una embarcaci\u00f3n colombiana civil de nombre El Guainiano, con ciudadanos colombianos a bordo y que se encontraba amarrada a la ribera colombiana del R\u00edo Negro\u00bb, dijo un comunicado del Ministerio de Relaciones Exteriores.<br \/>\nLa canciller\u00eda asegur\u00f3 que la oportuna intervenci\u00f3n de la Armada de Colombia evit\u00f3 que se cometieran atropellos contra los ciudadanos nacionales y la p\u00e9rdida de la embarcaci\u00f3n, adem\u00e1s de las mercanc\u00edas, como ha ocurrido en anteriores ocasiones.<br \/>\nEl gobierno colombiano asegur\u00f3 que hubo una violaci\u00f3n del derecho a la libre navegaci\u00f3n y a tratados bilaterales, adem\u00e1s de abuso contra las personas que se movilizaban por el r\u00edo.<br \/>\n\u00abNosotros estamos expuestos y hemos estado expuestos constantemente a provocaciones de la dictadura en Venezuela, por eso se ha obrado siempre con profesionalismo no solamente para proteger a nuestros ciudadanos sino tambi\u00e9n para proteger nuestra soberan\u00eda\u00bb, dijo el presidente de Colombia, Iv\u00e1n Duque, en declaraciones a periodistas.<br \/>\n\u00abSiempre con la precauci\u00f3n de no caer en las provocaciones porque sabemos muchas veces que el inter\u00e9s que hay detr\u00e1s de ellos es generar incidentes b\u00e9licos. Seguiremos defendiendo a nuestros ciudadanos, a nuestras embarcaciones, y a nuestras fronteras y obviamente siempre llevaremos estos incidentes a las instancias internacionales que correspondan\u00bb, agreg\u00f3. (Reuters)<\/p>\n","protected":false},"excerpt":{"rendered":"<p>Bogot\u00e1.- Colombia denunci\u00f3 ayer una violaci\u00f3n fronteriza por parte de militares venezolanos que abordaron una embarcaci\u00f3n que permanec\u00eda en su ribera frente a un r\u00edo lim\u00edtrofe, en una acci\u00f3n calificada por el presidente Iv\u00e1n Duque como una provocaci\u00f3n por parte del gobierno de Nicol\u00e1s Maduro. Los hechos se registraron el pasado 24 de agosto sobre [&hellip;]<\/p>\n","protected":false},"author":1,"featured_media":26739,"comment_status":"closed","ping_status":"closed","sticky":false,"template":"","format":"standard","meta":{"_acf_changed":false,"footnotes":""},"categories":[3],"tags":[],"class_list":["post-26738","post","type-post","status-publish","format-standard","has-post-thumbnail","category-internacional"],"acf":{"antetitulo":""},"yoast_head":"<!-- This site is optimized with the Yoast SEO plugin v28.4 - https:\/\/yoast.com\/product\/yoast-seo-wordpress\/ -->\n<title>Colombia denuncia violaci\u00f3n fronteriza por parte de Venezuela - El Diario - Bolivia<\/title>\n<meta name=\"robots\" content=\"index, follow, max-snippet:-1, max-image-preview:large, max-video-preview:-1\" \/>\n<link rel=\"canonical\" href=\"https:\/\/www.eldiario.net\/portal\/2021\/08\/30\/colombia-denuncia-violacion-fronteriza-por-parte-de-venezuela\/\" \/>\n<meta property=\"og:locale\" content=\"es_ES\" \/>\n<meta property=\"og:type\" content=\"article\" \/>\n<meta property=\"og:title\" content=\"Colombia denuncia violaci\u00f3n fronteriza por parte de Venezuela - El Diario - Bolivia\" \/>\n<meta property=\"og:description\" content=\"Bogot\u00e1.- Colombia denunci\u00f3 ayer una violaci\u00f3n fronteriza por parte de militares venezolanos que abordaron una embarcaci\u00f3n que permanec\u00eda en su ribera frente a un r\u00edo lim\u00edtrofe, en una acci\u00f3n calificada por el presidente Iv\u00e1n Duque como una provocaci\u00f3n por parte del gobierno de Nicol\u00e1s Maduro. Los hechos se registraron el pasado 24 de agosto sobre [&hellip;]\" \/>\n<meta property=\"og:url\" content=\"https:\/\/www.eldiario.net\/portal\/2021\/08\/30\/colombia-denuncia-violacion-fronteriza-por-parte-de-venezuela\/\" \/>\n<meta property=\"og:site_name\" content=\"El Diario - Bolivia\" \/>\n<meta property=\"article:publisher\" content=\"https:\/\/www.facebook.com\/eldiario.bolivia\/\" \/>\n<meta property=\"article:published_time\" content=\"2021-08-30T09:49:36+00:00\" \/>\n<meta name=\"author\" content=\"Jeanette\" \/>\n<meta name=\"twitter:card\" content=\"summary_large_image\" \/>\n<meta name=\"twitter:creator\" content=\"@eldiario_net\" \/>\n<meta name=\"twitter:site\" content=\"@eldiario_net\" \/>\n<meta name=\"twitter:label1\" content=\"Escrito por\" \/>\n\t<meta name=\"twitter:data1\" content=\"Jeanette\" \/>\n\t<meta name=\"twitter:label2\" content=\"Tiempo de lectura\" \/>\n\t<meta name=\"twitter:data2\" content=\"2 minutos\" \/>\n<script type=\"application\/ld+json\" class=\"yoast-schema-graph\">{\"@context\":\"https:\\\/\\\/schema.org\",\"@graph\":[{\"@type\":\"Article\",\"@id\":\"https:\\\/\\\/www.eldiario.net\\\/portal\\\/2021\\\/08\\\/30\\\/colombia-denuncia-violacion-fronteriza-por-parte-de-venezuela\\\/#article\",\"isPartOf\":{\"@id\":\"https:\\\/\\\/www.eldiario.net\\\/portal\\\/2021\\\/08\\\/30\\\/colombia-denuncia-violacion-fronteriza-por-parte-de-venezuela\\\/\"},\"author\":{\"name\":\"Jeanette\",\"@id\":\"https:\\\/\\\/www.eldiario.net\\\/portal\\\/#\\\/schema\\\/person\\\/2c57cf2b7a7ae032e449e4c9b1019eac\"},\"headline\":\"Colombia denuncia violaci\u00f3n fronteriza por parte de Venezuela\",\"datePublished\":\"2021-08-30T09:49:36+00:00\",\"mainEntityOfPage\":{\"@id\":\"https:\\\/\\\/www.eldiario.net\\\/portal\\\/2021\\\/08\\\/30\\\/colombia-denuncia-violacion-fronteriza-por-parte-de-venezuela\\\/\"},\"wordCount\":318,\"publisher\":{\"@id\":\"https:\\\/\\\/www.eldiario.net\\\/portal\\\/#organization\"},\"image\":{\"@id\":\"https:\\\/\\\/www.eldiario.net\\\/portal\\\/2021\\\/08\\\/30\\\/colombia-denuncia-violacion-fronteriza-por-parte-de-venezuela\\\/#primaryimage\"},\"thumbnailUrl\":\"\",\"articleSection\":[\"Internacional\"],\"inLanguage\":\"es\"},{\"@type\":\"WebPage\",\"@id\":\"https:\\\/\\\/www.eldiario.net\\\/portal\\\/2021\\\/08\\\/30\\\/colombia-denuncia-violacion-fronteriza-por-parte-de-venezuela\\\/\",\"url\":\"https:\\\/\\\/www.eldiario.net\\\/portal\\\/2021\\\/08\\\/30\\\/colombia-denuncia-violacion-fronteriza-por-parte-de-venezuela\\\/\",\"name\":\"Colombia denuncia violaci\u00f3n fronteriza por parte de Venezuela - El Diario - Bolivia\",\"isPartOf\":{\"@id\":\"https:\\\/\\\/www.eldiario.net\\\/portal\\\/#website\"},\"primaryImageOfPage\":{\"@id\":\"https:\\\/\\\/www.eldiario.net\\\/portal\\\/2021\\\/08\\\/30\\\/colombia-denuncia-violacion-fronteriza-por-parte-de-venezuela\\\/#primaryimage\"},\"image\":{\"@id\":\"https:\\\/\\\/www.eldiario.net\\\/portal\\\/2021\\\/08\\\/30\\\/colombia-denuncia-violacion-fronteriza-por-parte-de-venezuela\\\/#primaryimage\"},\"thumbnailUrl\":\"\",\"datePublished\":\"2021-08-30T09:49:36+00:00\",\"breadcrumb\":{\"@id\":\"https:\\\/\\\/www.eldiario.net\\\/portal\\\/2021\\\/08\\\/30\\\/colombia-denuncia-violacion-fronteriza-por-parte-de-venezuela\\\/#breadcrumb\"},\"inLanguage\":\"es\",\"potentialAction\":[{\"@type\":\"ReadAction\",\"target\":[\"https:\\\/\\\/www.eldiario.net\\\/portal\\\/2021\\\/08\\\/30\\\/colombia-denuncia-violacion-fronteriza-por-parte-de-venezuela\\\/\"]}]},{\"@type\":\"ImageObject\",\"inLanguage\":\"es\",\"@id\":\"https:\\\/\\\/www.eldiario.net\\\/portal\\\/2021\\\/08\\\/30\\\/colombia-denuncia-violacion-fronteriza-por-parte-de-venezuela\\\/#primaryimage\",\"url\":\"\",\"contentUrl\":\"\"},{\"@type\":\"BreadcrumbList\",\"@id\":\"https:\\\/\\\/www.eldiario.net\\\/portal\\\/2021\\\/08\\\/30\\\/colombia-denuncia-violacion-fronteriza-por-parte-de-venezuela\\\/#breadcrumb\",\"itemListElement\":[{\"@type\":\"ListItem\",\"position\":1,\"name\":\"Portada\",\"item\":\"https:\\\/\\\/www.eldiario.net\\\/portal\\\/\"},{\"@type\":\"ListItem\",\"position\":2,\"name\":\"Colombia denuncia violaci\u00f3n fronteriza por parte de Venezuela\"}]},{\"@type\":\"WebSite\",\"@id\":\"https:\\\/\\\/www.eldiario.net\\\/portal\\\/#website\",\"url\":\"https:\\\/\\\/www.eldiario.net\\\/portal\\\/\",\"name\":\"El Diario - Decano de la prensa nacional\",\"description\":\"El Diario - Decano de la prensa nacional\",\"publisher\":{\"@id\":\"https:\\\/\\\/www.eldiario.net\\\/portal\\\/#organization\"},\"potentialAction\":[{\"@type\":\"SearchAction\",\"target\":{\"@type\":\"EntryPoint\",\"urlTemplate\":\"https:\\\/\\\/www.eldiario.net\\\/portal\\\/?s={search_term_string}\"},\"query-input\":{\"@type\":\"PropertyValueSpecification\",\"valueRequired\":true,\"valueName\":\"search_term_string\"}}],\"inLanguage\":\"es\"},{\"@type\":\"Organization\",\"@id\":\"https:\\\/\\\/www.eldiario.net\\\/portal\\\/#organization\",\"name\":\"El Diario - Decano de la prensa nacional\",\"url\":\"https:\\\/\\\/www.eldiario.net\\\/portal\\\/\",\"logo\":{\"@type\":\"ImageObject\",\"inLanguage\":\"es\",\"@id\":\"https:\\\/\\\/www.eldiario.net\\\/portal\\\/#\\\/schema\\\/logo\\\/image\\\/\",\"url\":\"https:\\\/\\\/www.eldiario.net\\\/portal\\\/wp-content\\\/uploads\\\/2023\\\/07\\\/logo_ED.jpg\",\"contentUrl\":\"https:\\\/\\\/www.eldiario.net\\\/portal\\\/wp-content\\\/uploads\\\/2023\\\/07\\\/logo_ED.jpg\",\"width\":272,\"height\":52,\"caption\":\"El Diario - Decano de la prensa nacional\"},\"image\":{\"@id\":\"https:\\\/\\\/www.eldiario.net\\\/portal\\\/#\\\/schema\\\/logo\\\/image\\\/\"},\"sameAs\":[\"https:\\\/\\\/www.facebook.com\\\/eldiario.bolivia\\\/\",\"https:\\\/\\\/x.com\\\/eldiario_net\"]},{\"@type\":\"Person\",\"@id\":\"https:\\\/\\\/www.eldiario.net\\\/portal\\\/#\\\/schema\\\/person\\\/2c57cf2b7a7ae032e449e4c9b1019eac\",\"name\":\"Jeanette\",\"image\":{\"@type\":\"ImageObject\",\"inLanguage\":\"es\",\"@id\":\"https:\\\/\\\/secure.gravatar.com\\\/avatar\\\/3ea2118a5f7dad2b7138b1187a6b7ee55f160b9968b66013c3a3ef39dd7e5798?s=96&d=mm&r=g\",\"url\":\"https:\\\/\\\/secure.gravatar.com\\\/avatar\\\/3ea2118a5f7dad2b7138b1187a6b7ee55f160b9968b66013c3a3ef39dd7e5798?s=96&d=mm&r=g\",\"contentUrl\":\"https:\\\/\\\/secure.gravatar.com\\\/avatar\\\/3ea2118a5f7dad2b7138b1187a6b7ee55f160b9968b66013c3a3ef39dd7e5798?s=96&d=mm&r=g\",\"caption\":\"Jeanette\"},\"sameAs\":[\"https:\\\/\\\/www.eldiario.net\\\/portal\"],\"url\":\"https:\\\/\\\/www.eldiario.net\\\/portal\\\/author\\\/jeanette\\\/\"}]}<\/script>\n<!-- \/ Yoast SEO plugin. -->","yoast_head_json":{"title":"Colombia denuncia violaci\u00f3n fronteriza por parte de Venezuela - El Diario - Bolivia","robots":{"index":"index","follow":"follow","max-snippet":"max-snippet:-1","max-image-preview":"max-image-preview:large","max-video-preview":"max-video-preview:-1"},"canonical":"https:\/\/www.eldiario.net\/portal\/2021\/08\/30\/colombia-denuncia-violacion-fronteriza-por-parte-de-venezuela\/","og_locale":"es_ES","og_type":"article","og_title":"Colombia denuncia violaci\u00f3n fronteriza por parte de Venezuela - El Diario - Bolivia","og_description":"Bogot\u00e1.- Colombia denunci\u00f3 ayer una violaci\u00f3n fronteriza por parte de militares venezolanos que abordaron una embarcaci\u00f3n que permanec\u00eda en su ribera frente a un r\u00edo lim\u00edtrofe, en una acci\u00f3n calificada por el presidente Iv\u00e1n Duque como una provocaci\u00f3n por parte del gobierno de Nicol\u00e1s Maduro. Los hechos se registraron el pasado 24 de agosto sobre [&hellip;]","og_url":"https:\/\/www.eldiario.net\/portal\/2021\/08\/30\/colombia-denuncia-violacion-fronteriza-por-parte-de-venezuela\/","og_site_name":"El Diario - Bolivia","article_publisher":"https:\/\/www.facebook.com\/eldiario.bolivia\/","article_published_time":"2021-08-30T09:49:36+00:00","author":"Jeanette","twitter_card":"summary_large_image","twitter_creator":"@eldiario_net","twitter_site":"@eldiario_net","twitter_misc":{"Escrito por":"Jeanette","Tiempo de lectura":"2 minutos"},"schema":{"@context":"https:\/\/schema.org","@graph":[{"@type":"Article","@id":"https:\/\/www.eldiario.net\/portal\/2021\/08\/30\/colombia-denuncia-violacion-fronteriza-por-parte-de-venezuela\/#article","isPartOf":{"@id":"https:\/\/www.eldiario.net\/portal\/2021\/08\/30\/colombia-denuncia-violacion-fronteriza-por-parte-de-venezuela\/"},"author":{"name":"Jeanette","@id":"https:\/\/www.eldiario.net\/portal\/#\/schema\/person\/2c57cf2b7a7ae032e449e4c9b1019eac"},"headline":"Colombia denuncia violaci\u00f3n fronteriza por parte de Venezuela","datePublished":"2021-08-30T09:49:36+00:00","mainEntityOfPage":{"@id":"https:\/\/www.eldiario.net\/portal\/2021\/08\/30\/colombia-denuncia-violacion-fronteriza-por-parte-de-venezuela\/"},"wordCount":318,"publisher":{"@id":"https:\/\/www.eldiario.net\/portal\/#organization"},"image":{"@id":"https:\/\/www.eldiario.net\/portal\/2021\/08\/30\/colombia-denuncia-violacion-fronteriza-por-parte-de-venezuela\/#primaryimage"},"thumbnailUrl":"","articleSection":["Internacional"],"inLanguage":"es"},{"@type":"WebPage","@id":"https:\/\/www.eldiario.net\/portal\/2021\/08\/30\/colombia-denuncia-violacion-fronteriza-por-parte-de-venezuela\/","url":"https:\/\/www.eldiario.net\/portal\/2021\/08\/30\/colombia-denuncia-violacion-fronteriza-por-parte-de-venezuela\/","name":"Colombia denuncia violaci\u00f3n fronteriza por parte de Venezuela - El Diario - Bolivia","isPartOf":{"@id":"https:\/\/www.eldiario.net\/portal\/#website"},"primaryImageOfPage":{"@id":"https:\/\/www.eldiario.net\/portal\/2021\/08\/30\/colombia-denuncia-violacion-fronteriza-por-parte-de-venezuela\/#primaryimage"},"image":{"@id":"https:\/\/www.eldiario.net\/portal\/2021\/08\/30\/colombia-denuncia-violacion-fronteriza-por-parte-de-venezuela\/#primaryimage"},"thumbnailUrl":"","datePublished":"2021-08-30T09:49:36+00:00","breadcrumb":{"@id":"https:\/\/www.eldiario.net\/portal\/2021\/08\/30\/colombia-denuncia-violacion-fronteriza-por-parte-de-venezuela\/#breadcrumb"},"inLanguage":"es","potentialAction":[{"@type":"ReadAction","target":["https:\/\/www.eldiario.net\/portal\/2021\/08\/30\/colombia-denuncia-violacion-fronteriza-por-parte-de-venezuela\/"]}]},{"@type":"ImageObject","inLanguage":"es","@id":"https:\/\/www.eldiario.net\/portal\/2021\/08\/30\/colombia-denuncia-violacion-fronteriza-por-parte-de-venezuela\/#primaryimage","url":"","contentUrl":""},{"@type":"BreadcrumbList","@id":"https:\/\/www.eldiario.net\/portal\/2021\/08\/30\/colombia-denuncia-violacion-fronteriza-por-parte-de-venezuela\/#breadcrumb","itemListElement":[{"@type":"ListItem","position":1,"name":"Portada","item":"https:\/\/www.eldiario.net\/portal\/"},{"@type":"ListItem","position":2,"name":"Colombia denuncia violaci\u00f3n fronteriza por parte de Venezuela"}]},{"@type":"WebSite","@id":"https:\/\/www.eldiario.net\/portal\/#website","url":"https:\/\/www.eldiario.net\/portal\/","name":"El Diario - Decano de la prensa nacional","description":"El Diario - Decano de la prensa nacional","publisher":{"@id":"https:\/\/www.eldiario.net\/portal\/#organization"},"potentialAction":[{"@type":"SearchAction","target":{"@type":"EntryPoint","urlTemplate":"https:\/\/www.eldiario.net\/portal\/?s={search_term_string}"},"query-input":{"@type":"PropertyValueSpecification","valueRequired":true,"valueName":"search_term_string"}}],"inLanguage":"es"},{"@type":"Organization","@id":"https:\/\/www.eldiario.net\/portal\/#organization","name":"El Diario - Decano de la prensa nacional","url":"https:\/\/www.eldiario.net\/portal\/","logo":{"@type":"ImageObject","inLanguage":"es","@id":"https:\/\/www.eldiario.net\/portal\/#\/schema\/logo\/image\/","url":"https:\/\/www.eldiario.net\/portal\/wp-content\/uploads\/2023\/07\/logo_ED.jpg","contentUrl":"https:\/\/www.eldiario.net\/portal\/wp-content\/uploads\/2023\/07\/logo_ED.jpg","width":272,"height":52,"caption":"El Diario - Decano de la prensa nacional"},"image":{"@id":"https:\/\/www.eldiario.net\/portal\/#\/schema\/logo\/image\/"},"sameAs":["https:\/\/www.facebook.com\/eldiario.bolivia\/","https:\/\/x.com\/eldiario_net"]},{"@type":"Person","@id":"https:\/\/www.eldiario.net\/portal\/#\/schema\/person\/2c57cf2b7a7ae032e449e4c9b1019eac","name":"Jeanette","image":{"@type":"ImageObject","inLanguage":"es","@id":"https:\/\/secure.gravatar.com\/avatar\/3ea2118a5f7dad2b7138b1187a6b7ee55f160b9968b66013c3a3ef39dd7e5798?s=96&d=mm&r=g","url":"https:\/\/secure.gravatar.com\/avatar\/3ea2118a5f7dad2b7138b1187a6b7ee55f160b9968b66013c3a3ef39dd7e5798?s=96&d=mm&r=g","contentUrl":"https:\/\/secure.gravatar.com\/avatar\/3ea2118a5f7dad2b7138b1187a6b7ee55f160b9968b66013c3a3ef39dd7e5798?s=96&d=mm&r=g","caption":"Jeanette"},"sameAs":["https:\/\/www.eldiario.net\/portal"],"url":"https:\/\/www.eldiario.net\/portal\/author\/jeanette\/"}]}},"_links":{"self":[{"href":"https:\/\/www.eldiario.net\/portal\/wp-json\/wp\/v2\/posts\/26738","targetHints":{"allow":["GET"]}}],"collection":[{"href":"https:\/\/www.eldiario.net\/portal\/wp-json\/wp\/v2\/posts"}],"about":[{"href":"https:\/\/www.eldiario.net\/portal\/wp-json\/wp\/v2\/types\/post"}],"author":[{"embeddable":true,"href":"https:\/\/www.eldiario.net\/portal\/wp-json\/wp\/v2\/users\/1"}],"replies":[{"embeddable":true,"href":"https:\/\/www.eldiario.net\/portal\/wp-json\/wp\/v2\/comments?post=26738"}],"version-history":[{"count":0,"href":"https:\/\/www.eldiario.net\/portal\/wp-json\/wp\/v2\/posts\/26738\/revisions"}],"wp:attachment":[{"href":"https:\/\/www.eldiario.net\/portal\/wp-json\/wp\/v2\/media?parent=26738"}],"wp:term":[{"taxonomy":"category","embeddable":true,"href":"https:\/\/www.eldiario.net\/portal\/wp-json\/wp\/v2\/categories?post=26738"},{"taxonomy":"post_tag","embeddable":true,"href":"https:\/\/www.eldiario.net\/portal\/wp-json\/wp\/v2\/tags?post=26738"}],"curies":[{"name":"wp","href":"https:\/\/api.w.org\/{rel}","templated":true}]}}