{"id":267379,"date":"2024-12-12T05:37:46","date_gmt":"2024-12-12T09:37:46","guid":{"rendered":"https:\/\/www.eldiario.net\/portal\/?p=267379"},"modified":"2024-12-12T05:37:46","modified_gmt":"2024-12-12T09:37:46","slug":"charagua-tiene-tres-nuevos-huertos-para-la-alimentacion-saludable","status":"publish","type":"post","link":"https:\/\/www.eldiario.net\/portal\/2024\/12\/12\/charagua-tiene-tres-nuevos-huertos-para-la-alimentacion-saludable\/","title":{"rendered":"Charagua tiene tres nuevos huertos  para la alimentaci\u00f3n saludable"},"content":{"rendered":"<p>Autoridades del Servicio Departamental Agropecuario (Sedacruz), de la Gobernaci\u00f3n, llegaron hasta el municipio de Charagua e inauguraron tres nuevos huertos Escuela Galileo.<\/p>\n<p>El t\u00e9cnico del Programa Huertos del Sedacruz, Vicente Altamirano, inform\u00f3 que los huertos se inauguraron en las comunidades de San Silvestre, en la Unidad Educativa Julio Vaca en la comunidad Aguaraigua y en Rancho Viejo.<\/p>\n<p>Resalt\u00f3 que el objetivo principal de este programa que impulsa la Gobernaci\u00f3n, es promover la alimentaci\u00f3n saludable en las familias cruce\u00f1as, mediante estos huertos que funcionan como escuela para aprender todo lo relacionado a horticultura agroecol\u00f3gica.<\/p>\n<p>Explic\u00f3 que estos son los primeros huertos que se est\u00e1n inaugurando en el municipio de Charagua llegando a comunidades m\u00e1s alejadas, dando cumplimiento a la Ley Departamental de Huertos Familiares 242.<\/p>\n<p>En la oportunidad, tambi\u00e9n se hizo la entrega un tanque de 900 litros de capacidad, un sistema de riego por goteo para 500 metros, adem\u00e1s de implementos menores como herramientas, mochila fumigadora, semillas y otros implementos necesarios para cada huerto.<\/p>\n<p>Asimismo, Altamirano entreg\u00f3 manuales gracias al apoyo de la Corporaci\u00f3n Japonesa JICA, para que las personas aprendan a hacer huertos ecol\u00f3gicos desde cero. (Santa Cruz, agencias)<\/p>\n","protected":false},"excerpt":{"rendered":"<p>Autoridades del Servicio Departamental Agropecuario (Sedacruz), de la Gobernaci\u00f3n, llegaron hasta el municipio de Charagua e inauguraron tres nuevos huertos Escuela Galileo. El t\u00e9cnico del Programa Huertos del Sedacruz, Vicente Altamirano, inform\u00f3 que los huertos se inauguraron en las comunidades de San Silvestre, en la Unidad Educativa Julio Vaca en la comunidad Aguaraigua y en [&hellip;]<\/p>\n","protected":false},"author":1,"featured_media":267380,"comment_status":"closed","ping_status":"open","sticky":false,"template":"","format":"standard","meta":{"_acf_changed":false,"footnotes":""},"categories":[12],"tags":[],"class_list":["post-267379","post","type-post","status-publish","format-standard","has-post-thumbnail","category-nacional"],"acf":{"antetitulo":"Santa Cruz"},"yoast_head":"<!-- This site is optimized with the Yoast SEO plugin v28.4 - https:\/\/yoast.com\/product\/yoast-seo-wordpress\/ -->\n<title>Charagua tiene tres nuevos huertos para la alimentaci\u00f3n saludable - El Diario - Bolivia<\/title>\n<meta name=\"robots\" content=\"index, follow, max-snippet:-1, max-image-preview:large, max-video-preview:-1\" \/>\n<link rel=\"canonical\" href=\"https:\/\/www.eldiario.net\/portal\/2024\/12\/12\/charagua-tiene-tres-nuevos-huertos-para-la-alimentacion-saludable\/\" \/>\n<meta property=\"og:locale\" content=\"es_ES\" \/>\n<meta property=\"og:type\" content=\"article\" \/>\n<meta property=\"og:title\" content=\"Charagua tiene tres nuevos huertos para la alimentaci\u00f3n saludable - El Diario - Bolivia\" \/>\n<meta property=\"og:description\" content=\"Autoridades del Servicio Departamental Agropecuario (Sedacruz), de la Gobernaci\u00f3n, llegaron hasta el municipio de Charagua e inauguraron tres nuevos huertos Escuela Galileo. El t\u00e9cnico del Programa Huertos del Sedacruz, Vicente Altamirano, inform\u00f3 que los huertos se inauguraron en las comunidades de San Silvestre, en la Unidad Educativa Julio Vaca en la comunidad Aguaraigua y en [&hellip;]\" \/>\n<meta property=\"og:url\" content=\"https:\/\/www.eldiario.net\/portal\/2024\/12\/12\/charagua-tiene-tres-nuevos-huertos-para-la-alimentacion-saludable\/\" \/>\n<meta property=\"og:site_name\" content=\"El Diario - Bolivia\" \/>\n<meta property=\"article:publisher\" content=\"https:\/\/www.facebook.com\/eldiario.bolivia\/\" \/>\n<meta property=\"article:published_time\" content=\"2024-12-12T09:37:46+00:00\" \/>\n<meta property=\"og:image\" content=\"https:\/\/www.eldiario.net\/portal\/wp-content\/uploads\/2024\/12\/ALI-FOTO.jpg\" \/>\n\t<meta property=\"og:image:width\" content=\"1040\" \/>\n\t<meta property=\"og:image:height\" content=\"780\" \/>\n\t<meta property=\"og:image:type\" content=\"image\/jpeg\" \/>\n<meta name=\"author\" content=\"Jeanette\" \/>\n<meta name=\"twitter:card\" content=\"summary_large_image\" \/>\n<meta name=\"twitter:creator\" content=\"@eldiario_net\" \/>\n<meta name=\"twitter:site\" content=\"@eldiario_net\" \/>\n<meta name=\"twitter:label1\" content=\"Escrito por\" \/>\n\t<meta name=\"twitter:data1\" content=\"Jeanette\" \/>\n\t<meta name=\"twitter:label2\" content=\"Tiempo de lectura\" \/>\n\t<meta name=\"twitter:data2\" content=\"2 minutos\" \/>\n<script type=\"application\/ld+json\" class=\"yoast-schema-graph\">{\"@context\":\"https:\\\/\\\/schema.org\",\"@graph\":[{\"@type\":\"Article\",\"@id\":\"https:\\\/\\\/www.eldiario.net\\\/portal\\\/2024\\\/12\\\/12\\\/charagua-tiene-tres-nuevos-huertos-para-la-alimentacion-saludable\\\/#article\",\"isPartOf\":{\"@id\":\"https:\\\/\\\/www.eldiario.net\\\/portal\\\/2024\\\/12\\\/12\\\/charagua-tiene-tres-nuevos-huertos-para-la-alimentacion-saludable\\\/\"},\"author\":{\"name\":\"Jeanette\",\"@id\":\"https:\\\/\\\/www.eldiario.net\\\/portal\\\/#\\\/schema\\\/person\\\/2c57cf2b7a7ae032e449e4c9b1019eac\"},\"headline\":\"Charagua tiene tres nuevos huertos para la alimentaci\u00f3n saludable\",\"datePublished\":\"2024-12-12T09:37:46+00:00\",\"mainEntityOfPage\":{\"@id\":\"https:\\\/\\\/www.eldiario.net\\\/portal\\\/2024\\\/12\\\/12\\\/charagua-tiene-tres-nuevos-huertos-para-la-alimentacion-saludable\\\/\"},\"wordCount\":209,\"publisher\":{\"@id\":\"https:\\\/\\\/www.eldiario.net\\\/portal\\\/#organization\"},\"image\":{\"@id\":\"https:\\\/\\\/www.eldiario.net\\\/portal\\\/2024\\\/12\\\/12\\\/charagua-tiene-tres-nuevos-huertos-para-la-alimentacion-saludable\\\/#primaryimage\"},\"thumbnailUrl\":\"https:\\\/\\\/www.eldiario.net\\\/portal\\\/wp-content\\\/uploads\\\/2024\\\/12\\\/ALI-FOTO.jpg\",\"articleSection\":[\"Nacional\"],\"inLanguage\":\"es\"},{\"@type\":\"WebPage\",\"@id\":\"https:\\\/\\\/www.eldiario.net\\\/portal\\\/2024\\\/12\\\/12\\\/charagua-tiene-tres-nuevos-huertos-para-la-alimentacion-saludable\\\/\",\"url\":\"https:\\\/\\\/www.eldiario.net\\\/portal\\\/2024\\\/12\\\/12\\\/charagua-tiene-tres-nuevos-huertos-para-la-alimentacion-saludable\\\/\",\"name\":\"Charagua tiene tres nuevos huertos para la alimentaci\u00f3n saludable - El Diario - Bolivia\",\"isPartOf\":{\"@id\":\"https:\\\/\\\/www.eldiario.net\\\/portal\\\/#website\"},\"primaryImageOfPage\":{\"@id\":\"https:\\\/\\\/www.eldiario.net\\\/portal\\\/2024\\\/12\\\/12\\\/charagua-tiene-tres-nuevos-huertos-para-la-alimentacion-saludable\\\/#primaryimage\"},\"image\":{\"@id\":\"https:\\\/\\\/www.eldiario.net\\\/portal\\\/2024\\\/12\\\/12\\\/charagua-tiene-tres-nuevos-huertos-para-la-alimentacion-saludable\\\/#primaryimage\"},\"thumbnailUrl\":\"https:\\\/\\\/www.eldiario.net\\\/portal\\\/wp-content\\\/uploads\\\/2024\\\/12\\\/ALI-FOTO.jpg\",\"datePublished\":\"2024-12-12T09:37:46+00:00\",\"breadcrumb\":{\"@id\":\"https:\\\/\\\/www.eldiario.net\\\/portal\\\/2024\\\/12\\\/12\\\/charagua-tiene-tres-nuevos-huertos-para-la-alimentacion-saludable\\\/#breadcrumb\"},\"inLanguage\":\"es\",\"potentialAction\":[{\"@type\":\"ReadAction\",\"target\":[\"https:\\\/\\\/www.eldiario.net\\\/portal\\\/2024\\\/12\\\/12\\\/charagua-tiene-tres-nuevos-huertos-para-la-alimentacion-saludable\\\/\"]}]},{\"@type\":\"ImageObject\",\"inLanguage\":\"es\",\"@id\":\"https:\\\/\\\/www.eldiario.net\\\/portal\\\/2024\\\/12\\\/12\\\/charagua-tiene-tres-nuevos-huertos-para-la-alimentacion-saludable\\\/#primaryimage\",\"url\":\"https:\\\/\\\/www.eldiario.net\\\/portal\\\/wp-content\\\/uploads\\\/2024\\\/12\\\/ALI-FOTO.jpg\",\"contentUrl\":\"https:\\\/\\\/www.eldiario.net\\\/portal\\\/wp-content\\\/uploads\\\/2024\\\/12\\\/ALI-FOTO.jpg\",\"width\":1040,\"height\":780,\"caption\":\"UNO DE LOS HUERTOS INAUGURADOS. FOTO: GSTC\"},{\"@type\":\"BreadcrumbList\",\"@id\":\"https:\\\/\\\/www.eldiario.net\\\/portal\\\/2024\\\/12\\\/12\\\/charagua-tiene-tres-nuevos-huertos-para-la-alimentacion-saludable\\\/#breadcrumb\",\"itemListElement\":[{\"@type\":\"ListItem\",\"position\":1,\"name\":\"Portada\",\"item\":\"https:\\\/\\\/www.eldiario.net\\\/portal\\\/\"},{\"@type\":\"ListItem\",\"position\":2,\"name\":\"Charagua tiene tres nuevos huertos para la alimentaci\u00f3n saludable\"}]},{\"@type\":\"WebSite\",\"@id\":\"https:\\\/\\\/www.eldiario.net\\\/portal\\\/#website\",\"url\":\"https:\\\/\\\/www.eldiario.net\\\/portal\\\/\",\"name\":\"El Diario - Decano de la prensa nacional\",\"description\":\"El Diario - Decano de la prensa nacional\",\"publisher\":{\"@id\":\"https:\\\/\\\/www.eldiario.net\\\/portal\\\/#organization\"},\"potentialAction\":[{\"@type\":\"SearchAction\",\"target\":{\"@type\":\"EntryPoint\",\"urlTemplate\":\"https:\\\/\\\/www.eldiario.net\\\/portal\\\/?s={search_term_string}\"},\"query-input\":{\"@type\":\"PropertyValueSpecification\",\"valueRequired\":true,\"valueName\":\"search_term_string\"}}],\"inLanguage\":\"es\"},{\"@type\":\"Organization\",\"@id\":\"https:\\\/\\\/www.eldiario.net\\\/portal\\\/#organization\",\"name\":\"El Diario - Decano de la prensa nacional\",\"url\":\"https:\\\/\\\/www.eldiario.net\\\/portal\\\/\",\"logo\":{\"@type\":\"ImageObject\",\"inLanguage\":\"es\",\"@id\":\"https:\\\/\\\/www.eldiario.net\\\/portal\\\/#\\\/schema\\\/logo\\\/image\\\/\",\"url\":\"https:\\\/\\\/www.eldiario.net\\\/portal\\\/wp-content\\\/uploads\\\/2023\\\/07\\\/logo_ED.jpg\",\"contentUrl\":\"https:\\\/\\\/www.eldiario.net\\\/portal\\\/wp-content\\\/uploads\\\/2023\\\/07\\\/logo_ED.jpg\",\"width\":272,\"height\":52,\"caption\":\"El Diario - Decano de la prensa nacional\"},\"image\":{\"@id\":\"https:\\\/\\\/www.eldiario.net\\\/portal\\\/#\\\/schema\\\/logo\\\/image\\\/\"},\"sameAs\":[\"https:\\\/\\\/www.facebook.com\\\/eldiario.bolivia\\\/\",\"https:\\\/\\\/x.com\\\/eldiario_net\"]},{\"@type\":\"Person\",\"@id\":\"https:\\\/\\\/www.eldiario.net\\\/portal\\\/#\\\/schema\\\/person\\\/2c57cf2b7a7ae032e449e4c9b1019eac\",\"name\":\"Jeanette\",\"image\":{\"@type\":\"ImageObject\",\"inLanguage\":\"es\",\"@id\":\"https:\\\/\\\/secure.gravatar.com\\\/avatar\\\/3ea2118a5f7dad2b7138b1187a6b7ee55f160b9968b66013c3a3ef39dd7e5798?s=96&d=mm&r=g\",\"url\":\"https:\\\/\\\/secure.gravatar.com\\\/avatar\\\/3ea2118a5f7dad2b7138b1187a6b7ee55f160b9968b66013c3a3ef39dd7e5798?s=96&d=mm&r=g\",\"contentUrl\":\"https:\\\/\\\/secure.gravatar.com\\\/avatar\\\/3ea2118a5f7dad2b7138b1187a6b7ee55f160b9968b66013c3a3ef39dd7e5798?s=96&d=mm&r=g\",\"caption\":\"Jeanette\"},\"sameAs\":[\"https:\\\/\\\/www.eldiario.net\\\/portal\"],\"url\":\"https:\\\/\\\/www.eldiario.net\\\/portal\\\/author\\\/jeanette\\\/\"}]}<\/script>\n<!-- \/ Yoast SEO plugin. -->","yoast_head_json":{"title":"Charagua tiene tres nuevos huertos para la alimentaci\u00f3n saludable - El Diario - Bolivia","robots":{"index":"index","follow":"follow","max-snippet":"max-snippet:-1","max-image-preview":"max-image-preview:large","max-video-preview":"max-video-preview:-1"},"canonical":"https:\/\/www.eldiario.net\/portal\/2024\/12\/12\/charagua-tiene-tres-nuevos-huertos-para-la-alimentacion-saludable\/","og_locale":"es_ES","og_type":"article","og_title":"Charagua tiene tres nuevos huertos para la alimentaci\u00f3n saludable - El Diario - Bolivia","og_description":"Autoridades del Servicio Departamental Agropecuario (Sedacruz), de la Gobernaci\u00f3n, llegaron hasta el municipio de Charagua e inauguraron tres nuevos huertos Escuela Galileo. El t\u00e9cnico del Programa Huertos del Sedacruz, Vicente Altamirano, inform\u00f3 que los huertos se inauguraron en las comunidades de San Silvestre, en la Unidad Educativa Julio Vaca en la comunidad Aguaraigua y en [&hellip;]","og_url":"https:\/\/www.eldiario.net\/portal\/2024\/12\/12\/charagua-tiene-tres-nuevos-huertos-para-la-alimentacion-saludable\/","og_site_name":"El Diario - Bolivia","article_publisher":"https:\/\/www.facebook.com\/eldiario.bolivia\/","article_published_time":"2024-12-12T09:37:46+00:00","og_image":[{"width":1040,"height":780,"url":"https:\/\/www.eldiario.net\/portal\/wp-content\/uploads\/2024\/12\/ALI-FOTO.jpg","type":"image\/jpeg"}],"author":"Jeanette","twitter_card":"summary_large_image","twitter_creator":"@eldiario_net","twitter_site":"@eldiario_net","twitter_misc":{"Escrito por":"Jeanette","Tiempo de lectura":"2 minutos"},"schema":{"@context":"https:\/\/schema.org","@graph":[{"@type":"Article","@id":"https:\/\/www.eldiario.net\/portal\/2024\/12\/12\/charagua-tiene-tres-nuevos-huertos-para-la-alimentacion-saludable\/#article","isPartOf":{"@id":"https:\/\/www.eldiario.net\/portal\/2024\/12\/12\/charagua-tiene-tres-nuevos-huertos-para-la-alimentacion-saludable\/"},"author":{"name":"Jeanette","@id":"https:\/\/www.eldiario.net\/portal\/#\/schema\/person\/2c57cf2b7a7ae032e449e4c9b1019eac"},"headline":"Charagua tiene tres nuevos huertos para la alimentaci\u00f3n saludable","datePublished":"2024-12-12T09:37:46+00:00","mainEntityOfPage":{"@id":"https:\/\/www.eldiario.net\/portal\/2024\/12\/12\/charagua-tiene-tres-nuevos-huertos-para-la-alimentacion-saludable\/"},"wordCount":209,"publisher":{"@id":"https:\/\/www.eldiario.net\/portal\/#organization"},"image":{"@id":"https:\/\/www.eldiario.net\/portal\/2024\/12\/12\/charagua-tiene-tres-nuevos-huertos-para-la-alimentacion-saludable\/#primaryimage"},"thumbnailUrl":"https:\/\/www.eldiario.net\/portal\/wp-content\/uploads\/2024\/12\/ALI-FOTO.jpg","articleSection":["Nacional"],"inLanguage":"es"},{"@type":"WebPage","@id":"https:\/\/www.eldiario.net\/portal\/2024\/12\/12\/charagua-tiene-tres-nuevos-huertos-para-la-alimentacion-saludable\/","url":"https:\/\/www.eldiario.net\/portal\/2024\/12\/12\/charagua-tiene-tres-nuevos-huertos-para-la-alimentacion-saludable\/","name":"Charagua tiene tres nuevos huertos para la alimentaci\u00f3n saludable - El Diario - Bolivia","isPartOf":{"@id":"https:\/\/www.eldiario.net\/portal\/#website"},"primaryImageOfPage":{"@id":"https:\/\/www.eldiario.net\/portal\/2024\/12\/12\/charagua-tiene-tres-nuevos-huertos-para-la-alimentacion-saludable\/#primaryimage"},"image":{"@id":"https:\/\/www.eldiario.net\/portal\/2024\/12\/12\/charagua-tiene-tres-nuevos-huertos-para-la-alimentacion-saludable\/#primaryimage"},"thumbnailUrl":"https:\/\/www.eldiario.net\/portal\/wp-content\/uploads\/2024\/12\/ALI-FOTO.jpg","datePublished":"2024-12-12T09:37:46+00:00","breadcrumb":{"@id":"https:\/\/www.eldiario.net\/portal\/2024\/12\/12\/charagua-tiene-tres-nuevos-huertos-para-la-alimentacion-saludable\/#breadcrumb"},"inLanguage":"es","potentialAction":[{"@type":"ReadAction","target":["https:\/\/www.eldiario.net\/portal\/2024\/12\/12\/charagua-tiene-tres-nuevos-huertos-para-la-alimentacion-saludable\/"]}]},{"@type":"ImageObject","inLanguage":"es","@id":"https:\/\/www.eldiario.net\/portal\/2024\/12\/12\/charagua-tiene-tres-nuevos-huertos-para-la-alimentacion-saludable\/#primaryimage","url":"https:\/\/www.eldiario.net\/portal\/wp-content\/uploads\/2024\/12\/ALI-FOTO.jpg","contentUrl":"https:\/\/www.eldiario.net\/portal\/wp-content\/uploads\/2024\/12\/ALI-FOTO.jpg","width":1040,"height":780,"caption":"UNO DE LOS HUERTOS INAUGURADOS. FOTO: GSTC"},{"@type":"BreadcrumbList","@id":"https:\/\/www.eldiario.net\/portal\/2024\/12\/12\/charagua-tiene-tres-nuevos-huertos-para-la-alimentacion-saludable\/#breadcrumb","itemListElement":[{"@type":"ListItem","position":1,"name":"Portada","item":"https:\/\/www.eldiario.net\/portal\/"},{"@type":"ListItem","position":2,"name":"Charagua tiene tres nuevos huertos para la alimentaci\u00f3n saludable"}]},{"@type":"WebSite","@id":"https:\/\/www.eldiario.net\/portal\/#website","url":"https:\/\/www.eldiario.net\/portal\/","name":"El Diario - Decano de la prensa nacional","description":"El Diario - Decano de la prensa nacional","publisher":{"@id":"https:\/\/www.eldiario.net\/portal\/#organization"},"potentialAction":[{"@type":"SearchAction","target":{"@type":"EntryPoint","urlTemplate":"https:\/\/www.eldiario.net\/portal\/?s={search_term_string}"},"query-input":{"@type":"PropertyValueSpecification","valueRequired":true,"valueName":"search_term_string"}}],"inLanguage":"es"},{"@type":"Organization","@id":"https:\/\/www.eldiario.net\/portal\/#organization","name":"El Diario - Decano de la prensa nacional","url":"https:\/\/www.eldiario.net\/portal\/","logo":{"@type":"ImageObject","inLanguage":"es","@id":"https:\/\/www.eldiario.net\/portal\/#\/schema\/logo\/image\/","url":"https:\/\/www.eldiario.net\/portal\/wp-content\/uploads\/2023\/07\/logo_ED.jpg","contentUrl":"https:\/\/www.eldiario.net\/portal\/wp-content\/uploads\/2023\/07\/logo_ED.jpg","width":272,"height":52,"caption":"El Diario - Decano de la prensa nacional"},"image":{"@id":"https:\/\/www.eldiario.net\/portal\/#\/schema\/logo\/image\/"},"sameAs":["https:\/\/www.facebook.com\/eldiario.bolivia\/","https:\/\/x.com\/eldiario_net"]},{"@type":"Person","@id":"https:\/\/www.eldiario.net\/portal\/#\/schema\/person\/2c57cf2b7a7ae032e449e4c9b1019eac","name":"Jeanette","image":{"@type":"ImageObject","inLanguage":"es","@id":"https:\/\/secure.gravatar.com\/avatar\/3ea2118a5f7dad2b7138b1187a6b7ee55f160b9968b66013c3a3ef39dd7e5798?s=96&d=mm&r=g","url":"https:\/\/secure.gravatar.com\/avatar\/3ea2118a5f7dad2b7138b1187a6b7ee55f160b9968b66013c3a3ef39dd7e5798?s=96&d=mm&r=g","contentUrl":"https:\/\/secure.gravatar.com\/avatar\/3ea2118a5f7dad2b7138b1187a6b7ee55f160b9968b66013c3a3ef39dd7e5798?s=96&d=mm&r=g","caption":"Jeanette"},"sameAs":["https:\/\/www.eldiario.net\/portal"],"url":"https:\/\/www.eldiario.net\/portal\/author\/jeanette\/"}]}},"_links":{"self":[{"href":"https:\/\/www.eldiario.net\/portal\/wp-json\/wp\/v2\/posts\/267379","targetHints":{"allow":["GET"]}}],"collection":[{"href":"https:\/\/www.eldiario.net\/portal\/wp-json\/wp\/v2\/posts"}],"about":[{"href":"https:\/\/www.eldiario.net\/portal\/wp-json\/wp\/v2\/types\/post"}],"author":[{"embeddable":true,"href":"https:\/\/www.eldiario.net\/portal\/wp-json\/wp\/v2\/users\/1"}],"replies":[{"embeddable":true,"href":"https:\/\/www.eldiario.net\/portal\/wp-json\/wp\/v2\/comments?post=267379"}],"version-history":[{"count":1,"href":"https:\/\/www.eldiario.net\/portal\/wp-json\/wp\/v2\/posts\/267379\/revisions"}],"predecessor-version":[{"id":267381,"href":"https:\/\/www.eldiario.net\/portal\/wp-json\/wp\/v2\/posts\/267379\/revisions\/267381"}],"wp:featuredmedia":[{"embeddable":true,"href":"https:\/\/www.eldiario.net\/portal\/wp-json\/wp\/v2\/media\/267380"}],"wp:attachment":[{"href":"https:\/\/www.eldiario.net\/portal\/wp-json\/wp\/v2\/media?parent=267379"}],"wp:term":[{"taxonomy":"category","embeddable":true,"href":"https:\/\/www.eldiario.net\/portal\/wp-json\/wp\/v2\/categories?post=267379"},{"taxonomy":"post_tag","embeddable":true,"href":"https:\/\/www.eldiario.net\/portal\/wp-json\/wp\/v2\/tags?post=267379"}],"curies":[{"name":"wp","href":"https:\/\/api.w.org\/{rel}","templated":true}]}}