{"id":267190,"date":"2024-12-11T06:08:06","date_gmt":"2024-12-11T10:08:06","guid":{"rendered":"https:\/\/www.eldiario.net\/portal\/?p=267190"},"modified":"2024-12-11T06:08:06","modified_gmt":"2024-12-11T10:08:06","slug":"el-206-de-territorios-indigenas-titulados-impactado-por-incendios","status":"publish","type":"post","link":"https:\/\/www.eldiario.net\/portal\/2024\/12\/11\/el-206-de-territorios-indigenas-titulados-impactado-por-incendios\/","title":{"rendered":"El 20,6% de territorios ind\u00edgenas  titulados impactado por incendios"},"content":{"rendered":"<p>Los incendios de este a\u00f1o dejaron 2,6 millones de hect\u00e1reas con cicatrices de incendio en los territorios ind\u00edgenas m\u00e1s afectados, lo que representa el 20,6% de 13 millones de hect\u00e1reas reconocidas como propiedad colectiva de los pueblos ind\u00edgenas en tierras bajas del pa\u00eds. Monte Verde, Guarayos y Pantanal fueron los territorios m\u00e1s impactados porque, en cada caso, perdieron m\u00e1s de la mitad de su bosque.<br \/>\nLas p\u00e9rdidas de masa boscosa significan un impacto directo al modo de vida de los pueblos ind\u00edgenas porque se reducen sus posibilidades de obtener alimentos a trav\u00e9s de la caza y disminuyen los ingresos familiares y comunales a trav\u00e9s de la explotaci\u00f3n de sus planes de manejo (madera).<br \/>\nLa informaci\u00f3n se desprende del Informe: \u201cFocos de calor y cicatrices de incendios en territorios ind\u00edgenas de las tierras bajas de Bolivia\u201d, correspondiente a la gesti\u00f3n 2024, elaborado por el Cejis a trav\u00e9s de su Centro de Planificaci\u00f3n Territorial Auton\u00f3mica (CPTA).<br \/>\nLos incendios de este a\u00f1o superaron en cantidad de superficie afectada a los siniestros ocurridos en 2010 y 2019, cuando se registraron cifras extraordinarias. Fundaci\u00f3n Tierra identific\u00f3, hasta septiembre de este a\u00f1o, 10,1 millones de hect\u00e1reas con impacto del fuego en el pa\u00eds.<br \/>\nLos datos recogidos por el Cejis-CPTA corresponden al per\u00edodo enero a octubre de 2024. En este lapso quedaron cicatrices de incendio en 2.684.000 hect\u00e1reas, considerando los ocho territorios ind\u00edgenas m\u00e1s impactados por cicatrices de incendios. Esto equivale al 20,6% de los 13 millones de territorios ind\u00edgenas de tierras bajas reconocidos en Bolivia.<br \/>\nPero no todos fueron afectados por igual. En la Chiquitania en el departamento de Santa Cruz hubo m\u00e1s impacto. El territorio de Monte Verde qued\u00f3 afectado por el fuego en 807.243 hect\u00e1reas, lo que equivale al 85% de su superficie titulada. En el territorio del Pueblo Guarayo fueron quemadas 966.893 hect\u00e1reas, correspondiente al 72% de su superficie titulada. (Sumando Voces)<\/p>\n","protected":false},"excerpt":{"rendered":"<p>Los incendios de este a\u00f1o dejaron 2,6 millones de hect\u00e1reas con cicatrices de incendio en los territorios ind\u00edgenas m\u00e1s afectados, lo que representa el 20,6% de 13 millones de hect\u00e1reas reconocidas como propiedad colectiva de los pueblos ind\u00edgenas en tierras bajas del pa\u00eds. Monte Verde, Guarayos y Pantanal fueron los territorios m\u00e1s impactados porque, en [&hellip;]<\/p>\n","protected":false},"author":1,"featured_media":267192,"comment_status":"closed","ping_status":"open","sticky":false,"template":"","format":"standard","meta":{"_acf_changed":false,"footnotes":""},"categories":[12],"tags":[],"class_list":["post-267190","post","type-post","status-publish","format-standard","has-post-thumbnail","category-nacional"],"acf":{"antetitulo":""},"yoast_head":"<!-- This site is optimized with the Yoast SEO plugin v28.4 - https:\/\/yoast.com\/product\/yoast-seo-wordpress\/ -->\n<title>El 20,6% de territorios ind\u00edgenas titulados impactado por incendios - El Diario - Bolivia<\/title>\n<meta name=\"robots\" content=\"index, follow, max-snippet:-1, max-image-preview:large, max-video-preview:-1\" \/>\n<link rel=\"canonical\" href=\"https:\/\/www.eldiario.net\/portal\/2024\/12\/11\/el-206-de-territorios-indigenas-titulados-impactado-por-incendios\/\" \/>\n<meta property=\"og:locale\" content=\"es_ES\" \/>\n<meta property=\"og:type\" content=\"article\" \/>\n<meta property=\"og:title\" content=\"El 20,6% de territorios ind\u00edgenas titulados impactado por incendios - El Diario - Bolivia\" \/>\n<meta property=\"og:description\" content=\"Los incendios de este a\u00f1o dejaron 2,6 millones de hect\u00e1reas con cicatrices de incendio en los territorios ind\u00edgenas m\u00e1s afectados, lo que representa el 20,6% de 13 millones de hect\u00e1reas reconocidas como propiedad colectiva de los pueblos ind\u00edgenas en tierras bajas del pa\u00eds. Monte Verde, Guarayos y Pantanal fueron los territorios m\u00e1s impactados porque, en [&hellip;]\" \/>\n<meta property=\"og:url\" content=\"https:\/\/www.eldiario.net\/portal\/2024\/12\/11\/el-206-de-territorios-indigenas-titulados-impactado-por-incendios\/\" \/>\n<meta property=\"og:site_name\" content=\"El Diario - Bolivia\" \/>\n<meta property=\"article:publisher\" content=\"https:\/\/www.facebook.com\/eldiario.bolivia\/\" \/>\n<meta property=\"article:published_time\" content=\"2024-12-11T10:08:06+00:00\" \/>\n<meta property=\"og:image\" content=\"https:\/\/www.eldiario.net\/portal\/wp-content\/uploads\/2024\/12\/10-NAL-COLOR-1.jpeg\" \/>\n\t<meta property=\"og:image:width\" content=\"720\" \/>\n\t<meta property=\"og:image:height\" content=\"400\" \/>\n\t<meta property=\"og:image:type\" content=\"image\/jpeg\" \/>\n<meta name=\"author\" content=\"Jeanette\" \/>\n<meta name=\"twitter:card\" content=\"summary_large_image\" \/>\n<meta name=\"twitter:creator\" content=\"@eldiario_net\" \/>\n<meta name=\"twitter:site\" content=\"@eldiario_net\" \/>\n<meta name=\"twitter:label1\" content=\"Escrito por\" \/>\n\t<meta name=\"twitter:data1\" content=\"Jeanette\" \/>\n\t<meta name=\"twitter:label2\" content=\"Tiempo de lectura\" \/>\n\t<meta name=\"twitter:data2\" content=\"2 minutos\" \/>\n<script type=\"application\/ld+json\" class=\"yoast-schema-graph\">{\"@context\":\"https:\\\/\\\/schema.org\",\"@graph\":[{\"@type\":\"Article\",\"@id\":\"https:\\\/\\\/www.eldiario.net\\\/portal\\\/2024\\\/12\\\/11\\\/el-206-de-territorios-indigenas-titulados-impactado-por-incendios\\\/#article\",\"isPartOf\":{\"@id\":\"https:\\\/\\\/www.eldiario.net\\\/portal\\\/2024\\\/12\\\/11\\\/el-206-de-territorios-indigenas-titulados-impactado-por-incendios\\\/\"},\"author\":{\"name\":\"Jeanette\",\"@id\":\"https:\\\/\\\/www.eldiario.net\\\/portal\\\/#\\\/schema\\\/person\\\/f46445640444750d7d753ccd04ae01b7\"},\"headline\":\"El 20,6% de territorios ind\u00edgenas titulados impactado por incendios\",\"datePublished\":\"2024-12-11T10:08:06+00:00\",\"mainEntityOfPage\":{\"@id\":\"https:\\\/\\\/www.eldiario.net\\\/portal\\\/2024\\\/12\\\/11\\\/el-206-de-territorios-indigenas-titulados-impactado-por-incendios\\\/\"},\"wordCount\":336,\"publisher\":{\"@id\":\"https:\\\/\\\/www.eldiario.net\\\/portal\\\/#organization\"},\"image\":{\"@id\":\"https:\\\/\\\/www.eldiario.net\\\/portal\\\/2024\\\/12\\\/11\\\/el-206-de-territorios-indigenas-titulados-impactado-por-incendios\\\/#primaryimage\"},\"thumbnailUrl\":\"https:\\\/\\\/www.eldiario.net\\\/portal\\\/wp-content\\\/uploads\\\/2024\\\/12\\\/10-NAL-COLOR-1.jpeg\",\"articleSection\":[\"Nacional\"],\"inLanguage\":\"es\"},{\"@type\":\"WebPage\",\"@id\":\"https:\\\/\\\/www.eldiario.net\\\/portal\\\/2024\\\/12\\\/11\\\/el-206-de-territorios-indigenas-titulados-impactado-por-incendios\\\/\",\"url\":\"https:\\\/\\\/www.eldiario.net\\\/portal\\\/2024\\\/12\\\/11\\\/el-206-de-territorios-indigenas-titulados-impactado-por-incendios\\\/\",\"name\":\"El 20,6% de territorios ind\u00edgenas titulados impactado por incendios - El Diario - Bolivia\",\"isPartOf\":{\"@id\":\"https:\\\/\\\/www.eldiario.net\\\/portal\\\/#website\"},\"primaryImageOfPage\":{\"@id\":\"https:\\\/\\\/www.eldiario.net\\\/portal\\\/2024\\\/12\\\/11\\\/el-206-de-territorios-indigenas-titulados-impactado-por-incendios\\\/#primaryimage\"},\"image\":{\"@id\":\"https:\\\/\\\/www.eldiario.net\\\/portal\\\/2024\\\/12\\\/11\\\/el-206-de-territorios-indigenas-titulados-impactado-por-incendios\\\/#primaryimage\"},\"thumbnailUrl\":\"https:\\\/\\\/www.eldiario.net\\\/portal\\\/wp-content\\\/uploads\\\/2024\\\/12\\\/10-NAL-COLOR-1.jpeg\",\"datePublished\":\"2024-12-11T10:08:06+00:00\",\"breadcrumb\":{\"@id\":\"https:\\\/\\\/www.eldiario.net\\\/portal\\\/2024\\\/12\\\/11\\\/el-206-de-territorios-indigenas-titulados-impactado-por-incendios\\\/#breadcrumb\"},\"inLanguage\":\"es\",\"potentialAction\":[{\"@type\":\"ReadAction\",\"target\":[\"https:\\\/\\\/www.eldiario.net\\\/portal\\\/2024\\\/12\\\/11\\\/el-206-de-territorios-indigenas-titulados-impactado-por-incendios\\\/\"]}]},{\"@type\":\"ImageObject\",\"inLanguage\":\"es\",\"@id\":\"https:\\\/\\\/www.eldiario.net\\\/portal\\\/2024\\\/12\\\/11\\\/el-206-de-territorios-indigenas-titulados-impactado-por-incendios\\\/#primaryimage\",\"url\":\"https:\\\/\\\/www.eldiario.net\\\/portal\\\/wp-content\\\/uploads\\\/2024\\\/12\\\/10-NAL-COLOR-1.jpeg\",\"contentUrl\":\"https:\\\/\\\/www.eldiario.net\\\/portal\\\/wp-content\\\/uploads\\\/2024\\\/12\\\/10-NAL-COLOR-1.jpeg\",\"width\":720,\"height\":400,\"caption\":\"Incendios en el oriente.\"},{\"@type\":\"BreadcrumbList\",\"@id\":\"https:\\\/\\\/www.eldiario.net\\\/portal\\\/2024\\\/12\\\/11\\\/el-206-de-territorios-indigenas-titulados-impactado-por-incendios\\\/#breadcrumb\",\"itemListElement\":[{\"@type\":\"ListItem\",\"position\":1,\"name\":\"Portada\",\"item\":\"https:\\\/\\\/www.eldiario.net\\\/portal\\\/\"},{\"@type\":\"ListItem\",\"position\":2,\"name\":\"El 20,6% de territorios ind\u00edgenas titulados impactado por incendios\"}]},{\"@type\":\"WebSite\",\"@id\":\"https:\\\/\\\/www.eldiario.net\\\/portal\\\/#website\",\"url\":\"https:\\\/\\\/www.eldiario.net\\\/portal\\\/\",\"name\":\"El Diario - Decano de la prensa nacional\",\"description\":\"El Diario - Decano de la prensa nacional\",\"publisher\":{\"@id\":\"https:\\\/\\\/www.eldiario.net\\\/portal\\\/#organization\"},\"potentialAction\":[{\"@type\":\"SearchAction\",\"target\":{\"@type\":\"EntryPoint\",\"urlTemplate\":\"https:\\\/\\\/www.eldiario.net\\\/portal\\\/?s={search_term_string}\"},\"query-input\":{\"@type\":\"PropertyValueSpecification\",\"valueRequired\":true,\"valueName\":\"search_term_string\"}}],\"inLanguage\":\"es\"},{\"@type\":\"Organization\",\"@id\":\"https:\\\/\\\/www.eldiario.net\\\/portal\\\/#organization\",\"name\":\"El Diario - Decano de la prensa nacional\",\"url\":\"https:\\\/\\\/www.eldiario.net\\\/portal\\\/\",\"logo\":{\"@type\":\"ImageObject\",\"inLanguage\":\"es\",\"@id\":\"https:\\\/\\\/www.eldiario.net\\\/portal\\\/#\\\/schema\\\/logo\\\/image\\\/\",\"url\":\"https:\\\/\\\/www.eldiario.net\\\/portal\\\/wp-content\\\/uploads\\\/2023\\\/07\\\/logo_ED.jpg\",\"contentUrl\":\"https:\\\/\\\/www.eldiario.net\\\/portal\\\/wp-content\\\/uploads\\\/2023\\\/07\\\/logo_ED.jpg\",\"width\":272,\"height\":52,\"caption\":\"El Diario - Decano de la prensa nacional\"},\"image\":{\"@id\":\"https:\\\/\\\/www.eldiario.net\\\/portal\\\/#\\\/schema\\\/logo\\\/image\\\/\"},\"sameAs\":[\"https:\\\/\\\/www.facebook.com\\\/eldiario.bolivia\\\/\",\"https:\\\/\\\/x.com\\\/eldiario_net\"]},{\"@type\":\"Person\",\"@id\":\"https:\\\/\\\/www.eldiario.net\\\/portal\\\/#\\\/schema\\\/person\\\/f46445640444750d7d753ccd04ae01b7\",\"name\":\"Jeanette\",\"image\":{\"@type\":\"ImageObject\",\"inLanguage\":\"es\",\"@id\":\"https:\\\/\\\/secure.gravatar.com\\\/avatar\\\/3ea2118a5f7dad2b7138b1187a6b7ee55f160b9968b66013c3a3ef39dd7e5798?s=96&d=mm&r=g\",\"url\":\"https:\\\/\\\/secure.gravatar.com\\\/avatar\\\/3ea2118a5f7dad2b7138b1187a6b7ee55f160b9968b66013c3a3ef39dd7e5798?s=96&d=mm&r=g\",\"contentUrl\":\"https:\\\/\\\/secure.gravatar.com\\\/avatar\\\/3ea2118a5f7dad2b7138b1187a6b7ee55f160b9968b66013c3a3ef39dd7e5798?s=96&d=mm&r=g\",\"caption\":\"Jeanette\"},\"sameAs\":[\"https:\\\/\\\/www.eldiario.net\\\/portal\"],\"url\":\"https:\\\/\\\/www.eldiario.net\\\/portal\\\/author\\\/jeanette\\\/\"}]}<\/script>\n<!-- \/ Yoast SEO plugin. -->","yoast_head_json":{"title":"El 20,6% de territorios ind\u00edgenas titulados impactado por incendios - El Diario - Bolivia","robots":{"index":"index","follow":"follow","max-snippet":"max-snippet:-1","max-image-preview":"max-image-preview:large","max-video-preview":"max-video-preview:-1"},"canonical":"https:\/\/www.eldiario.net\/portal\/2024\/12\/11\/el-206-de-territorios-indigenas-titulados-impactado-por-incendios\/","og_locale":"es_ES","og_type":"article","og_title":"El 20,6% de territorios ind\u00edgenas titulados impactado por incendios - El Diario - Bolivia","og_description":"Los incendios de este a\u00f1o dejaron 2,6 millones de hect\u00e1reas con cicatrices de incendio en los territorios ind\u00edgenas m\u00e1s afectados, lo que representa el 20,6% de 13 millones de hect\u00e1reas reconocidas como propiedad colectiva de los pueblos ind\u00edgenas en tierras bajas del pa\u00eds. Monte Verde, Guarayos y Pantanal fueron los territorios m\u00e1s impactados porque, en [&hellip;]","og_url":"https:\/\/www.eldiario.net\/portal\/2024\/12\/11\/el-206-de-territorios-indigenas-titulados-impactado-por-incendios\/","og_site_name":"El Diario - Bolivia","article_publisher":"https:\/\/www.facebook.com\/eldiario.bolivia\/","article_published_time":"2024-12-11T10:08:06+00:00","og_image":[{"width":720,"height":400,"url":"https:\/\/www.eldiario.net\/portal\/wp-content\/uploads\/2024\/12\/10-NAL-COLOR-1.jpeg","type":"image\/jpeg"}],"author":"Jeanette","twitter_card":"summary_large_image","twitter_creator":"@eldiario_net","twitter_site":"@eldiario_net","twitter_misc":{"Escrito por":"Jeanette","Tiempo de lectura":"2 minutos"},"schema":{"@context":"https:\/\/schema.org","@graph":[{"@type":"Article","@id":"https:\/\/www.eldiario.net\/portal\/2024\/12\/11\/el-206-de-territorios-indigenas-titulados-impactado-por-incendios\/#article","isPartOf":{"@id":"https:\/\/www.eldiario.net\/portal\/2024\/12\/11\/el-206-de-territorios-indigenas-titulados-impactado-por-incendios\/"},"author":{"name":"Jeanette","@id":"https:\/\/www.eldiario.net\/portal\/#\/schema\/person\/f46445640444750d7d753ccd04ae01b7"},"headline":"El 20,6% de territorios ind\u00edgenas titulados impactado por incendios","datePublished":"2024-12-11T10:08:06+00:00","mainEntityOfPage":{"@id":"https:\/\/www.eldiario.net\/portal\/2024\/12\/11\/el-206-de-territorios-indigenas-titulados-impactado-por-incendios\/"},"wordCount":336,"publisher":{"@id":"https:\/\/www.eldiario.net\/portal\/#organization"},"image":{"@id":"https:\/\/www.eldiario.net\/portal\/2024\/12\/11\/el-206-de-territorios-indigenas-titulados-impactado-por-incendios\/#primaryimage"},"thumbnailUrl":"https:\/\/www.eldiario.net\/portal\/wp-content\/uploads\/2024\/12\/10-NAL-COLOR-1.jpeg","articleSection":["Nacional"],"inLanguage":"es"},{"@type":"WebPage","@id":"https:\/\/www.eldiario.net\/portal\/2024\/12\/11\/el-206-de-territorios-indigenas-titulados-impactado-por-incendios\/","url":"https:\/\/www.eldiario.net\/portal\/2024\/12\/11\/el-206-de-territorios-indigenas-titulados-impactado-por-incendios\/","name":"El 20,6% de territorios ind\u00edgenas titulados impactado por incendios - El Diario - Bolivia","isPartOf":{"@id":"https:\/\/www.eldiario.net\/portal\/#website"},"primaryImageOfPage":{"@id":"https:\/\/www.eldiario.net\/portal\/2024\/12\/11\/el-206-de-territorios-indigenas-titulados-impactado-por-incendios\/#primaryimage"},"image":{"@id":"https:\/\/www.eldiario.net\/portal\/2024\/12\/11\/el-206-de-territorios-indigenas-titulados-impactado-por-incendios\/#primaryimage"},"thumbnailUrl":"https:\/\/www.eldiario.net\/portal\/wp-content\/uploads\/2024\/12\/10-NAL-COLOR-1.jpeg","datePublished":"2024-12-11T10:08:06+00:00","breadcrumb":{"@id":"https:\/\/www.eldiario.net\/portal\/2024\/12\/11\/el-206-de-territorios-indigenas-titulados-impactado-por-incendios\/#breadcrumb"},"inLanguage":"es","potentialAction":[{"@type":"ReadAction","target":["https:\/\/www.eldiario.net\/portal\/2024\/12\/11\/el-206-de-territorios-indigenas-titulados-impactado-por-incendios\/"]}]},{"@type":"ImageObject","inLanguage":"es","@id":"https:\/\/www.eldiario.net\/portal\/2024\/12\/11\/el-206-de-territorios-indigenas-titulados-impactado-por-incendios\/#primaryimage","url":"https:\/\/www.eldiario.net\/portal\/wp-content\/uploads\/2024\/12\/10-NAL-COLOR-1.jpeg","contentUrl":"https:\/\/www.eldiario.net\/portal\/wp-content\/uploads\/2024\/12\/10-NAL-COLOR-1.jpeg","width":720,"height":400,"caption":"Incendios en el oriente."},{"@type":"BreadcrumbList","@id":"https:\/\/www.eldiario.net\/portal\/2024\/12\/11\/el-206-de-territorios-indigenas-titulados-impactado-por-incendios\/#breadcrumb","itemListElement":[{"@type":"ListItem","position":1,"name":"Portada","item":"https:\/\/www.eldiario.net\/portal\/"},{"@type":"ListItem","position":2,"name":"El 20,6% de territorios ind\u00edgenas titulados impactado por incendios"}]},{"@type":"WebSite","@id":"https:\/\/www.eldiario.net\/portal\/#website","url":"https:\/\/www.eldiario.net\/portal\/","name":"El Diario - Decano de la prensa nacional","description":"El Diario - Decano de la prensa nacional","publisher":{"@id":"https:\/\/www.eldiario.net\/portal\/#organization"},"potentialAction":[{"@type":"SearchAction","target":{"@type":"EntryPoint","urlTemplate":"https:\/\/www.eldiario.net\/portal\/?s={search_term_string}"},"query-input":{"@type":"PropertyValueSpecification","valueRequired":true,"valueName":"search_term_string"}}],"inLanguage":"es"},{"@type":"Organization","@id":"https:\/\/www.eldiario.net\/portal\/#organization","name":"El Diario - Decano de la prensa nacional","url":"https:\/\/www.eldiario.net\/portal\/","logo":{"@type":"ImageObject","inLanguage":"es","@id":"https:\/\/www.eldiario.net\/portal\/#\/schema\/logo\/image\/","url":"https:\/\/www.eldiario.net\/portal\/wp-content\/uploads\/2023\/07\/logo_ED.jpg","contentUrl":"https:\/\/www.eldiario.net\/portal\/wp-content\/uploads\/2023\/07\/logo_ED.jpg","width":272,"height":52,"caption":"El Diario - Decano de la prensa nacional"},"image":{"@id":"https:\/\/www.eldiario.net\/portal\/#\/schema\/logo\/image\/"},"sameAs":["https:\/\/www.facebook.com\/eldiario.bolivia\/","https:\/\/x.com\/eldiario_net"]},{"@type":"Person","@id":"https:\/\/www.eldiario.net\/portal\/#\/schema\/person\/f46445640444750d7d753ccd04ae01b7","name":"Jeanette","image":{"@type":"ImageObject","inLanguage":"es","@id":"https:\/\/secure.gravatar.com\/avatar\/3ea2118a5f7dad2b7138b1187a6b7ee55f160b9968b66013c3a3ef39dd7e5798?s=96&d=mm&r=g","url":"https:\/\/secure.gravatar.com\/avatar\/3ea2118a5f7dad2b7138b1187a6b7ee55f160b9968b66013c3a3ef39dd7e5798?s=96&d=mm&r=g","contentUrl":"https:\/\/secure.gravatar.com\/avatar\/3ea2118a5f7dad2b7138b1187a6b7ee55f160b9968b66013c3a3ef39dd7e5798?s=96&d=mm&r=g","caption":"Jeanette"},"sameAs":["https:\/\/www.eldiario.net\/portal"],"url":"https:\/\/www.eldiario.net\/portal\/author\/jeanette\/"}]}},"_links":{"self":[{"href":"https:\/\/www.eldiario.net\/portal\/wp-json\/wp\/v2\/posts\/267190","targetHints":{"allow":["GET"]}}],"collection":[{"href":"https:\/\/www.eldiario.net\/portal\/wp-json\/wp\/v2\/posts"}],"about":[{"href":"https:\/\/www.eldiario.net\/portal\/wp-json\/wp\/v2\/types\/post"}],"author":[{"embeddable":true,"href":"https:\/\/www.eldiario.net\/portal\/wp-json\/wp\/v2\/users\/1"}],"replies":[{"embeddable":true,"href":"https:\/\/www.eldiario.net\/portal\/wp-json\/wp\/v2\/comments?post=267190"}],"version-history":[{"count":1,"href":"https:\/\/www.eldiario.net\/portal\/wp-json\/wp\/v2\/posts\/267190\/revisions"}],"predecessor-version":[{"id":267193,"href":"https:\/\/www.eldiario.net\/portal\/wp-json\/wp\/v2\/posts\/267190\/revisions\/267193"}],"wp:featuredmedia":[{"embeddable":true,"href":"https:\/\/www.eldiario.net\/portal\/wp-json\/wp\/v2\/media\/267192"}],"wp:attachment":[{"href":"https:\/\/www.eldiario.net\/portal\/wp-json\/wp\/v2\/media?parent=267190"}],"wp:term":[{"taxonomy":"category","embeddable":true,"href":"https:\/\/www.eldiario.net\/portal\/wp-json\/wp\/v2\/categories?post=267190"},{"taxonomy":"post_tag","embeddable":true,"href":"https:\/\/www.eldiario.net\/portal\/wp-json\/wp\/v2\/tags?post=267190"}],"curies":[{"name":"wp","href":"https:\/\/api.w.org\/{rel}","templated":true}]}}