{"id":267179,"date":"2024-12-11T06:03:25","date_gmt":"2024-12-11T10:03:25","guid":{"rendered":"https:\/\/www.eldiario.net\/portal\/?p=267179"},"modified":"2024-12-11T06:03:25","modified_gmt":"2024-12-11T10:03:25","slug":"bolivia-siguiendo-los-pasos-de-cuba-y-venezuela","status":"publish","type":"post","link":"https:\/\/www.eldiario.net\/portal\/2024\/12\/11\/bolivia-siguiendo-los-pasos-de-cuba-y-venezuela\/","title":{"rendered":"\u00bfBolivia, siguiendo los pasos de Cuba y Venezuela?"},"content":{"rendered":"<p>A lo largo de la historia econ\u00f3mica, diversos gobiernos han utilizado el control de precios como estrategia para mitigar crisis hiperinflacionarias y garantizar el acceso a bienes esenciales. Sin embargo, las experiencias en pa\u00edses como Bolivia, Cuba y Venezuela han demostrado que estas pol\u00edticas suelen generar m\u00e1s problemas que soluciones sostenibles.<br \/>\nEl control de precios atrae a los pol\u00edticos por su impacto inmediato: ofrecer una soluci\u00f3n aparente a los problemas de acceso y contener el descontento social frente al aumento de los precios. Para gran parte de la poblaci\u00f3n, ajena a las din\u00e1micas de oferta y demanda, esta medida parece proteger su poder adquisitivo. No obstante, a mediano y largo plazo, los efectos son devastadores, manifest\u00e1ndose en desabastecimiento y mercados informales.<br \/>\nEn Bolivia, el control de precios no es una pol\u00edtica nueva. Entre 1982 y 1985, el pa\u00eds enfrent\u00f3 una de las peores crisis econ\u00f3micas de su historia, intensificada por intentos de contener la hiperinflaci\u00f3n mediante intervenciones estatales. M\u00e1s recientemente, durante el gobierno del Movimiento Al Socialismo (MAS), se reintrodujeron controles en productos como el az\u00facar en 2008 y, ahora, en bienes b\u00e1sicos como el aceite. Estas pol\u00edticas han generado incertidumbre econ\u00f3mica, distorsionando las din\u00e1micas del mercado y limitando la inversi\u00f3n.<br \/>\nLos casos de Cuba y Venezuela representan extremos del control estatal de precios. Desde 1959, Cuba ha mantenido un sistema r\u00edgido que ha derivado en desabastecimiento cr\u00f3nico y dependencia de mercados informales. Por su parte, Venezuela combina controles con altos niveles de corrupci\u00f3n, lo que ha llevado al colapso de su aparato productivo. Ambas experiencias reflejan los l\u00edmites del intervencionismo estatal y c\u00f3mo estas pol\u00edticas perpet\u00faan econom\u00edas ineficientes, desincentivando la producci\u00f3n y dejando lecciones para Bolivia, que parece seguir patrones similares.<br \/>\nEl control de precios distorsiona las se\u00f1ales econ\u00f3micas al intervenir sobre la oferta y la demanda. Los precios no solo reflejan el costo de un bien, sino tambi\u00e9n las condiciones del mercado. Un precio elevado puede indicar escasez de insumos o problemas en la producci\u00f3n, mientras que un precio bajo refleja eficiencia o abundancia. Al fijar precios artificiales, el Estado priva a los agentes econ\u00f3micos de esta informaci\u00f3n, generando efectos adversos como escasez y sobrecostos.<br \/>\nLa reciente propuesta del gobierno de Luis Arce de controlar precios y confiscar bienes ha despertado preocupaci\u00f3n entre productores y analistas. La Asociaci\u00f3n de Productores de Oleaginosas y Trigo (Anapo) advirti\u00f3 que estas medidas podr\u00edan llevar a la quiebra a su sector, afectando empleo e ingresos. Adem\u00e1s, el debilitamiento del boliviano frente al d\u00f3lar ha encarecido insumos y productos importados, aumentando los costos de producci\u00f3n y agravando la presi\u00f3n econ\u00f3mica sobre los sectores productivos.<br \/>\nEn Bolivia, la disposici\u00f3n s\u00e9ptima del Presupuesto General del Estado 2025 plantea un giro autoritario en el manejo econ\u00f3mico, otorgando al gobierno facultades para intervenir y confiscar bienes con el fin de garantizar alimentos esenciales. Estas acciones no solo vulneran la propiedad privada, sino que generan paralelismos claros con las pr\u00e1cticas de Venezuela, donde medidas similares agravaron el desabastecimiento y la dependencia estatal. Para los productores bolivianos, estas medidas representan un ataque directo a su capacidad de operar, poniendo en riesgo empleos y la estabilidad econ\u00f3mica del pa\u00eds.<br \/>\nEl control de precios tambi\u00e9n tiene implicaciones pol\u00edticas. Con niveles de aprobaci\u00f3n presidencial de apenas el 18%, estas medidas podr\u00edan interpretarse como un intento de ganar apoyo popular mediante intervenciones estatales. Sin embargo, estas pol\u00edticas suelen ser un arma de doble filo: aunque pueden generar respaldo inmediato, sus consecuencias econ\u00f3micas tienden a provocar un descontento generalizado a largo plazo.<br \/>\nA nivel macroecon\u00f3mico, el debilitamiento del tipo de cambio a\u00f1ade complejidad. Mientras el boliviano pierde valor frente al d\u00f3lar, los costos de producci\u00f3n, especialmente en bienes que dependen de insumos importados, se disparan. En este contexto, el control de precios act\u00faa como un paliativo temporal que no resuelve los problemas estructurales, como las presiones internas y externas que enfrenta la econom\u00eda boliviana.<br \/>\nAdem\u00e1s, estas pol\u00edticas pueden fomentar la corrupci\u00f3n. Funcionarios p\u00fablicos podr\u00edan usarlas para extorsionar a comerciantes y productores, aumentando la desigualdad y debilitando la confianza en las instituciones. Este es otro aspecto que refleja las fallas inherentes al control estatal sobre los mercados.<br \/>\nLa experiencia de Cuba y Venezuela es una advertencia clara: el control de precios puede ser atractivo a corto plazo, pero sus efectos a mediano y largo plazo son devastadores. En Bolivia, el gobierno del MAS parece repetir errores del pasado, adoptando medidas que desincentivan la producci\u00f3n y fomentan la informalidad. Para evitar un futuro similar, es esencial implementar pol\u00edticas econ\u00f3micas integrales que fortalezcan la producci\u00f3n y promuevan la inversi\u00f3n, asegurando un desarrollo sostenible.<br \/>\nEs crucial que los ciudadanos comprendan las implicaciones de estas pol\u00edticas. Aunque el control de precios pueda parecer una soluci\u00f3n inmediata para proteger a los consumidores, sus consecuencias suelen ser contraproducentes. Resolver los problemas econ\u00f3micos de manera sostenible requiere fomentar la producci\u00f3n, fortalecer las instituciones y crear un entorno estable. Solo mediante un enfoque basado en la realidad del mercado ser\u00e1 posible superar los desaf\u00edos estructurales que enfrenta Bolivia y Am\u00e9rica Latina en general.<\/p>\n<p>El autor es Investigador y analista socioecon\u00f3mico.<\/p>\n","protected":false},"excerpt":{"rendered":"<p>A lo largo de la historia econ\u00f3mica, diversos gobiernos han utilizado el control de precios como estrategia para mitigar crisis hiperinflacionarias y garantizar el acceso a bienes esenciales. Sin embargo, las experiencias en pa\u00edses como Bolivia, Cuba y Venezuela han demostrado que estas pol\u00edticas suelen generar m\u00e1s problemas que soluciones sostenibles. El control de precios [&hellip;]<\/p>\n","protected":false},"author":1,"featured_media":213112,"comment_status":"closed","ping_status":"open","sticky":false,"template":"","format":"standard","meta":{"_acf_changed":false,"footnotes":""},"categories":[9],"tags":[],"class_list":["post-267179","post","type-post","status-publish","format-standard","has-post-thumbnail","category-opinion"],"acf":{"antetitulo":""},"yoast_head":"<!-- This site is optimized with the Yoast SEO plugin v28.4 - https:\/\/yoast.com\/product\/yoast-seo-wordpress\/ -->\n<title>\u00bfBolivia, siguiendo los pasos de Cuba y Venezuela? - El Diario - Bolivia<\/title>\n<meta name=\"robots\" content=\"index, follow, max-snippet:-1, max-image-preview:large, max-video-preview:-1\" \/>\n<link rel=\"canonical\" href=\"https:\/\/www.eldiario.net\/portal\/2024\/12\/11\/bolivia-siguiendo-los-pasos-de-cuba-y-venezuela\/\" \/>\n<meta property=\"og:locale\" content=\"es_ES\" \/>\n<meta property=\"og:type\" content=\"article\" \/>\n<meta property=\"og:title\" content=\"\u00bfBolivia, siguiendo los pasos de Cuba y Venezuela? - El Diario - Bolivia\" \/>\n<meta property=\"og:description\" content=\"A lo largo de la historia econ\u00f3mica, diversos gobiernos han utilizado el control de precios como estrategia para mitigar crisis hiperinflacionarias y garantizar el acceso a bienes esenciales. Sin embargo, las experiencias en pa\u00edses como Bolivia, Cuba y Venezuela han demostrado que estas pol\u00edticas suelen generar m\u00e1s problemas que soluciones sostenibles. El control de precios [&hellip;]\" \/>\n<meta property=\"og:url\" content=\"https:\/\/www.eldiario.net\/portal\/2024\/12\/11\/bolivia-siguiendo-los-pasos-de-cuba-y-venezuela\/\" \/>\n<meta property=\"og:site_name\" content=\"El Diario - Bolivia\" \/>\n<meta property=\"article:publisher\" content=\"https:\/\/www.facebook.com\/eldiario.bolivia\/\" \/>\n<meta property=\"article:published_time\" content=\"2024-12-11T10:03:25+00:00\" \/>\n<meta property=\"og:image\" content=\"https:\/\/www.eldiario.net\/portal\/wp-content\/uploads\/2024\/04\/Miguel-Angel-Amonzabel-Gonzales.jpg\" \/>\n\t<meta property=\"og:image:width\" content=\"1200\" \/>\n\t<meta property=\"og:image:height\" content=\"628\" \/>\n\t<meta property=\"og:image:type\" content=\"image\/jpeg\" \/>\n<meta name=\"author\" content=\"Jeanette\" \/>\n<meta name=\"twitter:card\" content=\"summary_large_image\" \/>\n<meta name=\"twitter:creator\" content=\"@eldiario_net\" \/>\n<meta name=\"twitter:site\" content=\"@eldiario_net\" \/>\n<meta name=\"twitter:label1\" content=\"Escrito por\" \/>\n\t<meta name=\"twitter:data1\" content=\"Jeanette\" \/>\n\t<meta name=\"twitter:label2\" content=\"Tiempo de lectura\" \/>\n\t<meta name=\"twitter:data2\" content=\"4 minutos\" \/>\n<script type=\"application\/ld+json\" class=\"yoast-schema-graph\">{\"@context\":\"https:\\\/\\\/schema.org\",\"@graph\":[{\"@type\":\"Article\",\"@id\":\"https:\\\/\\\/www.eldiario.net\\\/portal\\\/2024\\\/12\\\/11\\\/bolivia-siguiendo-los-pasos-de-cuba-y-venezuela\\\/#article\",\"isPartOf\":{\"@id\":\"https:\\\/\\\/www.eldiario.net\\\/portal\\\/2024\\\/12\\\/11\\\/bolivia-siguiendo-los-pasos-de-cuba-y-venezuela\\\/\"},\"author\":{\"name\":\"Jeanette\",\"@id\":\"https:\\\/\\\/www.eldiario.net\\\/portal\\\/#\\\/schema\\\/person\\\/f46445640444750d7d753ccd04ae01b7\"},\"headline\":\"\u00bfBolivia, siguiendo los pasos de Cuba y Venezuela?\",\"datePublished\":\"2024-12-11T10:03:25+00:00\",\"mainEntityOfPage\":{\"@id\":\"https:\\\/\\\/www.eldiario.net\\\/portal\\\/2024\\\/12\\\/11\\\/bolivia-siguiendo-los-pasos-de-cuba-y-venezuela\\\/\"},\"wordCount\":917,\"publisher\":{\"@id\":\"https:\\\/\\\/www.eldiario.net\\\/portal\\\/#organization\"},\"image\":{\"@id\":\"https:\\\/\\\/www.eldiario.net\\\/portal\\\/2024\\\/12\\\/11\\\/bolivia-siguiendo-los-pasos-de-cuba-y-venezuela\\\/#primaryimage\"},\"thumbnailUrl\":\"https:\\\/\\\/www.eldiario.net\\\/portal\\\/wp-content\\\/uploads\\\/2024\\\/04\\\/Miguel-Angel-Amonzabel-Gonzales.jpg\",\"articleSection\":[\"Opini\u00f3n\"],\"inLanguage\":\"es\"},{\"@type\":\"WebPage\",\"@id\":\"https:\\\/\\\/www.eldiario.net\\\/portal\\\/2024\\\/12\\\/11\\\/bolivia-siguiendo-los-pasos-de-cuba-y-venezuela\\\/\",\"url\":\"https:\\\/\\\/www.eldiario.net\\\/portal\\\/2024\\\/12\\\/11\\\/bolivia-siguiendo-los-pasos-de-cuba-y-venezuela\\\/\",\"name\":\"\u00bfBolivia, siguiendo los pasos de Cuba y Venezuela? - El Diario - Bolivia\",\"isPartOf\":{\"@id\":\"https:\\\/\\\/www.eldiario.net\\\/portal\\\/#website\"},\"primaryImageOfPage\":{\"@id\":\"https:\\\/\\\/www.eldiario.net\\\/portal\\\/2024\\\/12\\\/11\\\/bolivia-siguiendo-los-pasos-de-cuba-y-venezuela\\\/#primaryimage\"},\"image\":{\"@id\":\"https:\\\/\\\/www.eldiario.net\\\/portal\\\/2024\\\/12\\\/11\\\/bolivia-siguiendo-los-pasos-de-cuba-y-venezuela\\\/#primaryimage\"},\"thumbnailUrl\":\"https:\\\/\\\/www.eldiario.net\\\/portal\\\/wp-content\\\/uploads\\\/2024\\\/04\\\/Miguel-Angel-Amonzabel-Gonzales.jpg\",\"datePublished\":\"2024-12-11T10:03:25+00:00\",\"breadcrumb\":{\"@id\":\"https:\\\/\\\/www.eldiario.net\\\/portal\\\/2024\\\/12\\\/11\\\/bolivia-siguiendo-los-pasos-de-cuba-y-venezuela\\\/#breadcrumb\"},\"inLanguage\":\"es\",\"potentialAction\":[{\"@type\":\"ReadAction\",\"target\":[\"https:\\\/\\\/www.eldiario.net\\\/portal\\\/2024\\\/12\\\/11\\\/bolivia-siguiendo-los-pasos-de-cuba-y-venezuela\\\/\"]}]},{\"@type\":\"ImageObject\",\"inLanguage\":\"es\",\"@id\":\"https:\\\/\\\/www.eldiario.net\\\/portal\\\/2024\\\/12\\\/11\\\/bolivia-siguiendo-los-pasos-de-cuba-y-venezuela\\\/#primaryimage\",\"url\":\"https:\\\/\\\/www.eldiario.net\\\/portal\\\/wp-content\\\/uploads\\\/2024\\\/04\\\/Miguel-Angel-Amonzabel-Gonzales.jpg\",\"contentUrl\":\"https:\\\/\\\/www.eldiario.net\\\/portal\\\/wp-content\\\/uploads\\\/2024\\\/04\\\/Miguel-Angel-Amonzabel-Gonzales.jpg\",\"width\":1200,\"height\":628,\"caption\":\"Miguel \u00c1ngel Amonzabel Gonzales\"},{\"@type\":\"BreadcrumbList\",\"@id\":\"https:\\\/\\\/www.eldiario.net\\\/portal\\\/2024\\\/12\\\/11\\\/bolivia-siguiendo-los-pasos-de-cuba-y-venezuela\\\/#breadcrumb\",\"itemListElement\":[{\"@type\":\"ListItem\",\"position\":1,\"name\":\"Portada\",\"item\":\"https:\\\/\\\/www.eldiario.net\\\/portal\\\/\"},{\"@type\":\"ListItem\",\"position\":2,\"name\":\"\u00bfBolivia, siguiendo los pasos de Cuba y Venezuela?\"}]},{\"@type\":\"WebSite\",\"@id\":\"https:\\\/\\\/www.eldiario.net\\\/portal\\\/#website\",\"url\":\"https:\\\/\\\/www.eldiario.net\\\/portal\\\/\",\"name\":\"El Diario - Decano de la prensa nacional\",\"description\":\"El Diario - Decano de la prensa nacional\",\"publisher\":{\"@id\":\"https:\\\/\\\/www.eldiario.net\\\/portal\\\/#organization\"},\"potentialAction\":[{\"@type\":\"SearchAction\",\"target\":{\"@type\":\"EntryPoint\",\"urlTemplate\":\"https:\\\/\\\/www.eldiario.net\\\/portal\\\/?s={search_term_string}\"},\"query-input\":{\"@type\":\"PropertyValueSpecification\",\"valueRequired\":true,\"valueName\":\"search_term_string\"}}],\"inLanguage\":\"es\"},{\"@type\":\"Organization\",\"@id\":\"https:\\\/\\\/www.eldiario.net\\\/portal\\\/#organization\",\"name\":\"El Diario - Decano de la prensa nacional\",\"url\":\"https:\\\/\\\/www.eldiario.net\\\/portal\\\/\",\"logo\":{\"@type\":\"ImageObject\",\"inLanguage\":\"es\",\"@id\":\"https:\\\/\\\/www.eldiario.net\\\/portal\\\/#\\\/schema\\\/logo\\\/image\\\/\",\"url\":\"https:\\\/\\\/www.eldiario.net\\\/portal\\\/wp-content\\\/uploads\\\/2023\\\/07\\\/logo_ED.jpg\",\"contentUrl\":\"https:\\\/\\\/www.eldiario.net\\\/portal\\\/wp-content\\\/uploads\\\/2023\\\/07\\\/logo_ED.jpg\",\"width\":272,\"height\":52,\"caption\":\"El Diario - Decano de la prensa nacional\"},\"image\":{\"@id\":\"https:\\\/\\\/www.eldiario.net\\\/portal\\\/#\\\/schema\\\/logo\\\/image\\\/\"},\"sameAs\":[\"https:\\\/\\\/www.facebook.com\\\/eldiario.bolivia\\\/\",\"https:\\\/\\\/x.com\\\/eldiario_net\"]},{\"@type\":\"Person\",\"@id\":\"https:\\\/\\\/www.eldiario.net\\\/portal\\\/#\\\/schema\\\/person\\\/f46445640444750d7d753ccd04ae01b7\",\"name\":\"Jeanette\",\"image\":{\"@type\":\"ImageObject\",\"inLanguage\":\"es\",\"@id\":\"https:\\\/\\\/secure.gravatar.com\\\/avatar\\\/3ea2118a5f7dad2b7138b1187a6b7ee55f160b9968b66013c3a3ef39dd7e5798?s=96&d=mm&r=g\",\"url\":\"https:\\\/\\\/secure.gravatar.com\\\/avatar\\\/3ea2118a5f7dad2b7138b1187a6b7ee55f160b9968b66013c3a3ef39dd7e5798?s=96&d=mm&r=g\",\"contentUrl\":\"https:\\\/\\\/secure.gravatar.com\\\/avatar\\\/3ea2118a5f7dad2b7138b1187a6b7ee55f160b9968b66013c3a3ef39dd7e5798?s=96&d=mm&r=g\",\"caption\":\"Jeanette\"},\"sameAs\":[\"https:\\\/\\\/www.eldiario.net\\\/portal\"],\"url\":\"https:\\\/\\\/www.eldiario.net\\\/portal\\\/author\\\/jeanette\\\/\"}]}<\/script>\n<!-- \/ Yoast SEO plugin. -->","yoast_head_json":{"title":"\u00bfBolivia, siguiendo los pasos de Cuba y Venezuela? - El Diario - Bolivia","robots":{"index":"index","follow":"follow","max-snippet":"max-snippet:-1","max-image-preview":"max-image-preview:large","max-video-preview":"max-video-preview:-1"},"canonical":"https:\/\/www.eldiario.net\/portal\/2024\/12\/11\/bolivia-siguiendo-los-pasos-de-cuba-y-venezuela\/","og_locale":"es_ES","og_type":"article","og_title":"\u00bfBolivia, siguiendo los pasos de Cuba y Venezuela? - El Diario - Bolivia","og_description":"A lo largo de la historia econ\u00f3mica, diversos gobiernos han utilizado el control de precios como estrategia para mitigar crisis hiperinflacionarias y garantizar el acceso a bienes esenciales. Sin embargo, las experiencias en pa\u00edses como Bolivia, Cuba y Venezuela han demostrado que estas pol\u00edticas suelen generar m\u00e1s problemas que soluciones sostenibles. El control de precios [&hellip;]","og_url":"https:\/\/www.eldiario.net\/portal\/2024\/12\/11\/bolivia-siguiendo-los-pasos-de-cuba-y-venezuela\/","og_site_name":"El Diario - Bolivia","article_publisher":"https:\/\/www.facebook.com\/eldiario.bolivia\/","article_published_time":"2024-12-11T10:03:25+00:00","og_image":[{"width":1200,"height":628,"url":"https:\/\/www.eldiario.net\/portal\/wp-content\/uploads\/2024\/04\/Miguel-Angel-Amonzabel-Gonzales.jpg","type":"image\/jpeg"}],"author":"Jeanette","twitter_card":"summary_large_image","twitter_creator":"@eldiario_net","twitter_site":"@eldiario_net","twitter_misc":{"Escrito por":"Jeanette","Tiempo de lectura":"4 minutos"},"schema":{"@context":"https:\/\/schema.org","@graph":[{"@type":"Article","@id":"https:\/\/www.eldiario.net\/portal\/2024\/12\/11\/bolivia-siguiendo-los-pasos-de-cuba-y-venezuela\/#article","isPartOf":{"@id":"https:\/\/www.eldiario.net\/portal\/2024\/12\/11\/bolivia-siguiendo-los-pasos-de-cuba-y-venezuela\/"},"author":{"name":"Jeanette","@id":"https:\/\/www.eldiario.net\/portal\/#\/schema\/person\/f46445640444750d7d753ccd04ae01b7"},"headline":"\u00bfBolivia, siguiendo los pasos de Cuba y Venezuela?","datePublished":"2024-12-11T10:03:25+00:00","mainEntityOfPage":{"@id":"https:\/\/www.eldiario.net\/portal\/2024\/12\/11\/bolivia-siguiendo-los-pasos-de-cuba-y-venezuela\/"},"wordCount":917,"publisher":{"@id":"https:\/\/www.eldiario.net\/portal\/#organization"},"image":{"@id":"https:\/\/www.eldiario.net\/portal\/2024\/12\/11\/bolivia-siguiendo-los-pasos-de-cuba-y-venezuela\/#primaryimage"},"thumbnailUrl":"https:\/\/www.eldiario.net\/portal\/wp-content\/uploads\/2024\/04\/Miguel-Angel-Amonzabel-Gonzales.jpg","articleSection":["Opini\u00f3n"],"inLanguage":"es"},{"@type":"WebPage","@id":"https:\/\/www.eldiario.net\/portal\/2024\/12\/11\/bolivia-siguiendo-los-pasos-de-cuba-y-venezuela\/","url":"https:\/\/www.eldiario.net\/portal\/2024\/12\/11\/bolivia-siguiendo-los-pasos-de-cuba-y-venezuela\/","name":"\u00bfBolivia, siguiendo los pasos de Cuba y Venezuela? - El Diario - Bolivia","isPartOf":{"@id":"https:\/\/www.eldiario.net\/portal\/#website"},"primaryImageOfPage":{"@id":"https:\/\/www.eldiario.net\/portal\/2024\/12\/11\/bolivia-siguiendo-los-pasos-de-cuba-y-venezuela\/#primaryimage"},"image":{"@id":"https:\/\/www.eldiario.net\/portal\/2024\/12\/11\/bolivia-siguiendo-los-pasos-de-cuba-y-venezuela\/#primaryimage"},"thumbnailUrl":"https:\/\/www.eldiario.net\/portal\/wp-content\/uploads\/2024\/04\/Miguel-Angel-Amonzabel-Gonzales.jpg","datePublished":"2024-12-11T10:03:25+00:00","breadcrumb":{"@id":"https:\/\/www.eldiario.net\/portal\/2024\/12\/11\/bolivia-siguiendo-los-pasos-de-cuba-y-venezuela\/#breadcrumb"},"inLanguage":"es","potentialAction":[{"@type":"ReadAction","target":["https:\/\/www.eldiario.net\/portal\/2024\/12\/11\/bolivia-siguiendo-los-pasos-de-cuba-y-venezuela\/"]}]},{"@type":"ImageObject","inLanguage":"es","@id":"https:\/\/www.eldiario.net\/portal\/2024\/12\/11\/bolivia-siguiendo-los-pasos-de-cuba-y-venezuela\/#primaryimage","url":"https:\/\/www.eldiario.net\/portal\/wp-content\/uploads\/2024\/04\/Miguel-Angel-Amonzabel-Gonzales.jpg","contentUrl":"https:\/\/www.eldiario.net\/portal\/wp-content\/uploads\/2024\/04\/Miguel-Angel-Amonzabel-Gonzales.jpg","width":1200,"height":628,"caption":"Miguel \u00c1ngel Amonzabel Gonzales"},{"@type":"BreadcrumbList","@id":"https:\/\/www.eldiario.net\/portal\/2024\/12\/11\/bolivia-siguiendo-los-pasos-de-cuba-y-venezuela\/#breadcrumb","itemListElement":[{"@type":"ListItem","position":1,"name":"Portada","item":"https:\/\/www.eldiario.net\/portal\/"},{"@type":"ListItem","position":2,"name":"\u00bfBolivia, siguiendo los pasos de Cuba y Venezuela?"}]},{"@type":"WebSite","@id":"https:\/\/www.eldiario.net\/portal\/#website","url":"https:\/\/www.eldiario.net\/portal\/","name":"El Diario - Decano de la prensa nacional","description":"El Diario - Decano de la prensa nacional","publisher":{"@id":"https:\/\/www.eldiario.net\/portal\/#organization"},"potentialAction":[{"@type":"SearchAction","target":{"@type":"EntryPoint","urlTemplate":"https:\/\/www.eldiario.net\/portal\/?s={search_term_string}"},"query-input":{"@type":"PropertyValueSpecification","valueRequired":true,"valueName":"search_term_string"}}],"inLanguage":"es"},{"@type":"Organization","@id":"https:\/\/www.eldiario.net\/portal\/#organization","name":"El Diario - Decano de la prensa nacional","url":"https:\/\/www.eldiario.net\/portal\/","logo":{"@type":"ImageObject","inLanguage":"es","@id":"https:\/\/www.eldiario.net\/portal\/#\/schema\/logo\/image\/","url":"https:\/\/www.eldiario.net\/portal\/wp-content\/uploads\/2023\/07\/logo_ED.jpg","contentUrl":"https:\/\/www.eldiario.net\/portal\/wp-content\/uploads\/2023\/07\/logo_ED.jpg","width":272,"height":52,"caption":"El Diario - Decano de la prensa nacional"},"image":{"@id":"https:\/\/www.eldiario.net\/portal\/#\/schema\/logo\/image\/"},"sameAs":["https:\/\/www.facebook.com\/eldiario.bolivia\/","https:\/\/x.com\/eldiario_net"]},{"@type":"Person","@id":"https:\/\/www.eldiario.net\/portal\/#\/schema\/person\/f46445640444750d7d753ccd04ae01b7","name":"Jeanette","image":{"@type":"ImageObject","inLanguage":"es","@id":"https:\/\/secure.gravatar.com\/avatar\/3ea2118a5f7dad2b7138b1187a6b7ee55f160b9968b66013c3a3ef39dd7e5798?s=96&d=mm&r=g","url":"https:\/\/secure.gravatar.com\/avatar\/3ea2118a5f7dad2b7138b1187a6b7ee55f160b9968b66013c3a3ef39dd7e5798?s=96&d=mm&r=g","contentUrl":"https:\/\/secure.gravatar.com\/avatar\/3ea2118a5f7dad2b7138b1187a6b7ee55f160b9968b66013c3a3ef39dd7e5798?s=96&d=mm&r=g","caption":"Jeanette"},"sameAs":["https:\/\/www.eldiario.net\/portal"],"url":"https:\/\/www.eldiario.net\/portal\/author\/jeanette\/"}]}},"_links":{"self":[{"href":"https:\/\/www.eldiario.net\/portal\/wp-json\/wp\/v2\/posts\/267179","targetHints":{"allow":["GET"]}}],"collection":[{"href":"https:\/\/www.eldiario.net\/portal\/wp-json\/wp\/v2\/posts"}],"about":[{"href":"https:\/\/www.eldiario.net\/portal\/wp-json\/wp\/v2\/types\/post"}],"author":[{"embeddable":true,"href":"https:\/\/www.eldiario.net\/portal\/wp-json\/wp\/v2\/users\/1"}],"replies":[{"embeddable":true,"href":"https:\/\/www.eldiario.net\/portal\/wp-json\/wp\/v2\/comments?post=267179"}],"version-history":[{"count":1,"href":"https:\/\/www.eldiario.net\/portal\/wp-json\/wp\/v2\/posts\/267179\/revisions"}],"predecessor-version":[{"id":267180,"href":"https:\/\/www.eldiario.net\/portal\/wp-json\/wp\/v2\/posts\/267179\/revisions\/267180"}],"wp:featuredmedia":[{"embeddable":true,"href":"https:\/\/www.eldiario.net\/portal\/wp-json\/wp\/v2\/media\/213112"}],"wp:attachment":[{"href":"https:\/\/www.eldiario.net\/portal\/wp-json\/wp\/v2\/media?parent=267179"}],"wp:term":[{"taxonomy":"category","embeddable":true,"href":"https:\/\/www.eldiario.net\/portal\/wp-json\/wp\/v2\/categories?post=267179"},{"taxonomy":"post_tag","embeddable":true,"href":"https:\/\/www.eldiario.net\/portal\/wp-json\/wp\/v2\/tags?post=267179"}],"curies":[{"name":"wp","href":"https:\/\/api.w.org\/{rel}","templated":true}]}}