{"id":267177,"date":"2024-12-11T06:03:00","date_gmt":"2024-12-11T10:03:00","guid":{"rendered":"https:\/\/www.eldiario.net\/portal\/?p=267177"},"modified":"2024-12-11T06:03:00","modified_gmt":"2024-12-11T10:03:00","slug":"el-intelectual-en-su-laberinto","status":"publish","type":"post","link":"https:\/\/www.eldiario.net\/portal\/2024\/12\/11\/el-intelectual-en-su-laberinto\/","title":{"rendered":"El intelectual en su laberinto"},"content":{"rendered":"<p>Desde tiempos de la Ilustraci\u00f3n (siglos XVII-XVIII), la misi\u00f3n de los pensadores y su principal activo, los escritores, ha oscilado entre el compromiso pol\u00edtico y la concientizaci\u00f3n de la sociedad; entre la adhesi\u00f3n org\u00e1nica al poder y la defensa de la lucidez frente a la manipulaci\u00f3n pol\u00edtica. La disyuntiva que hoy se presenta al intelectual latinoamericano no difiere sustancialmente de la que tuvieron que zanjar sus ancestros, pero al igual que en la Guerra Fr\u00eda, el nov\u00edsimo contexto pol\u00edtico ha encumbrado el papel del \u2018acompa\u00f1ante del poder\u2019.<br \/>\nLas razones y caracter\u00edsticas de este fen\u00f3meno var\u00edan de pa\u00eds a pa\u00eds, incluso de una regi\u00f3n a otra, aunque en los contextos de menor desarrollo tienen en com\u00fan el profundo deterioro de la pol\u00edtica y el envilecimiento de su relaci\u00f3n con la cultura.<br \/>\nPara concretar ese v\u00ednculo, el poder estableci\u00f3 lazos clientelares con figuras medi\u00e1ticas capaces de penetrar en los grupos culturales. Por tratarse de una iniciativa novedosa, esta gremializaci\u00f3n no encontr\u00f3 obst\u00e1culos significativos. Al poco tiempo su c\u00fapula administraba partidos acompa\u00f1antes, lideraba redes, avasallaba c\u00e1maras del libro, era due\u00f1a de librer\u00edas y editoriales, determinaba la agenda de casas de cultura, influ\u00eda en cargos universitarios, era accionista de un peri\u00f3dico e interven\u00eda en otros.<br \/>\nLa fisionom\u00eda tentacular de estas logias, de pocos observada por ser ellas mismas quienes acomodaban los reflectores, tuvo en sus inicios un efecto saludable al favorecer actividades leg\u00edtimas, como la organizaci\u00f3n de ferias y el encumbramiento de obras desconocidas.<br \/>\nSin embargo, el creciente poder al margen de la transparencia hizo que las logias cruzaran la l\u00ednea roja que las separaba de la pr\u00e1ctica pandillera, e incursionaran en las t\u00e9cnicas del desprestigio y la marginalizaci\u00f3n. Algunos ejemplos pueden ilustrarlas: el encargo de que un peri\u00f3dico deje de publicar las columnas de cierto escritor; que una casa de cultura rechace la presentaci\u00f3n de un libro (o pida sumas elevadas); que el escritor infamado no pueda publicar en todo el pa\u00eds; rechazar a los autores que publicaron en autoedici\u00f3n; etc.<br \/>\nHace una d\u00e9cada denunci\u00e9 en un diario de Cochabamba la aparici\u00f3n de este fen\u00f3meno y cit\u00e9 a un experto para quien las logias hab\u00edan deformado y empobrecido la expresi\u00f3n intelectual del pa\u00eds. Por esas fechas ten\u00eda listo un manuscrito en el que analizaba la doctrina integracionista de Benedicto Medinaceli, el gran pensador potosino: su propuesta de 1862 anteced\u00eda en un siglo a la Teor\u00eda de la dependencia, muy influyente en nuestro continente. Sin razones visibles, empero, fue silenciada durante 151 a\u00f1os y en el momento de querer rescatarla, el manuscrito fue bloqueado con llamativa coordinaci\u00f3n.<br \/>\nPero es posible presagiar un cambio de tendencias en el papel del intelectual, as\u00ed sea solo porque las logias llevaron muy lejos el compromiso pol\u00edtico y es urgente dignificar la relaci\u00f3n del poder y la cultura; en los hechos: salvar la funci\u00f3n del intelectual como creador de conocimiento y causante de lucidez. Este proceso dispone de m\u00e1s instrumentos que antes. A las publicaciones independientes se han agregado: autoedici\u00f3n, difusi\u00f3n de eventos en la red, edici\u00f3n en otros pa\u00edses, e-books, etc. Ellos ir\u00e1n mermando la funci\u00f3n central de las logias (entrega de votos colectivos al poder) e inviabilizar\u00e1n los m\u00e9todos empobrecedores de la actividad intelectual.<\/p>\n<p>Germ\u00e1n A. de la Reza es autor de \u2018B. T. Medinaceli y su Proyecto de confederaci\u00f3n\u2019, M\u00e9xico, 2019.<\/p>\n","protected":false},"excerpt":{"rendered":"<p>Desde tiempos de la Ilustraci\u00f3n (siglos XVII-XVIII), la misi\u00f3n de los pensadores y su principal activo, los escritores, ha oscilado entre el compromiso pol\u00edtico y la concientizaci\u00f3n de la sociedad; entre la adhesi\u00f3n org\u00e1nica al poder y la defensa de la lucidez frente a la manipulaci\u00f3n pol\u00edtica. La disyuntiva que hoy se presenta al intelectual [&hellip;]<\/p>\n","protected":false},"author":1,"featured_media":194790,"comment_status":"closed","ping_status":"open","sticky":false,"template":"","format":"standard","meta":{"_acf_changed":false,"footnotes":""},"categories":[9],"tags":[],"class_list":["post-267177","post","type-post","status-publish","format-standard","has-post-thumbnail","category-opinion"],"acf":{"antetitulo":""},"yoast_head":"<!-- This site is optimized with the Yoast SEO plugin v28.4 - https:\/\/yoast.com\/product\/yoast-seo-wordpress\/ -->\n<title>El intelectual en su laberinto - El Diario - Bolivia<\/title>\n<meta name=\"robots\" content=\"index, follow, max-snippet:-1, max-image-preview:large, max-video-preview:-1\" \/>\n<link rel=\"canonical\" href=\"https:\/\/www.eldiario.net\/portal\/2024\/12\/11\/el-intelectual-en-su-laberinto\/\" \/>\n<meta property=\"og:locale\" content=\"es_ES\" \/>\n<meta property=\"og:type\" content=\"article\" \/>\n<meta property=\"og:title\" content=\"El intelectual en su laberinto - El Diario - Bolivia\" \/>\n<meta property=\"og:description\" content=\"Desde tiempos de la Ilustraci\u00f3n (siglos XVII-XVIII), la misi\u00f3n de los pensadores y su principal activo, los escritores, ha oscilado entre el compromiso pol\u00edtico y la concientizaci\u00f3n de la sociedad; entre la adhesi\u00f3n org\u00e1nica al poder y la defensa de la lucidez frente a la manipulaci\u00f3n pol\u00edtica. La disyuntiva que hoy se presenta al intelectual [&hellip;]\" \/>\n<meta property=\"og:url\" content=\"https:\/\/www.eldiario.net\/portal\/2024\/12\/11\/el-intelectual-en-su-laberinto\/\" \/>\n<meta property=\"og:site_name\" content=\"El Diario - Bolivia\" \/>\n<meta property=\"article:publisher\" content=\"https:\/\/www.facebook.com\/eldiario.bolivia\/\" \/>\n<meta property=\"article:published_time\" content=\"2024-12-11T10:03:00+00:00\" \/>\n<meta property=\"og:image\" content=\"https:\/\/www.eldiario.net\/portal\/wp-content\/uploads\/2023\/12\/Opinion.jpg\" \/>\n\t<meta property=\"og:image:width\" content=\"800\" \/>\n\t<meta property=\"og:image:height\" content=\"500\" \/>\n\t<meta property=\"og:image:type\" content=\"image\/jpeg\" \/>\n<meta name=\"author\" content=\"Jeanette\" \/>\n<meta name=\"twitter:card\" content=\"summary_large_image\" \/>\n<meta name=\"twitter:creator\" content=\"@eldiario_net\" \/>\n<meta name=\"twitter:site\" content=\"@eldiario_net\" \/>\n<meta name=\"twitter:label1\" content=\"Escrito por\" \/>\n\t<meta name=\"twitter:data1\" content=\"Jeanette\" \/>\n\t<meta name=\"twitter:label2\" content=\"Tiempo de lectura\" \/>\n\t<meta name=\"twitter:data2\" content=\"3 minutos\" \/>\n<script type=\"application\/ld+json\" class=\"yoast-schema-graph\">{\"@context\":\"https:\\\/\\\/schema.org\",\"@graph\":[{\"@type\":\"Article\",\"@id\":\"https:\\\/\\\/www.eldiario.net\\\/portal\\\/2024\\\/12\\\/11\\\/el-intelectual-en-su-laberinto\\\/#article\",\"isPartOf\":{\"@id\":\"https:\\\/\\\/www.eldiario.net\\\/portal\\\/2024\\\/12\\\/11\\\/el-intelectual-en-su-laberinto\\\/\"},\"author\":{\"name\":\"Jeanette\",\"@id\":\"https:\\\/\\\/www.eldiario.net\\\/portal\\\/#\\\/schema\\\/person\\\/f46445640444750d7d753ccd04ae01b7\"},\"headline\":\"El intelectual en su laberinto\",\"datePublished\":\"2024-12-11T10:03:00+00:00\",\"mainEntityOfPage\":{\"@id\":\"https:\\\/\\\/www.eldiario.net\\\/portal\\\/2024\\\/12\\\/11\\\/el-intelectual-en-su-laberinto\\\/\"},\"wordCount\":617,\"publisher\":{\"@id\":\"https:\\\/\\\/www.eldiario.net\\\/portal\\\/#organization\"},\"image\":{\"@id\":\"https:\\\/\\\/www.eldiario.net\\\/portal\\\/2024\\\/12\\\/11\\\/el-intelectual-en-su-laberinto\\\/#primaryimage\"},\"thumbnailUrl\":\"https:\\\/\\\/www.eldiario.net\\\/portal\\\/wp-content\\\/uploads\\\/2023\\\/12\\\/Opinion.jpg\",\"articleSection\":[\"Opini\u00f3n\"],\"inLanguage\":\"es\"},{\"@type\":\"WebPage\",\"@id\":\"https:\\\/\\\/www.eldiario.net\\\/portal\\\/2024\\\/12\\\/11\\\/el-intelectual-en-su-laberinto\\\/\",\"url\":\"https:\\\/\\\/www.eldiario.net\\\/portal\\\/2024\\\/12\\\/11\\\/el-intelectual-en-su-laberinto\\\/\",\"name\":\"El intelectual en su laberinto - El Diario - Bolivia\",\"isPartOf\":{\"@id\":\"https:\\\/\\\/www.eldiario.net\\\/portal\\\/#website\"},\"primaryImageOfPage\":{\"@id\":\"https:\\\/\\\/www.eldiario.net\\\/portal\\\/2024\\\/12\\\/11\\\/el-intelectual-en-su-laberinto\\\/#primaryimage\"},\"image\":{\"@id\":\"https:\\\/\\\/www.eldiario.net\\\/portal\\\/2024\\\/12\\\/11\\\/el-intelectual-en-su-laberinto\\\/#primaryimage\"},\"thumbnailUrl\":\"https:\\\/\\\/www.eldiario.net\\\/portal\\\/wp-content\\\/uploads\\\/2023\\\/12\\\/Opinion.jpg\",\"datePublished\":\"2024-12-11T10:03:00+00:00\",\"breadcrumb\":{\"@id\":\"https:\\\/\\\/www.eldiario.net\\\/portal\\\/2024\\\/12\\\/11\\\/el-intelectual-en-su-laberinto\\\/#breadcrumb\"},\"inLanguage\":\"es\",\"potentialAction\":[{\"@type\":\"ReadAction\",\"target\":[\"https:\\\/\\\/www.eldiario.net\\\/portal\\\/2024\\\/12\\\/11\\\/el-intelectual-en-su-laberinto\\\/\"]}]},{\"@type\":\"ImageObject\",\"inLanguage\":\"es\",\"@id\":\"https:\\\/\\\/www.eldiario.net\\\/portal\\\/2024\\\/12\\\/11\\\/el-intelectual-en-su-laberinto\\\/#primaryimage\",\"url\":\"https:\\\/\\\/www.eldiario.net\\\/portal\\\/wp-content\\\/uploads\\\/2023\\\/12\\\/Opinion.jpg\",\"contentUrl\":\"https:\\\/\\\/www.eldiario.net\\\/portal\\\/wp-content\\\/uploads\\\/2023\\\/12\\\/Opinion.jpg\",\"width\":800,\"height\":500},{\"@type\":\"BreadcrumbList\",\"@id\":\"https:\\\/\\\/www.eldiario.net\\\/portal\\\/2024\\\/12\\\/11\\\/el-intelectual-en-su-laberinto\\\/#breadcrumb\",\"itemListElement\":[{\"@type\":\"ListItem\",\"position\":1,\"name\":\"Portada\",\"item\":\"https:\\\/\\\/www.eldiario.net\\\/portal\\\/\"},{\"@type\":\"ListItem\",\"position\":2,\"name\":\"El intelectual en su laberinto\"}]},{\"@type\":\"WebSite\",\"@id\":\"https:\\\/\\\/www.eldiario.net\\\/portal\\\/#website\",\"url\":\"https:\\\/\\\/www.eldiario.net\\\/portal\\\/\",\"name\":\"El Diario - Decano de la prensa nacional\",\"description\":\"El Diario - Decano de la prensa nacional\",\"publisher\":{\"@id\":\"https:\\\/\\\/www.eldiario.net\\\/portal\\\/#organization\"},\"potentialAction\":[{\"@type\":\"SearchAction\",\"target\":{\"@type\":\"EntryPoint\",\"urlTemplate\":\"https:\\\/\\\/www.eldiario.net\\\/portal\\\/?s={search_term_string}\"},\"query-input\":{\"@type\":\"PropertyValueSpecification\",\"valueRequired\":true,\"valueName\":\"search_term_string\"}}],\"inLanguage\":\"es\"},{\"@type\":\"Organization\",\"@id\":\"https:\\\/\\\/www.eldiario.net\\\/portal\\\/#organization\",\"name\":\"El Diario - Decano de la prensa nacional\",\"url\":\"https:\\\/\\\/www.eldiario.net\\\/portal\\\/\",\"logo\":{\"@type\":\"ImageObject\",\"inLanguage\":\"es\",\"@id\":\"https:\\\/\\\/www.eldiario.net\\\/portal\\\/#\\\/schema\\\/logo\\\/image\\\/\",\"url\":\"https:\\\/\\\/www.eldiario.net\\\/portal\\\/wp-content\\\/uploads\\\/2023\\\/07\\\/logo_ED.jpg\",\"contentUrl\":\"https:\\\/\\\/www.eldiario.net\\\/portal\\\/wp-content\\\/uploads\\\/2023\\\/07\\\/logo_ED.jpg\",\"width\":272,\"height\":52,\"caption\":\"El Diario - Decano de la prensa nacional\"},\"image\":{\"@id\":\"https:\\\/\\\/www.eldiario.net\\\/portal\\\/#\\\/schema\\\/logo\\\/image\\\/\"},\"sameAs\":[\"https:\\\/\\\/www.facebook.com\\\/eldiario.bolivia\\\/\",\"https:\\\/\\\/x.com\\\/eldiario_net\"]},{\"@type\":\"Person\",\"@id\":\"https:\\\/\\\/www.eldiario.net\\\/portal\\\/#\\\/schema\\\/person\\\/f46445640444750d7d753ccd04ae01b7\",\"name\":\"Jeanette\",\"image\":{\"@type\":\"ImageObject\",\"inLanguage\":\"es\",\"@id\":\"https:\\\/\\\/secure.gravatar.com\\\/avatar\\\/3ea2118a5f7dad2b7138b1187a6b7ee55f160b9968b66013c3a3ef39dd7e5798?s=96&d=mm&r=g\",\"url\":\"https:\\\/\\\/secure.gravatar.com\\\/avatar\\\/3ea2118a5f7dad2b7138b1187a6b7ee55f160b9968b66013c3a3ef39dd7e5798?s=96&d=mm&r=g\",\"contentUrl\":\"https:\\\/\\\/secure.gravatar.com\\\/avatar\\\/3ea2118a5f7dad2b7138b1187a6b7ee55f160b9968b66013c3a3ef39dd7e5798?s=96&d=mm&r=g\",\"caption\":\"Jeanette\"},\"sameAs\":[\"https:\\\/\\\/www.eldiario.net\\\/portal\"],\"url\":\"https:\\\/\\\/www.eldiario.net\\\/portal\\\/author\\\/jeanette\\\/\"}]}<\/script>\n<!-- \/ Yoast SEO plugin. -->","yoast_head_json":{"title":"El intelectual en su laberinto - El Diario - Bolivia","robots":{"index":"index","follow":"follow","max-snippet":"max-snippet:-1","max-image-preview":"max-image-preview:large","max-video-preview":"max-video-preview:-1"},"canonical":"https:\/\/www.eldiario.net\/portal\/2024\/12\/11\/el-intelectual-en-su-laberinto\/","og_locale":"es_ES","og_type":"article","og_title":"El intelectual en su laberinto - El Diario - Bolivia","og_description":"Desde tiempos de la Ilustraci\u00f3n (siglos XVII-XVIII), la misi\u00f3n de los pensadores y su principal activo, los escritores, ha oscilado entre el compromiso pol\u00edtico y la concientizaci\u00f3n de la sociedad; entre la adhesi\u00f3n org\u00e1nica al poder y la defensa de la lucidez frente a la manipulaci\u00f3n pol\u00edtica. La disyuntiva que hoy se presenta al intelectual [&hellip;]","og_url":"https:\/\/www.eldiario.net\/portal\/2024\/12\/11\/el-intelectual-en-su-laberinto\/","og_site_name":"El Diario - Bolivia","article_publisher":"https:\/\/www.facebook.com\/eldiario.bolivia\/","article_published_time":"2024-12-11T10:03:00+00:00","og_image":[{"width":800,"height":500,"url":"https:\/\/www.eldiario.net\/portal\/wp-content\/uploads\/2023\/12\/Opinion.jpg","type":"image\/jpeg"}],"author":"Jeanette","twitter_card":"summary_large_image","twitter_creator":"@eldiario_net","twitter_site":"@eldiario_net","twitter_misc":{"Escrito por":"Jeanette","Tiempo de lectura":"3 minutos"},"schema":{"@context":"https:\/\/schema.org","@graph":[{"@type":"Article","@id":"https:\/\/www.eldiario.net\/portal\/2024\/12\/11\/el-intelectual-en-su-laberinto\/#article","isPartOf":{"@id":"https:\/\/www.eldiario.net\/portal\/2024\/12\/11\/el-intelectual-en-su-laberinto\/"},"author":{"name":"Jeanette","@id":"https:\/\/www.eldiario.net\/portal\/#\/schema\/person\/f46445640444750d7d753ccd04ae01b7"},"headline":"El intelectual en su laberinto","datePublished":"2024-12-11T10:03:00+00:00","mainEntityOfPage":{"@id":"https:\/\/www.eldiario.net\/portal\/2024\/12\/11\/el-intelectual-en-su-laberinto\/"},"wordCount":617,"publisher":{"@id":"https:\/\/www.eldiario.net\/portal\/#organization"},"image":{"@id":"https:\/\/www.eldiario.net\/portal\/2024\/12\/11\/el-intelectual-en-su-laberinto\/#primaryimage"},"thumbnailUrl":"https:\/\/www.eldiario.net\/portal\/wp-content\/uploads\/2023\/12\/Opinion.jpg","articleSection":["Opini\u00f3n"],"inLanguage":"es"},{"@type":"WebPage","@id":"https:\/\/www.eldiario.net\/portal\/2024\/12\/11\/el-intelectual-en-su-laberinto\/","url":"https:\/\/www.eldiario.net\/portal\/2024\/12\/11\/el-intelectual-en-su-laberinto\/","name":"El intelectual en su laberinto - El Diario - Bolivia","isPartOf":{"@id":"https:\/\/www.eldiario.net\/portal\/#website"},"primaryImageOfPage":{"@id":"https:\/\/www.eldiario.net\/portal\/2024\/12\/11\/el-intelectual-en-su-laberinto\/#primaryimage"},"image":{"@id":"https:\/\/www.eldiario.net\/portal\/2024\/12\/11\/el-intelectual-en-su-laberinto\/#primaryimage"},"thumbnailUrl":"https:\/\/www.eldiario.net\/portal\/wp-content\/uploads\/2023\/12\/Opinion.jpg","datePublished":"2024-12-11T10:03:00+00:00","breadcrumb":{"@id":"https:\/\/www.eldiario.net\/portal\/2024\/12\/11\/el-intelectual-en-su-laberinto\/#breadcrumb"},"inLanguage":"es","potentialAction":[{"@type":"ReadAction","target":["https:\/\/www.eldiario.net\/portal\/2024\/12\/11\/el-intelectual-en-su-laberinto\/"]}]},{"@type":"ImageObject","inLanguage":"es","@id":"https:\/\/www.eldiario.net\/portal\/2024\/12\/11\/el-intelectual-en-su-laberinto\/#primaryimage","url":"https:\/\/www.eldiario.net\/portal\/wp-content\/uploads\/2023\/12\/Opinion.jpg","contentUrl":"https:\/\/www.eldiario.net\/portal\/wp-content\/uploads\/2023\/12\/Opinion.jpg","width":800,"height":500},{"@type":"BreadcrumbList","@id":"https:\/\/www.eldiario.net\/portal\/2024\/12\/11\/el-intelectual-en-su-laberinto\/#breadcrumb","itemListElement":[{"@type":"ListItem","position":1,"name":"Portada","item":"https:\/\/www.eldiario.net\/portal\/"},{"@type":"ListItem","position":2,"name":"El intelectual en su laberinto"}]},{"@type":"WebSite","@id":"https:\/\/www.eldiario.net\/portal\/#website","url":"https:\/\/www.eldiario.net\/portal\/","name":"El Diario - Decano de la prensa nacional","description":"El Diario - Decano de la prensa nacional","publisher":{"@id":"https:\/\/www.eldiario.net\/portal\/#organization"},"potentialAction":[{"@type":"SearchAction","target":{"@type":"EntryPoint","urlTemplate":"https:\/\/www.eldiario.net\/portal\/?s={search_term_string}"},"query-input":{"@type":"PropertyValueSpecification","valueRequired":true,"valueName":"search_term_string"}}],"inLanguage":"es"},{"@type":"Organization","@id":"https:\/\/www.eldiario.net\/portal\/#organization","name":"El Diario - Decano de la prensa nacional","url":"https:\/\/www.eldiario.net\/portal\/","logo":{"@type":"ImageObject","inLanguage":"es","@id":"https:\/\/www.eldiario.net\/portal\/#\/schema\/logo\/image\/","url":"https:\/\/www.eldiario.net\/portal\/wp-content\/uploads\/2023\/07\/logo_ED.jpg","contentUrl":"https:\/\/www.eldiario.net\/portal\/wp-content\/uploads\/2023\/07\/logo_ED.jpg","width":272,"height":52,"caption":"El Diario - Decano de la prensa nacional"},"image":{"@id":"https:\/\/www.eldiario.net\/portal\/#\/schema\/logo\/image\/"},"sameAs":["https:\/\/www.facebook.com\/eldiario.bolivia\/","https:\/\/x.com\/eldiario_net"]},{"@type":"Person","@id":"https:\/\/www.eldiario.net\/portal\/#\/schema\/person\/f46445640444750d7d753ccd04ae01b7","name":"Jeanette","image":{"@type":"ImageObject","inLanguage":"es","@id":"https:\/\/secure.gravatar.com\/avatar\/3ea2118a5f7dad2b7138b1187a6b7ee55f160b9968b66013c3a3ef39dd7e5798?s=96&d=mm&r=g","url":"https:\/\/secure.gravatar.com\/avatar\/3ea2118a5f7dad2b7138b1187a6b7ee55f160b9968b66013c3a3ef39dd7e5798?s=96&d=mm&r=g","contentUrl":"https:\/\/secure.gravatar.com\/avatar\/3ea2118a5f7dad2b7138b1187a6b7ee55f160b9968b66013c3a3ef39dd7e5798?s=96&d=mm&r=g","caption":"Jeanette"},"sameAs":["https:\/\/www.eldiario.net\/portal"],"url":"https:\/\/www.eldiario.net\/portal\/author\/jeanette\/"}]}},"_links":{"self":[{"href":"https:\/\/www.eldiario.net\/portal\/wp-json\/wp\/v2\/posts\/267177","targetHints":{"allow":["GET"]}}],"collection":[{"href":"https:\/\/www.eldiario.net\/portal\/wp-json\/wp\/v2\/posts"}],"about":[{"href":"https:\/\/www.eldiario.net\/portal\/wp-json\/wp\/v2\/types\/post"}],"author":[{"embeddable":true,"href":"https:\/\/www.eldiario.net\/portal\/wp-json\/wp\/v2\/users\/1"}],"replies":[{"embeddable":true,"href":"https:\/\/www.eldiario.net\/portal\/wp-json\/wp\/v2\/comments?post=267177"}],"version-history":[{"count":1,"href":"https:\/\/www.eldiario.net\/portal\/wp-json\/wp\/v2\/posts\/267177\/revisions"}],"predecessor-version":[{"id":267178,"href":"https:\/\/www.eldiario.net\/portal\/wp-json\/wp\/v2\/posts\/267177\/revisions\/267178"}],"wp:featuredmedia":[{"embeddable":true,"href":"https:\/\/www.eldiario.net\/portal\/wp-json\/wp\/v2\/media\/194790"}],"wp:attachment":[{"href":"https:\/\/www.eldiario.net\/portal\/wp-json\/wp\/v2\/media?parent=267177"}],"wp:term":[{"taxonomy":"category","embeddable":true,"href":"https:\/\/www.eldiario.net\/portal\/wp-json\/wp\/v2\/categories?post=267177"},{"taxonomy":"post_tag","embeddable":true,"href":"https:\/\/www.eldiario.net\/portal\/wp-json\/wp\/v2\/tags?post=267177"}],"curies":[{"name":"wp","href":"https:\/\/api.w.org\/{rel}","templated":true}]}}