{"id":267169,"date":"2024-12-11T06:01:24","date_gmt":"2024-12-11T10:01:24","guid":{"rendered":"https:\/\/www.eldiario.net\/portal\/?p=267169"},"modified":"2024-12-11T06:01:24","modified_gmt":"2024-12-11T10:01:24","slug":"acuerdan-abastecimiento-de-aceite-y-manana-analizaran-levantar-suspension-de-exportacion","status":"publish","type":"post","link":"https:\/\/www.eldiario.net\/portal\/2024\/12\/11\/acuerdan-abastecimiento-de-aceite-y-manana-analizaran-levantar-suspension-de-exportacion\/","title":{"rendered":"Acuerdan abastecimiento de aceite y ma\u00f1ana  analizar\u00e1n levantar suspensi\u00f3n de exportaci\u00f3n"},"content":{"rendered":"<p>Tras una reuni\u00f3n entre autoridades de Gobierno y representantes de la C\u00e1mara Nacional de Industrias Oleaginosas de Bolivia (Caniob), se acord\u00f3 abastecer aceite a precios regulados y ma\u00f1ana evaluar\u00e1n la suspensi\u00f3n de la prohibici\u00f3n de la exportaci\u00f3n del producto.<br \/>\nAsimismo, se comprometieron a garantizar el suministro de aceite requerido al mercado interno a un precio regulado de hasta 11 bolivianos la botella de 900 mililitros y de 10 el litro de granel.<br \/>\nLa industria oleaginosa a partir de la fecha se compromete a continuar y garantizar el abastecimiento de aceite al mercado interno en cantidades suficientes para regularizar el abastecimiento y a un precio regulado de hasta 11 bolivianos la botella de 900 ml y 10 el litro a granel, seg\u00fan el acta de acuerdo de provisi\u00f3n de aceite al mercado interno.<br \/>\nDespu\u00e9s de la reuni\u00f3n realizada ayer, entre la C\u00e1mara Nacional de Industrias Oleaginosas de Bolivia (Caniob) con el Ministerio de Desarrollo Productivo y Econom\u00eda Plural (MDPyEP) y el Viceministerio de Defensa al Usuario y Consumidor, del Ministerio de Justicia y Transparencia Institucional.<br \/>\nTambi\u00e9n se acord\u00f3 que los productores presentar\u00e1n al MDPyEP informaci\u00f3n adicional de sus compradores, con el objeto de realizar el seguimiento y control a los intermediarios y\/o distribuidores de aceite.<br \/>\nAsimismo, los Viceministerios de Pol\u00edticas de Industrializaci\u00f3n, Viceministerio de Comercio y Log\u00edstica Interna y Viceministerio de Defensa al Usuario y Consumidor, visitar\u00e1n a las industrias refinadoras de aceite para hacer seguimiento al despacho del aceite y env\u00edo del mismo hasta el consumidor final.<br \/>\nOtro punto de los acuerdos, se\u00f1ala que se conforma una mesa t\u00e9cnica para realizar el seguimiento permanente de abastecimiento de subproductos de soya y realizar el an\u00e1lisis y revisi\u00f3n de las condiciones del mercado interno del sector oleaginoso.<br \/>\nFinalmente, acordaron una reuni\u00f3n para ma\u00f1ana de evaluaci\u00f3n de abastecimiento al mercado interno y definir para levantar la suspensi\u00f3n temporal de exportaci\u00f3n de aceite.<br \/>\nInforme<br \/>\nMientras tanto, ayer por la ma\u00f1ana, el ministro de Desarrollo Rural y Tierras, Yamil Flores, inform\u00f3 la producci\u00f3n del mismo y cu\u00e1nto absorbe el mercado interno y los vol\u00famenes que se env\u00edan al mercado exterior, pero no mencion\u00f3 la compra que hace Yacimientos Petrol\u00edferos Fiscales Bolivianos (YPFB) para la elaboraci\u00f3n de biodi\u00e9sel.<br \/>\nExplic\u00f3 con cifras en mano, que la producci\u00f3n nacional de aceite de soya cubre la demanda interna y anunci\u00f3 que la exportaci\u00f3n del producto se volver\u00e1 a liberar cuando haya estabilidad en el precio.<br \/>\nEste a\u00f1o 2024, de enero a noviembre, la industria oleaginosa produjo 161.341 toneladas de aceite refinado, de las que 104.889 tn (el 62%) se destinaron a la exportaci\u00f3n, expuso la autoridad en conferencia de prensa.<br \/>\n\u201cTenemos la producci\u00f3n suficiente, por dem\u00e1s de aceite, no hay por qu\u00e9 hubiera subido el precio del producto en los mercados cuando se produce en los vol\u00famenes que las mismas empresas reportan. Esta suspensi\u00f3n de las exportaciones es temporal\u201d, remarc\u00f3 Flores.<\/p>\n","protected":false},"excerpt":{"rendered":"<p>Tras una reuni\u00f3n entre autoridades de Gobierno y representantes de la C\u00e1mara Nacional de Industrias Oleaginosas de Bolivia (Caniob), se acord\u00f3 abastecer aceite a precios regulados y ma\u00f1ana evaluar\u00e1n la suspensi\u00f3n de la prohibici\u00f3n de la exportaci\u00f3n del producto. Asimismo, se comprometieron a garantizar el suministro de aceite requerido al mercado interno a un precio [&hellip;]<\/p>\n","protected":false},"author":1,"featured_media":267170,"comment_status":"closed","ping_status":"open","sticky":false,"template":"","format":"standard","meta":{"_acf_changed":false,"footnotes":""},"categories":[7],"tags":[],"class_list":["post-267169","post","type-post","status-publish","format-standard","has-post-thumbnail","category-economia"],"acf":{"antetitulo":""},"yoast_head":"<!-- This site is optimized with the Yoast SEO plugin v28.4 - https:\/\/yoast.com\/product\/yoast-seo-wordpress\/ -->\n<title>Acuerdan abastecimiento de aceite y ma\u00f1ana analizar\u00e1n levantar suspensi\u00f3n de exportaci\u00f3n - El Diario - Bolivia<\/title>\n<meta name=\"robots\" content=\"index, follow, max-snippet:-1, max-image-preview:large, max-video-preview:-1\" \/>\n<link rel=\"canonical\" href=\"https:\/\/www.eldiario.net\/portal\/2024\/12\/11\/acuerdan-abastecimiento-de-aceite-y-manana-analizaran-levantar-suspension-de-exportacion\/\" \/>\n<meta property=\"og:locale\" content=\"es_ES\" \/>\n<meta property=\"og:type\" content=\"article\" \/>\n<meta property=\"og:title\" content=\"Acuerdan abastecimiento de aceite y ma\u00f1ana analizar\u00e1n levantar suspensi\u00f3n de exportaci\u00f3n - El Diario - Bolivia\" \/>\n<meta property=\"og:description\" content=\"Tras una reuni\u00f3n entre autoridades de Gobierno y representantes de la C\u00e1mara Nacional de Industrias Oleaginosas de Bolivia (Caniob), se acord\u00f3 abastecer aceite a precios regulados y ma\u00f1ana evaluar\u00e1n la suspensi\u00f3n de la prohibici\u00f3n de la exportaci\u00f3n del producto. Asimismo, se comprometieron a garantizar el suministro de aceite requerido al mercado interno a un precio [&hellip;]\" \/>\n<meta property=\"og:url\" content=\"https:\/\/www.eldiario.net\/portal\/2024\/12\/11\/acuerdan-abastecimiento-de-aceite-y-manana-analizaran-levantar-suspension-de-exportacion\/\" \/>\n<meta property=\"og:site_name\" content=\"El Diario - Bolivia\" \/>\n<meta property=\"article:publisher\" content=\"https:\/\/www.facebook.com\/eldiario.bolivia\/\" \/>\n<meta property=\"article:published_time\" content=\"2024-12-11T10:01:24+00:00\" \/>\n<meta property=\"og:image\" content=\"https:\/\/www.eldiario.net\/portal\/wp-content\/uploads\/2024\/12\/aceite-3.jpg\" \/>\n\t<meta property=\"og:image:width\" content=\"1280\" \/>\n\t<meta property=\"og:image:height\" content=\"853\" \/>\n\t<meta property=\"og:image:type\" content=\"image\/jpeg\" \/>\n<meta name=\"author\" content=\"Jeanette\" \/>\n<meta name=\"twitter:card\" content=\"summary_large_image\" \/>\n<meta name=\"twitter:creator\" content=\"@eldiario_net\" \/>\n<meta name=\"twitter:site\" content=\"@eldiario_net\" \/>\n<meta name=\"twitter:label1\" content=\"Escrito por\" \/>\n\t<meta name=\"twitter:data1\" content=\"Jeanette\" \/>\n\t<meta name=\"twitter:label2\" content=\"Tiempo de lectura\" \/>\n\t<meta name=\"twitter:data2\" content=\"3 minutos\" \/>\n<script type=\"application\/ld+json\" class=\"yoast-schema-graph\">{\"@context\":\"https:\\\/\\\/schema.org\",\"@graph\":[{\"@type\":\"Article\",\"@id\":\"https:\\\/\\\/www.eldiario.net\\\/portal\\\/2024\\\/12\\\/11\\\/acuerdan-abastecimiento-de-aceite-y-manana-analizaran-levantar-suspension-de-exportacion\\\/#article\",\"isPartOf\":{\"@id\":\"https:\\\/\\\/www.eldiario.net\\\/portal\\\/2024\\\/12\\\/11\\\/acuerdan-abastecimiento-de-aceite-y-manana-analizaran-levantar-suspension-de-exportacion\\\/\"},\"author\":{\"name\":\"Jeanette\",\"@id\":\"https:\\\/\\\/www.eldiario.net\\\/portal\\\/#\\\/schema\\\/person\\\/f46445640444750d7d753ccd04ae01b7\"},\"headline\":\"Acuerdan abastecimiento de aceite y ma\u00f1ana analizar\u00e1n levantar suspensi\u00f3n de exportaci\u00f3n\",\"datePublished\":\"2024-12-11T10:01:24+00:00\",\"mainEntityOfPage\":{\"@id\":\"https:\\\/\\\/www.eldiario.net\\\/portal\\\/2024\\\/12\\\/11\\\/acuerdan-abastecimiento-de-aceite-y-manana-analizaran-levantar-suspension-de-exportacion\\\/\"},\"wordCount\":524,\"publisher\":{\"@id\":\"https:\\\/\\\/www.eldiario.net\\\/portal\\\/#organization\"},\"image\":{\"@id\":\"https:\\\/\\\/www.eldiario.net\\\/portal\\\/2024\\\/12\\\/11\\\/acuerdan-abastecimiento-de-aceite-y-manana-analizaran-levantar-suspension-de-exportacion\\\/#primaryimage\"},\"thumbnailUrl\":\"https:\\\/\\\/www.eldiario.net\\\/portal\\\/wp-content\\\/uploads\\\/2024\\\/12\\\/aceite-3.jpg\",\"articleSection\":[\"Econom\u00eda\"],\"inLanguage\":\"es\"},{\"@type\":\"WebPage\",\"@id\":\"https:\\\/\\\/www.eldiario.net\\\/portal\\\/2024\\\/12\\\/11\\\/acuerdan-abastecimiento-de-aceite-y-manana-analizaran-levantar-suspension-de-exportacion\\\/\",\"url\":\"https:\\\/\\\/www.eldiario.net\\\/portal\\\/2024\\\/12\\\/11\\\/acuerdan-abastecimiento-de-aceite-y-manana-analizaran-levantar-suspension-de-exportacion\\\/\",\"name\":\"Acuerdan abastecimiento de aceite y ma\u00f1ana analizar\u00e1n levantar suspensi\u00f3n de exportaci\u00f3n - El Diario - Bolivia\",\"isPartOf\":{\"@id\":\"https:\\\/\\\/www.eldiario.net\\\/portal\\\/#website\"},\"primaryImageOfPage\":{\"@id\":\"https:\\\/\\\/www.eldiario.net\\\/portal\\\/2024\\\/12\\\/11\\\/acuerdan-abastecimiento-de-aceite-y-manana-analizaran-levantar-suspension-de-exportacion\\\/#primaryimage\"},\"image\":{\"@id\":\"https:\\\/\\\/www.eldiario.net\\\/portal\\\/2024\\\/12\\\/11\\\/acuerdan-abastecimiento-de-aceite-y-manana-analizaran-levantar-suspension-de-exportacion\\\/#primaryimage\"},\"thumbnailUrl\":\"https:\\\/\\\/www.eldiario.net\\\/portal\\\/wp-content\\\/uploads\\\/2024\\\/12\\\/aceite-3.jpg\",\"datePublished\":\"2024-12-11T10:01:24+00:00\",\"breadcrumb\":{\"@id\":\"https:\\\/\\\/www.eldiario.net\\\/portal\\\/2024\\\/12\\\/11\\\/acuerdan-abastecimiento-de-aceite-y-manana-analizaran-levantar-suspension-de-exportacion\\\/#breadcrumb\"},\"inLanguage\":\"es\",\"potentialAction\":[{\"@type\":\"ReadAction\",\"target\":[\"https:\\\/\\\/www.eldiario.net\\\/portal\\\/2024\\\/12\\\/11\\\/acuerdan-abastecimiento-de-aceite-y-manana-analizaran-levantar-suspension-de-exportacion\\\/\"]}]},{\"@type\":\"ImageObject\",\"inLanguage\":\"es\",\"@id\":\"https:\\\/\\\/www.eldiario.net\\\/portal\\\/2024\\\/12\\\/11\\\/acuerdan-abastecimiento-de-aceite-y-manana-analizaran-levantar-suspension-de-exportacion\\\/#primaryimage\",\"url\":\"https:\\\/\\\/www.eldiario.net\\\/portal\\\/wp-content\\\/uploads\\\/2024\\\/12\\\/aceite-3.jpg\",\"contentUrl\":\"https:\\\/\\\/www.eldiario.net\\\/portal\\\/wp-content\\\/uploads\\\/2024\\\/12\\\/aceite-3.jpg\",\"width\":1280,\"height\":853,\"caption\":\"Autoridades y representantes de Caniob.\"},{\"@type\":\"BreadcrumbList\",\"@id\":\"https:\\\/\\\/www.eldiario.net\\\/portal\\\/2024\\\/12\\\/11\\\/acuerdan-abastecimiento-de-aceite-y-manana-analizaran-levantar-suspension-de-exportacion\\\/#breadcrumb\",\"itemListElement\":[{\"@type\":\"ListItem\",\"position\":1,\"name\":\"Portada\",\"item\":\"https:\\\/\\\/www.eldiario.net\\\/portal\\\/\"},{\"@type\":\"ListItem\",\"position\":2,\"name\":\"Acuerdan abastecimiento de aceite y ma\u00f1ana analizar\u00e1n levantar suspensi\u00f3n de exportaci\u00f3n\"}]},{\"@type\":\"WebSite\",\"@id\":\"https:\\\/\\\/www.eldiario.net\\\/portal\\\/#website\",\"url\":\"https:\\\/\\\/www.eldiario.net\\\/portal\\\/\",\"name\":\"El Diario - Decano de la prensa nacional\",\"description\":\"El Diario - Decano de la prensa nacional\",\"publisher\":{\"@id\":\"https:\\\/\\\/www.eldiario.net\\\/portal\\\/#organization\"},\"potentialAction\":[{\"@type\":\"SearchAction\",\"target\":{\"@type\":\"EntryPoint\",\"urlTemplate\":\"https:\\\/\\\/www.eldiario.net\\\/portal\\\/?s={search_term_string}\"},\"query-input\":{\"@type\":\"PropertyValueSpecification\",\"valueRequired\":true,\"valueName\":\"search_term_string\"}}],\"inLanguage\":\"es\"},{\"@type\":\"Organization\",\"@id\":\"https:\\\/\\\/www.eldiario.net\\\/portal\\\/#organization\",\"name\":\"El Diario - Decano de la prensa nacional\",\"url\":\"https:\\\/\\\/www.eldiario.net\\\/portal\\\/\",\"logo\":{\"@type\":\"ImageObject\",\"inLanguage\":\"es\",\"@id\":\"https:\\\/\\\/www.eldiario.net\\\/portal\\\/#\\\/schema\\\/logo\\\/image\\\/\",\"url\":\"https:\\\/\\\/www.eldiario.net\\\/portal\\\/wp-content\\\/uploads\\\/2023\\\/07\\\/logo_ED.jpg\",\"contentUrl\":\"https:\\\/\\\/www.eldiario.net\\\/portal\\\/wp-content\\\/uploads\\\/2023\\\/07\\\/logo_ED.jpg\",\"width\":272,\"height\":52,\"caption\":\"El Diario - Decano de la prensa nacional\"},\"image\":{\"@id\":\"https:\\\/\\\/www.eldiario.net\\\/portal\\\/#\\\/schema\\\/logo\\\/image\\\/\"},\"sameAs\":[\"https:\\\/\\\/www.facebook.com\\\/eldiario.bolivia\\\/\",\"https:\\\/\\\/x.com\\\/eldiario_net\"]},{\"@type\":\"Person\",\"@id\":\"https:\\\/\\\/www.eldiario.net\\\/portal\\\/#\\\/schema\\\/person\\\/f46445640444750d7d753ccd04ae01b7\",\"name\":\"Jeanette\",\"image\":{\"@type\":\"ImageObject\",\"inLanguage\":\"es\",\"@id\":\"https:\\\/\\\/secure.gravatar.com\\\/avatar\\\/3ea2118a5f7dad2b7138b1187a6b7ee55f160b9968b66013c3a3ef39dd7e5798?s=96&d=mm&r=g\",\"url\":\"https:\\\/\\\/secure.gravatar.com\\\/avatar\\\/3ea2118a5f7dad2b7138b1187a6b7ee55f160b9968b66013c3a3ef39dd7e5798?s=96&d=mm&r=g\",\"contentUrl\":\"https:\\\/\\\/secure.gravatar.com\\\/avatar\\\/3ea2118a5f7dad2b7138b1187a6b7ee55f160b9968b66013c3a3ef39dd7e5798?s=96&d=mm&r=g\",\"caption\":\"Jeanette\"},\"sameAs\":[\"https:\\\/\\\/www.eldiario.net\\\/portal\"],\"url\":\"https:\\\/\\\/www.eldiario.net\\\/portal\\\/author\\\/jeanette\\\/\"}]}<\/script>\n<!-- \/ Yoast SEO plugin. -->","yoast_head_json":{"title":"Acuerdan abastecimiento de aceite y ma\u00f1ana analizar\u00e1n levantar suspensi\u00f3n de exportaci\u00f3n - El Diario - Bolivia","robots":{"index":"index","follow":"follow","max-snippet":"max-snippet:-1","max-image-preview":"max-image-preview:large","max-video-preview":"max-video-preview:-1"},"canonical":"https:\/\/www.eldiario.net\/portal\/2024\/12\/11\/acuerdan-abastecimiento-de-aceite-y-manana-analizaran-levantar-suspension-de-exportacion\/","og_locale":"es_ES","og_type":"article","og_title":"Acuerdan abastecimiento de aceite y ma\u00f1ana analizar\u00e1n levantar suspensi\u00f3n de exportaci\u00f3n - El Diario - Bolivia","og_description":"Tras una reuni\u00f3n entre autoridades de Gobierno y representantes de la C\u00e1mara Nacional de Industrias Oleaginosas de Bolivia (Caniob), se acord\u00f3 abastecer aceite a precios regulados y ma\u00f1ana evaluar\u00e1n la suspensi\u00f3n de la prohibici\u00f3n de la exportaci\u00f3n del producto. Asimismo, se comprometieron a garantizar el suministro de aceite requerido al mercado interno a un precio [&hellip;]","og_url":"https:\/\/www.eldiario.net\/portal\/2024\/12\/11\/acuerdan-abastecimiento-de-aceite-y-manana-analizaran-levantar-suspension-de-exportacion\/","og_site_name":"El Diario - Bolivia","article_publisher":"https:\/\/www.facebook.com\/eldiario.bolivia\/","article_published_time":"2024-12-11T10:01:24+00:00","og_image":[{"width":1280,"height":853,"url":"https:\/\/www.eldiario.net\/portal\/wp-content\/uploads\/2024\/12\/aceite-3.jpg","type":"image\/jpeg"}],"author":"Jeanette","twitter_card":"summary_large_image","twitter_creator":"@eldiario_net","twitter_site":"@eldiario_net","twitter_misc":{"Escrito por":"Jeanette","Tiempo de lectura":"3 minutos"},"schema":{"@context":"https:\/\/schema.org","@graph":[{"@type":"Article","@id":"https:\/\/www.eldiario.net\/portal\/2024\/12\/11\/acuerdan-abastecimiento-de-aceite-y-manana-analizaran-levantar-suspension-de-exportacion\/#article","isPartOf":{"@id":"https:\/\/www.eldiario.net\/portal\/2024\/12\/11\/acuerdan-abastecimiento-de-aceite-y-manana-analizaran-levantar-suspension-de-exportacion\/"},"author":{"name":"Jeanette","@id":"https:\/\/www.eldiario.net\/portal\/#\/schema\/person\/f46445640444750d7d753ccd04ae01b7"},"headline":"Acuerdan abastecimiento de aceite y ma\u00f1ana analizar\u00e1n levantar suspensi\u00f3n de exportaci\u00f3n","datePublished":"2024-12-11T10:01:24+00:00","mainEntityOfPage":{"@id":"https:\/\/www.eldiario.net\/portal\/2024\/12\/11\/acuerdan-abastecimiento-de-aceite-y-manana-analizaran-levantar-suspension-de-exportacion\/"},"wordCount":524,"publisher":{"@id":"https:\/\/www.eldiario.net\/portal\/#organization"},"image":{"@id":"https:\/\/www.eldiario.net\/portal\/2024\/12\/11\/acuerdan-abastecimiento-de-aceite-y-manana-analizaran-levantar-suspension-de-exportacion\/#primaryimage"},"thumbnailUrl":"https:\/\/www.eldiario.net\/portal\/wp-content\/uploads\/2024\/12\/aceite-3.jpg","articleSection":["Econom\u00eda"],"inLanguage":"es"},{"@type":"WebPage","@id":"https:\/\/www.eldiario.net\/portal\/2024\/12\/11\/acuerdan-abastecimiento-de-aceite-y-manana-analizaran-levantar-suspension-de-exportacion\/","url":"https:\/\/www.eldiario.net\/portal\/2024\/12\/11\/acuerdan-abastecimiento-de-aceite-y-manana-analizaran-levantar-suspension-de-exportacion\/","name":"Acuerdan abastecimiento de aceite y ma\u00f1ana analizar\u00e1n levantar suspensi\u00f3n de exportaci\u00f3n - El Diario - Bolivia","isPartOf":{"@id":"https:\/\/www.eldiario.net\/portal\/#website"},"primaryImageOfPage":{"@id":"https:\/\/www.eldiario.net\/portal\/2024\/12\/11\/acuerdan-abastecimiento-de-aceite-y-manana-analizaran-levantar-suspension-de-exportacion\/#primaryimage"},"image":{"@id":"https:\/\/www.eldiario.net\/portal\/2024\/12\/11\/acuerdan-abastecimiento-de-aceite-y-manana-analizaran-levantar-suspension-de-exportacion\/#primaryimage"},"thumbnailUrl":"https:\/\/www.eldiario.net\/portal\/wp-content\/uploads\/2024\/12\/aceite-3.jpg","datePublished":"2024-12-11T10:01:24+00:00","breadcrumb":{"@id":"https:\/\/www.eldiario.net\/portal\/2024\/12\/11\/acuerdan-abastecimiento-de-aceite-y-manana-analizaran-levantar-suspension-de-exportacion\/#breadcrumb"},"inLanguage":"es","potentialAction":[{"@type":"ReadAction","target":["https:\/\/www.eldiario.net\/portal\/2024\/12\/11\/acuerdan-abastecimiento-de-aceite-y-manana-analizaran-levantar-suspension-de-exportacion\/"]}]},{"@type":"ImageObject","inLanguage":"es","@id":"https:\/\/www.eldiario.net\/portal\/2024\/12\/11\/acuerdan-abastecimiento-de-aceite-y-manana-analizaran-levantar-suspension-de-exportacion\/#primaryimage","url":"https:\/\/www.eldiario.net\/portal\/wp-content\/uploads\/2024\/12\/aceite-3.jpg","contentUrl":"https:\/\/www.eldiario.net\/portal\/wp-content\/uploads\/2024\/12\/aceite-3.jpg","width":1280,"height":853,"caption":"Autoridades y representantes de Caniob."},{"@type":"BreadcrumbList","@id":"https:\/\/www.eldiario.net\/portal\/2024\/12\/11\/acuerdan-abastecimiento-de-aceite-y-manana-analizaran-levantar-suspension-de-exportacion\/#breadcrumb","itemListElement":[{"@type":"ListItem","position":1,"name":"Portada","item":"https:\/\/www.eldiario.net\/portal\/"},{"@type":"ListItem","position":2,"name":"Acuerdan abastecimiento de aceite y ma\u00f1ana analizar\u00e1n levantar suspensi\u00f3n de exportaci\u00f3n"}]},{"@type":"WebSite","@id":"https:\/\/www.eldiario.net\/portal\/#website","url":"https:\/\/www.eldiario.net\/portal\/","name":"El Diario - Decano de la prensa nacional","description":"El Diario - Decano de la prensa nacional","publisher":{"@id":"https:\/\/www.eldiario.net\/portal\/#organization"},"potentialAction":[{"@type":"SearchAction","target":{"@type":"EntryPoint","urlTemplate":"https:\/\/www.eldiario.net\/portal\/?s={search_term_string}"},"query-input":{"@type":"PropertyValueSpecification","valueRequired":true,"valueName":"search_term_string"}}],"inLanguage":"es"},{"@type":"Organization","@id":"https:\/\/www.eldiario.net\/portal\/#organization","name":"El Diario - Decano de la prensa nacional","url":"https:\/\/www.eldiario.net\/portal\/","logo":{"@type":"ImageObject","inLanguage":"es","@id":"https:\/\/www.eldiario.net\/portal\/#\/schema\/logo\/image\/","url":"https:\/\/www.eldiario.net\/portal\/wp-content\/uploads\/2023\/07\/logo_ED.jpg","contentUrl":"https:\/\/www.eldiario.net\/portal\/wp-content\/uploads\/2023\/07\/logo_ED.jpg","width":272,"height":52,"caption":"El Diario - Decano de la prensa nacional"},"image":{"@id":"https:\/\/www.eldiario.net\/portal\/#\/schema\/logo\/image\/"},"sameAs":["https:\/\/www.facebook.com\/eldiario.bolivia\/","https:\/\/x.com\/eldiario_net"]},{"@type":"Person","@id":"https:\/\/www.eldiario.net\/portal\/#\/schema\/person\/f46445640444750d7d753ccd04ae01b7","name":"Jeanette","image":{"@type":"ImageObject","inLanguage":"es","@id":"https:\/\/secure.gravatar.com\/avatar\/3ea2118a5f7dad2b7138b1187a6b7ee55f160b9968b66013c3a3ef39dd7e5798?s=96&d=mm&r=g","url":"https:\/\/secure.gravatar.com\/avatar\/3ea2118a5f7dad2b7138b1187a6b7ee55f160b9968b66013c3a3ef39dd7e5798?s=96&d=mm&r=g","contentUrl":"https:\/\/secure.gravatar.com\/avatar\/3ea2118a5f7dad2b7138b1187a6b7ee55f160b9968b66013c3a3ef39dd7e5798?s=96&d=mm&r=g","caption":"Jeanette"},"sameAs":["https:\/\/www.eldiario.net\/portal"],"url":"https:\/\/www.eldiario.net\/portal\/author\/jeanette\/"}]}},"_links":{"self":[{"href":"https:\/\/www.eldiario.net\/portal\/wp-json\/wp\/v2\/posts\/267169","targetHints":{"allow":["GET"]}}],"collection":[{"href":"https:\/\/www.eldiario.net\/portal\/wp-json\/wp\/v2\/posts"}],"about":[{"href":"https:\/\/www.eldiario.net\/portal\/wp-json\/wp\/v2\/types\/post"}],"author":[{"embeddable":true,"href":"https:\/\/www.eldiario.net\/portal\/wp-json\/wp\/v2\/users\/1"}],"replies":[{"embeddable":true,"href":"https:\/\/www.eldiario.net\/portal\/wp-json\/wp\/v2\/comments?post=267169"}],"version-history":[{"count":1,"href":"https:\/\/www.eldiario.net\/portal\/wp-json\/wp\/v2\/posts\/267169\/revisions"}],"predecessor-version":[{"id":267171,"href":"https:\/\/www.eldiario.net\/portal\/wp-json\/wp\/v2\/posts\/267169\/revisions\/267171"}],"wp:featuredmedia":[{"embeddable":true,"href":"https:\/\/www.eldiario.net\/portal\/wp-json\/wp\/v2\/media\/267170"}],"wp:attachment":[{"href":"https:\/\/www.eldiario.net\/portal\/wp-json\/wp\/v2\/media?parent=267169"}],"wp:term":[{"taxonomy":"category","embeddable":true,"href":"https:\/\/www.eldiario.net\/portal\/wp-json\/wp\/v2\/categories?post=267169"},{"taxonomy":"post_tag","embeddable":true,"href":"https:\/\/www.eldiario.net\/portal\/wp-json\/wp\/v2\/tags?post=267169"}],"curies":[{"name":"wp","href":"https:\/\/api.w.org\/{rel}","templated":true}]}}