{"id":267166,"date":"2024-12-11T06:00:55","date_gmt":"2024-12-11T10:00:55","guid":{"rendered":"https:\/\/www.eldiario.net\/portal\/?p=267166"},"modified":"2024-12-11T06:00:55","modified_gmt":"2024-12-11T10:00:55","slug":"proyectan-exportar-20-000-tn-de-chia-al-mercado-de-china","status":"publish","type":"post","link":"https:\/\/www.eldiario.net\/portal\/2024\/12\/11\/proyectan-exportar-20-000-tn-de-chia-al-mercado-de-china\/","title":{"rendered":"Proyectan exportar 20.000 tn de ch\u00eda al mercado de China"},"content":{"rendered":"<p>Despu\u00e9s de que autoridades de Bolivia y China firmaran el Protocolo de los Requisitos Fitosanitarios, se proyecta exportar 20.000 toneladas (tn) de ch\u00eda boliviana al gigante mercado asi\u00e1tico, inform\u00f3 el ministro de Desarrollo Rural y Tierras, Yamil Flores.<br \/>\n\u201cHemos logrado hacer un convenio hist\u00f3rico, pr\u00e1cticamente un acuerdo hist\u00f3rico con la Rep\u00fablica Popular de China, donde vamos a exportar ch\u00eda y tenemos un objetivo junto con los productores, llevar a China 20.000 toneladas de este producto\u201d, explic\u00f3 en conferencia de prensa.<br \/>\nRecord\u00f3 que, actualmente, Bolivia exporta alrededor de 13.000 toneladas de ch\u00eda a Pa\u00edses Bajos, Jap\u00f3n, Estados Unidos, entre otros mercados, que demandan este producto por sus importantes bondades nutricionales.<br \/>\n\u201cAhora vamos a llevar este producto importante, que produce el pa\u00eds, a China, con 20.000 toneladas. Este acuerdo lo hemos firmado los anteriores d\u00edas, por lo tanto, es una realidad y es una solicitud que estamos cumpliendo como Gobierno nacional\u201d, indic\u00f3 el ministro.<br \/>\nApuntes<br \/>\nEl 29 de noviembre de este a\u00f1o, en la ciudad de Beijing, la ministra de Relaciones Exteriores, Celinda Sosa, y el viceministro de Comercio de China, Yu Jianhua, firmaron el protocolo que da luz verde a las exportaciones de ch\u00eda boliviana al gigante mercado asi\u00e1tico.<br \/>\nEn la previa, el embajador de Bolivia en la Rep\u00fablica Popular de China, Hugo Siles, resalt\u00f3 que en ese mercado hay una \u201calta valoraci\u00f3n\u201d y una expectativa \u201cmuy grande\u201d respecto a esta semilla.<br \/>\n\u201cLa ch\u00eda es considerada un superalimento, ya que contiene una excelente fuente de fibra, antioxidantes, calcio, prote\u00ednas y omega 3. Por esas bondades, su sabor sutil y consistencia \u00fanica, es un complemento ideal para muchas comidas\u201d, seg\u00fan Quaker.<\/p>\n","protected":false},"excerpt":{"rendered":"<p>Despu\u00e9s de que autoridades de Bolivia y China firmaran el Protocolo de los Requisitos Fitosanitarios, se proyecta exportar 20.000 toneladas (tn) de ch\u00eda boliviana al gigante mercado asi\u00e1tico, inform\u00f3 el ministro de Desarrollo Rural y Tierras, Yamil Flores. \u201cHemos logrado hacer un convenio hist\u00f3rico, pr\u00e1cticamente un acuerdo hist\u00f3rico con la Rep\u00fablica Popular de China, donde [&hellip;]<\/p>\n","protected":false},"author":1,"featured_media":267167,"comment_status":"closed","ping_status":"open","sticky":false,"template":"","format":"standard","meta":{"_acf_changed":false,"footnotes":""},"categories":[7],"tags":[],"class_list":["post-267166","post","type-post","status-publish","format-standard","has-post-thumbnail","category-economia"],"acf":{"antetitulo":""},"yoast_head":"<!-- This site is optimized with the Yoast SEO plugin v28.4 - https:\/\/yoast.com\/product\/yoast-seo-wordpress\/ -->\n<title>Proyectan exportar 20.000 tn de ch\u00eda al mercado de China - El Diario - Bolivia<\/title>\n<meta name=\"robots\" content=\"index, follow, max-snippet:-1, max-image-preview:large, max-video-preview:-1\" \/>\n<link rel=\"canonical\" href=\"https:\/\/www.eldiario.net\/portal\/2024\/12\/11\/proyectan-exportar-20-000-tn-de-chia-al-mercado-de-china\/\" \/>\n<meta property=\"og:locale\" content=\"es_ES\" \/>\n<meta property=\"og:type\" content=\"article\" \/>\n<meta property=\"og:title\" content=\"Proyectan exportar 20.000 tn de ch\u00eda al mercado de China - El Diario - Bolivia\" \/>\n<meta property=\"og:description\" content=\"Despu\u00e9s de que autoridades de Bolivia y China firmaran el Protocolo de los Requisitos Fitosanitarios, se proyecta exportar 20.000 toneladas (tn) de ch\u00eda boliviana al gigante mercado asi\u00e1tico, inform\u00f3 el ministro de Desarrollo Rural y Tierras, Yamil Flores. \u201cHemos logrado hacer un convenio hist\u00f3rico, pr\u00e1cticamente un acuerdo hist\u00f3rico con la Rep\u00fablica Popular de China, donde [&hellip;]\" \/>\n<meta property=\"og:url\" content=\"https:\/\/www.eldiario.net\/portal\/2024\/12\/11\/proyectan-exportar-20-000-tn-de-chia-al-mercado-de-china\/\" \/>\n<meta property=\"og:site_name\" content=\"El Diario - Bolivia\" \/>\n<meta property=\"article:publisher\" content=\"https:\/\/www.facebook.com\/eldiario.bolivia\/\" \/>\n<meta property=\"article:published_time\" content=\"2024-12-11T10:00:55+00:00\" \/>\n<meta property=\"og:image\" content=\"https:\/\/www.eldiario.net\/portal\/wp-content\/uploads\/2024\/12\/chia.jpg\" \/>\n\t<meta property=\"og:image:width\" content=\"1290\" \/>\n\t<meta property=\"og:image:height\" content=\"859\" \/>\n\t<meta property=\"og:image:type\" content=\"image\/jpeg\" \/>\n<meta name=\"author\" content=\"Jeanette\" \/>\n<meta name=\"twitter:card\" content=\"summary_large_image\" \/>\n<meta name=\"twitter:creator\" content=\"@eldiario_net\" \/>\n<meta name=\"twitter:site\" content=\"@eldiario_net\" \/>\n<meta name=\"twitter:label1\" content=\"Escrito por\" \/>\n\t<meta name=\"twitter:data1\" content=\"Jeanette\" \/>\n\t<meta name=\"twitter:label2\" content=\"Tiempo de lectura\" \/>\n\t<meta name=\"twitter:data2\" content=\"2 minutos\" \/>\n<script type=\"application\/ld+json\" class=\"yoast-schema-graph\">{\"@context\":\"https:\\\/\\\/schema.org\",\"@graph\":[{\"@type\":\"Article\",\"@id\":\"https:\\\/\\\/www.eldiario.net\\\/portal\\\/2024\\\/12\\\/11\\\/proyectan-exportar-20-000-tn-de-chia-al-mercado-de-china\\\/#article\",\"isPartOf\":{\"@id\":\"https:\\\/\\\/www.eldiario.net\\\/portal\\\/2024\\\/12\\\/11\\\/proyectan-exportar-20-000-tn-de-chia-al-mercado-de-china\\\/\"},\"author\":{\"name\":\"Jeanette\",\"@id\":\"https:\\\/\\\/www.eldiario.net\\\/portal\\\/#\\\/schema\\\/person\\\/f46445640444750d7d753ccd04ae01b7\"},\"headline\":\"Proyectan exportar 20.000 tn de ch\u00eda al mercado de China\",\"datePublished\":\"2024-12-11T10:00:55+00:00\",\"mainEntityOfPage\":{\"@id\":\"https:\\\/\\\/www.eldiario.net\\\/portal\\\/2024\\\/12\\\/11\\\/proyectan-exportar-20-000-tn-de-chia-al-mercado-de-china\\\/\"},\"wordCount\":294,\"publisher\":{\"@id\":\"https:\\\/\\\/www.eldiario.net\\\/portal\\\/#organization\"},\"image\":{\"@id\":\"https:\\\/\\\/www.eldiario.net\\\/portal\\\/2024\\\/12\\\/11\\\/proyectan-exportar-20-000-tn-de-chia-al-mercado-de-china\\\/#primaryimage\"},\"thumbnailUrl\":\"https:\\\/\\\/www.eldiario.net\\\/portal\\\/wp-content\\\/uploads\\\/2024\\\/12\\\/chia.jpg\",\"articleSection\":[\"Econom\u00eda\"],\"inLanguage\":\"es\"},{\"@type\":\"WebPage\",\"@id\":\"https:\\\/\\\/www.eldiario.net\\\/portal\\\/2024\\\/12\\\/11\\\/proyectan-exportar-20-000-tn-de-chia-al-mercado-de-china\\\/\",\"url\":\"https:\\\/\\\/www.eldiario.net\\\/portal\\\/2024\\\/12\\\/11\\\/proyectan-exportar-20-000-tn-de-chia-al-mercado-de-china\\\/\",\"name\":\"Proyectan exportar 20.000 tn de ch\u00eda al mercado de China - El Diario - Bolivia\",\"isPartOf\":{\"@id\":\"https:\\\/\\\/www.eldiario.net\\\/portal\\\/#website\"},\"primaryImageOfPage\":{\"@id\":\"https:\\\/\\\/www.eldiario.net\\\/portal\\\/2024\\\/12\\\/11\\\/proyectan-exportar-20-000-tn-de-chia-al-mercado-de-china\\\/#primaryimage\"},\"image\":{\"@id\":\"https:\\\/\\\/www.eldiario.net\\\/portal\\\/2024\\\/12\\\/11\\\/proyectan-exportar-20-000-tn-de-chia-al-mercado-de-china\\\/#primaryimage\"},\"thumbnailUrl\":\"https:\\\/\\\/www.eldiario.net\\\/portal\\\/wp-content\\\/uploads\\\/2024\\\/12\\\/chia.jpg\",\"datePublished\":\"2024-12-11T10:00:55+00:00\",\"breadcrumb\":{\"@id\":\"https:\\\/\\\/www.eldiario.net\\\/portal\\\/2024\\\/12\\\/11\\\/proyectan-exportar-20-000-tn-de-chia-al-mercado-de-china\\\/#breadcrumb\"},\"inLanguage\":\"es\",\"potentialAction\":[{\"@type\":\"ReadAction\",\"target\":[\"https:\\\/\\\/www.eldiario.net\\\/portal\\\/2024\\\/12\\\/11\\\/proyectan-exportar-20-000-tn-de-chia-al-mercado-de-china\\\/\"]}]},{\"@type\":\"ImageObject\",\"inLanguage\":\"es\",\"@id\":\"https:\\\/\\\/www.eldiario.net\\\/portal\\\/2024\\\/12\\\/11\\\/proyectan-exportar-20-000-tn-de-chia-al-mercado-de-china\\\/#primaryimage\",\"url\":\"https:\\\/\\\/www.eldiario.net\\\/portal\\\/wp-content\\\/uploads\\\/2024\\\/12\\\/chia.jpg\",\"contentUrl\":\"https:\\\/\\\/www.eldiario.net\\\/portal\\\/wp-content\\\/uploads\\\/2024\\\/12\\\/chia.jpg\",\"width\":1290,\"height\":859},{\"@type\":\"BreadcrumbList\",\"@id\":\"https:\\\/\\\/www.eldiario.net\\\/portal\\\/2024\\\/12\\\/11\\\/proyectan-exportar-20-000-tn-de-chia-al-mercado-de-china\\\/#breadcrumb\",\"itemListElement\":[{\"@type\":\"ListItem\",\"position\":1,\"name\":\"Portada\",\"item\":\"https:\\\/\\\/www.eldiario.net\\\/portal\\\/\"},{\"@type\":\"ListItem\",\"position\":2,\"name\":\"Proyectan exportar 20.000 tn de ch\u00eda al mercado de China\"}]},{\"@type\":\"WebSite\",\"@id\":\"https:\\\/\\\/www.eldiario.net\\\/portal\\\/#website\",\"url\":\"https:\\\/\\\/www.eldiario.net\\\/portal\\\/\",\"name\":\"El Diario - Decano de la prensa nacional\",\"description\":\"El Diario - Decano de la prensa nacional\",\"publisher\":{\"@id\":\"https:\\\/\\\/www.eldiario.net\\\/portal\\\/#organization\"},\"potentialAction\":[{\"@type\":\"SearchAction\",\"target\":{\"@type\":\"EntryPoint\",\"urlTemplate\":\"https:\\\/\\\/www.eldiario.net\\\/portal\\\/?s={search_term_string}\"},\"query-input\":{\"@type\":\"PropertyValueSpecification\",\"valueRequired\":true,\"valueName\":\"search_term_string\"}}],\"inLanguage\":\"es\"},{\"@type\":\"Organization\",\"@id\":\"https:\\\/\\\/www.eldiario.net\\\/portal\\\/#organization\",\"name\":\"El Diario - Decano de la prensa nacional\",\"url\":\"https:\\\/\\\/www.eldiario.net\\\/portal\\\/\",\"logo\":{\"@type\":\"ImageObject\",\"inLanguage\":\"es\",\"@id\":\"https:\\\/\\\/www.eldiario.net\\\/portal\\\/#\\\/schema\\\/logo\\\/image\\\/\",\"url\":\"https:\\\/\\\/www.eldiario.net\\\/portal\\\/wp-content\\\/uploads\\\/2023\\\/07\\\/logo_ED.jpg\",\"contentUrl\":\"https:\\\/\\\/www.eldiario.net\\\/portal\\\/wp-content\\\/uploads\\\/2023\\\/07\\\/logo_ED.jpg\",\"width\":272,\"height\":52,\"caption\":\"El Diario - Decano de la prensa nacional\"},\"image\":{\"@id\":\"https:\\\/\\\/www.eldiario.net\\\/portal\\\/#\\\/schema\\\/logo\\\/image\\\/\"},\"sameAs\":[\"https:\\\/\\\/www.facebook.com\\\/eldiario.bolivia\\\/\",\"https:\\\/\\\/x.com\\\/eldiario_net\"]},{\"@type\":\"Person\",\"@id\":\"https:\\\/\\\/www.eldiario.net\\\/portal\\\/#\\\/schema\\\/person\\\/f46445640444750d7d753ccd04ae01b7\",\"name\":\"Jeanette\",\"image\":{\"@type\":\"ImageObject\",\"inLanguage\":\"es\",\"@id\":\"https:\\\/\\\/secure.gravatar.com\\\/avatar\\\/3ea2118a5f7dad2b7138b1187a6b7ee55f160b9968b66013c3a3ef39dd7e5798?s=96&d=mm&r=g\",\"url\":\"https:\\\/\\\/secure.gravatar.com\\\/avatar\\\/3ea2118a5f7dad2b7138b1187a6b7ee55f160b9968b66013c3a3ef39dd7e5798?s=96&d=mm&r=g\",\"contentUrl\":\"https:\\\/\\\/secure.gravatar.com\\\/avatar\\\/3ea2118a5f7dad2b7138b1187a6b7ee55f160b9968b66013c3a3ef39dd7e5798?s=96&d=mm&r=g\",\"caption\":\"Jeanette\"},\"sameAs\":[\"https:\\\/\\\/www.eldiario.net\\\/portal\"],\"url\":\"https:\\\/\\\/www.eldiario.net\\\/portal\\\/author\\\/jeanette\\\/\"}]}<\/script>\n<!-- \/ Yoast SEO plugin. -->","yoast_head_json":{"title":"Proyectan exportar 20.000 tn de ch\u00eda al mercado de China - El Diario - Bolivia","robots":{"index":"index","follow":"follow","max-snippet":"max-snippet:-1","max-image-preview":"max-image-preview:large","max-video-preview":"max-video-preview:-1"},"canonical":"https:\/\/www.eldiario.net\/portal\/2024\/12\/11\/proyectan-exportar-20-000-tn-de-chia-al-mercado-de-china\/","og_locale":"es_ES","og_type":"article","og_title":"Proyectan exportar 20.000 tn de ch\u00eda al mercado de China - El Diario - Bolivia","og_description":"Despu\u00e9s de que autoridades de Bolivia y China firmaran el Protocolo de los Requisitos Fitosanitarios, se proyecta exportar 20.000 toneladas (tn) de ch\u00eda boliviana al gigante mercado asi\u00e1tico, inform\u00f3 el ministro de Desarrollo Rural y Tierras, Yamil Flores. \u201cHemos logrado hacer un convenio hist\u00f3rico, pr\u00e1cticamente un acuerdo hist\u00f3rico con la Rep\u00fablica Popular de China, donde [&hellip;]","og_url":"https:\/\/www.eldiario.net\/portal\/2024\/12\/11\/proyectan-exportar-20-000-tn-de-chia-al-mercado-de-china\/","og_site_name":"El Diario - Bolivia","article_publisher":"https:\/\/www.facebook.com\/eldiario.bolivia\/","article_published_time":"2024-12-11T10:00:55+00:00","og_image":[{"width":1290,"height":859,"url":"https:\/\/www.eldiario.net\/portal\/wp-content\/uploads\/2024\/12\/chia.jpg","type":"image\/jpeg"}],"author":"Jeanette","twitter_card":"summary_large_image","twitter_creator":"@eldiario_net","twitter_site":"@eldiario_net","twitter_misc":{"Escrito por":"Jeanette","Tiempo de lectura":"2 minutos"},"schema":{"@context":"https:\/\/schema.org","@graph":[{"@type":"Article","@id":"https:\/\/www.eldiario.net\/portal\/2024\/12\/11\/proyectan-exportar-20-000-tn-de-chia-al-mercado-de-china\/#article","isPartOf":{"@id":"https:\/\/www.eldiario.net\/portal\/2024\/12\/11\/proyectan-exportar-20-000-tn-de-chia-al-mercado-de-china\/"},"author":{"name":"Jeanette","@id":"https:\/\/www.eldiario.net\/portal\/#\/schema\/person\/f46445640444750d7d753ccd04ae01b7"},"headline":"Proyectan exportar 20.000 tn de ch\u00eda al mercado de China","datePublished":"2024-12-11T10:00:55+00:00","mainEntityOfPage":{"@id":"https:\/\/www.eldiario.net\/portal\/2024\/12\/11\/proyectan-exportar-20-000-tn-de-chia-al-mercado-de-china\/"},"wordCount":294,"publisher":{"@id":"https:\/\/www.eldiario.net\/portal\/#organization"},"image":{"@id":"https:\/\/www.eldiario.net\/portal\/2024\/12\/11\/proyectan-exportar-20-000-tn-de-chia-al-mercado-de-china\/#primaryimage"},"thumbnailUrl":"https:\/\/www.eldiario.net\/portal\/wp-content\/uploads\/2024\/12\/chia.jpg","articleSection":["Econom\u00eda"],"inLanguage":"es"},{"@type":"WebPage","@id":"https:\/\/www.eldiario.net\/portal\/2024\/12\/11\/proyectan-exportar-20-000-tn-de-chia-al-mercado-de-china\/","url":"https:\/\/www.eldiario.net\/portal\/2024\/12\/11\/proyectan-exportar-20-000-tn-de-chia-al-mercado-de-china\/","name":"Proyectan exportar 20.000 tn de ch\u00eda al mercado de China - El Diario - Bolivia","isPartOf":{"@id":"https:\/\/www.eldiario.net\/portal\/#website"},"primaryImageOfPage":{"@id":"https:\/\/www.eldiario.net\/portal\/2024\/12\/11\/proyectan-exportar-20-000-tn-de-chia-al-mercado-de-china\/#primaryimage"},"image":{"@id":"https:\/\/www.eldiario.net\/portal\/2024\/12\/11\/proyectan-exportar-20-000-tn-de-chia-al-mercado-de-china\/#primaryimage"},"thumbnailUrl":"https:\/\/www.eldiario.net\/portal\/wp-content\/uploads\/2024\/12\/chia.jpg","datePublished":"2024-12-11T10:00:55+00:00","breadcrumb":{"@id":"https:\/\/www.eldiario.net\/portal\/2024\/12\/11\/proyectan-exportar-20-000-tn-de-chia-al-mercado-de-china\/#breadcrumb"},"inLanguage":"es","potentialAction":[{"@type":"ReadAction","target":["https:\/\/www.eldiario.net\/portal\/2024\/12\/11\/proyectan-exportar-20-000-tn-de-chia-al-mercado-de-china\/"]}]},{"@type":"ImageObject","inLanguage":"es","@id":"https:\/\/www.eldiario.net\/portal\/2024\/12\/11\/proyectan-exportar-20-000-tn-de-chia-al-mercado-de-china\/#primaryimage","url":"https:\/\/www.eldiario.net\/portal\/wp-content\/uploads\/2024\/12\/chia.jpg","contentUrl":"https:\/\/www.eldiario.net\/portal\/wp-content\/uploads\/2024\/12\/chia.jpg","width":1290,"height":859},{"@type":"BreadcrumbList","@id":"https:\/\/www.eldiario.net\/portal\/2024\/12\/11\/proyectan-exportar-20-000-tn-de-chia-al-mercado-de-china\/#breadcrumb","itemListElement":[{"@type":"ListItem","position":1,"name":"Portada","item":"https:\/\/www.eldiario.net\/portal\/"},{"@type":"ListItem","position":2,"name":"Proyectan exportar 20.000 tn de ch\u00eda al mercado de China"}]},{"@type":"WebSite","@id":"https:\/\/www.eldiario.net\/portal\/#website","url":"https:\/\/www.eldiario.net\/portal\/","name":"El Diario - Decano de la prensa nacional","description":"El Diario - Decano de la prensa nacional","publisher":{"@id":"https:\/\/www.eldiario.net\/portal\/#organization"},"potentialAction":[{"@type":"SearchAction","target":{"@type":"EntryPoint","urlTemplate":"https:\/\/www.eldiario.net\/portal\/?s={search_term_string}"},"query-input":{"@type":"PropertyValueSpecification","valueRequired":true,"valueName":"search_term_string"}}],"inLanguage":"es"},{"@type":"Organization","@id":"https:\/\/www.eldiario.net\/portal\/#organization","name":"El Diario - Decano de la prensa nacional","url":"https:\/\/www.eldiario.net\/portal\/","logo":{"@type":"ImageObject","inLanguage":"es","@id":"https:\/\/www.eldiario.net\/portal\/#\/schema\/logo\/image\/","url":"https:\/\/www.eldiario.net\/portal\/wp-content\/uploads\/2023\/07\/logo_ED.jpg","contentUrl":"https:\/\/www.eldiario.net\/portal\/wp-content\/uploads\/2023\/07\/logo_ED.jpg","width":272,"height":52,"caption":"El Diario - Decano de la prensa nacional"},"image":{"@id":"https:\/\/www.eldiario.net\/portal\/#\/schema\/logo\/image\/"},"sameAs":["https:\/\/www.facebook.com\/eldiario.bolivia\/","https:\/\/x.com\/eldiario_net"]},{"@type":"Person","@id":"https:\/\/www.eldiario.net\/portal\/#\/schema\/person\/f46445640444750d7d753ccd04ae01b7","name":"Jeanette","image":{"@type":"ImageObject","inLanguage":"es","@id":"https:\/\/secure.gravatar.com\/avatar\/3ea2118a5f7dad2b7138b1187a6b7ee55f160b9968b66013c3a3ef39dd7e5798?s=96&d=mm&r=g","url":"https:\/\/secure.gravatar.com\/avatar\/3ea2118a5f7dad2b7138b1187a6b7ee55f160b9968b66013c3a3ef39dd7e5798?s=96&d=mm&r=g","contentUrl":"https:\/\/secure.gravatar.com\/avatar\/3ea2118a5f7dad2b7138b1187a6b7ee55f160b9968b66013c3a3ef39dd7e5798?s=96&d=mm&r=g","caption":"Jeanette"},"sameAs":["https:\/\/www.eldiario.net\/portal"],"url":"https:\/\/www.eldiario.net\/portal\/author\/jeanette\/"}]}},"_links":{"self":[{"href":"https:\/\/www.eldiario.net\/portal\/wp-json\/wp\/v2\/posts\/267166","targetHints":{"allow":["GET"]}}],"collection":[{"href":"https:\/\/www.eldiario.net\/portal\/wp-json\/wp\/v2\/posts"}],"about":[{"href":"https:\/\/www.eldiario.net\/portal\/wp-json\/wp\/v2\/types\/post"}],"author":[{"embeddable":true,"href":"https:\/\/www.eldiario.net\/portal\/wp-json\/wp\/v2\/users\/1"}],"replies":[{"embeddable":true,"href":"https:\/\/www.eldiario.net\/portal\/wp-json\/wp\/v2\/comments?post=267166"}],"version-history":[{"count":1,"href":"https:\/\/www.eldiario.net\/portal\/wp-json\/wp\/v2\/posts\/267166\/revisions"}],"predecessor-version":[{"id":267168,"href":"https:\/\/www.eldiario.net\/portal\/wp-json\/wp\/v2\/posts\/267166\/revisions\/267168"}],"wp:featuredmedia":[{"embeddable":true,"href":"https:\/\/www.eldiario.net\/portal\/wp-json\/wp\/v2\/media\/267167"}],"wp:attachment":[{"href":"https:\/\/www.eldiario.net\/portal\/wp-json\/wp\/v2\/media?parent=267166"}],"wp:term":[{"taxonomy":"category","embeddable":true,"href":"https:\/\/www.eldiario.net\/portal\/wp-json\/wp\/v2\/categories?post=267166"},{"taxonomy":"post_tag","embeddable":true,"href":"https:\/\/www.eldiario.net\/portal\/wp-json\/wp\/v2\/tags?post=267166"}],"curies":[{"name":"wp","href":"https:\/\/api.w.org\/{rel}","templated":true}]}}