{"id":267164,"date":"2024-12-11T06:00:23","date_gmt":"2024-12-11T10:00:23","guid":{"rendered":"https:\/\/www.eldiario.net\/portal\/?p=267164"},"modified":"2024-12-11T06:00:23","modified_gmt":"2024-12-11T10:00:23","slug":"santa-cruz-un-escollo-para-el-modelo-economico","status":"publish","type":"post","link":"https:\/\/www.eldiario.net\/portal\/2024\/12\/11\/santa-cruz-un-escollo-para-el-modelo-economico\/","title":{"rendered":"Santa Cruz, un escollo para el modelo econ\u00f3mico"},"content":{"rendered":"<p>En diciembre de 2014, el entonces ministro Luis Arce, public\u00f3 un manifiesto denominado \u201cModelo Econ\u00f3mico Social Comunitario Productivo (MESCP)\u201d, en el que resumi\u00f3 las bases del programa econ\u00f3mico que impuso el gobierno en 2006 y que contin\u00faa hasta hoy. El documento parte de una definici\u00f3n categ\u00f3rica: \u201cEl Estado tiene que ser todo, planificador, empresario, inversionista, banquero, regulador, productor del desarrollo\u201d, y concluye con otra no menos contundente: \u201cEste es un modelo de transici\u00f3n hacia el socialismo&#8230;\u201d.<br \/>\nEl autor cuestiona el rol del mercado en la econom\u00eda, otorga al sector privado solo \u201ccierta independencia en relaci\u00f3n al Estado para formular su producci\u00f3n y su distribuci\u00f3n\u201d y afirma que el sector exportador en Bolivia \u201cno se diversific\u00f3, no gener\u00f3 valor agregado, no gener\u00f3 riqueza al pa\u00eds\u201d.<br \/>\nAdem\u00e1s, concluye que, con el MESCP, \u201cse super\u00f3 la dependencia del ahorro externo y se desarroll\u00f3 la capacidad de generar ahorro interno para la inversi\u00f3n, reducir el endeudamiento externo y lograr super\u00e1vit fiscal\u201d. Curiosamente, en ninguna parte del texto habla de invertir en la exploraci\u00f3n de hidrocarburos, garantizar la seguridad jur\u00eddica o enfrentar la corrupci\u00f3n.<br \/>\nLos resultados, a 18 a\u00f1os de su implementaci\u00f3n, han evidenciado que el MESCP nos condujo al colapso econ\u00f3mico, crisis multidimensional, d\u00e9ficit fiscal creciente e insostenible, ca\u00edda de las reservas de gas, la mayor deuda p\u00fablica de la historia y la improvisaci\u00f3n y la ineficiencia en la gesti\u00f3n econ\u00f3mica. Su fracaso est\u00e1 relacionado con los serios vac\u00edos y contradicciones de su diagn\u00f3stico y las profundas inconsistencias en sus planteamientos, pero fundamentalmente se explica porque su dise\u00f1o s\u00f3lo busca justificar la imposici\u00f3n del modelo ultra estatista y end\u00f3geno, la precarizaci\u00f3n del sector privado y la reposici\u00f3n del fracasado socialismo.<br \/>\nEl modelo no pasar\u00eda de ser una an\u00e9cdota en la historia si no continuara siendo aplicado en el momento m\u00e1s complejo de la crisis, y si no estuviera entrando a su etapa m\u00e1s sombr\u00eda: el control de los sectores productivos privados de Santa Cruz y la planificaci\u00f3n centralizada de la oferta y la demanda.<br \/>\nLa decisi\u00f3n de impedir la exportaci\u00f3n de aceite de soya y el intento de tomar cinco ingenios arroceros en el norte cruce\u00f1o, pueden ser el principio de una etapa de avasallamiento estatal de sectores estrat\u00e9gicos para controlar la producci\u00f3n de alimentos. No es casual que, con las llamadas \u201cleyes incendiarias\u201d, en el \u00faltimo a\u00f1o se quemaran siete millones de hect\u00e1reas en Santa Cruz; que la ley del PGE autorice al Estado el control, fiscalizaci\u00f3n, confiscaci\u00f3n o decomiso de productos alimenticios; que los avasallamientos de tierras contin\u00faen o que la provisi\u00f3n de di\u00e9sel sea especialmente escasa en este departamento.<br \/>\nSi adem\u00e1s consideramos que el documento precitado se\u00f1ala que \u201c(el MESCP) es un modelo econ\u00f3mico que se basa en el \u00e9xito de la administraci\u00f3n estatal de los recursos naturales\u201d, encontramos que, para el r\u00e9gimen, es fundamental el control total de recursos como la tenencia de la tierra y la producci\u00f3n agr\u00edcola.<br \/>\nEsto explicar\u00eda la raz\u00f3n por la que el sector productivo cruce\u00f1o ha sido objeto de una presi\u00f3n inmisericorde en los \u00faltimos 18 a\u00f1os, que se expres\u00f3 en la determinaci\u00f3n arbitraria de cupos de exportaci\u00f3n para la industria agropecuaria, la prohibici\u00f3n casi total del uso de semillas transg\u00e9nicas, la entrega de grandes extensiones de tierras a afines al partido de gobierno, la negativa del Estado de desarrollar Puerto Busch y el poco inter\u00e9s por ser parte del corredor interoce\u00e1nico vial.<br \/>\nEn el fondo se trata de una confrontaci\u00f3n geoestrat\u00e9gica y pol\u00edtica entre un proyecto de poder que para consolidarse busca controlar la producci\u00f3n agroindustrial, y la tenacidad de una regi\u00f3n que se ha desarrollado sobre cimientos profundos y que ha logrado autonom\u00eda econ\u00f3mica y pol\u00edtica.<br \/>\nLa crisis econ\u00f3mica es parte de una lucha ideol\u00f3gica en la que se juega no solamente la estabilidad coyuntural, sino el destino que nos espera en las pr\u00f3ximas d\u00e9cadas. Si no tenemos clara consciencia de esta realidad, estaremos condenados a prolongar la permanencia de un modelo pol\u00edtico y econ\u00f3mico que solo ha tra\u00eddo polarizaci\u00f3n, crisis econ\u00f3mica y debilitamiento de la institucionalidad democr\u00e1tica.<\/p>\n<p>El autor es Industrial y ex Presidente de la Confederaci\u00f3n de Empresarios Privados de Bolivia.<\/p>\n","protected":false},"excerpt":{"rendered":"<p>En diciembre de 2014, el entonces ministro Luis Arce, public\u00f3 un manifiesto denominado \u201cModelo Econ\u00f3mico Social Comunitario Productivo (MESCP)\u201d, en el que resumi\u00f3 las bases del programa econ\u00f3mico que impuso el gobierno en 2006 y que contin\u00faa hasta hoy. El documento parte de una definici\u00f3n categ\u00f3rica: \u201cEl Estado tiene que ser todo, planificador, empresario, inversionista, [&hellip;]<\/p>\n","protected":false},"author":1,"featured_media":188324,"comment_status":"closed","ping_status":"open","sticky":false,"template":"","format":"standard","meta":{"_acf_changed":false,"footnotes":""},"categories":[9],"tags":[],"class_list":["post-267164","post","type-post","status-publish","format-standard","has-post-thumbnail","category-opinion"],"acf":{"antetitulo":""},"yoast_head":"<!-- This site is optimized with the Yoast SEO plugin v28.4 - https:\/\/yoast.com\/product\/yoast-seo-wordpress\/ -->\n<title>Santa Cruz, un escollo para el modelo econ\u00f3mico - El Diario - Bolivia<\/title>\n<meta name=\"robots\" content=\"index, follow, max-snippet:-1, max-image-preview:large, max-video-preview:-1\" \/>\n<link rel=\"canonical\" href=\"https:\/\/www.eldiario.net\/portal\/2024\/12\/11\/santa-cruz-un-escollo-para-el-modelo-economico\/\" \/>\n<meta property=\"og:locale\" content=\"es_ES\" \/>\n<meta property=\"og:type\" content=\"article\" \/>\n<meta property=\"og:title\" content=\"Santa Cruz, un escollo para el modelo econ\u00f3mico - El Diario - Bolivia\" \/>\n<meta property=\"og:description\" content=\"En diciembre de 2014, el entonces ministro Luis Arce, public\u00f3 un manifiesto denominado \u201cModelo Econ\u00f3mico Social Comunitario Productivo (MESCP)\u201d, en el que resumi\u00f3 las bases del programa econ\u00f3mico que impuso el gobierno en 2006 y que contin\u00faa hasta hoy. El documento parte de una definici\u00f3n categ\u00f3rica: \u201cEl Estado tiene que ser todo, planificador, empresario, inversionista, [&hellip;]\" \/>\n<meta property=\"og:url\" content=\"https:\/\/www.eldiario.net\/portal\/2024\/12\/11\/santa-cruz-un-escollo-para-el-modelo-economico\/\" \/>\n<meta property=\"og:site_name\" content=\"El Diario - Bolivia\" \/>\n<meta property=\"article:publisher\" content=\"https:\/\/www.facebook.com\/eldiario.bolivia\/\" \/>\n<meta property=\"article:published_time\" content=\"2024-12-11T10:00:23+00:00\" \/>\n<meta property=\"og:image\" content=\"https:\/\/www.eldiario.net\/portal\/wp-content\/uploads\/2023\/11\/Ronald-Nostas-Ardaya.jpg\" \/>\n\t<meta property=\"og:image:width\" content=\"1200\" \/>\n\t<meta property=\"og:image:height\" content=\"628\" \/>\n\t<meta property=\"og:image:type\" content=\"image\/jpeg\" \/>\n<meta name=\"author\" content=\"Jeanette\" \/>\n<meta name=\"twitter:card\" content=\"summary_large_image\" \/>\n<meta name=\"twitter:creator\" content=\"@eldiario_net\" \/>\n<meta name=\"twitter:site\" content=\"@eldiario_net\" \/>\n<meta name=\"twitter:label1\" content=\"Escrito por\" \/>\n\t<meta name=\"twitter:data1\" content=\"Jeanette\" \/>\n\t<meta name=\"twitter:label2\" content=\"Tiempo de lectura\" \/>\n\t<meta name=\"twitter:data2\" content=\"4 minutos\" \/>\n<script type=\"application\/ld+json\" class=\"yoast-schema-graph\">{\"@context\":\"https:\\\/\\\/schema.org\",\"@graph\":[{\"@type\":\"Article\",\"@id\":\"https:\\\/\\\/www.eldiario.net\\\/portal\\\/2024\\\/12\\\/11\\\/santa-cruz-un-escollo-para-el-modelo-economico\\\/#article\",\"isPartOf\":{\"@id\":\"https:\\\/\\\/www.eldiario.net\\\/portal\\\/2024\\\/12\\\/11\\\/santa-cruz-un-escollo-para-el-modelo-economico\\\/\"},\"author\":{\"name\":\"Jeanette\",\"@id\":\"https:\\\/\\\/www.eldiario.net\\\/portal\\\/#\\\/schema\\\/person\\\/f46445640444750d7d753ccd04ae01b7\"},\"headline\":\"Santa Cruz, un escollo para el modelo econ\u00f3mico\",\"datePublished\":\"2024-12-11T10:00:23+00:00\",\"mainEntityOfPage\":{\"@id\":\"https:\\\/\\\/www.eldiario.net\\\/portal\\\/2024\\\/12\\\/11\\\/santa-cruz-un-escollo-para-el-modelo-economico\\\/\"},\"wordCount\":774,\"publisher\":{\"@id\":\"https:\\\/\\\/www.eldiario.net\\\/portal\\\/#organization\"},\"image\":{\"@id\":\"https:\\\/\\\/www.eldiario.net\\\/portal\\\/2024\\\/12\\\/11\\\/santa-cruz-un-escollo-para-el-modelo-economico\\\/#primaryimage\"},\"thumbnailUrl\":\"https:\\\/\\\/www.eldiario.net\\\/portal\\\/wp-content\\\/uploads\\\/2023\\\/11\\\/Ronald-Nostas-Ardaya.jpg\",\"articleSection\":[\"Opini\u00f3n\"],\"inLanguage\":\"es\"},{\"@type\":\"WebPage\",\"@id\":\"https:\\\/\\\/www.eldiario.net\\\/portal\\\/2024\\\/12\\\/11\\\/santa-cruz-un-escollo-para-el-modelo-economico\\\/\",\"url\":\"https:\\\/\\\/www.eldiario.net\\\/portal\\\/2024\\\/12\\\/11\\\/santa-cruz-un-escollo-para-el-modelo-economico\\\/\",\"name\":\"Santa Cruz, un escollo para el modelo econ\u00f3mico - El Diario - Bolivia\",\"isPartOf\":{\"@id\":\"https:\\\/\\\/www.eldiario.net\\\/portal\\\/#website\"},\"primaryImageOfPage\":{\"@id\":\"https:\\\/\\\/www.eldiario.net\\\/portal\\\/2024\\\/12\\\/11\\\/santa-cruz-un-escollo-para-el-modelo-economico\\\/#primaryimage\"},\"image\":{\"@id\":\"https:\\\/\\\/www.eldiario.net\\\/portal\\\/2024\\\/12\\\/11\\\/santa-cruz-un-escollo-para-el-modelo-economico\\\/#primaryimage\"},\"thumbnailUrl\":\"https:\\\/\\\/www.eldiario.net\\\/portal\\\/wp-content\\\/uploads\\\/2023\\\/11\\\/Ronald-Nostas-Ardaya.jpg\",\"datePublished\":\"2024-12-11T10:00:23+00:00\",\"breadcrumb\":{\"@id\":\"https:\\\/\\\/www.eldiario.net\\\/portal\\\/2024\\\/12\\\/11\\\/santa-cruz-un-escollo-para-el-modelo-economico\\\/#breadcrumb\"},\"inLanguage\":\"es\",\"potentialAction\":[{\"@type\":\"ReadAction\",\"target\":[\"https:\\\/\\\/www.eldiario.net\\\/portal\\\/2024\\\/12\\\/11\\\/santa-cruz-un-escollo-para-el-modelo-economico\\\/\"]}]},{\"@type\":\"ImageObject\",\"inLanguage\":\"es\",\"@id\":\"https:\\\/\\\/www.eldiario.net\\\/portal\\\/2024\\\/12\\\/11\\\/santa-cruz-un-escollo-para-el-modelo-economico\\\/#primaryimage\",\"url\":\"https:\\\/\\\/www.eldiario.net\\\/portal\\\/wp-content\\\/uploads\\\/2023\\\/11\\\/Ronald-Nostas-Ardaya.jpg\",\"contentUrl\":\"https:\\\/\\\/www.eldiario.net\\\/portal\\\/wp-content\\\/uploads\\\/2023\\\/11\\\/Ronald-Nostas-Ardaya.jpg\",\"width\":1200,\"height\":628,\"caption\":\"Ronald Nostas Ardaya\"},{\"@type\":\"BreadcrumbList\",\"@id\":\"https:\\\/\\\/www.eldiario.net\\\/portal\\\/2024\\\/12\\\/11\\\/santa-cruz-un-escollo-para-el-modelo-economico\\\/#breadcrumb\",\"itemListElement\":[{\"@type\":\"ListItem\",\"position\":1,\"name\":\"Portada\",\"item\":\"https:\\\/\\\/www.eldiario.net\\\/portal\\\/\"},{\"@type\":\"ListItem\",\"position\":2,\"name\":\"Santa Cruz, un escollo para el modelo econ\u00f3mico\"}]},{\"@type\":\"WebSite\",\"@id\":\"https:\\\/\\\/www.eldiario.net\\\/portal\\\/#website\",\"url\":\"https:\\\/\\\/www.eldiario.net\\\/portal\\\/\",\"name\":\"El Diario - Decano de la prensa nacional\",\"description\":\"El Diario - Decano de la prensa nacional\",\"publisher\":{\"@id\":\"https:\\\/\\\/www.eldiario.net\\\/portal\\\/#organization\"},\"potentialAction\":[{\"@type\":\"SearchAction\",\"target\":{\"@type\":\"EntryPoint\",\"urlTemplate\":\"https:\\\/\\\/www.eldiario.net\\\/portal\\\/?s={search_term_string}\"},\"query-input\":{\"@type\":\"PropertyValueSpecification\",\"valueRequired\":true,\"valueName\":\"search_term_string\"}}],\"inLanguage\":\"es\"},{\"@type\":\"Organization\",\"@id\":\"https:\\\/\\\/www.eldiario.net\\\/portal\\\/#organization\",\"name\":\"El Diario - Decano de la prensa nacional\",\"url\":\"https:\\\/\\\/www.eldiario.net\\\/portal\\\/\",\"logo\":{\"@type\":\"ImageObject\",\"inLanguage\":\"es\",\"@id\":\"https:\\\/\\\/www.eldiario.net\\\/portal\\\/#\\\/schema\\\/logo\\\/image\\\/\",\"url\":\"https:\\\/\\\/www.eldiario.net\\\/portal\\\/wp-content\\\/uploads\\\/2023\\\/07\\\/logo_ED.jpg\",\"contentUrl\":\"https:\\\/\\\/www.eldiario.net\\\/portal\\\/wp-content\\\/uploads\\\/2023\\\/07\\\/logo_ED.jpg\",\"width\":272,\"height\":52,\"caption\":\"El Diario - Decano de la prensa nacional\"},\"image\":{\"@id\":\"https:\\\/\\\/www.eldiario.net\\\/portal\\\/#\\\/schema\\\/logo\\\/image\\\/\"},\"sameAs\":[\"https:\\\/\\\/www.facebook.com\\\/eldiario.bolivia\\\/\",\"https:\\\/\\\/x.com\\\/eldiario_net\"]},{\"@type\":\"Person\",\"@id\":\"https:\\\/\\\/www.eldiario.net\\\/portal\\\/#\\\/schema\\\/person\\\/f46445640444750d7d753ccd04ae01b7\",\"name\":\"Jeanette\",\"image\":{\"@type\":\"ImageObject\",\"inLanguage\":\"es\",\"@id\":\"https:\\\/\\\/secure.gravatar.com\\\/avatar\\\/3ea2118a5f7dad2b7138b1187a6b7ee55f160b9968b66013c3a3ef39dd7e5798?s=96&d=mm&r=g\",\"url\":\"https:\\\/\\\/secure.gravatar.com\\\/avatar\\\/3ea2118a5f7dad2b7138b1187a6b7ee55f160b9968b66013c3a3ef39dd7e5798?s=96&d=mm&r=g\",\"contentUrl\":\"https:\\\/\\\/secure.gravatar.com\\\/avatar\\\/3ea2118a5f7dad2b7138b1187a6b7ee55f160b9968b66013c3a3ef39dd7e5798?s=96&d=mm&r=g\",\"caption\":\"Jeanette\"},\"sameAs\":[\"https:\\\/\\\/www.eldiario.net\\\/portal\"],\"url\":\"https:\\\/\\\/www.eldiario.net\\\/portal\\\/author\\\/jeanette\\\/\"}]}<\/script>\n<!-- \/ Yoast SEO plugin. -->","yoast_head_json":{"title":"Santa Cruz, un escollo para el modelo econ\u00f3mico - El Diario - Bolivia","robots":{"index":"index","follow":"follow","max-snippet":"max-snippet:-1","max-image-preview":"max-image-preview:large","max-video-preview":"max-video-preview:-1"},"canonical":"https:\/\/www.eldiario.net\/portal\/2024\/12\/11\/santa-cruz-un-escollo-para-el-modelo-economico\/","og_locale":"es_ES","og_type":"article","og_title":"Santa Cruz, un escollo para el modelo econ\u00f3mico - El Diario - Bolivia","og_description":"En diciembre de 2014, el entonces ministro Luis Arce, public\u00f3 un manifiesto denominado \u201cModelo Econ\u00f3mico Social Comunitario Productivo (MESCP)\u201d, en el que resumi\u00f3 las bases del programa econ\u00f3mico que impuso el gobierno en 2006 y que contin\u00faa hasta hoy. El documento parte de una definici\u00f3n categ\u00f3rica: \u201cEl Estado tiene que ser todo, planificador, empresario, inversionista, [&hellip;]","og_url":"https:\/\/www.eldiario.net\/portal\/2024\/12\/11\/santa-cruz-un-escollo-para-el-modelo-economico\/","og_site_name":"El Diario - Bolivia","article_publisher":"https:\/\/www.facebook.com\/eldiario.bolivia\/","article_published_time":"2024-12-11T10:00:23+00:00","og_image":[{"width":1200,"height":628,"url":"https:\/\/www.eldiario.net\/portal\/wp-content\/uploads\/2023\/11\/Ronald-Nostas-Ardaya.jpg","type":"image\/jpeg"}],"author":"Jeanette","twitter_card":"summary_large_image","twitter_creator":"@eldiario_net","twitter_site":"@eldiario_net","twitter_misc":{"Escrito por":"Jeanette","Tiempo de lectura":"4 minutos"},"schema":{"@context":"https:\/\/schema.org","@graph":[{"@type":"Article","@id":"https:\/\/www.eldiario.net\/portal\/2024\/12\/11\/santa-cruz-un-escollo-para-el-modelo-economico\/#article","isPartOf":{"@id":"https:\/\/www.eldiario.net\/portal\/2024\/12\/11\/santa-cruz-un-escollo-para-el-modelo-economico\/"},"author":{"name":"Jeanette","@id":"https:\/\/www.eldiario.net\/portal\/#\/schema\/person\/f46445640444750d7d753ccd04ae01b7"},"headline":"Santa Cruz, un escollo para el modelo econ\u00f3mico","datePublished":"2024-12-11T10:00:23+00:00","mainEntityOfPage":{"@id":"https:\/\/www.eldiario.net\/portal\/2024\/12\/11\/santa-cruz-un-escollo-para-el-modelo-economico\/"},"wordCount":774,"publisher":{"@id":"https:\/\/www.eldiario.net\/portal\/#organization"},"image":{"@id":"https:\/\/www.eldiario.net\/portal\/2024\/12\/11\/santa-cruz-un-escollo-para-el-modelo-economico\/#primaryimage"},"thumbnailUrl":"https:\/\/www.eldiario.net\/portal\/wp-content\/uploads\/2023\/11\/Ronald-Nostas-Ardaya.jpg","articleSection":["Opini\u00f3n"],"inLanguage":"es"},{"@type":"WebPage","@id":"https:\/\/www.eldiario.net\/portal\/2024\/12\/11\/santa-cruz-un-escollo-para-el-modelo-economico\/","url":"https:\/\/www.eldiario.net\/portal\/2024\/12\/11\/santa-cruz-un-escollo-para-el-modelo-economico\/","name":"Santa Cruz, un escollo para el modelo econ\u00f3mico - El Diario - Bolivia","isPartOf":{"@id":"https:\/\/www.eldiario.net\/portal\/#website"},"primaryImageOfPage":{"@id":"https:\/\/www.eldiario.net\/portal\/2024\/12\/11\/santa-cruz-un-escollo-para-el-modelo-economico\/#primaryimage"},"image":{"@id":"https:\/\/www.eldiario.net\/portal\/2024\/12\/11\/santa-cruz-un-escollo-para-el-modelo-economico\/#primaryimage"},"thumbnailUrl":"https:\/\/www.eldiario.net\/portal\/wp-content\/uploads\/2023\/11\/Ronald-Nostas-Ardaya.jpg","datePublished":"2024-12-11T10:00:23+00:00","breadcrumb":{"@id":"https:\/\/www.eldiario.net\/portal\/2024\/12\/11\/santa-cruz-un-escollo-para-el-modelo-economico\/#breadcrumb"},"inLanguage":"es","potentialAction":[{"@type":"ReadAction","target":["https:\/\/www.eldiario.net\/portal\/2024\/12\/11\/santa-cruz-un-escollo-para-el-modelo-economico\/"]}]},{"@type":"ImageObject","inLanguage":"es","@id":"https:\/\/www.eldiario.net\/portal\/2024\/12\/11\/santa-cruz-un-escollo-para-el-modelo-economico\/#primaryimage","url":"https:\/\/www.eldiario.net\/portal\/wp-content\/uploads\/2023\/11\/Ronald-Nostas-Ardaya.jpg","contentUrl":"https:\/\/www.eldiario.net\/portal\/wp-content\/uploads\/2023\/11\/Ronald-Nostas-Ardaya.jpg","width":1200,"height":628,"caption":"Ronald Nostas Ardaya"},{"@type":"BreadcrumbList","@id":"https:\/\/www.eldiario.net\/portal\/2024\/12\/11\/santa-cruz-un-escollo-para-el-modelo-economico\/#breadcrumb","itemListElement":[{"@type":"ListItem","position":1,"name":"Portada","item":"https:\/\/www.eldiario.net\/portal\/"},{"@type":"ListItem","position":2,"name":"Santa Cruz, un escollo para el modelo econ\u00f3mico"}]},{"@type":"WebSite","@id":"https:\/\/www.eldiario.net\/portal\/#website","url":"https:\/\/www.eldiario.net\/portal\/","name":"El Diario - Decano de la prensa nacional","description":"El Diario - Decano de la prensa nacional","publisher":{"@id":"https:\/\/www.eldiario.net\/portal\/#organization"},"potentialAction":[{"@type":"SearchAction","target":{"@type":"EntryPoint","urlTemplate":"https:\/\/www.eldiario.net\/portal\/?s={search_term_string}"},"query-input":{"@type":"PropertyValueSpecification","valueRequired":true,"valueName":"search_term_string"}}],"inLanguage":"es"},{"@type":"Organization","@id":"https:\/\/www.eldiario.net\/portal\/#organization","name":"El Diario - Decano de la prensa nacional","url":"https:\/\/www.eldiario.net\/portal\/","logo":{"@type":"ImageObject","inLanguage":"es","@id":"https:\/\/www.eldiario.net\/portal\/#\/schema\/logo\/image\/","url":"https:\/\/www.eldiario.net\/portal\/wp-content\/uploads\/2023\/07\/logo_ED.jpg","contentUrl":"https:\/\/www.eldiario.net\/portal\/wp-content\/uploads\/2023\/07\/logo_ED.jpg","width":272,"height":52,"caption":"El Diario - Decano de la prensa nacional"},"image":{"@id":"https:\/\/www.eldiario.net\/portal\/#\/schema\/logo\/image\/"},"sameAs":["https:\/\/www.facebook.com\/eldiario.bolivia\/","https:\/\/x.com\/eldiario_net"]},{"@type":"Person","@id":"https:\/\/www.eldiario.net\/portal\/#\/schema\/person\/f46445640444750d7d753ccd04ae01b7","name":"Jeanette","image":{"@type":"ImageObject","inLanguage":"es","@id":"https:\/\/secure.gravatar.com\/avatar\/3ea2118a5f7dad2b7138b1187a6b7ee55f160b9968b66013c3a3ef39dd7e5798?s=96&d=mm&r=g","url":"https:\/\/secure.gravatar.com\/avatar\/3ea2118a5f7dad2b7138b1187a6b7ee55f160b9968b66013c3a3ef39dd7e5798?s=96&d=mm&r=g","contentUrl":"https:\/\/secure.gravatar.com\/avatar\/3ea2118a5f7dad2b7138b1187a6b7ee55f160b9968b66013c3a3ef39dd7e5798?s=96&d=mm&r=g","caption":"Jeanette"},"sameAs":["https:\/\/www.eldiario.net\/portal"],"url":"https:\/\/www.eldiario.net\/portal\/author\/jeanette\/"}]}},"_links":{"self":[{"href":"https:\/\/www.eldiario.net\/portal\/wp-json\/wp\/v2\/posts\/267164","targetHints":{"allow":["GET"]}}],"collection":[{"href":"https:\/\/www.eldiario.net\/portal\/wp-json\/wp\/v2\/posts"}],"about":[{"href":"https:\/\/www.eldiario.net\/portal\/wp-json\/wp\/v2\/types\/post"}],"author":[{"embeddable":true,"href":"https:\/\/www.eldiario.net\/portal\/wp-json\/wp\/v2\/users\/1"}],"replies":[{"embeddable":true,"href":"https:\/\/www.eldiario.net\/portal\/wp-json\/wp\/v2\/comments?post=267164"}],"version-history":[{"count":1,"href":"https:\/\/www.eldiario.net\/portal\/wp-json\/wp\/v2\/posts\/267164\/revisions"}],"predecessor-version":[{"id":267165,"href":"https:\/\/www.eldiario.net\/portal\/wp-json\/wp\/v2\/posts\/267164\/revisions\/267165"}],"wp:featuredmedia":[{"embeddable":true,"href":"https:\/\/www.eldiario.net\/portal\/wp-json\/wp\/v2\/media\/188324"}],"wp:attachment":[{"href":"https:\/\/www.eldiario.net\/portal\/wp-json\/wp\/v2\/media?parent=267164"}],"wp:term":[{"taxonomy":"category","embeddable":true,"href":"https:\/\/www.eldiario.net\/portal\/wp-json\/wp\/v2\/categories?post=267164"},{"taxonomy":"post_tag","embeddable":true,"href":"https:\/\/www.eldiario.net\/portal\/wp-json\/wp\/v2\/tags?post=267164"}],"curies":[{"name":"wp","href":"https:\/\/api.w.org\/{rel}","templated":true}]}}