{"id":267162,"date":"2024-12-11T05:58:35","date_gmt":"2024-12-11T09:58:35","guid":{"rendered":"https:\/\/www.eldiario.net\/portal\/?p=267162"},"modified":"2024-12-11T05:58:35","modified_gmt":"2024-12-11T09:58:35","slug":"ciudad-toxica-ii","status":"publish","type":"post","link":"https:\/\/www.eldiario.net\/portal\/2024\/12\/11\/ciudad-toxica-ii\/","title":{"rendered":"Ciudad t\u00f3xica (II)"},"content":{"rendered":"<p>Insatisfecha con las barbaridades de la nota Ciudad t\u00f3xica, publicada en este mismo medio el 19 de abril de 2024, ahora resulta que la toxicidad no solo se halla en el uso y abuso de las veredas, sino tambi\u00e9n en el uso y abuso de las calzadas de la ciudad de La Paz.<br \/>\nEl uso es amplio: marchas y protestas con dinamitazos o sin ellos, entradas folkl\u00f3ricas, desfiles c\u00edvicos, y el abuso no es la expresi\u00f3n en s\u00ed misma sino la sorpresa: servidores p\u00fablicos que salen de sus oficinas y quedan sorprendidos porque \u201chab\u00eda habido\u201d desfile navide\u00f1o, estudiantes que salen de la universidad y se sorprenden porque \u201chab\u00eda habido\u201d alfombra humana hecha por los trabajadores de la caja tal o cual, ni\u00f1os que salen de los colegios y quedan sorprendidos ya que \u201chab\u00eda habido\u201d marcha de los mineros o de unos deudores morosos.<br \/>\nEn la era de las TICs necesitamos una App que anuncie las sorpresas de la calzada un par de horas antes de que ocurran, la ruta de la expresi\u00f3n democr\u00e1tica y por d\u00f3nde cuernos podemos ir los que no participamos de ella para llegar a nuestro destino.<br \/>\n\u00bfQui\u00e9n autoriza, programa y\/o supervisa los desfiles, marchas, entradas, bloqueos de mil esquinas, instalaci\u00f3n de carpas y otras vainas? Sea quien sea, no hace el trabajo muy bien, pues no conoce que donde comienza la libertad de unos, termina la de los otros. Mientras los administradores de la ciudad no caigan en cuenta de eso, quienes viven, visitan o son la flotante poblaci\u00f3n que sube y baja a diario, deber\u00e1n soportar hasta el cansancio el salir de la oficina, del colegio, de la universidad o instituto, del consultorio m\u00e9dico o del buffet de abogados y encontrar carpas de los trabajadores de tal o cual caja, desfile navide\u00f1o, marcha de protesta democr\u00e1tica, que, adem\u00e1s, disputan el espacio &#8211;vereda, calzada y gradas y pasillos de inmuebles privados&#8211; a vendedores de un sinf\u00edn de cachivaches, limosneros y rateros.<br \/>\nPor el momento solo cabe hacer algunas recomendaciones orientadas a la minimizaci\u00f3n del riesgo: ante el riesgo de no encontrar el veh\u00edculo de transporte p\u00fablico, use zapatos planos y c\u00f3modos; ante el riesgo de encontrar expresiones agitadas, mant\u00e9ngase en estado atl\u00e9tico para correr tras el carro o huir de los gases en cualquier momento; ante el riesgo de tomas de inmuebles, tenga cargado su celular para pedir auxilio o llamar un radiotaxi. Adquiera una mochila resistente y una docena de tapones de o\u00eddo: siempre tenga listo un par para usarlo ante cualquier expresi\u00f3n con cohetillo, petardo o dinamita. No desestime contar en su oficina, negocio o local con un casco listo e, incluso, una m\u00e1scara anti-gas, sobre todo si es trabajador de la prensa.<br \/>\nLa ciudad t\u00f3xica est\u00e1 llena de sorpresas. Ante una de ellas, mantenga la calma, busque una v\u00eda m\u00e1s o menos expedita y huya pronto. Cuando se entere antes, evite llevar cosas pesadas, menos ni\u00f1os peque\u00f1os o ancianos: No los ponga en riesgo.<\/p>\n<p>La autora es antrop\u00f3loga.<\/p>\n","protected":false},"excerpt":{"rendered":"<p>Insatisfecha con las barbaridades de la nota Ciudad t\u00f3xica, publicada en este mismo medio el 19 de abril de 2024, ahora resulta que la toxicidad no solo se halla en el uso y abuso de las veredas, sino tambi\u00e9n en el uso y abuso de las calzadas de la ciudad de La Paz. El uso [&hellip;]<\/p>\n","protected":false},"author":1,"featured_media":205933,"comment_status":"closed","ping_status":"open","sticky":false,"template":"","format":"standard","meta":{"_acf_changed":false,"footnotes":""},"categories":[9],"tags":[],"class_list":["post-267162","post","type-post","status-publish","format-standard","has-post-thumbnail","category-opinion"],"acf":{"antetitulo":""},"yoast_head":"<!-- This site is optimized with the Yoast SEO plugin v28.4 - https:\/\/yoast.com\/product\/yoast-seo-wordpress\/ -->\n<title>Ciudad t\u00f3xica (II) - El Diario - Bolivia<\/title>\n<meta name=\"robots\" content=\"index, follow, max-snippet:-1, max-image-preview:large, max-video-preview:-1\" \/>\n<link rel=\"canonical\" href=\"https:\/\/www.eldiario.net\/portal\/2024\/12\/11\/ciudad-toxica-ii\/\" \/>\n<meta property=\"og:locale\" content=\"es_ES\" \/>\n<meta property=\"og:type\" content=\"article\" \/>\n<meta property=\"og:title\" content=\"Ciudad t\u00f3xica (II) - El Diario - Bolivia\" \/>\n<meta property=\"og:description\" content=\"Insatisfecha con las barbaridades de la nota Ciudad t\u00f3xica, publicada en este mismo medio el 19 de abril de 2024, ahora resulta que la toxicidad no solo se halla en el uso y abuso de las veredas, sino tambi\u00e9n en el uso y abuso de las calzadas de la ciudad de La Paz. El uso [&hellip;]\" \/>\n<meta property=\"og:url\" content=\"https:\/\/www.eldiario.net\/portal\/2024\/12\/11\/ciudad-toxica-ii\/\" \/>\n<meta property=\"og:site_name\" content=\"El Diario - Bolivia\" \/>\n<meta property=\"article:publisher\" content=\"https:\/\/www.facebook.com\/eldiario.bolivia\/\" \/>\n<meta property=\"article:published_time\" content=\"2024-12-11T09:58:35+00:00\" \/>\n<meta property=\"og:image\" content=\"https:\/\/www.eldiario.net\/portal\/wp-content\/uploads\/2024\/03\/Luz-Castillo-Vacano.jpg\" \/>\n\t<meta property=\"og:image:width\" content=\"1200\" \/>\n\t<meta property=\"og:image:height\" content=\"628\" \/>\n\t<meta property=\"og:image:type\" content=\"image\/jpeg\" \/>\n<meta name=\"author\" content=\"Jeanette\" \/>\n<meta name=\"twitter:card\" content=\"summary_large_image\" \/>\n<meta name=\"twitter:creator\" content=\"@eldiario_net\" \/>\n<meta name=\"twitter:site\" content=\"@eldiario_net\" \/>\n<meta name=\"twitter:label1\" content=\"Escrito por\" \/>\n\t<meta name=\"twitter:data1\" content=\"Jeanette\" \/>\n\t<meta name=\"twitter:label2\" content=\"Tiempo de lectura\" \/>\n\t<meta name=\"twitter:data2\" content=\"3 minutos\" \/>\n<script type=\"application\/ld+json\" class=\"yoast-schema-graph\">{\"@context\":\"https:\\\/\\\/schema.org\",\"@graph\":[{\"@type\":\"Article\",\"@id\":\"https:\\\/\\\/www.eldiario.net\\\/portal\\\/2024\\\/12\\\/11\\\/ciudad-toxica-ii\\\/#article\",\"isPartOf\":{\"@id\":\"https:\\\/\\\/www.eldiario.net\\\/portal\\\/2024\\\/12\\\/11\\\/ciudad-toxica-ii\\\/\"},\"author\":{\"name\":\"Jeanette\",\"@id\":\"https:\\\/\\\/www.eldiario.net\\\/portal\\\/#\\\/schema\\\/person\\\/f46445640444750d7d753ccd04ae01b7\"},\"headline\":\"Ciudad t\u00f3xica (II)\",\"datePublished\":\"2024-12-11T09:58:35+00:00\",\"mainEntityOfPage\":{\"@id\":\"https:\\\/\\\/www.eldiario.net\\\/portal\\\/2024\\\/12\\\/11\\\/ciudad-toxica-ii\\\/\"},\"wordCount\":536,\"publisher\":{\"@id\":\"https:\\\/\\\/www.eldiario.net\\\/portal\\\/#organization\"},\"image\":{\"@id\":\"https:\\\/\\\/www.eldiario.net\\\/portal\\\/2024\\\/12\\\/11\\\/ciudad-toxica-ii\\\/#primaryimage\"},\"thumbnailUrl\":\"https:\\\/\\\/www.eldiario.net\\\/portal\\\/wp-content\\\/uploads\\\/2024\\\/03\\\/Luz-Castillo-Vacano.jpg\",\"articleSection\":[\"Opini\u00f3n\"],\"inLanguage\":\"es\"},{\"@type\":\"WebPage\",\"@id\":\"https:\\\/\\\/www.eldiario.net\\\/portal\\\/2024\\\/12\\\/11\\\/ciudad-toxica-ii\\\/\",\"url\":\"https:\\\/\\\/www.eldiario.net\\\/portal\\\/2024\\\/12\\\/11\\\/ciudad-toxica-ii\\\/\",\"name\":\"Ciudad t\u00f3xica (II) - El Diario - Bolivia\",\"isPartOf\":{\"@id\":\"https:\\\/\\\/www.eldiario.net\\\/portal\\\/#website\"},\"primaryImageOfPage\":{\"@id\":\"https:\\\/\\\/www.eldiario.net\\\/portal\\\/2024\\\/12\\\/11\\\/ciudad-toxica-ii\\\/#primaryimage\"},\"image\":{\"@id\":\"https:\\\/\\\/www.eldiario.net\\\/portal\\\/2024\\\/12\\\/11\\\/ciudad-toxica-ii\\\/#primaryimage\"},\"thumbnailUrl\":\"https:\\\/\\\/www.eldiario.net\\\/portal\\\/wp-content\\\/uploads\\\/2024\\\/03\\\/Luz-Castillo-Vacano.jpg\",\"datePublished\":\"2024-12-11T09:58:35+00:00\",\"breadcrumb\":{\"@id\":\"https:\\\/\\\/www.eldiario.net\\\/portal\\\/2024\\\/12\\\/11\\\/ciudad-toxica-ii\\\/#breadcrumb\"},\"inLanguage\":\"es\",\"potentialAction\":[{\"@type\":\"ReadAction\",\"target\":[\"https:\\\/\\\/www.eldiario.net\\\/portal\\\/2024\\\/12\\\/11\\\/ciudad-toxica-ii\\\/\"]}]},{\"@type\":\"ImageObject\",\"inLanguage\":\"es\",\"@id\":\"https:\\\/\\\/www.eldiario.net\\\/portal\\\/2024\\\/12\\\/11\\\/ciudad-toxica-ii\\\/#primaryimage\",\"url\":\"https:\\\/\\\/www.eldiario.net\\\/portal\\\/wp-content\\\/uploads\\\/2024\\\/03\\\/Luz-Castillo-Vacano.jpg\",\"contentUrl\":\"https:\\\/\\\/www.eldiario.net\\\/portal\\\/wp-content\\\/uploads\\\/2024\\\/03\\\/Luz-Castillo-Vacano.jpg\",\"width\":1200,\"height\":628,\"caption\":\"Luz Castillo Vacano\"},{\"@type\":\"BreadcrumbList\",\"@id\":\"https:\\\/\\\/www.eldiario.net\\\/portal\\\/2024\\\/12\\\/11\\\/ciudad-toxica-ii\\\/#breadcrumb\",\"itemListElement\":[{\"@type\":\"ListItem\",\"position\":1,\"name\":\"Portada\",\"item\":\"https:\\\/\\\/www.eldiario.net\\\/portal\\\/\"},{\"@type\":\"ListItem\",\"position\":2,\"name\":\"Ciudad t\u00f3xica (II)\"}]},{\"@type\":\"WebSite\",\"@id\":\"https:\\\/\\\/www.eldiario.net\\\/portal\\\/#website\",\"url\":\"https:\\\/\\\/www.eldiario.net\\\/portal\\\/\",\"name\":\"El Diario - Decano de la prensa nacional\",\"description\":\"El Diario - Decano de la prensa nacional\",\"publisher\":{\"@id\":\"https:\\\/\\\/www.eldiario.net\\\/portal\\\/#organization\"},\"potentialAction\":[{\"@type\":\"SearchAction\",\"target\":{\"@type\":\"EntryPoint\",\"urlTemplate\":\"https:\\\/\\\/www.eldiario.net\\\/portal\\\/?s={search_term_string}\"},\"query-input\":{\"@type\":\"PropertyValueSpecification\",\"valueRequired\":true,\"valueName\":\"search_term_string\"}}],\"inLanguage\":\"es\"},{\"@type\":\"Organization\",\"@id\":\"https:\\\/\\\/www.eldiario.net\\\/portal\\\/#organization\",\"name\":\"El Diario - Decano de la prensa nacional\",\"url\":\"https:\\\/\\\/www.eldiario.net\\\/portal\\\/\",\"logo\":{\"@type\":\"ImageObject\",\"inLanguage\":\"es\",\"@id\":\"https:\\\/\\\/www.eldiario.net\\\/portal\\\/#\\\/schema\\\/logo\\\/image\\\/\",\"url\":\"https:\\\/\\\/www.eldiario.net\\\/portal\\\/wp-content\\\/uploads\\\/2023\\\/07\\\/logo_ED.jpg\",\"contentUrl\":\"https:\\\/\\\/www.eldiario.net\\\/portal\\\/wp-content\\\/uploads\\\/2023\\\/07\\\/logo_ED.jpg\",\"width\":272,\"height\":52,\"caption\":\"El Diario - Decano de la prensa nacional\"},\"image\":{\"@id\":\"https:\\\/\\\/www.eldiario.net\\\/portal\\\/#\\\/schema\\\/logo\\\/image\\\/\"},\"sameAs\":[\"https:\\\/\\\/www.facebook.com\\\/eldiario.bolivia\\\/\",\"https:\\\/\\\/x.com\\\/eldiario_net\"]},{\"@type\":\"Person\",\"@id\":\"https:\\\/\\\/www.eldiario.net\\\/portal\\\/#\\\/schema\\\/person\\\/f46445640444750d7d753ccd04ae01b7\",\"name\":\"Jeanette\",\"image\":{\"@type\":\"ImageObject\",\"inLanguage\":\"es\",\"@id\":\"https:\\\/\\\/secure.gravatar.com\\\/avatar\\\/3ea2118a5f7dad2b7138b1187a6b7ee55f160b9968b66013c3a3ef39dd7e5798?s=96&d=mm&r=g\",\"url\":\"https:\\\/\\\/secure.gravatar.com\\\/avatar\\\/3ea2118a5f7dad2b7138b1187a6b7ee55f160b9968b66013c3a3ef39dd7e5798?s=96&d=mm&r=g\",\"contentUrl\":\"https:\\\/\\\/secure.gravatar.com\\\/avatar\\\/3ea2118a5f7dad2b7138b1187a6b7ee55f160b9968b66013c3a3ef39dd7e5798?s=96&d=mm&r=g\",\"caption\":\"Jeanette\"},\"sameAs\":[\"https:\\\/\\\/www.eldiario.net\\\/portal\"],\"url\":\"https:\\\/\\\/www.eldiario.net\\\/portal\\\/author\\\/jeanette\\\/\"}]}<\/script>\n<!-- \/ Yoast SEO plugin. -->","yoast_head_json":{"title":"Ciudad t\u00f3xica (II) - El Diario - Bolivia","robots":{"index":"index","follow":"follow","max-snippet":"max-snippet:-1","max-image-preview":"max-image-preview:large","max-video-preview":"max-video-preview:-1"},"canonical":"https:\/\/www.eldiario.net\/portal\/2024\/12\/11\/ciudad-toxica-ii\/","og_locale":"es_ES","og_type":"article","og_title":"Ciudad t\u00f3xica (II) - El Diario - Bolivia","og_description":"Insatisfecha con las barbaridades de la nota Ciudad t\u00f3xica, publicada en este mismo medio el 19 de abril de 2024, ahora resulta que la toxicidad no solo se halla en el uso y abuso de las veredas, sino tambi\u00e9n en el uso y abuso de las calzadas de la ciudad de La Paz. El uso [&hellip;]","og_url":"https:\/\/www.eldiario.net\/portal\/2024\/12\/11\/ciudad-toxica-ii\/","og_site_name":"El Diario - Bolivia","article_publisher":"https:\/\/www.facebook.com\/eldiario.bolivia\/","article_published_time":"2024-12-11T09:58:35+00:00","og_image":[{"width":1200,"height":628,"url":"https:\/\/www.eldiario.net\/portal\/wp-content\/uploads\/2024\/03\/Luz-Castillo-Vacano.jpg","type":"image\/jpeg"}],"author":"Jeanette","twitter_card":"summary_large_image","twitter_creator":"@eldiario_net","twitter_site":"@eldiario_net","twitter_misc":{"Escrito por":"Jeanette","Tiempo de lectura":"3 minutos"},"schema":{"@context":"https:\/\/schema.org","@graph":[{"@type":"Article","@id":"https:\/\/www.eldiario.net\/portal\/2024\/12\/11\/ciudad-toxica-ii\/#article","isPartOf":{"@id":"https:\/\/www.eldiario.net\/portal\/2024\/12\/11\/ciudad-toxica-ii\/"},"author":{"name":"Jeanette","@id":"https:\/\/www.eldiario.net\/portal\/#\/schema\/person\/f46445640444750d7d753ccd04ae01b7"},"headline":"Ciudad t\u00f3xica (II)","datePublished":"2024-12-11T09:58:35+00:00","mainEntityOfPage":{"@id":"https:\/\/www.eldiario.net\/portal\/2024\/12\/11\/ciudad-toxica-ii\/"},"wordCount":536,"publisher":{"@id":"https:\/\/www.eldiario.net\/portal\/#organization"},"image":{"@id":"https:\/\/www.eldiario.net\/portal\/2024\/12\/11\/ciudad-toxica-ii\/#primaryimage"},"thumbnailUrl":"https:\/\/www.eldiario.net\/portal\/wp-content\/uploads\/2024\/03\/Luz-Castillo-Vacano.jpg","articleSection":["Opini\u00f3n"],"inLanguage":"es"},{"@type":"WebPage","@id":"https:\/\/www.eldiario.net\/portal\/2024\/12\/11\/ciudad-toxica-ii\/","url":"https:\/\/www.eldiario.net\/portal\/2024\/12\/11\/ciudad-toxica-ii\/","name":"Ciudad t\u00f3xica (II) - El Diario - Bolivia","isPartOf":{"@id":"https:\/\/www.eldiario.net\/portal\/#website"},"primaryImageOfPage":{"@id":"https:\/\/www.eldiario.net\/portal\/2024\/12\/11\/ciudad-toxica-ii\/#primaryimage"},"image":{"@id":"https:\/\/www.eldiario.net\/portal\/2024\/12\/11\/ciudad-toxica-ii\/#primaryimage"},"thumbnailUrl":"https:\/\/www.eldiario.net\/portal\/wp-content\/uploads\/2024\/03\/Luz-Castillo-Vacano.jpg","datePublished":"2024-12-11T09:58:35+00:00","breadcrumb":{"@id":"https:\/\/www.eldiario.net\/portal\/2024\/12\/11\/ciudad-toxica-ii\/#breadcrumb"},"inLanguage":"es","potentialAction":[{"@type":"ReadAction","target":["https:\/\/www.eldiario.net\/portal\/2024\/12\/11\/ciudad-toxica-ii\/"]}]},{"@type":"ImageObject","inLanguage":"es","@id":"https:\/\/www.eldiario.net\/portal\/2024\/12\/11\/ciudad-toxica-ii\/#primaryimage","url":"https:\/\/www.eldiario.net\/portal\/wp-content\/uploads\/2024\/03\/Luz-Castillo-Vacano.jpg","contentUrl":"https:\/\/www.eldiario.net\/portal\/wp-content\/uploads\/2024\/03\/Luz-Castillo-Vacano.jpg","width":1200,"height":628,"caption":"Luz Castillo Vacano"},{"@type":"BreadcrumbList","@id":"https:\/\/www.eldiario.net\/portal\/2024\/12\/11\/ciudad-toxica-ii\/#breadcrumb","itemListElement":[{"@type":"ListItem","position":1,"name":"Portada","item":"https:\/\/www.eldiario.net\/portal\/"},{"@type":"ListItem","position":2,"name":"Ciudad t\u00f3xica (II)"}]},{"@type":"WebSite","@id":"https:\/\/www.eldiario.net\/portal\/#website","url":"https:\/\/www.eldiario.net\/portal\/","name":"El Diario - Decano de la prensa nacional","description":"El Diario - Decano de la prensa nacional","publisher":{"@id":"https:\/\/www.eldiario.net\/portal\/#organization"},"potentialAction":[{"@type":"SearchAction","target":{"@type":"EntryPoint","urlTemplate":"https:\/\/www.eldiario.net\/portal\/?s={search_term_string}"},"query-input":{"@type":"PropertyValueSpecification","valueRequired":true,"valueName":"search_term_string"}}],"inLanguage":"es"},{"@type":"Organization","@id":"https:\/\/www.eldiario.net\/portal\/#organization","name":"El Diario - Decano de la prensa nacional","url":"https:\/\/www.eldiario.net\/portal\/","logo":{"@type":"ImageObject","inLanguage":"es","@id":"https:\/\/www.eldiario.net\/portal\/#\/schema\/logo\/image\/","url":"https:\/\/www.eldiario.net\/portal\/wp-content\/uploads\/2023\/07\/logo_ED.jpg","contentUrl":"https:\/\/www.eldiario.net\/portal\/wp-content\/uploads\/2023\/07\/logo_ED.jpg","width":272,"height":52,"caption":"El Diario - Decano de la prensa nacional"},"image":{"@id":"https:\/\/www.eldiario.net\/portal\/#\/schema\/logo\/image\/"},"sameAs":["https:\/\/www.facebook.com\/eldiario.bolivia\/","https:\/\/x.com\/eldiario_net"]},{"@type":"Person","@id":"https:\/\/www.eldiario.net\/portal\/#\/schema\/person\/f46445640444750d7d753ccd04ae01b7","name":"Jeanette","image":{"@type":"ImageObject","inLanguage":"es","@id":"https:\/\/secure.gravatar.com\/avatar\/3ea2118a5f7dad2b7138b1187a6b7ee55f160b9968b66013c3a3ef39dd7e5798?s=96&d=mm&r=g","url":"https:\/\/secure.gravatar.com\/avatar\/3ea2118a5f7dad2b7138b1187a6b7ee55f160b9968b66013c3a3ef39dd7e5798?s=96&d=mm&r=g","contentUrl":"https:\/\/secure.gravatar.com\/avatar\/3ea2118a5f7dad2b7138b1187a6b7ee55f160b9968b66013c3a3ef39dd7e5798?s=96&d=mm&r=g","caption":"Jeanette"},"sameAs":["https:\/\/www.eldiario.net\/portal"],"url":"https:\/\/www.eldiario.net\/portal\/author\/jeanette\/"}]}},"_links":{"self":[{"href":"https:\/\/www.eldiario.net\/portal\/wp-json\/wp\/v2\/posts\/267162","targetHints":{"allow":["GET"]}}],"collection":[{"href":"https:\/\/www.eldiario.net\/portal\/wp-json\/wp\/v2\/posts"}],"about":[{"href":"https:\/\/www.eldiario.net\/portal\/wp-json\/wp\/v2\/types\/post"}],"author":[{"embeddable":true,"href":"https:\/\/www.eldiario.net\/portal\/wp-json\/wp\/v2\/users\/1"}],"replies":[{"embeddable":true,"href":"https:\/\/www.eldiario.net\/portal\/wp-json\/wp\/v2\/comments?post=267162"}],"version-history":[{"count":1,"href":"https:\/\/www.eldiario.net\/portal\/wp-json\/wp\/v2\/posts\/267162\/revisions"}],"predecessor-version":[{"id":267163,"href":"https:\/\/www.eldiario.net\/portal\/wp-json\/wp\/v2\/posts\/267162\/revisions\/267163"}],"wp:featuredmedia":[{"embeddable":true,"href":"https:\/\/www.eldiario.net\/portal\/wp-json\/wp\/v2\/media\/205933"}],"wp:attachment":[{"href":"https:\/\/www.eldiario.net\/portal\/wp-json\/wp\/v2\/media?parent=267162"}],"wp:term":[{"taxonomy":"category","embeddable":true,"href":"https:\/\/www.eldiario.net\/portal\/wp-json\/wp\/v2\/categories?post=267162"},{"taxonomy":"post_tag","embeddable":true,"href":"https:\/\/www.eldiario.net\/portal\/wp-json\/wp\/v2\/tags?post=267162"}],"curies":[{"name":"wp","href":"https:\/\/api.w.org\/{rel}","templated":true}]}}